{"id":1858,"date":"2023-04-04T21:02:52","date_gmt":"2023-04-04T19:02:52","guid":{"rendered":"https:\/\/www.ledstyl.pl\/blog\/?p=1858"},"modified":"2024-06-26T20:38:58","modified_gmt":"2024-06-26T18:38:58","slug":"pomysl-na-oswietlenie-salonu-jakie-lampy-wybrac","status":"publish","type":"post","link":"https:\/\/www.ledstyl.pl\/blog\/pomysl-na-oswietlenie-salonu-jakie-lampy-wybrac\/","title":{"rendered":"Pomys\u0142 na o\u015bwietlenie salonu &#8211; jakie lampy wybra\u0107?"},"content":{"rendered":"<p>Salon to miejsce, kt\u00f3re zdecydowanie jest wizyt\u00f3wk\u0105 Twojego domu. Odpowiedni pomys\u0142 na o\u015bwietlenie salonu mo\u017ce ca\u0142kowicie odmieni\u0107 jego aran\u017cacje. Wyb\u00f3r lampy do salonu to niezwykle istotny element, kt\u00f3ry nale\u017cy wzi\u0105\u0107 pod uwag\u0119 ju\u017c przy samym projektowaniu wn\u0119trza. Jako g\u0142\u00f3wne <strong>o\u015bwietlenie salonu<\/strong> doskonale sprawdzaj\u0105 si\u0119 lampy wisz\u0105ce czy sufitowe, a tak\u017ce nowoczesne o\u015bwietlenie szynowe. Jako dodatkowe \u017ar\u00f3d\u0142a \u015bwiat\u0142a w przypadku rozbudowanych wn\u0119trz warto wykorzysta\u0107 kinkiety lub spoty sufitowe. Ka\u017cda z tych lamp pe\u0142ni inn\u0105 funkcj\u0119, a ich odpowiednie po\u0142\u0105czenie zapewni Ci wysoce po\u017c\u0105dane efekty zar\u00f3wno funkcjonalne, jak i dekoracyjne. Maj\u0105c ju\u017c <strong>pomys\u0142 na o\u015bwietlenie salonu<\/strong>, warto po\u0142\u0105czy\u0107 mo\u017cliwo\u015bci g\u0142\u00f3wnych lamp o\u015bwietleniowych, z punktowymi i dekoracyjnymi dodatkami \u015bwietlnymi.<\/p>\n<p><img loading=\"lazy\" decoding=\"async\" class=\"wp-image-1859 aligncenter\" src=\"https:\/\/www.ledstyl.pl\/blog\/wp-content\/uploads\/2023\/04\/pomysl-na-oswietlenie-salonu.jpg\" alt=\"Pomys\u0142 na o\u015bwietlenie salonu\" width=\"800\" height=\"532\" srcset=\"https:\/\/www.ledstyl.pl\/blog\/wp-content\/uploads\/2023\/04\/pomysl-na-oswietlenie-salonu.jpg 1000w, https:\/\/www.ledstyl.pl\/blog\/wp-content\/uploads\/2023\/04\/pomysl-na-oswietlenie-salonu-300x200.jpg 300w, https:\/\/www.ledstyl.pl\/blog\/wp-content\/uploads\/2023\/04\/pomysl-na-oswietlenie-salonu-768x511.jpg 768w\" sizes=\"(max-width: 800px) 100vw, 800px\" \/><\/p>\n<h2>O\u015bwietlenie w salonie<\/h2>\n<p>Salon stanowi g\u0142\u00f3wne pomieszczenie w ka\u017cdym domu, dlatego o\u015bwietlenie w salonie zawsze powinno by\u0107 odpowiednio zaprojektowane. Jest to wn\u0119trze wielozadaniowe, kt\u00f3re wymaga prawid\u0142owej aran\u017cacji przestrzeni, w kt\u00f3rej ogromn\u0105 rol\u0119 odgrywa o\u015bwietlenie. <strong>Lampy do salonu<\/strong> powinny by\u0107 wybrane w taki spos\u00f3b, aby u\u0142atwi\u0107 nam ka\u017cd\u0105 wykonywan\u0105 w nim czynno\u015b\u0107. Salon to pomieszczenie, w kt\u00f3rym skupia si\u0119 \u017cycie ca\u0142ej naszej rodziny. Jest miejscem, w kt\u00f3rym urz\u0105dzamy przyj\u0119cia, pracujemy, a tak\u017ce odpoczywamy po ci\u0119\u017ckim dniu pracy. Warto zatem zwr\u00f3ci\u0107 uwag\u0119 na praktyczno\u015b\u0107 wybranych przez nas lamp do salonu oraz ich podstawowe funkcje takie jak mo\u017cliwo\u015b\u0107 \u015bciemniania czy zmiany barwy \u015bwiat\u0142a. Odpowiednio wybrane o\u015bwietlenie w salonie u\u0142atwi Ci codzienne funkcjonowanie, a eleganckie wzory lamp urozmaic\u0105 ka\u017cd\u0105 stylizacj\u0119. <strong>O\u015bwietlenie salonu<\/strong>, w kt\u00f3rym po\u0142\u0105czysz lampy o praktycznych i ozdobnych funkcjach, pozwol\u0105 Ci uzyska\u0107 sp\u00f3jn\u0105 koncepcj\u0119 aran\u017cacji o\u015bwietleniowej wn\u0119trza.<\/p>\n<p><img loading=\"lazy\" decoding=\"async\" class=\"wp-image-1860 aligncenter\" src=\"https:\/\/www.ledstyl.pl\/blog\/wp-content\/uploads\/2023\/04\/oswietlenie-w-salonie.jpg\" alt=\"O\u015bwietlenie w salonie\" width=\"800\" height=\"532\" srcset=\"https:\/\/www.ledstyl.pl\/blog\/wp-content\/uploads\/2023\/04\/oswietlenie-w-salonie.jpg 1000w, https:\/\/www.ledstyl.pl\/blog\/wp-content\/uploads\/2023\/04\/oswietlenie-w-salonie-300x200.jpg 300w, https:\/\/www.ledstyl.pl\/blog\/wp-content\/uploads\/2023\/04\/oswietlenie-w-salonie-768x511.jpg 768w\" sizes=\"(max-width: 800px) 100vw, 800px\" \/><\/p>\n<h2>Lampy w salonie i ich rola w aran\u017cacji wn\u0119trza<\/h2>\n<p>Pomys\u0142 na o\u015bwietlenie salonu odgrywa kluczow\u0105 rol\u0119 w stylizacji jego wn\u0119trza. Poszczeg\u00f3lne wybrane lampy w salonie pe\u0142ni\u0105 wiele funkcji zar\u00f3wno praktycznych i aran\u017cacyjnych. Projektuj\u0105c o\u015bwietlenie salonu, zaczynamy oczywi\u015bcie od lamp odgrywaj\u0105cych rol\u0119 g\u0142\u00f3wnego \u017ar\u00f3d\u0142a \u015bwiat\u0142a. B\u0119d\u0105 one stanowi\u0107 <strong>o\u015bwietlenie g\u0142\u00f3wne salonu<\/strong> i pozwol\u0105 do\u015bwietli\u0107 ka\u017cdy element tego pomieszczenia. Niezwykle istotne w aran\u017cacji salonu s\u0105 lampy pe\u0142ni\u0105ce funkcje zar\u00f3wno dekoracyjne, jak i zadaniowe. Zapewniaj\u0105 one przede wszystkim przytuln\u0105 atmosfer\u0119, ale i nadaj\u0105 niepowtarzalnego charakteru. Wybieraj\u0105c <strong>lampy do salonu<\/strong>, musimy pami\u0119ta\u0107 o tym, by w pe\u0142ni zgrywa\u0142y si\u0119 one ze stylem danego wn\u0119trza. Po\u0142\u0105czenie kilku rodzaju lamp oraz efekty \u015bwietlne, jakie s\u0105 w stanie nam zapewni\u0107, sprawi\u0105, \u017ce nasz salon stanie si\u0119 niezwykle klimatycznym miejscem, w kt\u00f3rym ka\u017cdy z nas b\u0119dzie chcia\u0142 przebywa\u0107.<\/p>\n<p><img loading=\"lazy\" decoding=\"async\" class=\"wp-image-1863 aligncenter\" src=\"https:\/\/www.ledstyl.pl\/blog\/wp-content\/uploads\/2023\/04\/lampy-w-salonie.jpg\" alt=\"Lampy w salonie\" width=\"800\" height=\"532\" srcset=\"https:\/\/www.ledstyl.pl\/blog\/wp-content\/uploads\/2023\/04\/lampy-w-salonie.jpg 1000w, https:\/\/www.ledstyl.pl\/blog\/wp-content\/uploads\/2023\/04\/lampy-w-salonie-300x200.jpg 300w, https:\/\/www.ledstyl.pl\/blog\/wp-content\/uploads\/2023\/04\/lampy-w-salonie-768x511.jpg 768w\" sizes=\"(max-width: 800px) 100vw, 800px\" \/><\/p>\n<h2>O\u015bwietlenie nad sto\u0142em w salonie<\/h2>\n<p>W ostatnim czasie niezwykle modnym, a zarazem funkcjonalnym elementem wyposa\u017cenia salon\u00f3w s\u0105 r\u00f3\u017cnych rozmiar\u00f3w oraz kszta\u0142t\u00f3w sto\u0142y. Pe\u0142na aran\u017cacja sto\u0142u wymaga r\u00f3wnie\u017c dobrania odpowiedniego rodzaju o\u015bwietlenia. Nad sto\u0142em w salonie doskonale sprawdz\u0105 si\u0119 <a href=\"https:\/\/www.ledstyl.pl\/designerskie-lampy-wiszace-cat-367\">designerskie lampy wisz\u0105ce<\/a>. S\u0105 one bardzo ch\u0119tnie wybierane do wn\u0119trz utrzymanych w nowoczesnych klimatach w stylu loftowym. Taka kompozycja oferuje ogromne mo\u017cliwo\u015bci stylizacji przestrzeni bezpo\u015brednio nad sto\u0142em. <strong>O\u015bwietlenie nad sto\u0142em w salonie<\/strong> cieszy si\u0119 dzi\u015b ogromn\u0105 popularno\u015bci\u0105 i stosuje si\u0119 je w najprzer\u00f3\u017cniejszych stylach. W zale\u017cno\u015bci od wielko\u015bci pomieszczenia czy te\u017c sto\u0142u mo\u017cemy pozwoli\u0107 sobie na zamontowanie nawet kilku lamp. W wi\u0119kszo\u015bci s\u0105 to modele z mo\u017cliwo\u015bci\u0105 regulacji zwisu, co pozwoli Ci dopasowa\u0107 d\u0142ugo\u015b\u0107 lamp do wysoko\u015bci danego wn\u0119trza. O\u015bwietlenie nad sto\u0142em w salonie jest obecnie nie tylko funkcjonalnym rozwi\u0105zaniem, ale r\u00f3wnie\u017c niezb\u0119dnym elementem wystroju Twojego wn\u0119trza.<\/p>\n<p><img loading=\"lazy\" decoding=\"async\" class=\"wp-image-1861 aligncenter\" src=\"https:\/\/www.ledstyl.pl\/blog\/wp-content\/uploads\/2023\/04\/oswietlenie-nad-stolem-w-salonie.jpg\" alt=\"O\u015bwietlenie nad sto\u0142em w salonie\" width=\"801\" height=\"534\" srcset=\"https:\/\/www.ledstyl.pl\/blog\/wp-content\/uploads\/2023\/04\/oswietlenie-nad-stolem-w-salonie.jpg 1000w, https:\/\/www.ledstyl.pl\/blog\/wp-content\/uploads\/2023\/04\/oswietlenie-nad-stolem-w-salonie-300x200.jpg 300w, https:\/\/www.ledstyl.pl\/blog\/wp-content\/uploads\/2023\/04\/oswietlenie-nad-stolem-w-salonie-768x512.jpg 768w\" sizes=\"(max-width: 801px) 100vw, 801px\" \/><\/p>\n<h2>O\u015bwietlenie nad telewizorem w salonie<\/h2>\n<p>Nieodzownym elementem wyposa\u017cenia praktycznie ka\u017cdego salonu jest telewizor. Obecnie coraz rzadziej jest on dekorowany ozdobn\u0105 serwet\u0105, a najcz\u0119\u015bciej spotykane jest dekoracyjne <strong>o\u015bwietlenie nad telewizorem<\/strong>. Dzi\u015b mo\u017cemy pozwoli\u0107 sobie na dekoracj\u0119 przestrzeni wok\u00f3\u0142 telewizora z wykorzystaniem wielu innowacji o\u015bwietleniowych.<\/p>\n<p><img loading=\"lazy\" decoding=\"async\" class=\"wp-image-1862 aligncenter\" src=\"https:\/\/www.ledstyl.pl\/blog\/wp-content\/uploads\/2023\/04\/oswietlenie-nad-telewizorem-w-salonie.jpg\" alt=\"O\u015bwietlenie nad telewizorem w salonie\" width=\"800\" height=\"480\" srcset=\"https:\/\/www.ledstyl.pl\/blog\/wp-content\/uploads\/2023\/04\/oswietlenie-nad-telewizorem-w-salonie.jpg 1000w, https:\/\/www.ledstyl.pl\/blog\/wp-content\/uploads\/2023\/04\/oswietlenie-nad-telewizorem-w-salonie-300x180.jpg 300w, https:\/\/www.ledstyl.pl\/blog\/wp-content\/uploads\/2023\/04\/oswietlenie-nad-telewizorem-w-salonie-768x461.jpg 768w\" sizes=\"(max-width: 800px) 100vw, 800px\" \/><\/p>\n<p>Doskonale do tego celu sprawdzaj\u0105 si\u0119 <a href=\"https:\/\/www.ledstyl.pl\/tasmy-led-cat-3\">ta\u015bmy LED<\/a>, kt\u00f3re pod\u015bwietlaj\u0105c telewizor, zapewniaj\u0105 kontrast, dzi\u0119ki czemu sceny utrzymane w mroczniejszym klimacie s\u0105 bardziej widoczne. Zyskuje na tym r\u00f3wnie\u017c nasz wzrok &#8211; nie m\u0119czy si\u0119 on tak bardzo, jak podczas ogl\u0105dania seansu w zupe\u0142nej ciemno\u015bci. Najlepszym wyborem do o\u015bwietlenia telewizora s\u0105 <a href=\"https:\/\/www.ledstyl.pl\/tasma-led-rgb-cat-46\">ta\u015bmy LED RGB<\/a>, kontrolowane za pomoc\u0105 bezprzewodowego pilota lub aplikacji mobilnej. Kolor \u015bwiat\u0142a paska mo\u017cemy dowolnie zmienia\u0107 w zale\u017cno\u015bci od ogl\u0105danego materia\u0142u, wprowadzaj\u0105c odpowiedni nastr\u00f3j w naszym salonie.<\/p>\n<table style=\"width: 100%; height: 124px; border: none;\">\n<tbody>\n<tr style=\"height: 42px;\">\n<td style=\"width: 33.3333%; height: 42px;\"><a href=\"https:\/\/www.ledstyl.pl\/tasma-led-cob-cat-288\"><img loading=\"lazy\" decoding=\"async\" class=\"size-medium wp-image-291 aligncenter\" src=\"https:\/\/www.ledstyl.pl\/dane\/full\/2\/21c042337f34482891bd2b24abcd4b90.jpg\" alt=\"Ta\u015bma LED COB\" width=\"298\" height=\"300\" \/><\/a><\/td>\n<td style=\"width: 33.3333%; height: 42px;\"><a href=\"https:\/\/www.ledstyl.pl\/tasma-led-smd-3528-cat-257\"><img loading=\"lazy\" decoding=\"async\" class=\"size-medium wp-image-292 aligncenter\" src=\"https:\/\/www.ledstyl.pl\/dane\/full\/c\/c484c8a266564193b295299bab8e1484.jpg\" alt=\"Ta\u015bma LED SMD 3528\" width=\"298\" height=\"300\" \/><\/a><\/td>\n<td style=\"width: 33.3333%; height: 42px;\"><a href=\"https:\/\/www.ledstyl.pl\/tasma-led-smd-2835-cat-258\"><img loading=\"lazy\" decoding=\"async\" class=\"size-medium wp-image-293 aligncenter\" src=\"https:\/\/www.ledstyl.pl\/dane\/full\/2\/2d4db232fefc4313a7b706f11ccd5476.jpg\" alt=\"Ta\u015bma LED SMD 2835\" width=\"298\" height=\"300\" \/><\/a><\/td>\n<\/tr>\n<tr style=\"height: 62px;\">\n<td style=\"width: 33.3333%; height: 62px; text-align: center;\"><span style=\"font-size: 12pt;\"><a href=\"https:\/\/www.ledstyl.pl\/tasma-led-cob-cat-288\"><div class=\"su-animate\" style=\"opacity:0;-webkit-animation-duration:1s;-webkit-animation-delay:0s;animation-duration:1s;animation-delay:0s;\" data-animation=\"bounceIn\" data-duration=\"1\" data-delay=\"0\"><strong>Ta\u015bma LED COB<\/strong><\/div><\/a><\/span><\/td>\n<td style=\"width: 33.3333%; height: 62px; text-align: center;\"><span style=\"font-size: 12pt;\"><a href=\"https:\/\/www.ledstyl.pl\/tasma-led-smd-3528-cat-257\"><div class=\"su-animate\" style=\"opacity:0;-webkit-animation-duration:1s;-webkit-animation-delay:0s;animation-duration:1s;animation-delay:0s;\" data-animation=\"bounceIn\" data-duration=\"1\" data-delay=\"0\"><strong>Ta\u015bma LED SMD 3528<\/strong><\/div><\/a><\/span><\/td>\n<td style=\"width: 33.3333%; height: 62px; text-align: center;\"><span style=\"font-size: 12pt;\"><a href=\"https:\/\/www.ledstyl.pl\/tasma-led-smd-2835-cat-258\"><div class=\"su-animate\" style=\"opacity:0;-webkit-animation-duration:1s;-webkit-animation-delay:0s;animation-duration:1s;animation-delay:0s;\" data-animation=\"bounceIn\" data-duration=\"1\" data-delay=\"0\"><strong>Ta\u015bma LED SMD 2835<\/strong><\/div><\/a><\/span><\/td>\n<\/tr>\n<tr style=\"height: 54px;\">\n<td style=\"width: 33.3333%; height: 18px;\"><div class=\"su-button-center\"><a href=\"https:\/\/www.ledstyl.pl\/tasma-led-cob-cat-288\" class=\"su-button su-button-style-3d\" style=\"color:#ffffff;background-color:#ef2d36;border-color:#c0242c;border-radius:50px;-moz-border-radius:50px;-webkit-border-radius:50px\" target=\"_self\" rel=\"nofollow\"><span style=\"color:#ffffff;padding:0px 24px;font-size:18px;line-height:36px;border-color:#f46c73;border-radius:50px;-moz-border-radius:50px;-webkit-border-radius:50px;text-shadow:none;-moz-text-shadow:none;-webkit-text-shadow:none\"> <b>Zobacz wi\u0119cej<\/b><\/span><\/a><\/div><\/td>\n<td style=\"width: 33.3333%; height: 18px;\"><div class=\"su-button-center\"><a href=\"https:\/\/www.ledstyl.pl\/tasma-led-smd-3528-cat-257\" class=\"su-button su-button-style-3d\" style=\"color:#ffffff;background-color:#ef2d36;border-color:#c0242c;border-radius:50px;-moz-border-radius:50px;-webkit-border-radius:50px\" target=\"_self\" rel=\"nofollow\"><span style=\"color:#ffffff;padding:0px 24px;font-size:18px;line-height:36px;border-color:#f46c73;border-radius:50px;-moz-border-radius:50px;-webkit-border-radius:50px;text-shadow:none;-moz-text-shadow:none;-webkit-text-shadow:none\"> <b>Zobacz wi\u0119cej<\/b><\/span><\/a><\/div><\/td>\n<td style=\"width: 33.3333%; height: 18px;\">\n<p style=\"text-align: center;\"><div class=\"su-button-center\"><a href=\"https:\/\/www.ledstyl.pl\/tasma-led-smd-2835-cat-258\" class=\"su-button su-button-style-3d\" style=\"color:#ffffff;background-color:#ef2d36;border-color:#c0242c;border-radius:50px;-moz-border-radius:50px;-webkit-border-radius:50px\" target=\"_self\" rel=\"nofollow\"><span style=\"color:#ffffff;padding:0px 24px;font-size:18px;line-height:36px;border-color:#f46c73;border-radius:50px;-moz-border-radius:50px;-webkit-border-radius:50px;text-shadow:none;-moz-text-shadow:none;-webkit-text-shadow:none\"> <b>Zobacz wi\u0119cej<\/b><\/span><\/a><\/div>\n<\/td>\n<\/tr>\n<\/tbody>\n<\/table>\n<h3>Kinkiet nad telewizorem<\/h3>\n<p>Innym, ale r\u00f3wnie ciekawym rodzajem o\u015bwietlenia przestrzeni wok\u00f3\u0142 telewizora jest zastosowanie lampy \u015bciennej. <a href=\"https:\/\/www.ledstyl.pl\/kinkiet-wewnetrzny-cat-282\">Kinkiet wewn\u0119trzny<\/a> pozwoli w delikatny spos\u00f3b o\u015bwietli\u0107 \u015bcian\u0119 oraz otoczenie wok\u00f3\u0142 Twojego telewizora. Zapewniaj\u0105c efektowne pod\u015bwietlenie \u015bciany za telewizorem, z\u0142agodzi ostre \u015bwiat\u0142o padaj\u0105ce z ekranu. Ciekaw\u0105 alternatyw\u0105 dla kinkietu jest <a href=\"https:\/\/www.ledstyl.pl\/reflektory-sufitowe-cat-291\">reflektor sufitowy<\/a>, kt\u00f3ry pozwoli Ci dowolnie ukierunkowa\u0107 sw\u00f3j strumie\u0144 \u015bwiat\u0142a. Wyj\u0105tkowy design zapewni\u0105 r\u00f3wnie\u017c lampy, kt\u00f3re emituj\u0105 \u015bwiat\u0142o w g\u00f3r\u0119 i w d\u00f3\u0142. Dzi\u015b \u015bmia\u0142o, mo\u017cna stwierdzi\u0107, \u017ce kinkiety to praktyczne lampy, kt\u00f3re mog\u0105 spe\u0142nia\u0107 wiele r\u00f3\u017cnych funkcji zar\u00f3wno w salonie, jak i innych wn\u0119trzach.<\/p>\n<table style=\"width: 100%; height: 124px; border: none;\">\n<tbody>\n<tr style=\"height: 42px;\">\n<td style=\"width: 33.3333%; height: 42px;\"><a href=\"https:\/\/www.ledstyl.pl\/kinkiet-nowoczesny-cat-375\"><img loading=\"lazy\" decoding=\"async\" class=\"size-medium wp-image-291 aligncenter\" src=\"https:\/\/www.ledstyl.pl\/dane\/source\/b\/b799102063554bc886acab4a50694b9d.jpg\" alt=\"Kinkiet nowoczesny\" width=\"298\" height=\"300\" \/><\/a><\/td>\n<td style=\"width: 33.3333%; height: 42px;\"><a href=\"https:\/\/www.ledstyl.pl\/reflektor-scienny-cat-376\"><img loading=\"lazy\" decoding=\"async\" class=\"size-medium wp-image-292 aligncenter\" src=\"https:\/\/www.ledstyl.pl\/dane\/source\/f\/fxa.c98b0198172a4c35b2991513be032108.jpg\" alt=\"Reflektor \u015bcienny\" width=\"298\" height=\"300\" \/><\/a><\/td>\n<td style=\"width: 33.3333%; height: 42px;\"><a href=\"https:\/\/www.ledstyl.pl\/kinkiet-designerski-cat-377\"><img loading=\"lazy\" decoding=\"async\" class=\"size-medium wp-image-293 aligncenter\" src=\"https:\/\/www.ledstyl.pl\/dane\/source\/z\/zwk.pol_pl_kinkiet-scienny-loft-navis-e27-czarny-mosiadz-edo777183-edo-87563_3.jpg\" alt=\"Kinkiet designerski\" width=\"298\" height=\"300\" \/><\/a><\/td>\n<\/tr>\n<tr style=\"height: 62px;\">\n<td style=\"width: 33.3333%; height: 62px; text-align: center;\"><span style=\"font-size: 12pt;\"><a href=\"https:\/\/www.ledstyl.pl\/kinkiet-nowoczesny-cat-375\"><div class=\"su-animate\" style=\"opacity:0;-webkit-animation-duration:1s;-webkit-animation-delay:0s;animation-duration:1s;animation-delay:0s;\" data-animation=\"bounceIn\" data-duration=\"1\" data-delay=\"0\"><strong>Kinkiet nowoczesny<\/strong><\/div><\/a><\/span><\/td>\n<td style=\"width: 33.3333%; height: 62px; text-align: center;\"><span style=\"font-size: 12pt;\"><a href=\"https:\/\/www.ledstyl.pl\/reflektor-scienny-cat-376\"><div class=\"su-animate\" style=\"opacity:0;-webkit-animation-duration:1s;-webkit-animation-delay:0s;animation-duration:1s;animation-delay:0s;\" data-animation=\"bounceIn\" data-duration=\"1\" data-delay=\"0\"><strong>Reflektor \u015bcienny<\/strong><\/div><\/a><\/span><\/td>\n<td style=\"width: 33.3333%; height: 62px; text-align: center;\"><span style=\"font-size: 12pt;\"><a href=\"https:\/\/www.ledstyl.pl\/kinkiet-designerski-cat-377\"><div class=\"su-animate\" style=\"opacity:0;-webkit-animation-duration:1s;-webkit-animation-delay:0s;animation-duration:1s;animation-delay:0s;\" data-animation=\"bounceIn\" data-duration=\"1\" data-delay=\"0\"><strong>Kinkiet designerski<\/strong><\/div><\/a><\/span><\/td>\n<\/tr>\n<tr style=\"height: 54px;\">\n<td style=\"width: 33.3333%; height: 18px;\"><div class=\"su-button-center\"><a href=\"https:\/\/www.ledstyl.pl\/kinkiet-nowoczesny-cat-375\" class=\"su-button su-button-style-3d\" style=\"color:#ffffff;background-color:#ef2d36;border-color:#c0242c;border-radius:50px;-moz-border-radius:50px;-webkit-border-radius:50px\" target=\"_self\" rel=\"nofollow\"><span style=\"color:#ffffff;padding:0px 24px;font-size:18px;line-height:36px;border-color:#f46c73;border-radius:50px;-moz-border-radius:50px;-webkit-border-radius:50px;text-shadow:none;-moz-text-shadow:none;-webkit-text-shadow:none\"> <b>Zobacz wi\u0119cej<\/b><\/span><\/a><\/div><\/td>\n<td style=\"width: 33.3333%; height: 18px;\"><div class=\"su-button-center\"><a href=\"https:\/\/www.ledstyl.pl\/reflektor-scienny-cat-376\" class=\"su-button su-button-style-3d\" style=\"color:#ffffff;background-color:#ef2d36;border-color:#c0242c;border-radius:50px;-moz-border-radius:50px;-webkit-border-radius:50px\" target=\"_self\" rel=\"nofollow\"><span style=\"color:#ffffff;padding:0px 24px;font-size:18px;line-height:36px;border-color:#f46c73;border-radius:50px;-moz-border-radius:50px;-webkit-border-radius:50px;text-shadow:none;-moz-text-shadow:none;-webkit-text-shadow:none\"> <b>Zobacz wi\u0119cej<\/b><\/span><\/a><\/div><\/td>\n<td style=\"width: 33.3333%; height: 18px;\">\n<p style=\"text-align: center;\"><div class=\"su-button-center\"><a href=\"https:\/\/www.ledstyl.pl\/kinkiet-designerski-cat-377\" class=\"su-button su-button-style-3d\" style=\"color:#ffffff;background-color:#ef2d36;border-color:#c0242c;border-radius:50px;-moz-border-radius:50px;-webkit-border-radius:50px\" target=\"_self\" rel=\"nofollow\"><span style=\"color:#ffffff;padding:0px 24px;font-size:18px;line-height:36px;border-color:#f46c73;border-radius:50px;-moz-border-radius:50px;-webkit-border-radius:50px;text-shadow:none;-moz-text-shadow:none;-webkit-text-shadow:none\"> <b>Zobacz wi\u0119cej<\/b><\/span><\/a><\/div>\n<\/td>\n<\/tr>\n<\/tbody>\n<\/table>\n<h2>Jakie o\u015bwietlenie do salonu wybieraj\u0105 nasi klienci?<\/h2>\n<p>Coraz szybciej rozwijaj\u0105ca si\u0119 technologia LED pozwala nam zaoferowa\u0107 naszym klientom wiele rozwi\u0105za\u0144 do o\u015bwietlenia wn\u0119trza salonu. Ogromnym zainteresowaniem dzi\u015b cieszy si\u0119 przede wszystkim <a href=\"https:\/\/www.ledstyl.pl\/oswietlenie-szynowe-cat-297\">o\u015bwietlenie szynowe<\/a>, kt\u00f3re coraz ch\u0119tniej stosowane jest w wielu wn\u0119trzach. Lampy zamontowane na szynoprzewodzie oferuj\u0105 maksymaln\u0105 wygod\u0119 oraz funkcjonalno\u015b\u0107. <a href=\"https:\/\/www.ledstyl.pl\/szynoprzewody-oswietleniowe-cat-299\">Szynoprzewody o\u015bwietleniowe<\/a> mo\u017cna zamontowa\u0107 bezpo\u015brednio na suficie lub podtynkowo we wcze\u015bniej przygotowanym otworze. Ich monta\u017c nie jest wcale o wiele trudniejszy od standardowych lamp, a ogromn\u0105 zalet\u0105 mo\u017cliwo\u015b\u0107 pod\u0142\u0105czenia wielu lamp do jednego \u017ar\u00f3d\u0142a zasilania. G\u0142\u00f3wnym elementem systemu szynowego s\u0105 szynoprzewody pe\u0142ni\u0105ce tutaj rol\u0119 zamiennika tradycyjnych przewod\u00f3w zasilaj\u0105cych. Mo\u017cemy je docina\u0107 na dowoln\u0105 d\u0142ugo\u015b\u0107, a w ich torze zamontowywa\u0107 reflektory, spoty czy wiele modeli lamp wisz\u0105cych.<\/p>\n<table style=\"width: 100%; height: 124px; border: none;\">\n<tbody>\n<tr style=\"height: 42px;\">\n<td style=\"width: 33.3333%; height: 42px;\"><a href=\"https:\/\/www.ledstyl.pl\/szynoprzewod-1-fazowy-cat-313\"><img loading=\"lazy\" decoding=\"async\" class=\"size-medium wp-image-291 aligncenter\" src=\"https:\/\/www.ledstyl.pl\/dane\/full\/7\/7b0acd4619174e97bf6f03a9c2502013.jpg\" alt=\"Szynoprzewody jednofazowe\" width=\"298\" height=\"300\" \/><\/a><\/td>\n<td style=\"width: 33.3333%; height: 42px;\"><a href=\"https:\/\/www.ledstyl.pl\/szynoprzewod-3-fazowy-cat-315\"><img loading=\"lazy\" decoding=\"async\" class=\"size-medium wp-image-292 aligncenter\" src=\"https:\/\/www.ledstyl.pl\/dane\/full\/2\/2767cb79f4284a839b6fc1d98296b748.jpg\" alt=\"Szynoprzewody tr\u00f3jfazowe\" width=\"298\" height=\"300\" \/><\/a><\/td>\n<td style=\"width: 33.3333%; height: 42px;\"><a href=\"https:\/\/www.ledstyl.pl\/zestaw-oswietlenia-szynowego-cat-304\"><img loading=\"lazy\" decoding=\"async\" class=\"size-medium wp-image-293 aligncenter\" src=\"https:\/\/www.ledstyl.pl\/dane\/full\/f\/fdc301de0f8f45f7bf74fd59f37c1a8c.jpg\" alt=\"Zestawy szynoprzewod\u00f3w\" width=\"298\" height=\"300\" \/><\/a><\/td>\n<\/tr>\n<tr style=\"height: 62px;\">\n<td style=\"width: 33.3333%; height: 62px; text-align: center;\"><span style=\"font-size: 12pt;\"><a href=\"https:\/\/www.ledstyl.pl\/szynoprzewod-1-fazowy-cat-313\"><div class=\"su-animate\" style=\"opacity:0;-webkit-animation-duration:1s;-webkit-animation-delay:0s;animation-duration:1s;animation-delay:0s;\" data-animation=\"bounceIn\" data-duration=\"1\" data-delay=\"0\"><strong>Szynoprzewody jednofazowe<\/strong><\/div><\/a><\/span><\/td>\n<td style=\"width: 33.3333%; height: 62px; text-align: center;\"><span style=\"font-size: 12pt;\"><a href=\"https:\/\/www.ledstyl.pl\/szynoprzewod-3-fazowy-cat-315\"><div class=\"su-animate\" style=\"opacity:0;-webkit-animation-duration:1s;-webkit-animation-delay:0s;animation-duration:1s;animation-delay:0s;\" data-animation=\"bounceIn\" data-duration=\"1\" data-delay=\"0\"><strong>Szynoprzewody tr\u00f3jfazowe<\/strong><\/div><\/a><\/span><\/td>\n<td style=\"width: 33.3333%; height: 62px; text-align: center;\"><span style=\"font-size: 12pt;\"><a href=\"https:\/\/www.ledstyl.pl\/zestaw-oswietlenia-szynowego-cat-304\"><div class=\"su-animate\" style=\"opacity:0;-webkit-animation-duration:1s;-webkit-animation-delay:0s;animation-duration:1s;animation-delay:0s;\" data-animation=\"bounceIn\" data-duration=\"1\" data-delay=\"0\"><strong>Zestawy szynoprzewod\u00f3w<\/strong><\/div><\/a><\/span><\/td>\n<\/tr>\n<tr style=\"height: 54px;\">\n<td style=\"width: 33.3333%; height: 18px;\"><div class=\"su-button-center\"><a href=\"https:\/\/www.ledstyl.pl\/szynoprzewod-1-fazowy-cat-313\" class=\"su-button su-button-style-3d\" style=\"color:#ffffff;background-color:#ef2d36;border-color:#c0242c;border-radius:50px;-moz-border-radius:50px;-webkit-border-radius:50px\" target=\"_self\" rel=\"nofollow\"><span style=\"color:#ffffff;padding:0px 24px;font-size:18px;line-height:36px;border-color:#f46c73;border-radius:50px;-moz-border-radius:50px;-webkit-border-radius:50px;text-shadow:none;-moz-text-shadow:none;-webkit-text-shadow:none\"> <b>Zobacz wi\u0119cej<\/b><\/span><\/a><\/div><\/td>\n<td style=\"width: 33.3333%; height: 18px;\"><div class=\"su-button-center\"><a href=\"https:\/\/www.ledstyl.pl\/szynoprzewod-3-fazowy-cat-315\" class=\"su-button su-button-style-3d\" style=\"color:#ffffff;background-color:#ef2d36;border-color:#c0242c;border-radius:50px;-moz-border-radius:50px;-webkit-border-radius:50px\" target=\"_self\" rel=\"nofollow\"><span style=\"color:#ffffff;padding:0px 24px;font-size:18px;line-height:36px;border-color:#f46c73;border-radius:50px;-moz-border-radius:50px;-webkit-border-radius:50px;text-shadow:none;-moz-text-shadow:none;-webkit-text-shadow:none\"> <b>Zobacz wi\u0119cej<\/b><\/span><\/a><\/div><\/td>\n<td style=\"width: 33.3333%; height: 18px;\">\n<p style=\"text-align: center;\"><div class=\"su-button-center\"><a href=\"https:\/\/www.ledstyl.pl\/zestaw-oswietlenia-szynowego-cat-304\" class=\"su-button su-button-style-3d\" style=\"color:#ffffff;background-color:#ef2d36;border-color:#c0242c;border-radius:50px;-moz-border-radius:50px;-webkit-border-radius:50px\" target=\"_self\" rel=\"nofollow\"><span style=\"color:#ffffff;padding:0px 24px;font-size:18px;line-height:36px;border-color:#f46c73;border-radius:50px;-moz-border-radius:50px;-webkit-border-radius:50px;text-shadow:none;-moz-text-shadow:none;-webkit-text-shadow:none\"> <b>Zobacz wi\u0119cej<\/b><\/span><\/a><\/div>\n<\/td>\n<\/tr>\n<\/tbody>\n<\/table>\n<p>Funkcjonalno\u015b\u0107 oraz mo\u017cliwo\u015bci, jakie oferuj\u0105 nam szynoprzewody, jest praktycznie nieograniczona. Przoduj\u0105cy producenci postanowili jednak jeszcze bardziej u\u0142atwi\u0107 nam korzystanie z tej niezwyk\u0142ej technologii monta\u017cu lamp. Odpowiedzi\u0105 na coraz wi\u0119ksze zainteresowanie klient\u00f3w s\u0105 <a href=\"https:\/\/www.ledstyl.pl\/szynoprzewody-magnetyczne-cat-303\">szynoprzewody magnetyczne<\/a>. Ich zasada monta\u017cu opiera si\u0119 na uchwytach magnetycznych zastosowanych w lampach. Taka ich konstrukcja pozwala nam swobodnie przesuwa\u0107 lampy po ca\u0142ej d\u0142ugo\u015bci toru, jak i je dowolnie wyjmowa\u0107 czy wk\u0142ada\u0107. Od tej pory konfiguracja lamp na szynach sta\u0142a si\u0119 wr\u0119cz dziecinnie prosta i bezproblemowa. Te <strong>nowoczesne lampy do salonu<\/strong> s\u0105 idealnym dope\u0142nieniem ka\u017cdej aran\u017cacji, zapewniaj\u0105c praktycznie nieograniczone mo\u017cliwo\u015bci o\u015bwietleniowe. Jest to system, kt\u00f3ry wychodzi naprzeciw oczekiwaniom najbardziej wymagaj\u0105cych klient\u00f3w.<\/p>\n<table style=\"width: 100%; height: 124px; border: none;\">\n<tbody>\n<tr style=\"height: 42px;\">\n<td style=\"width: 33.3333%; height: 42px;\"><a href=\"https:\/\/www.ledstyl.pl\/system-magnetyczny-bialy-cat-382\"><img loading=\"lazy\" decoding=\"async\" class=\"size-medium wp-image-291 aligncenter\" src=\"https:\/\/www.ledstyl.pl\/dane\/full\/2\/29551bad9ace4cf2ab8c8e5e6bacd36c.jpg\" alt=\"System Magnetyczny Bia\u0142y\" width=\"298\" height=\"300\" \/><\/a><\/td>\n<td style=\"width: 33.3333%; height: 42px;\"><a href=\"https:\/\/www.ledstyl.pl\/system-szynowy-domeno-lighting-cat-321?priceFrom=23&amp;priceTo=327&amp;trait=396\"><img loading=\"lazy\" decoding=\"async\" class=\"size-medium wp-image-292 aligncenter\" src=\"https:\/\/www.ledstyl.pl\/dane\/full\/3\/3cda3f43-59d8-4c8b-a378-daa28149debb.jpg\" alt=\"System Magnetyczny Czarny\" width=\"298\" height=\"300\" \/><\/a><\/td>\n<td style=\"width: 33.3333%; height: 42px;\"><a href=\"https:\/\/www.ledstyl.pl\/system-szynowy-estiledo-cat-380\"><img loading=\"lazy\" decoding=\"async\" class=\"size-medium wp-image-293 aligncenter\" src=\"https:\/\/www.ledstyl.pl\/dane\/full\/z\/z04.reflektor-magnetyczny-double-16w-4000k-czarny.jpg\" alt=\"System Magnetyczny Estiledo\" width=\"298\" height=\"300\" \/><\/a><\/td>\n<\/tr>\n<tr style=\"height: 62px;\">\n<td style=\"width: 33.3333%; height: 62px; text-align: center;\"><span style=\"font-size: 12pt;\"><a href=\"https:\/\/www.ledstyl.pl\/system-magnetyczny-bialy-cat-382\"><div class=\"su-animate\" style=\"opacity:0;-webkit-animation-duration:1s;-webkit-animation-delay:0s;animation-duration:1s;animation-delay:0s;\" data-animation=\"bounceIn\" data-duration=\"1\" data-delay=\"0\"><strong>System Magnetyczny Bia\u0142y<\/strong><\/div><\/a><\/span><\/td>\n<td style=\"width: 33.3333%; height: 62px; text-align: center;\"><span style=\"font-size: 12pt;\"><a href=\"https:\/\/www.ledstyl.pl\/system-szynowy-domeno-lighting-cat-321?priceFrom=23&amp;priceTo=327&amp;trait=396\"><div class=\"su-animate\" style=\"opacity:0;-webkit-animation-duration:1s;-webkit-animation-delay:0s;animation-duration:1s;animation-delay:0s;\" data-animation=\"bounceIn\" data-duration=\"1\" data-delay=\"0\"><strong>System Magnetyczny Czarny<\/strong><\/div><\/a><\/span><\/td>\n<td style=\"width: 33.3333%; height: 62px; text-align: center;\"><span style=\"font-size: 12pt;\"><a href=\"https:\/\/www.ledstyl.pl\/system-szynowy-estiledo-cat-380\"><div class=\"su-animate\" style=\"opacity:0;-webkit-animation-duration:1s;-webkit-animation-delay:0s;animation-duration:1s;animation-delay:0s;\" data-animation=\"bounceIn\" data-duration=\"1\" data-delay=\"0\"><strong>System Magnetyczny Estiledo<\/strong><\/div><\/a><\/span><\/td>\n<\/tr>\n<tr style=\"height: 54px;\">\n<td style=\"width: 33.3333%; height: 18px;\"><div class=\"su-button-center\"><a href=\"https:\/\/www.ledstyl.pl\/system-magnetyczny-bialy-cat-382\" class=\"su-button su-button-style-3d\" style=\"color:#ffffff;background-color:#ef2d36;border-color:#c0242c;border-radius:50px;-moz-border-radius:50px;-webkit-border-radius:50px\" target=\"_self\" rel=\"nofollow\"><span style=\"color:#ffffff;padding:0px 24px;font-size:18px;line-height:36px;border-color:#f46c73;border-radius:50px;-moz-border-radius:50px;-webkit-border-radius:50px;text-shadow:none;-moz-text-shadow:none;-webkit-text-shadow:none\"> <b>Zobacz wi\u0119cej<\/b><\/span><\/a><\/div><\/td>\n<td style=\"width: 33.3333%; height: 18px;\"><div class=\"su-button-center\"><a href=\"https:\/\/www.ledstyl.pl\/system-szynowy-domeno-lighting-cat-321?priceFrom=23&#038;priceTo=327&#038;trait=396\" class=\"su-button su-button-style-3d\" style=\"color:#ffffff;background-color:#ef2d36;border-color:#c0242c;border-radius:50px;-moz-border-radius:50px;-webkit-border-radius:50px\" target=\"_self\" rel=\"nofollow\"><span style=\"color:#ffffff;padding:0px 24px;font-size:18px;line-height:36px;border-color:#f46c73;border-radius:50px;-moz-border-radius:50px;-webkit-border-radius:50px;text-shadow:none;-moz-text-shadow:none;-webkit-text-shadow:none\"> <b>Zobacz wi\u0119cej<\/b><\/span><\/a><\/div><\/td>\n<td style=\"width: 33.3333%; height: 18px;\">\n<p style=\"text-align: center;\"><div class=\"su-button-center\"><a href=\"https:\/\/www.ledstyl.pl\/system-szynowy-estiledo-cat-380\" class=\"su-button su-button-style-3d\" style=\"color:#ffffff;background-color:#ef2d36;border-color:#c0242c;border-radius:50px;-moz-border-radius:50px;-webkit-border-radius:50px\" target=\"_self\" rel=\"nofollow\"><span style=\"color:#ffffff;padding:0px 24px;font-size:18px;line-height:36px;border-color:#f46c73;border-radius:50px;-moz-border-radius:50px;-webkit-border-radius:50px;text-shadow:none;-moz-text-shadow:none;-webkit-text-shadow:none\"> <b>Zobacz wi\u0119cej<\/b><\/span><\/a><\/div>\n<\/td>\n<\/tr>\n<\/tbody>\n<\/table>\n<h2>Najpi\u0119kniejsze lampy do salonu<\/h2>\n<p>Salon, jako miejsce reprezentatywne, ma szerokie mo\u017cliwo\u015bci, je\u015bli chodzi instalacj\u0119 najprzer\u00f3\u017cniejszych, przyci\u0105gaj\u0105cych wzrok lamp. Designerskie lampy do salonu zdecydowanie wychodz\u0105 naprzeciw tym oczekiwaniom. Ich niebanalne kszta\u0142ty, interesuj\u0105ca kolorystyka i mnogo\u015b\u0107 tworzyw, z kt\u00f3rych s\u0105 wykonane, pozwalaj\u0105 na niebanalne wyko\u0144czenie wn\u0119trza. W\u015br\u00f3d materia\u0142\u00f3w opr\u00f3cz znanych ka\u017cdemu metalu, drewna czy szk\u0142a, mo\u017cemy znale\u017a\u0107 o wiele bardziej nietypowe i ekstrawaganckie modele, stworzone np. z pi\u00f3r czy sk\u00f3ry. <strong>Lampy w salonie<\/strong> zamontowane przewa\u017cnie w centralnym miejscu przyci\u0105gaj\u0105 wzrok, tworz\u0105c efekt \u201cwow\u201d i zwracaj\u0105 uwag\u0119 ka\u017cdego naszego go\u015bcia. Designerskie lampy to \u015bwietny <strong>pomys\u0142 na o\u015bwietlenie salonu<\/strong>. Cechuje je niepodwa\u017calne pi\u0119kno i klasa, a dzi\u0119ki po\u0142\u0105czeniu tych dw\u00f3ch czynnik\u00f3w staj\u0105 si\u0119 niebywa\u0142\u0105 dekoracj\u0105 ka\u017cdego wn\u0119trza.<\/p>\n<table style=\"width: 100%; height: 124px; border: none;\">\n<tbody>\n<tr style=\"height: 42px;\">\n<td style=\"width: 33.3333%; height: 42px;\"><a href=\"https:\/\/www.ledstyl.pl\/lampa-wiszaca-diamond-deco-1xe27-biala-id-6753\"><img loading=\"lazy\" decoding=\"async\" class=\"size-medium wp-image-291 aligncenter\" src=\"https:\/\/www.ledstyl.pl\/dane\/full\/3\/3eo.lampa-wiszaca-biala-220044-4.jpg\" alt=\"Lampa wisz\u0105ca Diamond Deco 1xE27 - bia\u0142a\" width=\"298\" height=\"300\" \/><\/a><\/td>\n<td style=\"width: 33.3333%; height: 42px;\"><a href=\"https:\/\/www.ledstyl.pl\/lampa-wiszaca-druciana-astell-1xe27-czarna-id-6731\"><img loading=\"lazy\" decoding=\"async\" class=\"size-medium wp-image-292 aligncenter\" src=\"https:\/\/www.ledstyl.pl\/dane\/full\/t\/tn3.lampa-wiszaca-309213-a.jpg\" alt=\"Lampa wisz\u0105ca druciana Astell 1xE27 czarna\" width=\"298\" height=\"300\" \/><\/a><\/td>\n<td style=\"width: 33.3333%; height: 42px;\"><a href=\"https:\/\/www.ledstyl.pl\/lampa-wiszaca-diamente-loft-1xe27-druciany-klosz-id-3532\"><img loading=\"lazy\" decoding=\"async\" class=\"size-medium wp-image-293 aligncenter\" src=\"https:\/\/www.ledstyl.pl\/dane\/full\/e\/e85e3f18-dd0a-46ef-8e2c-64f8ac300b39.jpg\" alt=\"Lampa wisz\u0105ca Diamente Loft 1xE27 - druciany klosz\" width=\"298\" height=\"300\" \/><\/a><\/td>\n<\/tr>\n<tr style=\"height: 62px;\">\n<td style=\"width: 33.3333%; height: 62px; text-align: center;\"><span style=\"font-size: 12pt;\"><a href=\"https:\/\/www.ledstyl.pl\/lampa-wiszaca-diamond-deco-1xe27-biala-id-6753\"><div class=\"su-animate\" style=\"opacity:0;-webkit-animation-duration:1s;-webkit-animation-delay:0s;animation-duration:1s;animation-delay:0s;\" data-animation=\"bounceIn\" data-duration=\"1\" data-delay=\"0\"><strong>Lampa wisz\u0105ca Diamond Deco 1xE27 &#8211; bia\u0142a<\/strong><\/div><\/a><\/span><\/td>\n<td style=\"width: 33.3333%; height: 62px; text-align: center;\"><span style=\"font-size: 12pt;\"><a href=\"https:\/\/www.ledstyl.pl\/lampa-wiszaca-druciana-astell-1xe27-czarna-id-6731\"><div class=\"su-animate\" style=\"opacity:0;-webkit-animation-duration:1s;-webkit-animation-delay:0s;animation-duration:1s;animation-delay:0s;\" data-animation=\"bounceIn\" data-duration=\"1\" data-delay=\"0\"><strong>Lampa wisz\u0105ca druciana Astell 1xE27 czarna<\/strong><\/div><\/a><\/span><\/td>\n<td style=\"width: 33.3333%; height: 62px; text-align: center;\"><span style=\"font-size: 12pt;\"><a href=\"https:\/\/www.ledstyl.pl\/lampa-wiszaca-diamente-loft-1xe27-druciany-klosz-id-3532\"><div class=\"su-animate\" style=\"opacity:0;-webkit-animation-duration:1s;-webkit-animation-delay:0s;animation-duration:1s;animation-delay:0s;\" data-animation=\"bounceIn\" data-duration=\"1\" data-delay=\"0\"><strong>Lampa wisz\u0105ca Diamente Loft 1xE27 &#8211; druciany klosz<\/strong><\/div><\/a><\/span><\/td>\n<\/tr>\n<tr style=\"height: 54px;\">\n<td style=\"width: 33.3333%; height: 18px;\"><div class=\"su-button-center\"><a href=\"https:\/\/www.ledstyl.pl\/lampa-wiszaca-diamond-deco-1xe27-biala-id-6753\" class=\"su-button su-button-style-3d su-button-wide\" style=\"color:#ffffff;background-color:#ef2d36;border-color:#c0242c;border-radius:40px;-moz-border-radius:40px;-webkit-border-radius:40px\" target=\"_self\" rel=\"nofollow\"><span style=\"color:#ffffff;padding:7px 20px;font-size:16px;line-height:24px;border-color:#f46c73;border-radius:40px;-moz-border-radius:40px;-webkit-border-radius:40px;text-shadow:none;-moz-text-shadow:none;-webkit-text-shadow:none\"><i class=\"sui sui-shopping-bag\" style=\"font-size:16px;color:#ffffff\"><\/i> <\/span><\/a><\/div><\/td>\n<td style=\"width: 33.3333%; height: 18px;\"><div class=\"su-button-center\"><a href=\"https:\/\/www.ledstyl.pl\/lampa-wiszaca-druciana-astell-1xe27-czarna-id-6731\" class=\"su-button su-button-style-3d su-button-wide\" style=\"color:#ffffff;background-color:#ef2d36;border-color:#c0242c;border-radius:40px;-moz-border-radius:40px;-webkit-border-radius:40px\" target=\"_self\" rel=\"nofollow\"><span style=\"color:#ffffff;padding:7px 20px;font-size:16px;line-height:24px;border-color:#f46c73;border-radius:40px;-moz-border-radius:40px;-webkit-border-radius:40px;text-shadow:none;-moz-text-shadow:none;-webkit-text-shadow:none\"><i class=\"sui sui-shopping-bag\" style=\"font-size:16px;color:#ffffff\"><\/i> <\/span><\/a><\/div><\/td>\n<td style=\"width: 33.3333%; height: 18px;\"><div class=\"su-button-center\"><a href=\"https:\/\/www.ledstyl.pl\/lampa-wiszaca-diamente-loft-1xe27-druciany-klosz-id-3532\" class=\"su-button su-button-style-3d su-button-wide\" style=\"color:#ffffff;background-color:#ef2d36;border-color:#c0242c;border-radius:40px;-moz-border-radius:40px;-webkit-border-radius:40px\" target=\"_self\" rel=\"nofollow\"><span style=\"color:#ffffff;padding:7px 20px;font-size:16px;line-height:24px;border-color:#f46c73;border-radius:40px;-moz-border-radius:40px;-webkit-border-radius:40px;text-shadow:none;-moz-text-shadow:none;-webkit-text-shadow:none\"><i class=\"sui sui-shopping-bag\" style=\"font-size:16px;color:#ffffff\"><\/i> <\/span><\/a><\/div><\/td>\n<\/tr>\n<\/tbody>\n<\/table>\n<h2>Lampa do niskiego salonu<\/h2>\n<p>Jak wiadomo nie ka\u017cde pomieszczenie mo\u017ce si\u0119 poszczyci\u0107 spor\u0105 wysoko\u015bci\u0105 czy przestrzeni\u0105. Idealnym rozwi\u0105zaniem do niskich salon\u00f3w s\u0105 oprawki halogenowe lub <a href=\"https:\/\/www.ledstyl.pl\/spoty-i-tuby-sufitowe-cat-364\">spoty sufitowe<\/a>. Zar\u00f3wno jedne, jak i drugie to minimalistyczny, jednak\u017ce wysoce efektywny spos\u00f3b o\u015bwietlenia przestrzeni. <a href=\"https:\/\/www.ledstyl.pl\/oprawy-halogenowe-cat-15\">Oprawy halogenowe<\/a> wykonane s\u0105 najcz\u0119\u015bciej z metalu lub szk\u0142a i wyst\u0119puj\u0105 w podstawowych kolorach czerni, bieli czy te\u017c aluminium. Mo\u017cemy zdecydowa\u0107 si\u0119 r\u00f3wnie\u017c na oprawy gipsowe, kt\u00f3re pomalujemy na dowolny kolor. Montowane s\u0105 one najcz\u0119\u015bciej podtynkowo w sufitach podwieszanych. Spoty natomiast s\u0105 nieco bardziej okaza\u0142e. Mog\u0105 wyst\u0119powa\u0107 r\u00f3wnie\u017c w postaci ciekawych, designerskich tub. Warto zwr\u00f3ci\u0107 uwag\u0119 r\u00f3wnie\u017c na mo\u017cliwo\u015b\u0107 dowolnego ukierunkowania \u015bwiat\u0142a. <a href=\"https:\/\/www.ledstyl.pl\/strefa-swiatla\/halogeny-w-salonie\/\">Halogeny w salonie<\/a> mo\u017cemy dowolnie rozmie\u015bci\u0107 na suficie, a dzi\u0119ki mo\u017cliwo\u015bci regulacji kierunku \u015bwiecenia, skierowa\u0107 \u015bwiat\u0142o w najbardziej potrzebne przestrzenie.<\/p>\n<table style=\"width: 100%; height: 124px; border: none;\">\n<tbody>\n<tr style=\"height: 42px;\">\n<td style=\"width: 33.3333%; height: 42px;\"><a href=\"https:\/\/www.ledstyl.pl\/spot-sufitowy-z-czarnym-pierscieniem-gu10-tulid-kwadrat-bialy-id-6577\"><img loading=\"lazy\" decoding=\"async\" class=\"size-medium wp-image-291 aligncenter\" src=\"https:\/\/www.ledstyl.pl\/dane\/full\/g\/gq3.dfeabf45-8729-426e-84e2-f34eeaf0e92f.jpg\" alt=\"Spot sufitowy z czarnym pier\u015bcieniem GU10 TULID kwadrat bia\u0142y\" width=\"298\" height=\"300\" \/><\/a><\/td>\n<td style=\"width: 33.3333%; height: 42px;\"><a href=\"https:\/\/www.ledstyl.pl\/oprawa-sufitowa-1xgu10-czarna-reva-okragla-zloty-srodek-id-6573\"><img loading=\"lazy\" decoding=\"async\" class=\"size-medium wp-image-292 aligncenter\" src=\"https:\/\/www.ledstyl.pl\/dane\/full\/w\/wjv.pol_pl_punktowa-oprawa-sufitowa-wpuszczana-reva-black-gold-ip20-okragla-zloty-srodek-edo777440-edo-112467_3.jpg\" alt=\"Oprawa sufitowa 1xGU10 czarna REVA okr\u0105g\u0142a z\u0142oty \u015brodek\" width=\"298\" height=\"300\" \/><\/a><\/td>\n<td style=\"width: 33.3333%; height: 42px;\"><a href=\"https:\/\/www.ledstyl.pl\/oprawa-wpuszczana-mini-tuba-zama-1xgu10-biala-zloty-srodek-id-6581\"><img loading=\"lazy\" decoding=\"async\" class=\"size-medium wp-image-293 aligncenter\" src=\"https:\/\/www.ledstyl.pl\/dane\/full\/s\/ses.pol_pl_podtynkowa-oprawa-sufitowa-zama-white-gold-s-ip20-okragla-biala-srodek-zloty-edo777453-edo-92413_12.jpg\" alt=\"Oprawa wpuszczana Mini Tuba ZAMA 1xGU10 bia\u0142a - z\u0142oty \u015brodek\" width=\"298\" height=\"300\" \/><\/a><\/td>\n<\/tr>\n<tr style=\"height: 62px;\">\n<td style=\"width: 33.3333%; height: 62px; text-align: center;\"><span style=\"font-size: 12pt;\"><a href=\"https:\/\/www.ledstyl.pl\/spot-sufitowy-z-czarnym-pierscieniem-gu10-tulid-kwadrat-bialy-id-6577\"><div class=\"su-animate\" style=\"opacity:0;-webkit-animation-duration:1s;-webkit-animation-delay:0s;animation-duration:1s;animation-delay:0s;\" data-animation=\"bounceIn\" data-duration=\"1\" data-delay=\"0\"><strong>Spot sufitowy z czarnym pier\u015bcieniem GU10 TULID kwadrat bia\u0142y<\/strong><\/div><\/a><\/span><\/td>\n<td style=\"width: 33.3333%; height: 62px; text-align: center;\"><span style=\"font-size: 12pt;\"><a href=\"https:\/\/www.ledstyl.pl\/oprawa-sufitowa-1xgu10-czarna-reva-okragla-zloty-srodek-id-6573\"><div class=\"su-animate\" style=\"opacity:0;-webkit-animation-duration:1s;-webkit-animation-delay:0s;animation-duration:1s;animation-delay:0s;\" data-animation=\"bounceIn\" data-duration=\"1\" data-delay=\"0\"><strong>Oprawa sufitowa 1xGU10 czarna REVA okr\u0105g\u0142a z\u0142oty \u015brodek<\/strong><\/div><\/a><\/span><\/td>\n<td style=\"width: 33.3333%; height: 62px; text-align: center;\"><span style=\"font-size: 12pt;\"><a href=\"https:\/\/www.ledstyl.pl\/oprawa-wpuszczana-mini-tuba-zama-1xgu10-biala-zloty-srodek-id-6581\"><div class=\"su-animate\" style=\"opacity:0;-webkit-animation-duration:1s;-webkit-animation-delay:0s;animation-duration:1s;animation-delay:0s;\" data-animation=\"bounceIn\" data-duration=\"1\" data-delay=\"0\"><strong>Oprawa wpuszczana Mini Tuba ZAMA 1xGU10 bia\u0142a &#8211; z\u0142oty \u015brodek<\/strong><\/div><\/a><\/span><\/td>\n<\/tr>\n<tr style=\"height: 54px;\">\n<td style=\"width: 33.3333%; height: 18px;\"><div class=\"su-button-center\"><a href=\"https:\/\/www.ledstyl.pl\/spot-sufitowy-z-czarnym-pierscieniem-gu10-tulid-kwadrat-bialy-id-6577\" class=\"su-button su-button-style-3d su-button-wide\" style=\"color:#ffffff;background-color:#ef2d36;border-color:#c0242c;border-radius:40px;-moz-border-radius:40px;-webkit-border-radius:40px\" target=\"_self\" rel=\"nofollow\"><span style=\"color:#ffffff;padding:7px 20px;font-size:16px;line-height:24px;border-color:#f46c73;border-radius:40px;-moz-border-radius:40px;-webkit-border-radius:40px;text-shadow:none;-moz-text-shadow:none;-webkit-text-shadow:none\"><i class=\"sui sui-shopping-bag\" style=\"font-size:16px;color:#ffffff\"><\/i> <\/span><\/a><\/div><\/td>\n<td style=\"width: 33.3333%; height: 18px;\"><div class=\"su-button-center\"><a href=\"https:\/\/www.ledstyl.pl\/oprawa-sufitowa-1xgu10-czarna-reva-okragla-zloty-srodek-id-6573\" class=\"su-button su-button-style-3d su-button-wide\" style=\"color:#ffffff;background-color:#ef2d36;border-color:#c0242c;border-radius:40px;-moz-border-radius:40px;-webkit-border-radius:40px\" target=\"_self\" rel=\"nofollow\"><span style=\"color:#ffffff;padding:7px 20px;font-size:16px;line-height:24px;border-color:#f46c73;border-radius:40px;-moz-border-radius:40px;-webkit-border-radius:40px;text-shadow:none;-moz-text-shadow:none;-webkit-text-shadow:none\"><i class=\"sui sui-shopping-bag\" style=\"font-size:16px;color:#ffffff\"><\/i> <\/span><\/a><\/div><\/td>\n<td style=\"width: 33.3333%; height: 18px;\"><div class=\"su-button-center\"><a href=\"https:\/\/www.ledstyl.pl\/oprawa-wpuszczana-mini-tuba-zama-1xgu10-biala-zloty-srodek-id-6581\" class=\"su-button su-button-style-3d su-button-wide\" style=\"color:#ffffff;background-color:#ef2d36;border-color:#c0242c;border-radius:40px;-moz-border-radius:40px;-webkit-border-radius:40px\" target=\"_self\" rel=\"nofollow\"><span style=\"color:#ffffff;padding:7px 20px;font-size:16px;line-height:24px;border-color:#f46c73;border-radius:40px;-moz-border-radius:40px;-webkit-border-radius:40px;text-shadow:none;-moz-text-shadow:none;-webkit-text-shadow:none\"><i class=\"sui sui-shopping-bag\" style=\"font-size:16px;color:#ffffff\"><\/i> <\/span><\/a><\/div><\/td>\n<\/tr>\n<\/tbody>\n<\/table>\n<h2>\u015awiat\u0142o w salonie &#8211; jak\u0105 barw\u0119 wybra\u0107?<\/h2>\n<p>Pi\u0119kny design, funkcjonalno\u015b\u0107, kszta\u0142t oraz wielko\u015b\u0107 lamp w salonie to bardzo wa\u017cne aspekty w tworzeniu aran\u017cacji wn\u0119trza. Jednak\u017ce w tym wszystkim nie nale\u017cy zapomnie\u0107 o bardzo wa\u017cnej kwestii, jak\u0105 jest <a href=\"https:\/\/www.ledstyl.pl\/blog\/barwa-swiatla-jaka-wybrac\/\">barwa \u015bwiat\u0142a<\/a>. Salon, jako pomieszczenie wielofunkcyjne warto podzieli\u0107 na strefy, w kt\u00f3rych znajdzie si\u0119 miejsce relaksu, pracy, czy te\u017c jadalniana. Ka\u017cda z nich potrzebuje innej barwy \u015bwiat\u0142a. Miejsce, gdzie jemy lub odpoczywamy, powinno by\u0107 o\u015bwietlone ciep\u0142\u0105 barw\u0105. To samo tyczy si\u0119 o\u015bwietlenia dekoracyjnego. Natomiast miejsce pracy wymaga ch\u0142odniejszego odcienia \u015bwiat\u0142a. W przypadku o\u015bwietlenia warto pomy\u015ble\u0107 o zastosowaniu inteligentnych \u017ar\u00f3de\u0142 \u015bwiat\u0142a. <a href=\"https:\/\/www.ledstyl.pl\/zarowka-smart-wifi-cat-358\">\u017bar\u00f3wki Smart Wi-Fi<\/a> pozwol\u0105 ci na dowoln\u0105 zmian\u0119 barwy \u015bwiat\u0142a czy jego nat\u0119\u017cenia przy pomocy aplikacji mobilnej.<\/p>\n<table style=\"width: 100%; height: 124px; border: none;\">\n<tbody>\n<tr style=\"height: 42px;\">\n<td style=\"width: 33.3333%; height: 42px;\">\n<a href=\"https:\/\/www.ledstyl.pl\/zarowka-led-gu10-tuya-smart-55w-120st-rgbw-2700-6500k-400lm-id-6558\"><img loading=\"lazy\" decoding=\"async\" class=\"size-medium wp-image-291 aligncenter\" src=\"https:\/\/www.ledstyl.pl\/dane\/source\/q\/qba.7a6a136b-5305-4a5a-9013-39c6fcbf9164.jpg\" alt=\"\u017bar\u00f3wka LED GU10 Tuya Smart 5,5W 120st RGBW 2700-6500K 400lm\" width=\"298\" height=\"300\" \/><\/a><\/td>\n<td style=\"width: 33.3333%; height: 42px;\">\n<a href=\"https:\/\/www.ledstyl.pl\/zarowka-led-e14-tuya-smart-55w-rgbw-2700-6500k-470lm-id-6556\"><img loading=\"lazy\" decoding=\"async\" class=\"size-medium wp-image-292 aligncenter\" src=\"https:\/\/www.ledstyl.pl\/dane\/source\/d\/d2d.27f4a974-72b9-49b9-9502-4f0fd81d9ad5.jpg\" alt=\"\u017bar\u00f3wka LED E14 Tuya Smart 5,5W RGBW 2700-6500K 470lm\" width=\"298\" height=\"300\" \/><\/a><\/td>\n<td style=\"width: 33.3333%; height: 42px;\">\n<a href=\"https:\/\/www.ledstyl.pl\/zarowka-led-e27-tuya-smart-14w-rgbw-2700-6500k-1400lm-id-6572\"><img loading=\"lazy\" decoding=\"async\" class=\"size-medium wp-image-293 aligncenter\" src=\"https:\/\/www.ledstyl.pl\/dane\/source\/0\/015.29e6230c-83be-497c-8863-c4b7460091a4.jpg\" alt=\"\u017bar\u00f3wka LED E27 Tuya Smart 14W RGBW 2700-6500K 1400lm\" width=\"298\" height=\"300\" \/><\/a><\/td>\n<\/tr>\n<tr style=\"height: 62px;\">\n<td style=\"width: 33.3333%; height: 62px; text-align: center;\"><span style=\"font-size: 12pt;\"><a href=\"https:\/\/www.ledstyl.pl\/zarowka-led-gu10-tuya-smart-55w-120st-rgbw-2700-6500k-400lm-id-6558\"><div class=\"su-animate\" style=\"opacity:0;-webkit-animation-duration:1s;-webkit-animation-delay:0s;animation-duration:1s;animation-delay:0s;\" data-animation=\"bounceIn\" data-duration=\"1\" data-delay=\"0\"><strong>\u017bar\u00f3wka LED GU10 Tuya Smart 5,5W 120st RGBW 2700-6500K 400lm<\/div><\/strong><\/a><\/span><\/td>\n<td style=\"width: 33.3333%; height: 62px; text-align: center;\"><span style=\"font-size: 12pt;\"><a href=\"https:\/\/www.ledstyl.pl\/zarowka-led-e14-tuya-smart-55w-rgbw-2700-6500k-470lm-id-6556\"><div class=\"su-animate\" style=\"opacity:0;-webkit-animation-duration:1s;-webkit-animation-delay:0s;animation-duration:1s;animation-delay:0s;\" data-animation=\"bounceIn\" data-duration=\"1\" data-delay=\"0\"><strong>\u017bar\u00f3wka LED E14 Tuya Smart 5,5W RGBW 2700-6500K 470lm<\/strong><\/div><\/a><\/span><\/td>\n<td style=\"width: 33.3333%; height: 62px; text-align: center;\"><span style=\"font-size: 12pt;\"><a href=\"https:\/\/www.ledstyl.pl\/zarowka-led-e27-tuya-smart-14w-rgbw-2700-6500k-1400lm-id-6572\"><div class=\"su-animate\" style=\"opacity:0;-webkit-animation-duration:1s;-webkit-animation-delay:0s;animation-duration:1s;animation-delay:0s;\" data-animation=\"bounceIn\" data-duration=\"1\" data-delay=\"0\"><strong>\u017bar\u00f3wka LED E27 Tuya Smart 14W RGBW 2700-6500K 1400lm<\/strong><\/div><\/a><\/span><\/td>\n<\/tr>\n<tr style=\"height: 54px;\">\n<td style=\"width: 33.3333%; height: 18px;\"><div class=\"su-button-center\"><a href=\"https:\/\/www.ledstyl.pl\/zarowka-led-gu10-tuya-smart-55w-120st-rgbw-2700-6500k-400lm-id-6558\" class=\"su-button su-button-style-3d su-button-wide\" style=\"color:#ffffff;background-color:#ef2d36;border-color:#c0242c;border-radius:40px;-moz-border-radius:40px;-webkit-border-radius:40px\" target=\"_self\" rel=\"nofollow\"><span style=\"color:#ffffff;padding:7px 20px;font-size:16px;line-height:24px;border-color:#f46c73;border-radius:40px;-moz-border-radius:40px;-webkit-border-radius:40px;text-shadow:none;-moz-text-shadow:none;-webkit-text-shadow:none\"><i class=\"sui sui-shopping-bag\" style=\"font-size:16px;color:#ffffff\"><\/i> <\/span><\/a><\/div><\/td>\n<td style=\"width: 33.3333%; height: 18px;\"><div class=\"su-button-center\"><a href=\"https:\/\/www.ledstyl.pl\/zarowka-led-e14-tuya-smart-55w-rgbw-2700-6500k-470lm-id-6556\" class=\"su-button su-button-style-3d su-button-wide\" style=\"color:#ffffff;background-color:#ef2d36;border-color:#c0242c;border-radius:40px;-moz-border-radius:40px;-webkit-border-radius:40px\" target=\"_self\" rel=\"nofollow\"><span style=\"color:#ffffff;padding:7px 20px;font-size:16px;line-height:24px;border-color:#f46c73;border-radius:40px;-moz-border-radius:40px;-webkit-border-radius:40px;text-shadow:none;-moz-text-shadow:none;-webkit-text-shadow:none\"><i class=\"sui sui-shopping-bag\" style=\"font-size:16px;color:#ffffff\"><\/i> <\/span><\/a><\/div><\/td>\n<td style=\"width: 33.3333%; height: 18px;\"><div class=\"su-button-center\"><a href=\"https:\/\/www.ledstyl.pl\/zarowka-led-e27-tuya-smart-14w-rgbw-2700-6500k-1400lm-id-6572\" class=\"su-button su-button-style-3d su-button-wide\" style=\"color:#ffffff;background-color:#ef2d36;border-color:#c0242c;border-radius:40px;-moz-border-radius:40px;-webkit-border-radius:40px\" target=\"_self\" rel=\"nofollow\"><span style=\"color:#ffffff;padding:7px 20px;font-size:16px;line-height:24px;border-color:#f46c73;border-radius:40px;-moz-border-radius:40px;-webkit-border-radius:40px;text-shadow:none;-moz-text-shadow:none;-webkit-text-shadow:none\"><i class=\"sui sui-shopping-bag\" style=\"font-size:16px;color:#ffffff\"><\/i> <\/span><\/a><\/div><\/td>\n<\/tr>\n<\/tbody>\n<\/table>\n<p>Alternatyw\u0105 dla inteligentnych \u017car\u00f3wek s\u0105 <a href=\"https:\/\/www.ledstyl.pl\/lampy-sufitowe-nowoczesne-cat-359\">nowoczesne lampy sufitowe<\/a>, kt\u00f3re w zestawie wyposa\u017cone s\u0105 w bezprzewodowy pilot. Kontroler pozwala nam w ka\u017cdej chwili zmieni\u0107 kolor \u015bwiat\u0142a i odpowiednio dostosowa\u0107 strumie\u0144 \u015bwietlny do aktualnej aran\u017cacji.<\/p>\n<table style=\"width: 100%; height: 124px; border: none;\">\n<tbody>\n<tr style=\"height: 42px;\">\n<td style=\"width: 33.3333%; height: 42px;\">\n<a href=\"https:\/\/www.ledstyl.pl\/lampa-sufitowa-led-moderno-dl-z01-80w-czarna-z-pilotem-id-6725\"><img loading=\"lazy\" decoding=\"async\" class=\"size-medium wp-image-291 aligncenter\" src=\"https:\/\/www.ledstyl.pl\/dane\/source\/i\/i2v.79af780d-8245-4e9c-80d7-629649ead1c8.jpg\" alt=\"Lampa sufitowa LED Moderno DL-Z01 80W czarna z pilotem\" width=\"298\" height=\"300\" \/><\/a><\/td>\n<td style=\"width: 33.3333%; height: 42px;\">\n<a href=\"https:\/\/www.ledstyl.pl\/lampa-sufitowa-quartilino-dl-03-czarna-80w-z-pilotem-id-3476\"><img loading=\"lazy\" decoding=\"async\" class=\"size-medium wp-image-292 aligncenter\" src=\"https:\/\/www.ledstyl.pl\/dane\/full\/4\/45e50754-7d59-43c8-8a6a-8235f88b4edb.jpg\" alt=\"LAMPA SUFITOWA QUARTILINO DL-03 CZARNA 80W Z PILOTEM\" width=\"298\" height=\"300\" \/><\/a><\/td>\n<td style=\"width: 33.3333%; height: 42px;\">\n<a href=\"https:\/\/www.ledstyl.pl\/lampa-sufitowa-quartilino-dl-02-czarna-118w-z-pilotem-id-3475\"><img loading=\"lazy\" decoding=\"async\" class=\"size-medium wp-image-293 aligncenter\" src=\"https:\/\/www.ledstyl.pl\/dane\/full\/8\/82a151b6-0fc2-41e3-9f9a-df15c7498c0a.jpg\" alt=\"LAMPA SUFITOWA QUARTILINO DL-02 CZARNA 118W Z PILOTEM\" width=\"298\" height=\"300\" \/><\/a><\/td>\n<\/tr>\n<tr style=\"height: 62px;\">\n<td style=\"width: 33.3333%; height: 62px; text-align: center;\"><span style=\"font-size: 12pt;\"><a href=\"https:\/\/www.ledstyl.pl\/lampa-sufitowa-led-moderno-dl-z01-80w-czarna-z-pilotem-id-6725\"><div class=\"su-animate\" style=\"opacity:0;-webkit-animation-duration:1s;-webkit-animation-delay:0s;animation-duration:1s;animation-delay:0s;\" data-animation=\"bounceIn\" data-duration=\"1\" data-delay=\"0\"><strong>Lampa sufitowa LED Moderno DL-Z01 80W czarna z pilotem<\/strong><\/div><\/a><\/span><\/td>\n<td style=\"width: 33.3333%; height: 62px; text-align: center;\"><span style=\"font-size: 12pt;\"><a href=\"https:\/\/www.ledstyl.pl\/lampa-sufitowa-quartilino-dl-03-czarna-80w-z-pilotem-id-3476\"><div class=\"su-animate\" style=\"opacity:0;-webkit-animation-duration:1s;-webkit-animation-delay:0s;animation-duration:1s;animation-delay:0s;\" data-animation=\"bounceIn\" data-duration=\"1\" data-delay=\"0\"><strong>Lampa sufitowa Quartilino DL-03 czarna 80W z pilotem<br \/>\n<\/strong><\/div><\/a><\/span><\/td>\n<td style=\"width: 33.3333%; height: 62px; text-align: center;\"><span style=\"font-size: 12pt;\"><a href=\"https:\/\/www.ledstyl.pl\/lampa-sufitowa-quartilino-dl-02-czarna-118w-z-pilotem-id-3475\"><div class=\"su-animate\" style=\"opacity:0;-webkit-animation-duration:1s;-webkit-animation-delay:0s;animation-duration:1s;animation-delay:0s;\" data-animation=\"bounceIn\" data-duration=\"1\" data-delay=\"0\"><strong>Lampa sufitowa Quartilino DL-02 czarna 118W z pilotem<\/strong><\/div><\/a><\/span><\/td>\n<\/tr>\n<tr style=\"height: 54px;\">\n<td style=\"width: 33.3333%; height: 18px;\"><div class=\"su-button-center\"><a href=\"https:\/\/www.ledstyl.pl\/lampa-sufitowa-led-moderno-dl-z01-80w-czarna-z-pilotem-id-6725\" class=\"su-button su-button-style-3d su-button-wide\" style=\"color:#ffffff;background-color:#ef2d36;border-color:#c0242c;border-radius:40px;-moz-border-radius:40px;-webkit-border-radius:40px\" target=\"_self\" rel=\"nofollow\"><span style=\"color:#ffffff;padding:7px 20px;font-size:16px;line-height:24px;border-color:#f46c73;border-radius:40px;-moz-border-radius:40px;-webkit-border-radius:40px;text-shadow:none;-moz-text-shadow:none;-webkit-text-shadow:none\"><i class=\"sui sui-shopping-bag\" style=\"font-size:16px;color:#ffffff\"><\/i> <\/span><\/a><\/div><\/td>\n<td style=\"width: 33.3333%; height: 18px;\"><div class=\"su-button-center\"><a href=\"https:\/\/www.ledstyl.pl\/lampa-sufitowa-quartilino-dl-03-czarna-80w-z-pilotem-id-3476\" class=\"su-button su-button-style-3d su-button-wide\" style=\"color:#ffffff;background-color:#ef2d36;border-color:#c0242c;border-radius:40px;-moz-border-radius:40px;-webkit-border-radius:40px\" target=\"_self\" rel=\"nofollow\"><span style=\"color:#ffffff;padding:7px 20px;font-size:16px;line-height:24px;border-color:#f46c73;border-radius:40px;-moz-border-radius:40px;-webkit-border-radius:40px;text-shadow:none;-moz-text-shadow:none;-webkit-text-shadow:none\"><i class=\"sui sui-shopping-bag\" style=\"font-size:16px;color:#ffffff\"><\/i> <\/span><\/a><\/div><\/td>\n<td style=\"width: 33.3333%; height: 18px;\"><div class=\"su-button-center\"><a href=\"https:\/\/www.ledstyl.pl\/lampa-sufitowa-quartilino-dl-02-czarna-118w-z-pilotem-id-3475\" class=\"su-button su-button-style-3d su-button-wide\" style=\"color:#ffffff;background-color:#ef2d36;border-color:#c0242c;border-radius:40px;-moz-border-radius:40px;-webkit-border-radius:40px\" target=\"_self\" rel=\"nofollow\"><span style=\"color:#ffffff;padding:7px 20px;font-size:16px;line-height:24px;border-color:#f46c73;border-radius:40px;-moz-border-radius:40px;-webkit-border-radius:40px;text-shadow:none;-moz-text-shadow:none;-webkit-text-shadow:none\"><i class=\"sui sui-shopping-bag\" style=\"font-size:16px;color:#ffffff\"><\/i> <\/span><\/a><\/div><\/td>\n<\/tr>\n<\/tbody>\n<\/table>\n","protected":false},"excerpt":{"rendered":"<p>Salon to miejsce, kt\u00f3re zdecydowanie jest wizyt\u00f3wk\u0105 Twojego domu. Odpowiedni pomys\u0142 na o\u015bwietlenie salonu mo\u017ce ca\u0142kowicie odmieni\u0107 jego aran\u017cacje. Wyb\u00f3r lampy do salonu to niezwykle istotny element, kt\u00f3ry nale\u017cy wzi\u0105\u0107 pod uwag\u0119 ju\u017c przy samym projektowaniu wn\u0119trza. Jako g\u0142\u00f3wne o\u015bwietlenie salonu doskonale sprawdzaj\u0105 si\u0119 lampy wisz\u0105ce czy sufitowe, a tak\u017ce nowoczesne o\u015bwietlenie szynowe. Jako dodatkowe [&hellip;]<\/p>\n","protected":false},"author":1,"featured_media":1859,"comment_status":"open","ping_status":"open","sticky":false,"template":"","format":"standard","meta":{"_gspb_post_css":"","footnotes":""},"categories":[48],"tags":[],"blocksy_meta":{"styles_descriptor":{"styles":{"desktop":"","tablet":"","mobile":""},"google_fonts":[],"version":6}},"featured_image_urls":{"full":["https:\/\/www.ledstyl.pl\/blog\/wp-content\/uploads\/2023\/04\/pomysl-na-oswietlenie-salonu.jpg",1000,665,false],"thumbnail":["https:\/\/www.ledstyl.pl\/blog\/wp-content\/uploads\/2023\/04\/pomysl-na-oswietlenie-salonu-150x150.jpg",150,150,true],"medium":["https:\/\/www.ledstyl.pl\/blog\/wp-content\/uploads\/2023\/04\/pomysl-na-oswietlenie-salonu-300x200.jpg",300,200,true],"medium_large":["https:\/\/www.ledstyl.pl\/blog\/wp-content\/uploads\/2023\/04\/pomysl-na-oswietlenie-salonu-768x511.jpg",768,511,true],"large":["https:\/\/www.ledstyl.pl\/blog\/wp-content\/uploads\/2023\/04\/pomysl-na-oswietlenie-salonu.jpg",1000,665,false],"1536x1536":["https:\/\/www.ledstyl.pl\/blog\/wp-content\/uploads\/2023\/04\/pomysl-na-oswietlenie-salonu.jpg",1000,665,false],"2048x2048":["https:\/\/www.ledstyl.pl\/blog\/wp-content\/uploads\/2023\/04\/pomysl-na-oswietlenie-salonu.jpg",1000,665,false]},"post_excerpt_stackable":"<p>Salon to miejsce, kt\u00f3re zdecydowanie jest wizyt\u00f3wk\u0105 Twojego domu. Odpowiedni pomys\u0142 na o\u015bwietlenie salonu mo\u017ce ca\u0142kowicie odmieni\u0107 jego aran\u017cacje. Wyb\u00f3r lampy do salonu to niezwykle istotny element, kt\u00f3ry nale\u017cy wzi\u0105\u0107 pod uwag\u0119 ju\u017c przy samym projektowaniu wn\u0119trza. Jako g\u0142\u00f3wne o\u015bwietlenie salonu doskonale sprawdzaj\u0105 si\u0119 lampy wisz\u0105ce czy sufitowe, a tak\u017ce nowoczesne o\u015bwietlenie szynowe. Jako dodatkowe \u017ar\u00f3d\u0142a \u015bwiat\u0142a w przypadku rozbudowanych wn\u0119trz warto wykorzysta\u0107 kinkiety lub spoty sufitowe. Ka\u017cda z tych lamp pe\u0142ni inn\u0105 funkcj\u0119, a ich odpowiednie po\u0142\u0105czenie zapewni Ci wysoce po\u017c\u0105dane efekty zar\u00f3wno funkcjonalne, jak i dekoracyjne. Maj\u0105c ju\u017c pomys\u0142 na o\u015bwietlenie salonu, warto po\u0142\u0105czy\u0107 mo\u017cliwo\u015bci g\u0142\u00f3wnych lamp o\u015bwietleniowych,&hellip;<\/p>\n","category_list":"<a href=\"https:\/\/www.ledstyl.pl\/blog\/dobor-oswietlenia-inspiracje\/\" rel=\"category tag\">Dob\u00f3r o\u015bwietlenia Inspiracje<\/a>","author_info":{"name":"Adam","url":"https:\/\/www.ledstyl.pl\/blog\/author\/rafal\/"},"comments_num":"0 comments","yoast_head":"<!-- This site is optimized with the Yoast SEO plugin v22.5 - https:\/\/yoast.com\/wordpress\/plugins\/seo\/ -->\r\n<title>Pomys\u0142 na o\u015bwietlenie salonu - jakie lampy wybra\u0107? - Blog LEDstyl.pl<\/title>\r\n<meta name=\"description\" content=\"Masz ju\u017c pomys\u0142 na o\u015bwietlenie salonu? Sprawd\u017a jakie lampy do salonu s\u0105 obecnie najcz\u0119\u015bciej wybierane. Najnowsze propozycje ze sklepu LEDstyl.\" \/>\r\n<meta name=\"robots\" content=\"index, follow, max-snippet:-1, max-image-preview:large, max-video-preview:-1\" \/>\r\n<link rel=\"canonical\" href=\"https:\/\/www.ledstyl.pl\/blog\/pomysl-na-oswietlenie-salonu-jakie-lampy-wybrac\/\" \/>\r\n<meta property=\"og:locale\" content=\"pl_PL\" \/>\r\n<meta property=\"og:type\" content=\"article\" \/>\r\n<meta property=\"og:title\" content=\"Pomys\u0142 na o\u015bwietlenie salonu - jakie lampy wybra\u0107? - Blog LEDstyl.pl\" \/>\r\n<meta property=\"og:description\" content=\"Masz ju\u017c pomys\u0142 na o\u015bwietlenie salonu? Sprawd\u017a jakie lampy do salonu s\u0105 obecnie najcz\u0119\u015bciej wybierane. Najnowsze propozycje ze sklepu LEDstyl.\" \/>\r\n<meta property=\"og:url\" content=\"https:\/\/www.ledstyl.pl\/blog\/pomysl-na-oswietlenie-salonu-jakie-lampy-wybrac\/\" \/>\r\n<meta property=\"og:site_name\" content=\"Blog LEDstyl.pl - blog o o\u015bwietleniu LED\" \/>\r\n<meta property=\"article:published_time\" content=\"2023-04-04T19:02:52+00:00\" \/>\r\n<meta property=\"article:modified_time\" content=\"2024-06-26T18:38:58+00:00\" \/>\r\n<meta property=\"og:image\" content=\"https:\/\/www.ledstyl.pl\/blog\/wp-content\/uploads\/2023\/04\/pomysl-na-oswietlenie-salonu.jpg\" \/>\r\n\t<meta property=\"og:image:width\" content=\"1000\" \/>\r\n\t<meta property=\"og:image:height\" content=\"665\" \/>\r\n\t<meta property=\"og:image:type\" content=\"image\/jpeg\" \/>\r\n<meta name=\"author\" content=\"Adam\" \/>\r\n<meta name=\"twitter:card\" content=\"summary_large_image\" \/>\r\n<meta name=\"twitter:label1\" content=\"Napisane przez\" \/>\n\t<meta name=\"twitter:data1\" content=\"Adam\" \/>\n\t<meta name=\"twitter:label2\" content=\"Szacowany czas czytania\" \/>\n\t<meta name=\"twitter:data2\" content=\"17 minut\" \/>\r\n<script type=\"application\/ld+json\" class=\"yoast-schema-graph\">{\"@context\":\"https:\/\/schema.org\",\"@graph\":[{\"@type\":\"Article\",\"@id\":\"https:\/\/www.ledstyl.pl\/blog\/pomysl-na-oswietlenie-salonu-jakie-lampy-wybrac\/#article\",\"isPartOf\":{\"@id\":\"https:\/\/www.ledstyl.pl\/blog\/pomysl-na-oswietlenie-salonu-jakie-lampy-wybrac\/\"},\"author\":{\"name\":\"Adam\",\"@id\":\"https:\/\/www.ledstyl.pl\/blog\/#\/schema\/person\/8e88dde072bae58403e50156ceee5409\"},\"headline\":\"Pomys\u0142 na o\u015bwietlenie salonu &#8211; jakie lampy wybra\u0107?\",\"datePublished\":\"2023-04-04T19:02:52+00:00\",\"dateModified\":\"2024-06-26T18:38:58+00:00\",\"mainEntityOfPage\":{\"@id\":\"https:\/\/www.ledstyl.pl\/blog\/pomysl-na-oswietlenie-salonu-jakie-lampy-wybrac\/\"},\"wordCount\":2701,\"commentCount\":0,\"publisher\":{\"@id\":\"https:\/\/www.ledstyl.pl\/blog\/#organization\"},\"image\":{\"@id\":\"https:\/\/www.ledstyl.pl\/blog\/pomysl-na-oswietlenie-salonu-jakie-lampy-wybrac\/#primaryimage\"},\"thumbnailUrl\":\"https:\/\/www.ledstyl.pl\/blog\/wp-content\/uploads\/2023\/04\/pomysl-na-oswietlenie-salonu.jpg\",\"articleSection\":[\"Dob\u00f3r o\u015bwietlenia Inspiracje\"],\"inLanguage\":\"pl-PL\",\"potentialAction\":[{\"@type\":\"CommentAction\",\"name\":\"Comment\",\"target\":[\"https:\/\/www.ledstyl.pl\/blog\/pomysl-na-oswietlenie-salonu-jakie-lampy-wybrac\/#respond\"]}]},{\"@type\":\"WebPage\",\"@id\":\"https:\/\/www.ledstyl.pl\/blog\/pomysl-na-oswietlenie-salonu-jakie-lampy-wybrac\/\",\"url\":\"https:\/\/www.ledstyl.pl\/blog\/pomysl-na-oswietlenie-salonu-jakie-lampy-wybrac\/\",\"name\":\"Pomys\u0142 na o\u015bwietlenie salonu - jakie lampy wybra\u0107? - Blog LEDstyl.pl\",\"isPartOf\":{\"@id\":\"https:\/\/www.ledstyl.pl\/blog\/#website\"},\"primaryImageOfPage\":{\"@id\":\"https:\/\/www.ledstyl.pl\/blog\/pomysl-na-oswietlenie-salonu-jakie-lampy-wybrac\/#primaryimage\"},\"image\":{\"@id\":\"https:\/\/www.ledstyl.pl\/blog\/pomysl-na-oswietlenie-salonu-jakie-lampy-wybrac\/#primaryimage\"},\"thumbnailUrl\":\"https:\/\/www.ledstyl.pl\/blog\/wp-content\/uploads\/2023\/04\/pomysl-na-oswietlenie-salonu.jpg\",\"datePublished\":\"2023-04-04T19:02:52+00:00\",\"dateModified\":\"2024-06-26T18:38:58+00:00\",\"description\":\"Masz ju\u017c pomys\u0142 na o\u015bwietlenie salonu? Sprawd\u017a jakie lampy do salonu s\u0105 obecnie najcz\u0119\u015bciej wybierane. Najnowsze propozycje ze sklepu LEDstyl.\",\"breadcrumb\":{\"@id\":\"https:\/\/www.ledstyl.pl\/blog\/pomysl-na-oswietlenie-salonu-jakie-lampy-wybrac\/#breadcrumb\"},\"inLanguage\":\"pl-PL\",\"potentialAction\":[{\"@type\":\"ReadAction\",\"target\":[\"https:\/\/www.ledstyl.pl\/blog\/pomysl-na-oswietlenie-salonu-jakie-lampy-wybrac\/\"]}]},{\"@type\":\"ImageObject\",\"inLanguage\":\"pl-PL\",\"@id\":\"https:\/\/www.ledstyl.pl\/blog\/pomysl-na-oswietlenie-salonu-jakie-lampy-wybrac\/#primaryimage\",\"url\":\"https:\/\/www.ledstyl.pl\/blog\/wp-content\/uploads\/2023\/04\/pomysl-na-oswietlenie-salonu.jpg\",\"contentUrl\":\"https:\/\/www.ledstyl.pl\/blog\/wp-content\/uploads\/2023\/04\/pomysl-na-oswietlenie-salonu.jpg\",\"width\":1000,\"height\":665,\"caption\":\"Pomys\u0142 na o\u015bwietlenie salonu\"},{\"@type\":\"BreadcrumbList\",\"@id\":\"https:\/\/www.ledstyl.pl\/blog\/pomysl-na-oswietlenie-salonu-jakie-lampy-wybrac\/#breadcrumb\",\"itemListElement\":[{\"@type\":\"ListItem\",\"position\":1,\"name\":\"Strona g\u0142\u00f3wna\",\"item\":\"https:\/\/www.ledstyl.pl\/blog\/\"},{\"@type\":\"ListItem\",\"position\":2,\"name\":\"Pomys\u0142 na o\u015bwietlenie salonu &#8211; jakie lampy wybra\u0107?\"}]},{\"@type\":\"WebSite\",\"@id\":\"https:\/\/www.ledstyl.pl\/blog\/#website\",\"url\":\"https:\/\/www.ledstyl.pl\/blog\/\",\"name\":\"Blog LEDstyl.pl - blog o o\u015bwietleniu LED\",\"description\":\"\",\"publisher\":{\"@id\":\"https:\/\/www.ledstyl.pl\/blog\/#organization\"},\"potentialAction\":[{\"@type\":\"SearchAction\",\"target\":{\"@type\":\"EntryPoint\",\"urlTemplate\":\"https:\/\/www.ledstyl.pl\/blog\/?s={search_term_string}\"},\"query-input\":\"required name=search_term_string\"}],\"inLanguage\":\"pl-PL\"},{\"@type\":\"Organization\",\"@id\":\"https:\/\/www.ledstyl.pl\/blog\/#organization\",\"name\":\"Blog LEDStyl.pl\",\"url\":\"https:\/\/www.ledstyl.pl\/blog\/\",\"logo\":{\"@type\":\"ImageObject\",\"inLanguage\":\"pl-PL\",\"@id\":\"https:\/\/www.ledstyl.pl\/blog\/#\/schema\/logo\/image\/\",\"url\":\"https:\/\/www.ledstyl.pl\/blog\/wp-content\/uploads\/2020\/10\/LEDStyl-blog-5.jpg\",\"contentUrl\":\"https:\/\/www.ledstyl.pl\/blog\/wp-content\/uploads\/2020\/10\/LEDStyl-blog-5.jpg\",\"width\":348,\"height\":141,\"caption\":\"Blog LEDStyl.pl\"},\"image\":{\"@id\":\"https:\/\/www.ledstyl.pl\/blog\/#\/schema\/logo\/image\/\"}},{\"@type\":\"Person\",\"@id\":\"https:\/\/www.ledstyl.pl\/blog\/#\/schema\/person\/8e88dde072bae58403e50156ceee5409\",\"name\":\"Adam\",\"image\":{\"@type\":\"ImageObject\",\"inLanguage\":\"pl-PL\",\"@id\":\"https:\/\/www.ledstyl.pl\/blog\/#\/schema\/person\/image\/\",\"url\":\"https:\/\/secure.gravatar.com\/avatar\/22b694890c8b57c2fb95f6b1ffd0077d?s=96&d=mm&r=g\",\"contentUrl\":\"https:\/\/secure.gravatar.com\/avatar\/22b694890c8b57c2fb95f6b1ffd0077d?s=96&d=mm&r=g\",\"caption\":\"Adam\"},\"sameAs\":[\"https:\/\/www.ledstyl.pl\/blog\"]}]}<\/script>\r\n<!-- \/ Yoast SEO plugin. -->","yoast_head_json":{"title":"Pomys\u0142 na o\u015bwietlenie salonu - jakie lampy wybra\u0107? - Blog LEDstyl.pl","description":"Masz ju\u017c pomys\u0142 na o\u015bwietlenie salonu? Sprawd\u017a jakie lampy do salonu s\u0105 obecnie najcz\u0119\u015bciej wybierane. Najnowsze propozycje ze sklepu LEDstyl.","robots":{"index":"index","follow":"follow","max-snippet":"max-snippet:-1","max-image-preview":"max-image-preview:large","max-video-preview":"max-video-preview:-1"},"canonical":"https:\/\/www.ledstyl.pl\/blog\/pomysl-na-oswietlenie-salonu-jakie-lampy-wybrac\/","og_locale":"pl_PL","og_type":"article","og_title":"Pomys\u0142 na o\u015bwietlenie salonu - jakie lampy wybra\u0107? - Blog LEDstyl.pl","og_description":"Masz ju\u017c pomys\u0142 na o\u015bwietlenie salonu? Sprawd\u017a jakie lampy do salonu s\u0105 obecnie najcz\u0119\u015bciej wybierane. Najnowsze propozycje ze sklepu LEDstyl.","og_url":"https:\/\/www.ledstyl.pl\/blog\/pomysl-na-oswietlenie-salonu-jakie-lampy-wybrac\/","og_site_name":"Blog LEDstyl.pl - blog o o\u015bwietleniu LED","article_published_time":"2023-04-04T19:02:52+00:00","article_modified_time":"2024-06-26T18:38:58+00:00","og_image":[{"width":1000,"height":665,"url":"https:\/\/www.ledstyl.pl\/blog\/wp-content\/uploads\/2023\/04\/pomysl-na-oswietlenie-salonu.jpg","type":"image\/jpeg"}],"author":"Adam","twitter_card":"summary_large_image","twitter_misc":{"Napisane przez":"Adam","Szacowany czas czytania":"17 minut"},"schema":{"@context":"https:\/\/schema.org","@graph":[{"@type":"Article","@id":"https:\/\/www.ledstyl.pl\/blog\/pomysl-na-oswietlenie-salonu-jakie-lampy-wybrac\/#article","isPartOf":{"@id":"https:\/\/www.ledstyl.pl\/blog\/pomysl-na-oswietlenie-salonu-jakie-lampy-wybrac\/"},"author":{"name":"Adam","@id":"https:\/\/www.ledstyl.pl\/blog\/#\/schema\/person\/8e88dde072bae58403e50156ceee5409"},"headline":"Pomys\u0142 na o\u015bwietlenie salonu &#8211; jakie lampy wybra\u0107?","datePublished":"2023-04-04T19:02:52+00:00","dateModified":"2024-06-26T18:38:58+00:00","mainEntityOfPage":{"@id":"https:\/\/www.ledstyl.pl\/blog\/pomysl-na-oswietlenie-salonu-jakie-lampy-wybrac\/"},"wordCount":2701,"commentCount":0,"publisher":{"@id":"https:\/\/www.ledstyl.pl\/blog\/#organization"},"image":{"@id":"https:\/\/www.ledstyl.pl\/blog\/pomysl-na-oswietlenie-salonu-jakie-lampy-wybrac\/#primaryimage"},"thumbnailUrl":"https:\/\/www.ledstyl.pl\/blog\/wp-content\/uploads\/2023\/04\/pomysl-na-oswietlenie-salonu.jpg","articleSection":["Dob\u00f3r o\u015bwietlenia Inspiracje"],"inLanguage":"pl-PL","potentialAction":[{"@type":"CommentAction","name":"Comment","target":["https:\/\/www.ledstyl.pl\/blog\/pomysl-na-oswietlenie-salonu-jakie-lampy-wybrac\/#respond"]}]},{"@type":"WebPage","@id":"https:\/\/www.ledstyl.pl\/blog\/pomysl-na-oswietlenie-salonu-jakie-lampy-wybrac\/","url":"https:\/\/www.ledstyl.pl\/blog\/pomysl-na-oswietlenie-salonu-jakie-lampy-wybrac\/","name":"Pomys\u0142 na o\u015bwietlenie salonu - jakie lampy wybra\u0107? - Blog LEDstyl.pl","isPartOf":{"@id":"https:\/\/www.ledstyl.pl\/blog\/#website"},"primaryImageOfPage":{"@id":"https:\/\/www.ledstyl.pl\/blog\/pomysl-na-oswietlenie-salonu-jakie-lampy-wybrac\/#primaryimage"},"image":{"@id":"https:\/\/www.ledstyl.pl\/blog\/pomysl-na-oswietlenie-salonu-jakie-lampy-wybrac\/#primaryimage"},"thumbnailUrl":"https:\/\/www.ledstyl.pl\/blog\/wp-content\/uploads\/2023\/04\/pomysl-na-oswietlenie-salonu.jpg","datePublished":"2023-04-04T19:02:52+00:00","dateModified":"2024-06-26T18:38:58+00:00","description":"Masz ju\u017c pomys\u0142 na o\u015bwietlenie salonu? Sprawd\u017a jakie lampy do salonu s\u0105 obecnie najcz\u0119\u015bciej wybierane. Najnowsze propozycje ze sklepu LEDstyl.","breadcrumb":{"@id":"https:\/\/www.ledstyl.pl\/blog\/pomysl-na-oswietlenie-salonu-jakie-lampy-wybrac\/#breadcrumb"},"inLanguage":"pl-PL","potentialAction":[{"@type":"ReadAction","target":["https:\/\/www.ledstyl.pl\/blog\/pomysl-na-oswietlenie-salonu-jakie-lampy-wybrac\/"]}]},{"@type":"ImageObject","inLanguage":"pl-PL","@id":"https:\/\/www.ledstyl.pl\/blog\/pomysl-na-oswietlenie-salonu-jakie-lampy-wybrac\/#primaryimage","url":"https:\/\/www.ledstyl.pl\/blog\/wp-content\/uploads\/2023\/04\/pomysl-na-oswietlenie-salonu.jpg","contentUrl":"https:\/\/www.ledstyl.pl\/blog\/wp-content\/uploads\/2023\/04\/pomysl-na-oswietlenie-salonu.jpg","width":1000,"height":665,"caption":"Pomys\u0142 na o\u015bwietlenie salonu"},{"@type":"BreadcrumbList","@id":"https:\/\/www.ledstyl.pl\/blog\/pomysl-na-oswietlenie-salonu-jakie-lampy-wybrac\/#breadcrumb","itemListElement":[{"@type":"ListItem","position":1,"name":"Strona g\u0142\u00f3wna","item":"https:\/\/www.ledstyl.pl\/blog\/"},{"@type":"ListItem","position":2,"name":"Pomys\u0142 na o\u015bwietlenie salonu &#8211; jakie lampy wybra\u0107?"}]},{"@type":"WebSite","@id":"https:\/\/www.ledstyl.pl\/blog\/#website","url":"https:\/\/www.ledstyl.pl\/blog\/","name":"Blog LEDstyl.pl - blog o o\u015bwietleniu LED","description":"","publisher":{"@id":"https:\/\/www.ledstyl.pl\/blog\/#organization"},"potentialAction":[{"@type":"SearchAction","target":{"@type":"EntryPoint","urlTemplate":"https:\/\/www.ledstyl.pl\/blog\/?s={search_term_string}"},"query-input":"required name=search_term_string"}],"inLanguage":"pl-PL"},{"@type":"Organization","@id":"https:\/\/www.ledstyl.pl\/blog\/#organization","name":"Blog LEDStyl.pl","url":"https:\/\/www.ledstyl.pl\/blog\/","logo":{"@type":"ImageObject","inLanguage":"pl-PL","@id":"https:\/\/www.ledstyl.pl\/blog\/#\/schema\/logo\/image\/","url":"https:\/\/www.ledstyl.pl\/blog\/wp-content\/uploads\/2020\/10\/LEDStyl-blog-5.jpg","contentUrl":"https:\/\/www.ledstyl.pl\/blog\/wp-content\/uploads\/2020\/10\/LEDStyl-blog-5.jpg","width":348,"height":141,"caption":"Blog LEDStyl.pl"},"image":{"@id":"https:\/\/www.ledstyl.pl\/blog\/#\/schema\/logo\/image\/"}},{"@type":"Person","@id":"https:\/\/www.ledstyl.pl\/blog\/#\/schema\/person\/8e88dde072bae58403e50156ceee5409","name":"Adam","image":{"@type":"ImageObject","inLanguage":"pl-PL","@id":"https:\/\/www.ledstyl.pl\/blog\/#\/schema\/person\/image\/","url":"https:\/\/secure.gravatar.com\/avatar\/22b694890c8b57c2fb95f6b1ffd0077d?s=96&d=mm&r=g","contentUrl":"https:\/\/secure.gravatar.com\/avatar\/22b694890c8b57c2fb95f6b1ffd0077d?s=96&d=mm&r=g","caption":"Adam"},"sameAs":["https:\/\/www.ledstyl.pl\/blog"]}]}},"views":10740,"_links":{"self":[{"href":"https:\/\/www.ledstyl.pl\/blog\/wp-json\/wp\/v2\/posts\/1858"}],"collection":[{"href":"https:\/\/www.ledstyl.pl\/blog\/wp-json\/wp\/v2\/posts"}],"about":[{"href":"https:\/\/www.ledstyl.pl\/blog\/wp-json\/wp\/v2\/types\/post"}],"author":[{"embeddable":true,"href":"https:\/\/www.ledstyl.pl\/blog\/wp-json\/wp\/v2\/users\/1"}],"replies":[{"embeddable":true,"href":"https:\/\/www.ledstyl.pl\/blog\/wp-json\/wp\/v2\/comments?post=1858"}],"version-history":[{"count":8,"href":"https:\/\/www.ledstyl.pl\/blog\/wp-json\/wp\/v2\/posts\/1858\/revisions"}],"predecessor-version":[{"id":2051,"href":"https:\/\/www.ledstyl.pl\/blog\/wp-json\/wp\/v2\/posts\/1858\/revisions\/2051"}],"wp:featuredmedia":[{"embeddable":true,"href":"https:\/\/www.ledstyl.pl\/blog\/wp-json\/wp\/v2\/media\/1859"}],"wp:attachment":[{"href":"https:\/\/www.ledstyl.pl\/blog\/wp-json\/wp\/v2\/media?parent=1858"}],"wp:term":[{"taxonomy":"category","embeddable":true,"href":"https:\/\/www.ledstyl.pl\/blog\/wp-json\/wp\/v2\/categories?post=1858"},{"taxonomy":"post_tag","embeddable":true,"href":"https:\/\/www.ledstyl.pl\/blog\/wp-json\/wp\/v2\/tags?post=1858"}],"curies":[{"name":"wp","href":"https:\/\/api.w.org\/{rel}","templated":true}]}}