{"id":1885,"date":"2023-04-07T23:51:00","date_gmt":"2023-04-07T21:51:00","guid":{"rendered":"https:\/\/www.ledstyl.pl\/blog\/?p=1885"},"modified":"2026-01-26T20:03:14","modified_gmt":"2026-01-26T19:03:14","slug":"jaka-barwa-swiatla-na-zewnatrz-i-do-ogrodu","status":"publish","type":"post","link":"https:\/\/www.ledstyl.pl\/blog\/jaka-barwa-swiatla-na-zewnatrz-i-do-ogrodu\/","title":{"rendered":"Jaka barwa \u015bwiat\u0142a na zewn\u0105trz i do ogrodu?"},"content":{"rendered":"<p>Wyb\u00f3r <strong>barwy \u015bwiat\u0142a na zewn\u0105trz i do ogrodu<\/strong> nie zawsze jest \u0142atwym zadaniem. W zale\u017cno\u015bci od aran\u017cacji tej przestrzeni i stylu, w jakim zosta\u0142a urz\u0105dzona, lepiej mog\u0105 si\u0119 sprawdzi\u0107 barwy bia\u0142e lub r\u00f3\u017cne odcienie z palety RGB. Nowoczesna technologia LED pozwala nam dzi\u015b na wyb\u00f3r 3 podstawowych barw bieli w ogrodzie, a tak\u017ce na ca\u0142kowicie nieograniczone mo\u017cliwo\u015bci regulacji \u015bwiate\u0142 wyposa\u017conych w diody RGB. Tak wszechstronne mo\u017cliwo\u015bci sprawiaj\u0105, \u017ce dzi\u015b wielu z naszych klient\u00f3w zastanawia si\u0119 jaka barwa \u015bwiat\u0142a b\u0119dzie lepszym rozwi\u0105zaniem na zewn\u0105trz i w ogrodzie. W naszym artykule postaramy si\u0119 pom\u00f3c Ci w wyborze <strong>barwy \u015bwiat\u0142a do ogrodu<\/strong>, ale tak\u017ce innych lamp zewn\u0119trznych s\u0142u\u017c\u0105cych do o\u015bwietlenia przestrzeni zewn\u0119trznych i elewacji.<\/p>\n<p><img loading=\"lazy\" decoding=\"async\" class=\"wp-image-1887 aligncenter\" src=\"https:\/\/www.ledstyl.pl\/blog\/wp-content\/uploads\/2023\/04\/barwa-swiatla-do-ogrodu.jpg\" alt=\"Barwa \u015bwiat\u0142a do ogrodu\" width=\"799\" height=\"450\" srcset=\"https:\/\/www.ledstyl.pl\/blog\/wp-content\/uploads\/2023\/04\/barwa-swiatla-do-ogrodu.jpg 1000w, https:\/\/www.ledstyl.pl\/blog\/wp-content\/uploads\/2023\/04\/barwa-swiatla-do-ogrodu-300x169.jpg 300w, https:\/\/www.ledstyl.pl\/blog\/wp-content\/uploads\/2023\/04\/barwa-swiatla-do-ogrodu-768x432.jpg 768w\" sizes=\"(max-width: 799px) 100vw, 799px\" \/><\/p>\n<h2>\u015awiat\u0142a na zewn\u0105trz domu<\/h2>\n<p>W zale\u017cno\u015bci od tego, jakie efekty chcesz uzyska\u0107, mo\u017cesz wybra\u0107 r\u00f3\u017cne <strong>barwy \u015bwiat\u0142a na zewn\u0105trz i do ogrodu<\/strong>. Najcz\u0119\u015bciej wybieranym kolorem \u015bwiat\u0142a w lampach ogrodowych jest barwa neutralna (3300-4500 K). Jest to barwa najbardziej zbli\u017cona do naturalnego \u015bwiat\u0142a dziennego. Dodatkowo dobrym rozwi\u0105zaniem jest wyb\u00f3r lamp ogrodowych z wymiennym \u017ar\u00f3d\u0142em \u015bwiat\u0142a. Pozwala to na indywidualne dopasowanie ich barwy i mocy \u015bwietlnej do aktualnej aran\u017cacji.<\/p>\n<p><img loading=\"lazy\" decoding=\"async\" class=\"wp-image-1888 aligncenter\" src=\"https:\/\/www.ledstyl.pl\/blog\/wp-content\/uploads\/2023\/04\/barwa-swiatla-na-zewnatrz.jpg\" alt=\"Barwa \u015bwiat\u0142a na zewn\u0105trz\" width=\"800\" height=\"427\" srcset=\"https:\/\/www.ledstyl.pl\/blog\/wp-content\/uploads\/2023\/04\/barwa-swiatla-na-zewnatrz.jpg 914w, https:\/\/www.ledstyl.pl\/blog\/wp-content\/uploads\/2023\/04\/barwa-swiatla-na-zewnatrz-300x160.jpg 300w, https:\/\/www.ledstyl.pl\/blog\/wp-content\/uploads\/2023\/04\/barwa-swiatla-na-zewnatrz-768x410.jpg 768w\" sizes=\"(max-width: 800px) 100vw, 800px\" \/><\/p>\n<p>O\u015bwietlenie na zewn\u0105trz to nie tylko dekoracyjne <a href=\"https:\/\/www.ledstyl.pl\/lampy-ogrodowe-led-cat-95\">lampy ogrodowe<\/a>, ale r\u00f3wnie\u017c r\u00f3\u017cnego rodzaju na\u015bwietlacze, odgrywaj\u0105ce rol\u0119 funkcjonalnych \u017ar\u00f3de\u0142 \u015bwiat\u0142a. W ich przypadku najlepszym rozwi\u0105zaniem jest wyb\u00f3r ch\u0142odnej barwy powy\u017cej 5000K, kt\u00f3ra lepiej o\u015bwietli otaczaj\u0105cy teren. W tym miejscu nale\u017cy zwr\u00f3ci\u0107 uwag\u0119 na ciesz\u0105ce si\u0119 coraz wi\u0119kszym uznaniem <a href=\"https:\/\/www.ledstyl.pl\/strefa-swiatla\/oswietlenie-elewacji\/\">o\u015bwietlenie elewacji<\/a>. Wybieraj\u0105c lampy na elewacj\u0119 najlepiej zdecydowa\u0107 si\u0119 na \u017ar\u00f3d\u0142a \u015bwiat\u0142a o bia\u0142ej neutralnej barwie lub dekoracyjne o\u015bwietlenie z mo\u017cliwo\u015bci\u0105 dowolnej zmiany koloru. Inteligentne \u017car\u00f3wki czy <a href=\"https:\/\/www.ledstyl.pl\/tasma-led-rgb-cat-46\">ta\u015bmy LED RGB<\/a> pozwol\u0105 Ci wyr\u00f3\u017cni\u0107 swoj\u0105 elewacj\u0119 na tle innych otaczaj\u0105cych j\u0105 budynk\u00f3w. Tym o\u015bwietleniem b\u0119dziesz m\u00f3g\u0142 sterowa\u0107 za pomoc\u0105 pilota lub aplikacji mobilnej.<\/p>\n<p><img loading=\"lazy\" decoding=\"async\" class=\"aligncenter wp-image-1889\" src=\"https:\/\/www.ledstyl.pl\/blog\/wp-content\/uploads\/2023\/04\/oswietlenie-zewnetrzne-rgb.jpg\" alt=\"O\u015bwietlenie zewn\u0119trzne RGB\" width=\"800\" height=\"534\" srcset=\"https:\/\/www.ledstyl.pl\/blog\/wp-content\/uploads\/2023\/04\/oswietlenie-zewnetrzne-rgb.jpg 1000w, https:\/\/www.ledstyl.pl\/blog\/wp-content\/uploads\/2023\/04\/oswietlenie-zewnetrzne-rgb-300x200.jpg 300w, https:\/\/www.ledstyl.pl\/blog\/wp-content\/uploads\/2023\/04\/oswietlenie-zewnetrzne-rgb-768x512.jpg 768w\" sizes=\"(max-width: 800px) 100vw, 800px\" \/><\/p>\n<h2>Jaka barwa \u015bwiat\u0142a do ogrodu?<\/h2>\n<p>Na o\u015bwietlenie w ogrodzie decyduje si\u0119 dzi\u015b coraz wi\u0119cej w\u0142a\u015bcicieli dom\u00f3w czy firm. Lampy ogrodowe oferuj\u0105 Ci mo\u017cliwo\u015b\u0107 zaprezentowania swojego najbli\u017cszego otoczenia nie tylko w dzie\u0144, ale r\u00f3wnie\u017c po zmroku. W przypadku firm czy sklep\u00f3w gustowne o\u015bwietlenie zewn\u0119trzne mo\u017ce by\u0107 oryginaln\u0105 i przyci\u0105gaj\u0105c\u0105 wzrok reklam\u0105. Na zewn\u0105trz dom\u00f3w o\u015bwietlenie ogrodu odgrywa r\u00f3wnie istotn\u0105 rol\u0119. Jest nie tylko efektown\u0105 dekoracj\u0105 po zmroku, kt\u00f3ra pozwala podkre\u015bli\u0107 wygl\u0105d ro\u015blin i krzew\u00f3w. \u015awiat\u0142o lamp ogrodowych zapewnia r\u00f3wnie\u017c dodatkowe bezpiecze\u0144stwo i u\u0142atwia wieczorne spacery.<\/p>\n<p><img loading=\"lazy\" decoding=\"async\" class=\"wp-image-1890 aligncenter\" src=\"https:\/\/www.ledstyl.pl\/blog\/wp-content\/uploads\/2023\/04\/jaka-barwa-swiatla-do-ogrodu.jpg\" alt=\"Jaka barwa \u015bwiat\u0142a do ogrodu\" width=\"801\" height=\"534\" srcset=\"https:\/\/www.ledstyl.pl\/blog\/wp-content\/uploads\/2023\/04\/jaka-barwa-swiatla-do-ogrodu.jpg 1000w, https:\/\/www.ledstyl.pl\/blog\/wp-content\/uploads\/2023\/04\/jaka-barwa-swiatla-do-ogrodu-300x200.jpg 300w, https:\/\/www.ledstyl.pl\/blog\/wp-content\/uploads\/2023\/04\/jaka-barwa-swiatla-do-ogrodu-768x512.jpg 768w\" sizes=\"(max-width: 801px) 100vw, 801px\" \/><\/p>\n<p>Kiedy szukasz odpowiedniego \u015bwiat\u0142a do swojego ogrodu, jednym z najwa\u017cniejszych czynnik\u00f3w jest barwa \u015bwiat\u0142a. Od ciep\u0142ych odcieni \u017c\u00f3\u0142ci do ch\u0142odnych odcieni b\u0142\u0119kitu, szeroka gama kolor\u00f3w mo\u017ce by\u0107 przyt\u0142aczaj\u0105ca. Pami\u0119taj, \u017ce ka\u017cda <a href=\"https:\/\/www.ledstyl.pl\/blog\/barwa-swiatla-jaka-wybrac\/\">barwa \u015bwiat\u0142a<\/a> ma swoje wady i zalety. Ciep\u0142e \u015bwiat\u0142o b\u0119dzie wygl\u0105da\u0107 bardziej naturalnie w swoim otoczeniu, co czyni je idealnym wyborem do o\u015bwietlenia ogrodu urz\u0105dzonego w klasycznym stylu. Ch\u0142odne \u015bwiat\u0142o b\u0119dzie bardziej kontrastowa\u0107 z najbli\u017cszym otoczeniem, co mo\u017ce by\u0107 zalet\u0105, je\u015bli chcesz o\u017cywi\u0107 sw\u00f3j ogr\u00f3d. Jednak wyb\u00f3r barwy \u015bwiat\u0142a w ko\u0144cu zale\u017cy od Ciebie. Badania wykaza\u0142y, \u017ce najbardziej przyjazne dla oczu podczas czytania i pracy w ogrodzie jest \u015bwiat\u0142o o barwie neutralnej. Oczywi\u015bcie <strong>wyb\u00f3r barwy \u015bwiat\u0142a do ogrodu<\/strong> to zawsze kwestia w pe\u0142ni indywidualna. Najlepiej przed decyzj\u0105 przetestowa\u0107 kilka rozwi\u0105za\u0144, aby wiedzie\u0107 kt\u00f3ra barwa \u015bwiat\u0142a najlepiej pasuje do Twojego ogrodu.<\/p>\n<p><img loading=\"lazy\" decoding=\"async\" class=\"wp-image-1891 aligncenter\" src=\"https:\/\/www.ledstyl.pl\/blog\/wp-content\/uploads\/2023\/04\/oswietlenie-ogrodu-barwa-ciepla.jpg\" alt=\"O\u015bwietlenie ogrodu barwa ciep\u0142a\" width=\"801\" height=\"534\" srcset=\"https:\/\/www.ledstyl.pl\/blog\/wp-content\/uploads\/2023\/04\/oswietlenie-ogrodu-barwa-ciepla.jpg 1000w, https:\/\/www.ledstyl.pl\/blog\/wp-content\/uploads\/2023\/04\/oswietlenie-ogrodu-barwa-ciepla-300x200.jpg 300w, https:\/\/www.ledstyl.pl\/blog\/wp-content\/uploads\/2023\/04\/oswietlenie-ogrodu-barwa-ciepla-768x512.jpg 768w\" sizes=\"(max-width: 801px) 100vw, 801px\" \/><\/p>\n<h2>O\u015bwietlenie zewn\u0119trzne ciep\u0142e czy zimne?<\/h2>\n<p>W\u015br\u00f3d lamp ogrodowych, kinkiet\u00f3w czy innego rodzaju o\u015bwietlenia zewn\u0119trznego niezwykle istotny jest wyb\u00f3r odpowiedniej barwy \u015bwiat\u0142a. O\u015bwietlenie funkcjonalne odgrywa inn\u0105 rol\u0119, ni\u017c to dekoracyjne co warto uwzgl\u0119dni\u0107 przy wyborze mocy lamp, ale r\u00f3wnie\u017c ich odcienia \u015bwiat\u0142a. <strong>Ciep\u0142e \u015bwiat\u0142o na zewn\u0105trz<\/strong> jest cz\u0119sto wybierane w celach dekoracyjnych. Doskonale sprawdza si\u0119 do tworzenia przyjemnego, domowego klimatu. Zimne \u015bwiat\u0142o, z kolei to \u015bwietny wyb\u00f3r do stworzenia funkcjonalnego o\u015bwietlenia. Ch\u0142odne barwy s\u0105 bardziej intensywne i skupiaj\u0105 si\u0119 na wybranym obszarze.<\/p>\n<p><img loading=\"lazy\" decoding=\"async\" class=\"wp-image-1892 aligncenter\" src=\"https:\/\/www.ledstyl.pl\/blog\/wp-content\/uploads\/2023\/04\/oswietlenie-zewnetrzne-cieple-czy-zimne.jpg\" alt=\"O\u015bwietlenie zewn\u0119trzne ciep\u0142e czy zimne\" width=\"800\" height=\"480\" srcset=\"https:\/\/www.ledstyl.pl\/blog\/wp-content\/uploads\/2023\/04\/oswietlenie-zewnetrzne-cieple-czy-zimne.jpg 1000w, https:\/\/www.ledstyl.pl\/blog\/wp-content\/uploads\/2023\/04\/oswietlenie-zewnetrzne-cieple-czy-zimne-300x180.jpg 300w, https:\/\/www.ledstyl.pl\/blog\/wp-content\/uploads\/2023\/04\/oswietlenie-zewnetrzne-cieple-czy-zimne-768x461.jpg 768w\" sizes=\"(max-width: 800px) 100vw, 800px\" \/><\/p>\n<p>Wyb\u00f3r ciep\u0142ego lub zimnego \u015bwiat\u0142a powinien by\u0107 uzale\u017cniony od tego, co chcemy osi\u0105gn\u0105\u0107 za pomoc\u0105 o\u015bwietlenia. Je\u015bli decydujesz si\u0119 na dekoracyjne lampy ogrodowe, wybierz cieplejsz\u0105 barw\u0119. W przypadku kiedy potrzebujesz mocnej lampy zewn\u0119trznej, umieszczonej nad gara\u017cem lub drzwiami, najlepszym wyborem b\u0119dzie <a href=\"https:\/\/www.ledstyl.pl\/halogen-led-cat-41\">halogen LED<\/a> o zimnej barwie \u015bwiat\u0142a. Warto r\u00f3wnie\u017c wzi\u0105\u0107 pod uwag\u0119, \u017ce moc lamp powinna by\u0107 odpowiednio dobrana do wybranego rodzaju \u015bwiat\u0142a. Dekoracyjne <a href=\"https:\/\/www.ledstyl.pl\/lampy-zewnetrzne-cat-349\">lampy zewn\u0119trzne<\/a> nie musz\u0105 by\u0107 zbyt mocne, natomiast te pe\u0142ni\u0105ce funkcje zadaniowe najlepiej, aby dysponowa\u0142y du\u017co wy\u017csz\u0105 moc\u0105 \u015bwiat\u0142a.<\/p>\n<h2>Jakie \u017car\u00f3wki do o\u015bwietlenia ogrodu?<\/h2>\n<p>Je\u015bli chcesz uzyska\u0107 pi\u0119knie o\u015bwietlony ogr\u00f3d lub stworzy\u0107 funkcjonalne o\u015bwietlenie zewn\u0119trzne niezwykle wa\u017cny jest wyb\u00f3r odpowiednich \u017car\u00f3wek. O\u015bwietlenie ogrodu najcz\u0119\u015bciej pe\u0142ni funkcj\u0119 dekoracyjn\u0105 i w\u0142a\u015bnie na tych \u017ar\u00f3d\u0142ach \u015bwiat\u0142a si\u0119 skupimy. Obecnie istnieje wiele rodzaj\u00f3w \u017car\u00f3wek, kt\u00f3re mo\u017cna wykorzysta\u0107 do o\u015bwietlenia ogrodu. Najpopularniejsze z nich to oczywi\u015bcie <a href=\"https:\/\/www.ledstyl.pl\/zarowki-led-cat-1\">\u017car\u00f3wki LED<\/a>, kt\u00f3re s\u0105 wydajne i trwa\u0142e. S\u0105 to \u017ar\u00f3d\u0142a \u015bwiat\u0142a, kt\u00f3re s\u0105 w stanie wytworzy\u0107 du\u017cy strumie\u0144 \u015bwietlny przy niskim zu\u017cyciu energii.<\/p>\n<p><img loading=\"lazy\" decoding=\"async\" class=\"wp-image-1893 aligncenter\" src=\"https:\/\/www.ledstyl.pl\/blog\/wp-content\/uploads\/2023\/04\/zarowki-do-ogrodu.jpg\" alt=\"\u017bar\u00f3wki do ogrodu\" width=\"801\" height=\"534\" srcset=\"https:\/\/www.ledstyl.pl\/blog\/wp-content\/uploads\/2023\/04\/zarowki-do-ogrodu.jpg 1000w, https:\/\/www.ledstyl.pl\/blog\/wp-content\/uploads\/2023\/04\/zarowki-do-ogrodu-300x200.jpg 300w, https:\/\/www.ledstyl.pl\/blog\/wp-content\/uploads\/2023\/04\/zarowki-do-ogrodu-768x512.jpg 768w\" sizes=\"(max-width: 801px) 100vw, 801px\" \/><\/p>\n<p>Dzi\u015b du\u017cy wyb\u00f3r \u017car\u00f3wek LED ich mocy czy barw \u015bwiat\u0142a sprawi\u0142, \u017ce s\u0105 wystarczaj\u0105ce, aby jasno o\u015bwietli\u0107 ogr\u00f3d. Warto zwr\u00f3ci\u0107 uwag\u0119 r\u00f3wnie\u017c na to, \u017ce\u00a0 ich u\u017cycie b\u0119dzie mniej kosztowne ni\u017c innych, tradycyjnych \u017ar\u00f3de\u0142 \u015bwiat\u0142a. Obecnie mo\u017cesz zdecydowa\u0107 si\u0119 na jednokolorowe <strong>\u017car\u00f3wki LED do o\u015bwietlenia ogrodu<\/strong> lub wybra\u0107 inteligentne \u017ar\u00f3d\u0142a \u015bwiat\u0142a, kt\u00f3rych barw\u0119 czy jasno\u015b\u0107 b\u0119dziesz regulowa\u0107 pilotem lub aplikacj\u0105 mobiln\u0105. <a href=\"https:\/\/www.ledstyl.pl\/zarowka-smart-wifi-cat-358\">\u017bar\u00f3wki LED Smart Wi-Fi<\/a> ciesz\u0105 si\u0119 dzi\u015b ogromn\u0105 popularno\u015bci\u0105, pozwalaj\u0105c na dostosowanie ich \u015bwiat\u0142a do aktualnej aran\u017cacji czy pory roku. W naszym sklepie dost\u0119pne s\u0105 one w r\u00f3\u017cnych ods\u0142onach i z najpopularniejszymi trzonkami E27, E14 i GU10.<\/p>\n","protected":false},"excerpt":{"rendered":"<p>Wyb\u00f3r barwy \u015bwiat\u0142a na zewn\u0105trz i do ogrodu nie zawsze jest \u0142atwym zadaniem. W zale\u017cno\u015bci od aran\u017cacji tej przestrzeni i stylu, w jakim zosta\u0142a urz\u0105dzona, lepiej mog\u0105 si\u0119 sprawdzi\u0107 barwy bia\u0142e lub r\u00f3\u017cne odcienie z palety RGB. Nowoczesna technologia LED pozwala nam dzi\u015b na wyb\u00f3r 3 podstawowych barw bieli w ogrodzie, a tak\u017ce na ca\u0142kowicie [&hellip;]<\/p>\n","protected":false},"author":1,"featured_media":1887,"comment_status":"open","ping_status":"open","sticky":false,"template":"","format":"standard","meta":{"_gspb_post_css":"","footnotes":""},"categories":[49],"tags":[],"blocksy_meta":{"styles_descriptor":{"styles":{"desktop":"","tablet":"","mobile":""},"google_fonts":[],"version":6}},"featured_image_urls":{"full":["https:\/\/www.ledstyl.pl\/blog\/wp-content\/uploads\/2023\/04\/barwa-swiatla-do-ogrodu.jpg",1000,563,false],"thumbnail":["https:\/\/www.ledstyl.pl\/blog\/wp-content\/uploads\/2023\/04\/barwa-swiatla-do-ogrodu-150x150.jpg",150,150,true],"medium":["https:\/\/www.ledstyl.pl\/blog\/wp-content\/uploads\/2023\/04\/barwa-swiatla-do-ogrodu-300x169.jpg",300,169,true],"medium_large":["https:\/\/www.ledstyl.pl\/blog\/wp-content\/uploads\/2023\/04\/barwa-swiatla-do-ogrodu-768x432.jpg",768,432,true],"large":["https:\/\/www.ledstyl.pl\/blog\/wp-content\/uploads\/2023\/04\/barwa-swiatla-do-ogrodu.jpg",1000,563,false],"1536x1536":["https:\/\/www.ledstyl.pl\/blog\/wp-content\/uploads\/2023\/04\/barwa-swiatla-do-ogrodu.jpg",1000,563,false],"2048x2048":["https:\/\/www.ledstyl.pl\/blog\/wp-content\/uploads\/2023\/04\/barwa-swiatla-do-ogrodu.jpg",1000,563,false]},"post_excerpt_stackable":"<p>Wyb\u00f3r barwy \u015bwiat\u0142a na zewn\u0105trz i do ogrodu nie zawsze jest \u0142atwym zadaniem. W zale\u017cno\u015bci od aran\u017cacji tej przestrzeni i stylu, w jakim zosta\u0142a urz\u0105dzona, lepiej mog\u0105 si\u0119 sprawdzi\u0107 barwy bia\u0142e lub r\u00f3\u017cne odcienie z palety RGB. Nowoczesna technologia LED pozwala nam dzi\u015b na wyb\u00f3r 3 podstawowych barw bieli w ogrodzie, a tak\u017ce na ca\u0142kowicie nieograniczone mo\u017cliwo\u015bci regulacji \u015bwiate\u0142 wyposa\u017conych w diody RGB. Tak wszechstronne mo\u017cliwo\u015bci sprawiaj\u0105, \u017ce dzi\u015b wielu z naszych klient\u00f3w zastanawia si\u0119 jaka barwa \u015bwiat\u0142a b\u0119dzie lepszym rozwi\u0105zaniem na zewn\u0105trz i w ogrodzie. W naszym artykule postaramy si\u0119 pom\u00f3c Ci w wyborze barwy \u015bwiat\u0142a do ogrodu, ale&hellip;<\/p>\n","category_list":"<a href=\"https:\/\/www.ledstyl.pl\/blog\/parametry-oswietlenia\/\" rel=\"category tag\">Parametry o\u015bwietlenia<\/a>","author_info":{"name":"Adam","url":"https:\/\/www.ledstyl.pl\/blog\/author\/rafal\/"},"comments_num":"0 comments","yoast_head":"<!-- This site is optimized with the Yoast SEO plugin v22.5 - https:\/\/yoast.com\/wordpress\/plugins\/seo\/ -->\r\n<title>Jaka barwa \u015bwiat\u0142a na zewn\u0105trz i do ogrodu? Blog LEDstyl.pl<\/title>\r\n<meta name=\"description\" content=\"Wyb\u00f3r barwy \u015bwiat\u0142a w ogrodzie i na zewn\u0105trz domu jest niezwykle istotn\u0105 decyzj\u0105. O\u015bwietlenie zewn\u0119trzne ciep\u0142e czy zimne - co wybra\u0107?\" \/>\r\n<meta name=\"robots\" content=\"index, follow, max-snippet:-1, max-image-preview:large, max-video-preview:-1\" \/>\r\n<link rel=\"canonical\" href=\"https:\/\/www.ledstyl.pl\/blog\/jaka-barwa-swiatla-na-zewnatrz-i-do-ogrodu\/\" \/>\r\n<meta property=\"og:locale\" content=\"pl_PL\" \/>\r\n<meta property=\"og:type\" content=\"article\" \/>\r\n<meta property=\"og:title\" content=\"Jaka barwa \u015bwiat\u0142a na zewn\u0105trz i do ogrodu? Blog LEDstyl.pl\" \/>\r\n<meta property=\"og:description\" content=\"Wyb\u00f3r barwy \u015bwiat\u0142a w ogrodzie i na zewn\u0105trz domu jest niezwykle istotn\u0105 decyzj\u0105. O\u015bwietlenie zewn\u0119trzne ciep\u0142e czy zimne - co wybra\u0107?\" \/>\r\n<meta property=\"og:url\" content=\"https:\/\/www.ledstyl.pl\/blog\/jaka-barwa-swiatla-na-zewnatrz-i-do-ogrodu\/\" \/>\r\n<meta property=\"og:site_name\" content=\"Blog LEDstyl.pl - blog o o\u015bwietleniu LED\" \/>\r\n<meta property=\"article:published_time\" content=\"2023-04-07T21:51:00+00:00\" \/>\r\n<meta property=\"article:modified_time\" content=\"2026-01-26T19:03:14+00:00\" \/>\r\n<meta property=\"og:image\" content=\"https:\/\/www.ledstyl.pl\/blog\/wp-content\/uploads\/2023\/04\/barwa-swiatla-do-ogrodu.jpg\" \/>\r\n\t<meta property=\"og:image:width\" content=\"1000\" \/>\r\n\t<meta property=\"og:image:height\" content=\"563\" \/>\r\n\t<meta property=\"og:image:type\" content=\"image\/jpeg\" \/>\r\n<meta name=\"author\" content=\"Adam\" \/>\r\n<meta name=\"twitter:card\" content=\"summary_large_image\" \/>\r\n<meta name=\"twitter:label1\" content=\"Napisane przez\" \/>\n\t<meta name=\"twitter:data1\" content=\"Adam\" \/>\n\t<meta name=\"twitter:label2\" content=\"Szacowany czas czytania\" \/>\n\t<meta name=\"twitter:data2\" content=\"7 minut\" \/>\r\n<script type=\"application\/ld+json\" class=\"yoast-schema-graph\">{\"@context\":\"https:\/\/schema.org\",\"@graph\":[{\"@type\":\"Article\",\"@id\":\"https:\/\/www.ledstyl.pl\/blog\/jaka-barwa-swiatla-na-zewnatrz-i-do-ogrodu\/#article\",\"isPartOf\":{\"@id\":\"https:\/\/www.ledstyl.pl\/blog\/jaka-barwa-swiatla-na-zewnatrz-i-do-ogrodu\/\"},\"author\":{\"name\":\"Adam\",\"@id\":\"https:\/\/www.ledstyl.pl\/blog\/#\/schema\/person\/8e88dde072bae58403e50156ceee5409\"},\"headline\":\"Jaka barwa \u015bwiat\u0142a na zewn\u0105trz i do ogrodu?\",\"datePublished\":\"2023-04-07T21:51:00+00:00\",\"dateModified\":\"2026-01-26T19:03:14+00:00\",\"mainEntityOfPage\":{\"@id\":\"https:\/\/www.ledstyl.pl\/blog\/jaka-barwa-swiatla-na-zewnatrz-i-do-ogrodu\/\"},\"wordCount\":1098,\"commentCount\":0,\"publisher\":{\"@id\":\"https:\/\/www.ledstyl.pl\/blog\/#organization\"},\"image\":{\"@id\":\"https:\/\/www.ledstyl.pl\/blog\/jaka-barwa-swiatla-na-zewnatrz-i-do-ogrodu\/#primaryimage\"},\"thumbnailUrl\":\"https:\/\/www.ledstyl.pl\/blog\/wp-content\/uploads\/2023\/04\/barwa-swiatla-do-ogrodu.jpg\",\"articleSection\":[\"Parametry o\u015bwietlenia\"],\"inLanguage\":\"pl-PL\",\"potentialAction\":[{\"@type\":\"CommentAction\",\"name\":\"Comment\",\"target\":[\"https:\/\/www.ledstyl.pl\/blog\/jaka-barwa-swiatla-na-zewnatrz-i-do-ogrodu\/#respond\"]}]},{\"@type\":\"WebPage\",\"@id\":\"https:\/\/www.ledstyl.pl\/blog\/jaka-barwa-swiatla-na-zewnatrz-i-do-ogrodu\/\",\"url\":\"https:\/\/www.ledstyl.pl\/blog\/jaka-barwa-swiatla-na-zewnatrz-i-do-ogrodu\/\",\"name\":\"Jaka barwa \u015bwiat\u0142a na zewn\u0105trz i do ogrodu? Blog LEDstyl.pl\",\"isPartOf\":{\"@id\":\"https:\/\/www.ledstyl.pl\/blog\/#website\"},\"primaryImageOfPage\":{\"@id\":\"https:\/\/www.ledstyl.pl\/blog\/jaka-barwa-swiatla-na-zewnatrz-i-do-ogrodu\/#primaryimage\"},\"image\":{\"@id\":\"https:\/\/www.ledstyl.pl\/blog\/jaka-barwa-swiatla-na-zewnatrz-i-do-ogrodu\/#primaryimage\"},\"thumbnailUrl\":\"https:\/\/www.ledstyl.pl\/blog\/wp-content\/uploads\/2023\/04\/barwa-swiatla-do-ogrodu.jpg\",\"datePublished\":\"2023-04-07T21:51:00+00:00\",\"dateModified\":\"2026-01-26T19:03:14+00:00\",\"description\":\"Wyb\u00f3r barwy \u015bwiat\u0142a w ogrodzie i na zewn\u0105trz domu jest niezwykle istotn\u0105 decyzj\u0105. O\u015bwietlenie zewn\u0119trzne ciep\u0142e czy zimne - co wybra\u0107?\",\"breadcrumb\":{\"@id\":\"https:\/\/www.ledstyl.pl\/blog\/jaka-barwa-swiatla-na-zewnatrz-i-do-ogrodu\/#breadcrumb\"},\"inLanguage\":\"pl-PL\",\"potentialAction\":[{\"@type\":\"ReadAction\",\"target\":[\"https:\/\/www.ledstyl.pl\/blog\/jaka-barwa-swiatla-na-zewnatrz-i-do-ogrodu\/\"]}]},{\"@type\":\"ImageObject\",\"inLanguage\":\"pl-PL\",\"@id\":\"https:\/\/www.ledstyl.pl\/blog\/jaka-barwa-swiatla-na-zewnatrz-i-do-ogrodu\/#primaryimage\",\"url\":\"https:\/\/www.ledstyl.pl\/blog\/wp-content\/uploads\/2023\/04\/barwa-swiatla-do-ogrodu.jpg\",\"contentUrl\":\"https:\/\/www.ledstyl.pl\/blog\/wp-content\/uploads\/2023\/04\/barwa-swiatla-do-ogrodu.jpg\",\"width\":1000,\"height\":563,\"caption\":\"Barwa \u015bwiat\u0142a do ogrodu\"},{\"@type\":\"BreadcrumbList\",\"@id\":\"https:\/\/www.ledstyl.pl\/blog\/jaka-barwa-swiatla-na-zewnatrz-i-do-ogrodu\/#breadcrumb\",\"itemListElement\":[{\"@type\":\"ListItem\",\"position\":1,\"name\":\"Strona g\u0142\u00f3wna\",\"item\":\"https:\/\/www.ledstyl.pl\/blog\/\"},{\"@type\":\"ListItem\",\"position\":2,\"name\":\"Jaka barwa \u015bwiat\u0142a na zewn\u0105trz i do ogrodu?\"}]},{\"@type\":\"WebSite\",\"@id\":\"https:\/\/www.ledstyl.pl\/blog\/#website\",\"url\":\"https:\/\/www.ledstyl.pl\/blog\/\",\"name\":\"Blog LEDstyl.pl - blog o o\u015bwietleniu LED\",\"description\":\"\",\"publisher\":{\"@id\":\"https:\/\/www.ledstyl.pl\/blog\/#organization\"},\"potentialAction\":[{\"@type\":\"SearchAction\",\"target\":{\"@type\":\"EntryPoint\",\"urlTemplate\":\"https:\/\/www.ledstyl.pl\/blog\/?s={search_term_string}\"},\"query-input\":\"required name=search_term_string\"}],\"inLanguage\":\"pl-PL\"},{\"@type\":\"Organization\",\"@id\":\"https:\/\/www.ledstyl.pl\/blog\/#organization\",\"name\":\"Blog LEDStyl.pl\",\"url\":\"https:\/\/www.ledstyl.pl\/blog\/\",\"logo\":{\"@type\":\"ImageObject\",\"inLanguage\":\"pl-PL\",\"@id\":\"https:\/\/www.ledstyl.pl\/blog\/#\/schema\/logo\/image\/\",\"url\":\"https:\/\/www.ledstyl.pl\/blog\/wp-content\/uploads\/2020\/10\/LEDStyl-blog-5.jpg\",\"contentUrl\":\"https:\/\/www.ledstyl.pl\/blog\/wp-content\/uploads\/2020\/10\/LEDStyl-blog-5.jpg\",\"width\":348,\"height\":141,\"caption\":\"Blog LEDStyl.pl\"},\"image\":{\"@id\":\"https:\/\/www.ledstyl.pl\/blog\/#\/schema\/logo\/image\/\"}},{\"@type\":\"Person\",\"@id\":\"https:\/\/www.ledstyl.pl\/blog\/#\/schema\/person\/8e88dde072bae58403e50156ceee5409\",\"name\":\"Adam\",\"image\":{\"@type\":\"ImageObject\",\"inLanguage\":\"pl-PL\",\"@id\":\"https:\/\/www.ledstyl.pl\/blog\/#\/schema\/person\/image\/\",\"url\":\"https:\/\/secure.gravatar.com\/avatar\/22b694890c8b57c2fb95f6b1ffd0077d?s=96&d=mm&r=g\",\"contentUrl\":\"https:\/\/secure.gravatar.com\/avatar\/22b694890c8b57c2fb95f6b1ffd0077d?s=96&d=mm&r=g\",\"caption\":\"Adam\"},\"sameAs\":[\"https:\/\/www.ledstyl.pl\/blog\"]}]}<\/script>\r\n<!-- \/ Yoast SEO plugin. -->","yoast_head_json":{"title":"Jaka barwa \u015bwiat\u0142a na zewn\u0105trz i do ogrodu? Blog LEDstyl.pl","description":"Wyb\u00f3r barwy \u015bwiat\u0142a w ogrodzie i na zewn\u0105trz domu jest niezwykle istotn\u0105 decyzj\u0105. O\u015bwietlenie zewn\u0119trzne ciep\u0142e czy zimne - co wybra\u0107?","robots":{"index":"index","follow":"follow","max-snippet":"max-snippet:-1","max-image-preview":"max-image-preview:large","max-video-preview":"max-video-preview:-1"},"canonical":"https:\/\/www.ledstyl.pl\/blog\/jaka-barwa-swiatla-na-zewnatrz-i-do-ogrodu\/","og_locale":"pl_PL","og_type":"article","og_title":"Jaka barwa \u015bwiat\u0142a na zewn\u0105trz i do ogrodu? Blog LEDstyl.pl","og_description":"Wyb\u00f3r barwy \u015bwiat\u0142a w ogrodzie i na zewn\u0105trz domu jest niezwykle istotn\u0105 decyzj\u0105. O\u015bwietlenie zewn\u0119trzne ciep\u0142e czy zimne - co wybra\u0107?","og_url":"https:\/\/www.ledstyl.pl\/blog\/jaka-barwa-swiatla-na-zewnatrz-i-do-ogrodu\/","og_site_name":"Blog LEDstyl.pl - blog o o\u015bwietleniu LED","article_published_time":"2023-04-07T21:51:00+00:00","article_modified_time":"2026-01-26T19:03:14+00:00","og_image":[{"width":1000,"height":563,"url":"https:\/\/www.ledstyl.pl\/blog\/wp-content\/uploads\/2023\/04\/barwa-swiatla-do-ogrodu.jpg","type":"image\/jpeg"}],"author":"Adam","twitter_card":"summary_large_image","twitter_misc":{"Napisane przez":"Adam","Szacowany czas czytania":"7 minut"},"schema":{"@context":"https:\/\/schema.org","@graph":[{"@type":"Article","@id":"https:\/\/www.ledstyl.pl\/blog\/jaka-barwa-swiatla-na-zewnatrz-i-do-ogrodu\/#article","isPartOf":{"@id":"https:\/\/www.ledstyl.pl\/blog\/jaka-barwa-swiatla-na-zewnatrz-i-do-ogrodu\/"},"author":{"name":"Adam","@id":"https:\/\/www.ledstyl.pl\/blog\/#\/schema\/person\/8e88dde072bae58403e50156ceee5409"},"headline":"Jaka barwa \u015bwiat\u0142a na zewn\u0105trz i do ogrodu?","datePublished":"2023-04-07T21:51:00+00:00","dateModified":"2026-01-26T19:03:14+00:00","mainEntityOfPage":{"@id":"https:\/\/www.ledstyl.pl\/blog\/jaka-barwa-swiatla-na-zewnatrz-i-do-ogrodu\/"},"wordCount":1098,"commentCount":0,"publisher":{"@id":"https:\/\/www.ledstyl.pl\/blog\/#organization"},"image":{"@id":"https:\/\/www.ledstyl.pl\/blog\/jaka-barwa-swiatla-na-zewnatrz-i-do-ogrodu\/#primaryimage"},"thumbnailUrl":"https:\/\/www.ledstyl.pl\/blog\/wp-content\/uploads\/2023\/04\/barwa-swiatla-do-ogrodu.jpg","articleSection":["Parametry o\u015bwietlenia"],"inLanguage":"pl-PL","potentialAction":[{"@type":"CommentAction","name":"Comment","target":["https:\/\/www.ledstyl.pl\/blog\/jaka-barwa-swiatla-na-zewnatrz-i-do-ogrodu\/#respond"]}]},{"@type":"WebPage","@id":"https:\/\/www.ledstyl.pl\/blog\/jaka-barwa-swiatla-na-zewnatrz-i-do-ogrodu\/","url":"https:\/\/www.ledstyl.pl\/blog\/jaka-barwa-swiatla-na-zewnatrz-i-do-ogrodu\/","name":"Jaka barwa \u015bwiat\u0142a na zewn\u0105trz i do ogrodu? Blog LEDstyl.pl","isPartOf":{"@id":"https:\/\/www.ledstyl.pl\/blog\/#website"},"primaryImageOfPage":{"@id":"https:\/\/www.ledstyl.pl\/blog\/jaka-barwa-swiatla-na-zewnatrz-i-do-ogrodu\/#primaryimage"},"image":{"@id":"https:\/\/www.ledstyl.pl\/blog\/jaka-barwa-swiatla-na-zewnatrz-i-do-ogrodu\/#primaryimage"},"thumbnailUrl":"https:\/\/www.ledstyl.pl\/blog\/wp-content\/uploads\/2023\/04\/barwa-swiatla-do-ogrodu.jpg","datePublished":"2023-04-07T21:51:00+00:00","dateModified":"2026-01-26T19:03:14+00:00","description":"Wyb\u00f3r barwy \u015bwiat\u0142a w ogrodzie i na zewn\u0105trz domu jest niezwykle istotn\u0105 decyzj\u0105. O\u015bwietlenie zewn\u0119trzne ciep\u0142e czy zimne - co wybra\u0107?","breadcrumb":{"@id":"https:\/\/www.ledstyl.pl\/blog\/jaka-barwa-swiatla-na-zewnatrz-i-do-ogrodu\/#breadcrumb"},"inLanguage":"pl-PL","potentialAction":[{"@type":"ReadAction","target":["https:\/\/www.ledstyl.pl\/blog\/jaka-barwa-swiatla-na-zewnatrz-i-do-ogrodu\/"]}]},{"@type":"ImageObject","inLanguage":"pl-PL","@id":"https:\/\/www.ledstyl.pl\/blog\/jaka-barwa-swiatla-na-zewnatrz-i-do-ogrodu\/#primaryimage","url":"https:\/\/www.ledstyl.pl\/blog\/wp-content\/uploads\/2023\/04\/barwa-swiatla-do-ogrodu.jpg","contentUrl":"https:\/\/www.ledstyl.pl\/blog\/wp-content\/uploads\/2023\/04\/barwa-swiatla-do-ogrodu.jpg","width":1000,"height":563,"caption":"Barwa \u015bwiat\u0142a do ogrodu"},{"@type":"BreadcrumbList","@id":"https:\/\/www.ledstyl.pl\/blog\/jaka-barwa-swiatla-na-zewnatrz-i-do-ogrodu\/#breadcrumb","itemListElement":[{"@type":"ListItem","position":1,"name":"Strona g\u0142\u00f3wna","item":"https:\/\/www.ledstyl.pl\/blog\/"},{"@type":"ListItem","position":2,"name":"Jaka barwa \u015bwiat\u0142a na zewn\u0105trz i do ogrodu?"}]},{"@type":"WebSite","@id":"https:\/\/www.ledstyl.pl\/blog\/#website","url":"https:\/\/www.ledstyl.pl\/blog\/","name":"Blog LEDstyl.pl - blog o o\u015bwietleniu LED","description":"","publisher":{"@id":"https:\/\/www.ledstyl.pl\/blog\/#organization"},"potentialAction":[{"@type":"SearchAction","target":{"@type":"EntryPoint","urlTemplate":"https:\/\/www.ledstyl.pl\/blog\/?s={search_term_string}"},"query-input":"required name=search_term_string"}],"inLanguage":"pl-PL"},{"@type":"Organization","@id":"https:\/\/www.ledstyl.pl\/blog\/#organization","name":"Blog LEDStyl.pl","url":"https:\/\/www.ledstyl.pl\/blog\/","logo":{"@type":"ImageObject","inLanguage":"pl-PL","@id":"https:\/\/www.ledstyl.pl\/blog\/#\/schema\/logo\/image\/","url":"https:\/\/www.ledstyl.pl\/blog\/wp-content\/uploads\/2020\/10\/LEDStyl-blog-5.jpg","contentUrl":"https:\/\/www.ledstyl.pl\/blog\/wp-content\/uploads\/2020\/10\/LEDStyl-blog-5.jpg","width":348,"height":141,"caption":"Blog LEDStyl.pl"},"image":{"@id":"https:\/\/www.ledstyl.pl\/blog\/#\/schema\/logo\/image\/"}},{"@type":"Person","@id":"https:\/\/www.ledstyl.pl\/blog\/#\/schema\/person\/8e88dde072bae58403e50156ceee5409","name":"Adam","image":{"@type":"ImageObject","inLanguage":"pl-PL","@id":"https:\/\/www.ledstyl.pl\/blog\/#\/schema\/person\/image\/","url":"https:\/\/secure.gravatar.com\/avatar\/22b694890c8b57c2fb95f6b1ffd0077d?s=96&d=mm&r=g","contentUrl":"https:\/\/secure.gravatar.com\/avatar\/22b694890c8b57c2fb95f6b1ffd0077d?s=96&d=mm&r=g","caption":"Adam"},"sameAs":["https:\/\/www.ledstyl.pl\/blog"]}]}},"views":9203,"_links":{"self":[{"href":"https:\/\/www.ledstyl.pl\/blog\/wp-json\/wp\/v2\/posts\/1885"}],"collection":[{"href":"https:\/\/www.ledstyl.pl\/blog\/wp-json\/wp\/v2\/posts"}],"about":[{"href":"https:\/\/www.ledstyl.pl\/blog\/wp-json\/wp\/v2\/types\/post"}],"author":[{"embeddable":true,"href":"https:\/\/www.ledstyl.pl\/blog\/wp-json\/wp\/v2\/users\/1"}],"replies":[{"embeddable":true,"href":"https:\/\/www.ledstyl.pl\/blog\/wp-json\/wp\/v2\/comments?post=1885"}],"version-history":[{"count":3,"href":"https:\/\/www.ledstyl.pl\/blog\/wp-json\/wp\/v2\/posts\/1885\/revisions"}],"predecessor-version":[{"id":2053,"href":"https:\/\/www.ledstyl.pl\/blog\/wp-json\/wp\/v2\/posts\/1885\/revisions\/2053"}],"wp:featuredmedia":[{"embeddable":true,"href":"https:\/\/www.ledstyl.pl\/blog\/wp-json\/wp\/v2\/media\/1887"}],"wp:attachment":[{"href":"https:\/\/www.ledstyl.pl\/blog\/wp-json\/wp\/v2\/media?parent=1885"}],"wp:term":[{"taxonomy":"category","embeddable":true,"href":"https:\/\/www.ledstyl.pl\/blog\/wp-json\/wp\/v2\/categories?post=1885"},{"taxonomy":"post_tag","embeddable":true,"href":"https:\/\/www.ledstyl.pl\/blog\/wp-json\/wp\/v2\/tags?post=1885"}],"curies":[{"name":"wp","href":"https:\/\/api.w.org\/{rel}","templated":true}]}}