{"id":484,"date":"2023-02-15T00:48:22","date_gmt":"2023-02-14T23:48:22","guid":{"rendered":"https:\/\/www.ledstyl.pl\/blog\/?p=484"},"modified":"2026-02-04T16:42:04","modified_gmt":"2026-02-04T15:42:04","slug":"jak-oswietlic-ogrod","status":"publish","type":"post","link":"https:\/\/www.ledstyl.pl\/blog\/jak-oswietlic-ogrod\/","title":{"rendered":"Jak o\u015bwietli\u0107 ogr\u00f3d w 2026 roku?"},"content":{"rendered":"<p>Odpowiednie o\u015bwietlenie ma na celu przede wszystkim podkre\u015bli\u0107 walory Twojego ogrodu. Wszystkie ogrody, bez wzgl\u0119du na wielko\u015b\u0107, maj\u0105 r\u00f3\u017cne cechy i b\u0119d\u0105 dobrze o\u015bwietlone tylko wtedy, gdy we\u017amiemy je wszystkie pod uwag\u0119. O\u015bwietlenie ogrodu powinno by\u0107 uzupe\u0142nieniem jego projektu, a tak\u017ce pozwoli\u0107 na jego d\u0142u\u017csze u\u017cytkowanie nawet po zmroku. Projektuj\u0105c o\u015bwietlenie w ogrodzie, powinni\u015bmy si\u0119 przede wszystkim zastanowi\u0107 nad odpowiednim rozmieszczeniem lamp. Niezwykle wa\u017cny b\u0119dzie tutaj r\u00f3wnie\u017c styl, jaki chcieliby\u015bmy utrzyma\u0107 na naszej posesji.<strong> Jak o\u015bwietli\u0107 ogr\u00f3d, ro\u015bliny i drzewa w ogrodzie? Gdzie i kiedy potrzebujesz o\u015bwietlenia? Stw\u00f3rz razem z nami plan o\u015bwietlenia ogrodu dostosowany do Twoich potrzeb i oczekiwa\u0144.<\/strong><\/p>\n<p><img loading=\"lazy\" decoding=\"async\" class=\"aligncenter wp-image-485\" src=\"https:\/\/www.ledstyl.pl\/blog\/wp-content\/uploads\/2022\/04\/jak-oswietlic-ogrod-1024x576.jpg\" alt=\"Jak o\u015bwietli\u0107 ogr\u00f3d\" width=\"800\" height=\"450\" srcset=\"https:\/\/www.ledstyl.pl\/blog\/wp-content\/uploads\/2022\/04\/jak-oswietlic-ogrod-1024x576.jpg 1024w, https:\/\/www.ledstyl.pl\/blog\/wp-content\/uploads\/2022\/04\/jak-oswietlic-ogrod-300x169.jpg 300w, https:\/\/www.ledstyl.pl\/blog\/wp-content\/uploads\/2022\/04\/jak-oswietlic-ogrod-768x432.jpg 768w, https:\/\/www.ledstyl.pl\/blog\/wp-content\/uploads\/2022\/04\/jak-oswietlic-ogrod.jpg 1280w\" sizes=\"(max-width: 800px) 100vw, 800px\" \/><\/p>\n<h2>Lampy w ogrodzie aran\u017cacje<\/h2>\n<p>Wybieraj\u0105c lampy ogrodowe LED do Twojego ogrodu, powiniene\u015b wiedzie\u0107, \u017ce maj\u0105 one ogromny wp\u0142yw na jego wygl\u0105d. Odpowiednio do\u015bwietlony ogr\u00f3d b\u0119dzie r\u00f3wnie\u017c znacznie bardziej u\u017cyteczny podczas wieczornych spacer\u00f3w, przyj\u0119\u0107 czy zabaw z dzie\u0107mi. Projekt o\u015bwietlenia ogrodu zacz\u0105\u0107 powinni\u015bmy od odpowiedniego rozplanowania ilo\u015bci oraz miejsca monta\u017cu lamp. B\u0119dzie to idealna okazja, aby doda\u0107 stylu i pionierskiego wygl\u0105du do Twojego ogrodu, buduj\u0105c w nim indywidualn\u0105 atmosfer\u0119.<\/p>\n<table style=\"width: 100%; height: 124px; border: none;\">\n<tbody>\n<tr style=\"height: 42px;\">\n<td style=\"width: 33.3333%; height: 42px;\"><a href=\"https:\/\/www.ledstyl.pl\/lampy-ogrodowe-stojace-cat-156\"><img loading=\"lazy\" decoding=\"async\" class=\"size-medium wp-image-291 aligncenter\" src=\"https:\/\/www.ledstyl.pl\/dane\/source\/e\/en3.slupek-ogrodowy-e27-50cm-czarny-santa-1.jpg\" alt=\"Lampy ogrodowe stoj\u0105ce\" width=\"298\" height=\"300\" \/><\/a><\/td>\n<td style=\"width: 33.3333%; height: 42px;\"><a href=\"https:\/\/www.ledstyl.pl\/kinkiet-ogrodowy-cat-155\"><img loading=\"lazy\" decoding=\"async\" class=\"size-medium wp-image-292 aligncenter\" src=\"https:\/\/www.ledstyl.pl\/dane\/full\/y\/yjs.kinkiet-elewacyjny-denver-1xe27-kwadrat-czarny.jpg\" alt=\"Kinkiet ogrodowy\" width=\"298\" height=\"300\" \/><\/a><\/td>\n<td style=\"width: 33.3333%; height: 42px;\"><a href=\"https:\/\/www.ledstyl.pl\/reflektor-ogrodowy-cat-174\"><img loading=\"lazy\" decoding=\"async\" class=\"size-medium wp-image-293 aligncenter\" src=\"https:\/\/www.ledstyl.pl\/dane\/source\/4\/423e885ebac24330968cc77126cb8835.jpg\" alt=\"Reflektor ogrodowy\" width=\"298\" height=\"300\" \/><\/a><\/td>\n<\/tr>\n<tr style=\"height: 62px;\">\n<td style=\"width: 33.3333%; height: 62px; text-align: center;\"><span style=\"font-size: 12pt;\"><a href=\"https:\/\/www.ledstyl.pl\/lampy-ogrodowe-stojace-cat-156\"><div class=\"su-animate\" style=\"opacity:0;-webkit-animation-duration:1s;-webkit-animation-delay:0s;animation-duration:1s;animation-delay:0s;\" data-animation=\"bounceIn\" data-duration=\"1\" data-delay=\"0\"><strong>Lampy ogrodowe stoj\u0105ce<\/strong><\/div><\/a><\/span><\/td>\n<td style=\"width: 33.3333%; height: 62px; text-align: center;\"><span style=\"font-size: 12pt;\"><a href=\"https:\/\/www.ledstyl.pl\/kinkiet-ogrodowy-cat-155\"><div class=\"su-animate\" style=\"opacity:0;-webkit-animation-duration:1s;-webkit-animation-delay:0s;animation-duration:1s;animation-delay:0s;\" data-animation=\"bounceIn\" data-duration=\"1\" data-delay=\"0\"><strong>Kinkiet ogrodowy<\/strong><\/div><\/a><\/span><\/td>\n<td style=\"width: 33.3333%; height: 62px; text-align: center;\"><span style=\"font-size: 12pt;\"><a href=\"https:\/\/www.ledstyl.pl\/reflektor-ogrodowy-cat-174\"><div class=\"su-animate\" style=\"opacity:0;-webkit-animation-duration:1s;-webkit-animation-delay:0s;animation-duration:1s;animation-delay:0s;\" data-animation=\"bounceIn\" data-duration=\"1\" data-delay=\"0\"><strong>Reflektor ogrodowy<\/strong><\/div><\/a><\/span><\/td>\n<\/tr>\n<tr style=\"height: 54px;\">\n<td style=\"width: 33.3333%; height: 18px;\"><div class=\"su-button-center\"><a href=\"https:\/\/www.ledstyl.pl\/lampy-ogrodowe-stojace-cat-156\" class=\"su-button su-button-style-3d\" style=\"color:#ffffff;background-color:#ef2d36;border-color:#c0242c;border-radius:50px;-moz-border-radius:50px;-webkit-border-radius:50px\" target=\"_self\" rel=\"nofollow\"><span style=\"color:#ffffff;padding:0px 24px;font-size:18px;line-height:36px;border-color:#f46c73;border-radius:50px;-moz-border-radius:50px;-webkit-border-radius:50px;text-shadow:none;-moz-text-shadow:none;-webkit-text-shadow:none\"> <b>Zobacz wi\u0119cej<\/b><\/span><\/a><\/div><\/td>\n<td style=\"width: 33.3333%; height: 18px;\"><div class=\"su-button-center\"><a href=\"https:\/\/www.ledstyl.pl\/kinkiet-ogrodowy-cat-155\" class=\"su-button su-button-style-3d\" style=\"color:#ffffff;background-color:#ef2d36;border-color:#c0242c;border-radius:50px;-moz-border-radius:50px;-webkit-border-radius:50px\" target=\"_self\" rel=\"nofollow\"><span style=\"color:#ffffff;padding:0px 24px;font-size:18px;line-height:36px;border-color:#f46c73;border-radius:50px;-moz-border-radius:50px;-webkit-border-radius:50px;text-shadow:none;-moz-text-shadow:none;-webkit-text-shadow:none\"> <b>Zobacz wi\u0119cej<\/b><\/span><\/a><\/div><\/td>\n<td style=\"width: 33.3333%; height: 18px;\">\n<p style=\"text-align: center;\"><div class=\"su-button-center\"><a href=\"https:\/\/www.ledstyl.pl\/reflektor-ogrodowy-cat-174\" class=\"su-button su-button-style-3d\" style=\"color:#ffffff;background-color:#ef2d36;border-color:#c0242c;border-radius:50px;-moz-border-radius:50px;-webkit-border-radius:50px\" target=\"_self\" rel=\"nofollow\"><span style=\"color:#ffffff;padding:0px 24px;font-size:18px;line-height:36px;border-color:#f46c73;border-radius:50px;-moz-border-radius:50px;-webkit-border-radius:50px;text-shadow:none;-moz-text-shadow:none;-webkit-text-shadow:none\"> <b>Zobacz wi\u0119cej<\/b><\/span><\/a><\/div>\n<\/td>\n<\/tr>\n<\/tbody>\n<\/table>\n<p>Je\u015bli jeste\u015b \u015bwiadomy architektury swojego domu i wystroju swojego wn\u0119trza, o\u015bwietlenie ogrodowe z pewno\u015bci\u0105 mo\u017ce by\u0107 idealnym dodatkiem do o\u015bwietlenia wn\u0119trza. Bardzo dobrym pomys\u0142em w takich przypadkach jest plan o\u015bwietlenia si\u0119gaj\u0105cy nie tylko naszego domowego wn\u0119trza, ale wychodz\u0105cy r\u00f3wnie\u017c na balkon, taras i w\u0142a\u015bnie ogr\u00f3d. Decyduj\u0105c si\u0119 na <a href=\"https:\/\/www.ledstyl.pl\/strefa-swiatla\/nowoczesne-oswietlenie-ogrodu\/\">nowoczesne o\u015bwietlenie ogrodu<\/a> lub te bardziej w klasycznym stylu warto nawi\u0105za\u0107 do wn\u0119trza domu i postara\u0107 si\u0119, aby by\u0142y to dwa wsp\u00f3\u0142graj\u0105ce ze sob\u0105 plany.<\/p>\n<table style=\"width: 100%; height: 124px; border: none;\">\n<tbody>\n<tr style=\"height: 42px;\">\n<td style=\"width: 33.3333%; height: 42px;\"><a href=\"https:\/\/www.ledstyl.pl\/kinkiety-ogrodowe-nowoczesne-cat-335\"><img loading=\"lazy\" decoding=\"async\" class=\"size-medium wp-image-291 aligncenter\" src=\"https:\/\/www.ledstyl.pl\/dane\/source\/f\/f3a5a206afa6452cbcbc1051369b964d.jpg\" alt=\"Kinkiety ogrodowe nowoczesne\" width=\"298\" height=\"300\" \/><\/a><\/td>\n<td style=\"width: 33.3333%; height: 42px;\"><a href=\"https:\/\/www.ledstyl.pl\/kinkiety-ogrodowe-retro-cat-336\"><img loading=\"lazy\" decoding=\"async\" class=\"size-medium wp-image-292 aligncenter\" src=\"https:\/\/www.ledstyl.pl\/dane\/source\/5\/5d4f4eeb41824dd0ad35965540ead96b.jpg\" alt=\"Kinkiety ogrodowe Retro\" width=\"298\" height=\"300\" \/><\/a><\/td>\n<td style=\"width: 33.3333%; height: 42px;\"><a href=\"https:\/\/www.ledstyl.pl\/kinkiety-ogrodowe-z-czujnikiem-cat-337\"><img loading=\"lazy\" decoding=\"async\" class=\"size-medium wp-image-293 aligncenter\" src=\"https:\/\/www.ledstyl.pl\/dane\/source\/8\/802c608c52794b2bbee2739482e978f8.jpg\" alt=\"Kinkiety ogrodowe z czujnikiem\" width=\"298\" height=\"300\" \/><\/a><\/td>\n<\/tr>\n<tr style=\"height: 62px;\">\n<td style=\"width: 33.3333%; height: 62px; text-align: center;\"><span style=\"font-size: 12pt;\"><a href=\"https:\/\/www.ledstyl.pl\/kinkiety-ogrodowe-nowoczesne-cat-335\"><div class=\"su-animate\" style=\"opacity:0;-webkit-animation-duration:1s;-webkit-animation-delay:0s;animation-duration:1s;animation-delay:0s;\" data-animation=\"bounceIn\" data-duration=\"1\" data-delay=\"0\"><strong>Kinkiety ogrodowe nowoczesne<\/strong><\/div><\/a><\/span><\/td>\n<td style=\"width: 33.3333%; height: 62px; text-align: center;\"><span style=\"font-size: 12pt;\"><a href=\"https:\/\/www.ledstyl.pl\/kinkiety-ogrodowe-retro-cat-336\"><div class=\"su-animate\" style=\"opacity:0;-webkit-animation-duration:1s;-webkit-animation-delay:0s;animation-duration:1s;animation-delay:0s;\" data-animation=\"bounceIn\" data-duration=\"1\" data-delay=\"0\"><strong>Kinkiety ogrodowe Retro<\/strong><\/div><\/a><\/span><\/td>\n<td style=\"width: 33.3333%; height: 62px; text-align: center;\"><span style=\"font-size: 12pt;\"><a href=\"https:\/\/www.ledstyl.pl\/kinkiety-ogrodowe-z-czujnikiem-cat-337\"><div class=\"su-animate\" style=\"opacity:0;-webkit-animation-duration:1s;-webkit-animation-delay:0s;animation-duration:1s;animation-delay:0s;\" data-animation=\"bounceIn\" data-duration=\"1\" data-delay=\"0\"><strong>Kinkiety ogrodowe z czujnikiem<\/strong><\/div><\/a><\/span><\/td>\n<\/tr>\n<tr style=\"height: 54px;\">\n<td style=\"width: 33.3333%; height: 18px;\"><div class=\"su-button-center\"><a href=\"https:\/\/www.ledstyl.pl\/kinkiety-ogrodowe-nowoczesne-cat-335\" class=\"su-button su-button-style-3d\" style=\"color:#ffffff;background-color:#ef2d36;border-color:#c0242c;border-radius:50px;-moz-border-radius:50px;-webkit-border-radius:50px\" target=\"_self\" rel=\"nofollow\"><span style=\"color:#ffffff;padding:0px 24px;font-size:18px;line-height:36px;border-color:#f46c73;border-radius:50px;-moz-border-radius:50px;-webkit-border-radius:50px;text-shadow:none;-moz-text-shadow:none;-webkit-text-shadow:none\"> <b>Zobacz wi\u0119cej<\/b><\/span><\/a><\/div><\/td>\n<td style=\"width: 33.3333%; height: 18px;\"><div class=\"su-button-center\"><a href=\"https:\/\/www.ledstyl.pl\/kinkiety-ogrodowe-retro-cat-336\" class=\"su-button su-button-style-3d\" style=\"color:#ffffff;background-color:#ef2d36;border-color:#c0242c;border-radius:50px;-moz-border-radius:50px;-webkit-border-radius:50px\" target=\"_self\" rel=\"nofollow\"><span style=\"color:#ffffff;padding:0px 24px;font-size:18px;line-height:36px;border-color:#f46c73;border-radius:50px;-moz-border-radius:50px;-webkit-border-radius:50px;text-shadow:none;-moz-text-shadow:none;-webkit-text-shadow:none\"> <b>Zobacz wi\u0119cej<\/b><\/span><\/a><\/div><\/td>\n<td style=\"width: 33.3333%; height: 18px;\">\n<p style=\"text-align: center;\"><div class=\"su-button-center\"><a href=\"https:\/\/www.ledstyl.pl\/kinkiety-ogrodowe-z-czujnikiem-cat-337\" class=\"su-button su-button-style-3d\" style=\"color:#ffffff;background-color:#ef2d36;border-color:#c0242c;border-radius:50px;-moz-border-radius:50px;-webkit-border-radius:50px\" target=\"_self\" rel=\"nofollow\"><span style=\"color:#ffffff;padding:0px 24px;font-size:18px;line-height:36px;border-color:#f46c73;border-radius:50px;-moz-border-radius:50px;-webkit-border-radius:50px;text-shadow:none;-moz-text-shadow:none;-webkit-text-shadow:none\"> <b>Zobacz wi\u0119cej<\/b><\/span><\/a><\/div>\n<\/td>\n<\/tr>\n<\/tbody>\n<\/table>\n<p>Pami\u0119taj, \u017ce o\u015bwietlenie ogrodowe nie tylko \u015bwietnie wygl\u0105da, ale tak\u017ce zapewnia bezpiecze\u0144stwo. Wykorzystuj\u0105c s\u0142upki ogrodowe, czy <a href=\"https:\/\/www.ledstyl.pl\/halogen-solarny-cat-217\">halogen solarny<\/a> mo\u017cesz o\u015bwietli\u0107 kraw\u0119dzie tarasu lub balkonu, drzwi, \u015bcie\u017cki i chodniki lub dowolny inny obszar. Projektuj\u0105c o\u015bwietlenie ogrodu, powinni\u015bmy zawsze pami\u0119ta\u0107, o tym, \u017ce jego wygl\u0105d powinien \u0142\u0105czy\u0107 si\u0119 z funkcjonalno\u015bci\u0105 i zapewni\u0107 odpowiednie o\u015bwietlenie do najwa\u017cniejszych stref naszego ogrodu.<\/p>\n<p><img loading=\"lazy\" decoding=\"async\" class=\"wp-image-487 aligncenter\" src=\"https:\/\/www.ledstyl.pl\/blog\/wp-content\/uploads\/2022\/04\/lampy-w-ogrodzie-aranzacje-1024x596.jpg\" alt=\"Lampy w ogrodzie aran\u017cacje\" width=\"700\" height=\"407\" srcset=\"https:\/\/www.ledstyl.pl\/blog\/wp-content\/uploads\/2022\/04\/lampy-w-ogrodzie-aranzacje-1024x596.jpg 1024w, https:\/\/www.ledstyl.pl\/blog\/wp-content\/uploads\/2022\/04\/lampy-w-ogrodzie-aranzacje-300x175.jpg 300w, https:\/\/www.ledstyl.pl\/blog\/wp-content\/uploads\/2022\/04\/lampy-w-ogrodzie-aranzacje-768x447.jpg 768w, https:\/\/www.ledstyl.pl\/blog\/wp-content\/uploads\/2022\/04\/lampy-w-ogrodzie-aranzacje.jpg 1200w\" sizes=\"(max-width: 700px) 100vw, 700px\" \/><\/p>\n<h2>Jaki kabel do o\u015bwietlenia ogrodu?<\/h2>\n<p>O\u015bwietlenie ogrodowe oferuje nam mn\u00f3stwo korzy\u015bci. Mo\u017ce o\u015bwietli\u0107 drog\u0119 do drzwi wej\u015bciowych, pomo\u017ce Ci zobaczy\u0107, kto dzwoni w nocy i odstraszy\u0107 ewentualnych w\u0142amywaczy. Odpowiednie o\u015bwietlenie zewn\u0119trzne pozwala w pe\u0142ni wykorzysta\u0107 taras w ciep\u0142e letnie wieczory i mo\u017ce stworzy\u0107 osza\u0142amiaj\u0105ce efekty wizualne \u015bwiat\u0142a i cienia w\u015br\u00f3d ro\u015blin, krzew czy drzew. Niezwykle wa\u017cne w przypadku o\u015bwietlenia ogrodu, b\u0119dzie r\u00f3wnie\u017c odpowiednie pod\u0142\u0105czenie i zaplanowanie biegn\u0105cej instalacji przy\u0142\u0105czeniowej.<\/p>\n<p>O\u015bwietlenie ogrodowe mo\u017cna zasila\u0107 z zewn\u0119trznej rozdzielnicy, czy hermetycznej skrzynki. Oczywi\u015bcie przy pod\u0142\u0105czeniu nie mo\u017cna zapomnie\u0107 o zastosowaniu odpowiedniego bezpiecznika, kt\u00f3ry ochroni nasz\u0105 instalacj\u0119 przed przypadkowym spi\u0119ciem czy uszkodzeniem. <strong>Po wyj\u015bciu na zewn\u0105trz o\u015bwietlenie ogrodowe nale\u017cy zasila\u0107 za pomoc\u0105 trzy\u017cy\u0142owego przewodu przystosowanego do instalacji zewn\u0119trznych i przeznaczonego do monta\u017cu naziemnego. Kabel powinien by\u0107 odpowiednio zabezpieczony i mie\u0107 grubo\u015b\u0107 minimum 1,5 mm\u00b2<\/strong>.<\/p>\n<p><img loading=\"lazy\" decoding=\"async\" class=\"wp-image-488 aligncenter\" src=\"https:\/\/www.ledstyl.pl\/blog\/wp-content\/uploads\/2022\/04\/oswietlenie-elewacji.jpg\" alt=\"O\u015bwietlenie elewacji\" width=\"700\" height=\"615\" srcset=\"https:\/\/www.ledstyl.pl\/blog\/wp-content\/uploads\/2022\/04\/oswietlenie-elewacji.jpg 758w, https:\/\/www.ledstyl.pl\/blog\/wp-content\/uploads\/2022\/04\/oswietlenie-elewacji-300x264.jpg 300w\" sizes=\"(max-width: 700px) 100vw, 700px\" \/><\/p>\n<p>Montuj\u0105c <a href=\"https:\/\/www.ledstyl.pl\/lampy-ogrodowe-led-cat-95\">lampy ogrodowe<\/a> i pod\u0142\u0105czaj\u0105c je do instalacji, upewnij si\u0119, \u017ce s\u0105 odporne na warunki atmosferyczne oraz odpowiednie do u\u017cytku na zewn\u0105trz. Wszystkie oprawy o\u015bwietleniowe zewn\u0119trzne powinny mie\u0107 klas\u0119 szczelno\u015bci minimum IP44 i by\u0107 odporne na dzia\u0142anie py\u0142u, kurzu czy wilgoci.<\/p>\n<h2>Jak o\u015bwietli\u0107 ogr\u00f3d bez pr\u0105du?<\/h2>\n<p><strong>Lampy ogrodowe, kt\u00f3re mog\u0105 \u015bwieci\u0107 bez pr\u0105du<\/strong>, s\u0105 dzi\u015b coraz ch\u0119tniej wybierane w wielu aran\u017cacjach. Nie ka\u017cdy z w\u0142a\u015bcicieli du\u017cych czy mniejszych ogrod\u00f3w chcia\u0142by przeci\u0105ga\u0107 przez nie d\u0142ugie przewody instalacyjne. <a href=\"https:\/\/www.ledstyl.pl\/lampy-ogrodowe-solarne-cat-287\">Lampy ogrodowe solarne<\/a> s\u0105 odpowiedzi\u0105 na obecne zapotrzebowanie rynku i pozwalaj\u0105 na o\u015bwietlenie ogrodu bez pr\u0105du. Lampa ogrodowa z panelem solarnym pozyskuje energi\u0119 niezb\u0119dn\u0105 do pracy z promieni s\u0142onecznych. Jest to bardzo wygodne rozwi\u0105zanie, ale r\u00f3wnie\u017c niezwykle oszcz\u0119dne, poniewa\u017c pr\u00f3cz koszt\u00f3w zakupu lamp ich praca jest ca\u0142kowicie darmowa. <strong>O\u015bwietlenie ogrodu bez pr\u0105du<\/strong> jest dzi\u015b mo\u017cliwe dzi\u0119ki energooszcz\u0119dnej technologii LED, kt\u00f3ra pozwala na prac\u0119 lamp nawet przez ca\u0142\u0105 noc. W trakcie dnia oprawy \u0142aduj\u0105 swoje akumulatory dzi\u0119ki promieniom s\u0142onecznym, a nast\u0119pnie wykorzystuj\u0105 ca\u0142\u0105 magazynow\u0105 energi\u0119 do \u015bwiecenia w trakcie nocy.<\/p>\n<p><img loading=\"lazy\" decoding=\"async\" class=\"wp-image-489 aligncenter\" src=\"https:\/\/www.ledstyl.pl\/blog\/wp-content\/uploads\/2022\/04\/jak-oswietlic-ogrod-bez-pradu-1024x712.jpg\" alt=\"Jak o\u015bwietli\u0107 ogr\u00f3d bez pr\u0105du\" width=\"700\" height=\"487\" srcset=\"https:\/\/www.ledstyl.pl\/blog\/wp-content\/uploads\/2022\/04\/jak-oswietlic-ogrod-bez-pradu-1024x712.jpg 1024w, https:\/\/www.ledstyl.pl\/blog\/wp-content\/uploads\/2022\/04\/jak-oswietlic-ogrod-bez-pradu-300x209.jpg 300w, https:\/\/www.ledstyl.pl\/blog\/wp-content\/uploads\/2022\/04\/jak-oswietlic-ogrod-bez-pradu-768x534.jpg 768w, https:\/\/www.ledstyl.pl\/blog\/wp-content\/uploads\/2022\/04\/jak-oswietlic-ogrod-bez-pradu-392x272.jpg 392w, https:\/\/www.ledstyl.pl\/blog\/wp-content\/uploads\/2022\/04\/jak-oswietlic-ogrod-bez-pradu-130x90.jpg 130w, https:\/\/www.ledstyl.pl\/blog\/wp-content\/uploads\/2022\/04\/jak-oswietlic-ogrod-bez-pradu.jpg 1200w\" sizes=\"(max-width: 700px) 100vw, 700px\" \/><\/p>\n<h2>Jak o\u015bwietli\u0107 drzewa w ogrodzie i inne jego elementy?<\/h2>\n<p>Zbyt mocne o\u015bwietlenie elementu takiego jak drzewo, oczko wodne czy \u015bcie\u017cka ogrodowa sprawi, \u017ce wszystko inne walory Twojego ogrodu b\u0119d\u0105 wygl\u0105da\u0142y na zbyt ciemne. Je\u015bli chodzi o zapewnienie funkcjonalnego i nastrojowego efektu na zewn\u0105trz, oprawy wykorzystuj\u0105ce technologi\u0119 LED to idealne rozwi\u0105zanie do zaakcentowania charakterystycznych element\u00f3w Twojego ogrodu. W przesz\u0142o\u015bci ogrody by\u0142y na og\u00f3\u0142 o\u015bwietlane zgodnie z filozofi\u0105 \u201ewszystko albo nic\u201d. W rezultacie kilka mocnych \u015bwiate\u0142 sprawia, \u017ce \u200b\u200breszta ogrodu znika. Jest to powszechny b\u0142\u0105d i to nie tylko dlatego, \u017ce wcze\u015bniej najni\u017csza moc dost\u0119pna w o\u015bwietleniu ogrodowym wynosi\u0142a oko\u0142o 50 wat\u00f3w. Obecnie o\u015bwietlenie LED oferuje nam lepsze rozwi\u0105zanie, umo\u017cliwiaj\u0105ce o\u015bwietlenie ogrodu przy mniejszym poborze mocy, a przy zachowaniu tej samej jasno\u015bci \u015bwiat\u0142a.<\/p>\n<p><img loading=\"lazy\" decoding=\"async\" class=\"wp-image-486 aligncenter\" src=\"https:\/\/www.ledstyl.pl\/blog\/wp-content\/uploads\/2022\/04\/oswietlenie-ogrodu.jpg\" alt=\"O\u015bwietlenie ogrodu\" width=\"700\" height=\"540\" srcset=\"https:\/\/www.ledstyl.pl\/blog\/wp-content\/uploads\/2022\/04\/oswietlenie-ogrodu.jpg 1000w, https:\/\/www.ledstyl.pl\/blog\/wp-content\/uploads\/2022\/04\/oswietlenie-ogrodu-300x232.jpg 300w, https:\/\/www.ledstyl.pl\/blog\/wp-content\/uploads\/2022\/04\/oswietlenie-ogrodu-768x593.jpg 768w\" sizes=\"(max-width: 700px) 100vw, 700px\" \/><\/p>\n<h2>Jak pod\u015bwietli\u0107 ro\u015bliny w ogrodzie?<\/h2>\n<p><strong>O\u015bwietlenie ro\u015blin w ogrodzie<\/strong> odgrywa r\u00f3wnie wa\u017cn\u0105 rol\u0119, co do\u015bwietlenie jego \u015bcie\u017cek, czy innych element\u00f3w architektury. Dobrze rozmieszczone <a href=\"https:\/\/www.ledstyl.pl\/reflektor-ogrodowy-cat-174\">reflektory ogrodowe<\/a> mog\u0105 mie\u0107 ogromne znaczenie, szczeg\u00f3lnie je\u015bli s\u0105 umieszczone u podstaw drzew czy w pobli\u017cu ro\u015blin, czy krzew\u00f3w. Pozwol\u0105 one pokre\u015bli\u0107 ich wygl\u0105d i nawet w ci\u0105gu nocy zaakcentuj\u0105 ich tekstury otaczaj\u0105cych li\u015bci, czy wydob\u0119d\u0105 delikatne detale. \u015awiat\u0142a mo\u017cna schowa\u0107 w ca\u0142ym ogrodzie i pomog\u0105 nam one stworzy\u0107 wyj\u0105tkow\u0105 atmosfer\u0119, w trakcie ka\u017cdego wieczoru czy nocy. W przypadku bezpo\u015bredniego o\u015bwietlenia mog\u0105 wydawa\u0107 si\u0119 one nieco ostre, ale przy ich monta\u017cu z zachowaniem odpowiedniej dyskrecji dodadz\u0105 tylko waloru naszej ro\u015blinno\u015bci.<\/p>\n<p><img loading=\"lazy\" decoding=\"async\" class=\"wp-image-492 aligncenter\" src=\"https:\/\/www.ledstyl.pl\/blog\/wp-content\/uploads\/2022\/04\/podswietlenie-roslin-w-ogrodzie.jpg\" alt=\"Pod\u015bwietlenie ro\u015blin w ogrodzie\" width=\"700\" height=\"486\" srcset=\"https:\/\/www.ledstyl.pl\/blog\/wp-content\/uploads\/2022\/04\/podswietlenie-roslin-w-ogrodzie.jpg 1000w, https:\/\/www.ledstyl.pl\/blog\/wp-content\/uploads\/2022\/04\/podswietlenie-roslin-w-ogrodzie-300x208.jpg 300w, https:\/\/www.ledstyl.pl\/blog\/wp-content\/uploads\/2022\/04\/podswietlenie-roslin-w-ogrodzie-768x533.jpg 768w, https:\/\/www.ledstyl.pl\/blog\/wp-content\/uploads\/2022\/04\/podswietlenie-roslin-w-ogrodzie-392x272.jpg 392w, https:\/\/www.ledstyl.pl\/blog\/wp-content\/uploads\/2022\/04\/podswietlenie-roslin-w-ogrodzie-130x90.jpg 130w\" sizes=\"(max-width: 700px) 100vw, 700px\" \/><\/p>\n<h2>Jak zaprojektowa\u0107 o\u015bwietlenie w ogrodzie?<\/h2>\n<p><strong>Projekt o\u015bwietlenia ogrodu<\/strong> ma niezwykle wa\u017cne znaczenie jeszcze przed samym wyborem lamp ogrodowych. Odpowiednio dobrane \u015bwiat\u0142a w ogrodzie mog\u0105 zmieni\u0107 wygl\u0105d ca\u0142ej Twojej posesji, zapewni\u0107 jej odpowiedni poziom bezpiecze\u0144stwa, ale tak\u017ce u\u0142atwi\u0107 samo poruszanie si\u0119 po niej. <strong>Zaprojektowanie o\u015bwietlenia w ogrodzie powinni\u015bmy zacz\u0105\u0107 od jego podzia\u0142u na odpowiednie strefy<\/strong>:<\/p>\n<ul>\n<li>O\u015bwietlenie elewacji i \u015bcian &#8211; s\u0142u\u017cy do pokre\u015blenia architektury domu, jego koloru, czy samej konstrukcji.<\/li>\n<li>Dekoracyjne i akcentowe o\u015bwietlenie ogrodu &#8211; pe\u0142ni g\u0142\u00f3wnie rol\u0119 ozdobn\u0105 i stosuje si\u0119 je w celu podkre\u015blenia wa\u017cnych dla nas obiekt\u00f3w, ro\u015blin czy drzew.<\/li>\n<li>Cieniowanie ogrodu &#8211; zabawa \u015bwiat\u0142em to r\u00f3wnie\u017c cienie, czyli technika, kt\u00f3r\u0105 warto u\u017cywa\u0107 w wi\u0119kszych i mniejszych ogrodach. Cieniowanie mo\u017cna uzyska\u0107, kieruj\u0105c \u015bwiat\u0142o na drzewa, czy inne elementy ogrodu, tak aby wybrany obiekt rzuca\u0142 cie\u0144 na powierzchni\u0119 bezpo\u015brednio za nim.<\/li>\n<li>O\u015bwietlenie \u015bcie\u017cek i dr\u00f3g &#8211; do\u015bwietlenie drogi i \u015bcie\u017cki w ogrodzie jest niezwykle wa\u017cnym elementem jego aran\u017cacji. Wybrane lampy powinny odpowiednio jasno do\u015bwietla\u0107 t\u0119 przestrze\u0144, aby m\u00f3c swobodnie i bezpiecznie porusza\u0107 si\u0119 po ca\u0142ym ogrodzie.<\/li>\n<\/ul>\n<table style=\"width: 100%; height: 124px; border: none;\">\n<tbody>\n<tr style=\"height: 42px;\">\n<td style=\"width: 33.3333%; height: 42px;\"><a href=\"https:\/\/www.ledstyl.pl\/lampa-elewacyjna-nowoczesna-cat-330\"><img loading=\"lazy\" decoding=\"async\" class=\"size-medium wp-image-291 aligncenter\" src=\"https:\/\/www.ledstyl.pl\/dane\/source\/6\/69f115f5-e858-445c-8e6c-777a1a2ca36b.jpg\" alt=\"Lampa elewacyjna nowoczesna\" width=\"298\" height=\"300\" \/><\/a><\/td>\n<td style=\"width: 33.3333%; height: 42px;\"><a href=\"https:\/\/www.ledstyl.pl\/lampa-elewacyjna-gora-dol-cat-333\"><img loading=\"lazy\" decoding=\"async\" class=\"size-medium wp-image-292 aligncenter\" src=\"https:\/\/www.ledstyl.pl\/dane\/source\/6\/6097e126-4465-4491-8836-de2caf6ea475.jpg\" alt=\"Lampa elewacyjna g\u00f3ra d\u00f3\u0142\" width=\"298\" height=\"300\" \/><\/a><\/td>\n<td style=\"width: 33.3333%; height: 42px;\"><a href=\"https:\/\/www.ledstyl.pl\/lampa-elewacyjna-solarna-cat-334\"><img loading=\"lazy\" decoding=\"async\" class=\"size-medium wp-image-293 aligncenter\" src=\"https:\/\/www.ledstyl.pl\/dane\/source\/3\/32802b48-088e-417b-b341-f43ed70b0006.jpg\" alt=\"Lampa elewacyjna solarna\" width=\"298\" height=\"300\" \/><\/a><\/td>\n<\/tr>\n<tr style=\"height: 62px;\">\n<td style=\"width: 33.3333%; height: 62px; text-align: center;\"><span style=\"font-size: 12pt;\"><a href=\"https:\/\/www.ledstyl.pl\/lampa-elewacyjna-nowoczesna-cat-330\"><div class=\"su-animate\" style=\"opacity:0;-webkit-animation-duration:1s;-webkit-animation-delay:0s;animation-duration:1s;animation-delay:0s;\" data-animation=\"bounceIn\" data-duration=\"1\" data-delay=\"0\"><strong>Lampa elewacyjna nowoczesna<\/strong><\/div><\/a><\/span><\/td>\n<td style=\"width: 33.3333%; height: 62px; text-align: center;\"><span style=\"font-size: 12pt;\"><a href=\"https:\/\/www.ledstyl.pl\/lampa-elewacyjna-gora-dol-cat-333\"><div class=\"su-animate\" style=\"opacity:0;-webkit-animation-duration:1s;-webkit-animation-delay:0s;animation-duration:1s;animation-delay:0s;\" data-animation=\"bounceIn\" data-duration=\"1\" data-delay=\"0\"><strong>Lampa elewacyjna g\u00f3ra d\u00f3\u0142<\/strong><\/div><\/a><\/span><\/td>\n<td style=\"width: 33.3333%; height: 62px; text-align: center;\"><span style=\"font-size: 12pt;\"><a href=\"https:\/\/www.ledstyl.pl\/lampa-elewacyjna-solarna-cat-334\"><div class=\"su-animate\" style=\"opacity:0;-webkit-animation-duration:1s;-webkit-animation-delay:0s;animation-duration:1s;animation-delay:0s;\" data-animation=\"bounceIn\" data-duration=\"1\" data-delay=\"0\"><strong>Lampa elewacyjna solarna<\/strong><\/div><\/a><\/span><\/td>\n<\/tr>\n<tr style=\"height: 54px;\">\n<td style=\"width: 33.3333%; height: 18px;\"><div class=\"su-button-center\"><a href=\"https:\/\/www.ledstyl.pl\/lampa-elewacyjna-nowoczesna-cat-330\" class=\"su-button su-button-style-3d\" style=\"color:#ffffff;background-color:#ef2d36;border-color:#c0242c;border-radius:50px;-moz-border-radius:50px;-webkit-border-radius:50px\" target=\"_self\" rel=\"nofollow\"><span style=\"color:#ffffff;padding:0px 24px;font-size:18px;line-height:36px;border-color:#f46c73;border-radius:50px;-moz-border-radius:50px;-webkit-border-radius:50px;text-shadow:none;-moz-text-shadow:none;-webkit-text-shadow:none\"> <b>Zobacz wi\u0119cej<\/b><\/span><\/a><\/div><\/td>\n<td style=\"width: 33.3333%; height: 18px;\"><div class=\"su-button-center\"><a href=\"https:\/\/www.ledstyl.pl\/lampa-elewacyjna-gora-dol-cat-333\" class=\"su-button su-button-style-3d\" style=\"color:#ffffff;background-color:#ef2d36;border-color:#c0242c;border-radius:50px;-moz-border-radius:50px;-webkit-border-radius:50px\" target=\"_self\" rel=\"nofollow\"><span style=\"color:#ffffff;padding:0px 24px;font-size:18px;line-height:36px;border-color:#f46c73;border-radius:50px;-moz-border-radius:50px;-webkit-border-radius:50px;text-shadow:none;-moz-text-shadow:none;-webkit-text-shadow:none\"> <b>Zobacz wi\u0119cej<\/b><\/span><\/a><\/div><\/td>\n<td style=\"width: 33.3333%; height: 18px;\">\n<p style=\"text-align: center;\"><div class=\"su-button-center\"><a href=\"https:\/\/www.ledstyl.pl\/lampa-elewacyjna-solarna-cat-334\" class=\"su-button su-button-style-3d\" style=\"color:#ffffff;background-color:#ef2d36;border-color:#c0242c;border-radius:50px;-moz-border-radius:50px;-webkit-border-radius:50px\" target=\"_self\" rel=\"nofollow\"><span style=\"color:#ffffff;padding:0px 24px;font-size:18px;line-height:36px;border-color:#f46c73;border-radius:50px;-moz-border-radius:50px;-webkit-border-radius:50px;text-shadow:none;-moz-text-shadow:none;-webkit-text-shadow:none\"> <b>Zobacz wi\u0119cej<\/b><\/span><\/a><\/div>\n<\/td>\n<\/tr>\n<\/tbody>\n<\/table>\n<p>Po odpowiednim podziale stref w ogrodzie, mo\u017cemy przej\u015b\u0107 do wyboru odpowiednich lamp do ka\u017cdej z nich. Warto zdecydowa\u0107 si\u0119 wtedy na r\u00f3\u017cnorodne formy o\u015bwietlenia, tak aby podkre\u015bli\u0107 wszystkie walory naszego ogrodu, a tak\u017ce stworzy\u0107 wygodne i funkcjonalne o\u015bwietlenie naszej posesji.<\/p>\n<p><img loading=\"lazy\" decoding=\"async\" class=\"wp-image-490 aligncenter\" src=\"https:\/\/www.ledstyl.pl\/blog\/wp-content\/uploads\/2022\/04\/projekt-oswietlenia-ogrodu.jpg\" alt=\"Projekt o\u015bwietlenia ogrodu\" width=\"700\" height=\"492\" srcset=\"https:\/\/www.ledstyl.pl\/blog\/wp-content\/uploads\/2022\/04\/projekt-oswietlenia-ogrodu.jpg 990w, https:\/\/www.ledstyl.pl\/blog\/wp-content\/uploads\/2022\/04\/projekt-oswietlenia-ogrodu-300x211.jpg 300w, https:\/\/www.ledstyl.pl\/blog\/wp-content\/uploads\/2022\/04\/projekt-oswietlenia-ogrodu-768x540.jpg 768w, https:\/\/www.ledstyl.pl\/blog\/wp-content\/uploads\/2022\/04\/projekt-oswietlenia-ogrodu-130x90.jpg 130w\" sizes=\"(max-width: 700px) 100vw, 700px\" \/><\/p>\n<h2>O\u015bwietlenie w ogrodzie &#8211; aran\u017cacje<\/h2>\n<p>Og\u00f3lna <strong>aran\u017cacja o\u015bwietlenia w ogrodzie<\/strong>, cho\u0107 nie jest tak skomplikowana, jak w przypadku domowych wn\u0119trz, cz\u0119sto potrafi przyprawi\u0107 o zawr\u00f3t g\u0142owy. Dzi\u015b mamy dost\u0119pnych wiele pionierskich rozwi\u0105za\u0144 do aran\u017cacji o\u015bwietlenia ogrodu, dzi\u0119ki czemu mo\u017cemy to zrobi\u0107 w sw\u00f3j w\u0142asny i wymarzony spos\u00f3b. Aran\u017cacja o\u015bwietlenia w ogrodzie i w domu ma podobne regu\u0142y. W obu przypadkach o\u015bwietlan\u0105 przestrze\u0144 nale\u017cy podzieli\u0107 na strefy, a nast\u0119pnie dopasowa\u0107 do ka\u017cdej z nich odpowiedni rodzaj o\u015bwietlenia. Lampy w ogrodzie powinny by\u0107 odpowiednio dopasowane do ka\u017cdej strefy naszej posesji, ale r\u00f3wnie\u017c na tyle funkcjonalne, aby odpowiednio ka\u017cd\u0105 z nich do\u015bwietli\u0107.<\/p>\n<p><img loading=\"lazy\" decoding=\"async\" class=\"wp-image-491 aligncenter\" src=\"https:\/\/www.ledstyl.pl\/blog\/wp-content\/uploads\/2022\/04\/oswietlenie-ogrodowe-aranzacje.jpg\" alt=\"O\u015bwietlenie ogrodowe aran\u017cacje\" width=\"700\" height=\"580\" srcset=\"https:\/\/www.ledstyl.pl\/blog\/wp-content\/uploads\/2022\/04\/oswietlenie-ogrodowe-aranzacje.jpg 984w, https:\/\/www.ledstyl.pl\/blog\/wp-content\/uploads\/2022\/04\/oswietlenie-ogrodowe-aranzacje-300x249.jpg 300w, https:\/\/www.ledstyl.pl\/blog\/wp-content\/uploads\/2022\/04\/oswietlenie-ogrodowe-aranzacje-768x637.jpg 768w\" sizes=\"(max-width: 700px) 100vw, 700px\" \/><\/p>\n<p>W ka\u017cdym ogrodzie warto postawi\u0107 na zr\u00f3\u017cnicowane formy \u015bwiat\u0142a, nie zapominaj\u0105c o o\u015bwietleniu og\u00f3lnym, akcentowym czy zadaniowym. Takie po\u0142\u0105czenie zbuduje odpowiedni nast\u00f3j na Twojej posesji, ale tak\u017ce zapewni r\u00f3wnomierne \u015bwiat\u0142o w ka\u017cdej z do\u015bwietlanych stref. Lampy ogrodowe dost\u0119pne s\u0105 dzi\u015b w wielu r\u00f3\u017cnych formach. W zale\u017cno\u015bci od wybranych modeli nasze lampy b\u0119dziemy mogli zamontowa\u0107 w pod\u0142o\u017cu, czy na elewacji naszego domu. Wyst\u0119puj\u0105 one w r\u00f3\u017cnych wersjach, a dzi\u0119ki nowoczesnej technologii LED wyb\u00f3r mamy dzi\u015b tak ogromny, \u017ce zaprojektowa\u0107 ogr\u00f3d mo\u017cemy wed\u0142ug w\u0142asnego i indywidualnego pomys\u0142u.<\/p>\n","protected":false},"excerpt":{"rendered":"<p>Odpowiednie o\u015bwietlenie ma na celu przede wszystkim podkre\u015bli\u0107 walory Twojego ogrodu. Wszystkie ogrody, bez wzgl\u0119du na wielko\u015b\u0107, maj\u0105 r\u00f3\u017cne cechy i b\u0119d\u0105 dobrze o\u015bwietlone tylko wtedy, gdy we\u017amiemy je wszystkie pod uwag\u0119. O\u015bwietlenie ogrodu powinno by\u0107 uzupe\u0142nieniem jego projektu, a tak\u017ce pozwoli\u0107 na jego d\u0142u\u017csze u\u017cytkowanie nawet po zmroku. Projektuj\u0105c o\u015bwietlenie w ogrodzie, powinni\u015bmy si\u0119 [&hellip;]<\/p>\n","protected":false},"author":1,"featured_media":485,"comment_status":"open","ping_status":"open","sticky":false,"template":"","format":"standard","meta":{"_gspb_post_css":"","footnotes":""},"categories":[48],"tags":[],"blocksy_meta":{"styles_descriptor":{"styles":{"desktop":"","tablet":"","mobile":""},"google_fonts":[],"version":6}},"featured_image_urls":{"full":["https:\/\/www.ledstyl.pl\/blog\/wp-content\/uploads\/2022\/04\/jak-oswietlic-ogrod.jpg",1280,720,false],"thumbnail":["https:\/\/www.ledstyl.pl\/blog\/wp-content\/uploads\/2022\/04\/jak-oswietlic-ogrod-150x150.jpg",150,150,true],"medium":["https:\/\/www.ledstyl.pl\/blog\/wp-content\/uploads\/2022\/04\/jak-oswietlic-ogrod-300x169.jpg",300,169,true],"medium_large":["https:\/\/www.ledstyl.pl\/blog\/wp-content\/uploads\/2022\/04\/jak-oswietlic-ogrod-768x432.jpg",768,432,true],"large":["https:\/\/www.ledstyl.pl\/blog\/wp-content\/uploads\/2022\/04\/jak-oswietlic-ogrod-1024x576.jpg",1024,576,true],"1536x1536":["https:\/\/www.ledstyl.pl\/blog\/wp-content\/uploads\/2022\/04\/jak-oswietlic-ogrod.jpg",1280,720,false],"2048x2048":["https:\/\/www.ledstyl.pl\/blog\/wp-content\/uploads\/2022\/04\/jak-oswietlic-ogrod.jpg",1280,720,false]},"post_excerpt_stackable":"<p>Odpowiednie o\u015bwietlenie ma na celu przede wszystkim podkre\u015bli\u0107 walory Twojego ogrodu. Wszystkie ogrody, bez wzgl\u0119du na wielko\u015b\u0107, maj\u0105 r\u00f3\u017cne cechy i b\u0119d\u0105 dobrze o\u015bwietlone tylko wtedy, gdy we\u017amiemy je wszystkie pod uwag\u0119. O\u015bwietlenie ogrodu powinno by\u0107 uzupe\u0142nieniem jego projektu, a tak\u017ce pozwoli\u0107 na jego d\u0142u\u017csze u\u017cytkowanie nawet po zmroku. Projektuj\u0105c o\u015bwietlenie w ogrodzie, powinni\u015bmy si\u0119 przede wszystkim zastanowi\u0107 nad odpowiednim rozmieszczeniem lamp. Niezwykle wa\u017cny b\u0119dzie tutaj r\u00f3wnie\u017c styl, jaki chcieliby\u015bmy utrzyma\u0107 na naszej posesji. Jak o\u015bwietli\u0107 ogr\u00f3d, ro\u015bliny i drzewa w ogrodzie? Gdzie i kiedy potrzebujesz o\u015bwietlenia? Stw\u00f3rz razem z nami plan o\u015bwietlenia ogrodu dostosowany do Twoich potrzeb i oczekiwa\u0144.&hellip;<\/p>\n","category_list":"<a href=\"https:\/\/www.ledstyl.pl\/blog\/dobor-oswietlenia-inspiracje\/\" rel=\"category tag\">Dob\u00f3r o\u015bwietlenia Inspiracje<\/a>","author_info":{"name":"Adam","url":"https:\/\/www.ledstyl.pl\/blog\/author\/rafal\/"},"comments_num":"0 comments","yoast_head":"<!-- This site is optimized with the Yoast SEO plugin v22.5 - https:\/\/yoast.com\/wordpress\/plugins\/seo\/ -->\r\n<title>Jak o\u015bwietli\u0107 ogr\u00f3d w 2026 roku? Poradnik od specjalist\u00f3w LEDstyl.pl<\/title>\r\n<meta name=\"description\" content=\"O\u015bwietlenie ogrodu mo\u017ce by\u0107 stylowe, funkcjonalne i energooszcz\u0119dne. Sprawd\u017a jak o\u015bwietli\u0107 ogr\u00f3d w 2026 roku i poznaj najnowsze trendy.\" \/>\r\n<meta name=\"robots\" content=\"index, follow, max-snippet:-1, max-image-preview:large, max-video-preview:-1\" \/>\r\n<link rel=\"canonical\" href=\"https:\/\/www.ledstyl.pl\/blog\/jak-oswietlic-ogrod\/\" \/>\r\n<meta property=\"og:locale\" content=\"pl_PL\" \/>\r\n<meta property=\"og:type\" content=\"article\" \/>\r\n<meta property=\"og:title\" content=\"Jak o\u015bwietli\u0107 ogr\u00f3d w 2026 roku? Poradnik od specjalist\u00f3w LEDstyl.pl\" \/>\r\n<meta property=\"og:description\" content=\"O\u015bwietlenie ogrodu mo\u017ce by\u0107 stylowe, funkcjonalne i energooszcz\u0119dne. Sprawd\u017a jak o\u015bwietli\u0107 ogr\u00f3d w 2026 roku i poznaj najnowsze trendy.\" \/>\r\n<meta property=\"og:url\" content=\"https:\/\/www.ledstyl.pl\/blog\/jak-oswietlic-ogrod\/\" \/>\r\n<meta property=\"og:site_name\" content=\"Blog LEDstyl.pl - blog o o\u015bwietleniu LED\" \/>\r\n<meta property=\"article:published_time\" content=\"2023-02-14T23:48:22+00:00\" \/>\r\n<meta property=\"article:modified_time\" content=\"2026-02-04T15:42:04+00:00\" \/>\r\n<meta property=\"og:image\" content=\"https:\/\/www.ledstyl.pl\/blog\/wp-content\/uploads\/2022\/04\/jak-oswietlic-ogrod.jpg\" \/>\r\n\t<meta property=\"og:image:width\" content=\"1280\" \/>\r\n\t<meta property=\"og:image:height\" content=\"720\" \/>\r\n\t<meta property=\"og:image:type\" content=\"image\/jpeg\" \/>\r\n<meta name=\"author\" content=\"Adam\" \/>\r\n<meta name=\"twitter:card\" content=\"summary_large_image\" \/>\r\n<meta name=\"twitter:label1\" content=\"Napisane przez\" \/>\n\t<meta name=\"twitter:data1\" content=\"Adam\" \/>\n\t<meta name=\"twitter:label2\" content=\"Szacowany czas czytania\" \/>\n\t<meta name=\"twitter:data2\" content=\"12 minut\" \/>\r\n<script type=\"application\/ld+json\" class=\"yoast-schema-graph\">{\"@context\":\"https:\/\/schema.org\",\"@graph\":[{\"@type\":\"Article\",\"@id\":\"https:\/\/www.ledstyl.pl\/blog\/jak-oswietlic-ogrod\/#article\",\"isPartOf\":{\"@id\":\"https:\/\/www.ledstyl.pl\/blog\/jak-oswietlic-ogrod\/\"},\"author\":{\"name\":\"Adam\",\"@id\":\"https:\/\/www.ledstyl.pl\/blog\/#\/schema\/person\/8e88dde072bae58403e50156ceee5409\"},\"headline\":\"Jak o\u015bwietli\u0107 ogr\u00f3d w 2026 roku?\",\"datePublished\":\"2023-02-14T23:48:22+00:00\",\"dateModified\":\"2026-02-04T15:42:04+00:00\",\"mainEntityOfPage\":{\"@id\":\"https:\/\/www.ledstyl.pl\/blog\/jak-oswietlic-ogrod\/\"},\"wordCount\":1891,\"commentCount\":0,\"publisher\":{\"@id\":\"https:\/\/www.ledstyl.pl\/blog\/#organization\"},\"image\":{\"@id\":\"https:\/\/www.ledstyl.pl\/blog\/jak-oswietlic-ogrod\/#primaryimage\"},\"thumbnailUrl\":\"https:\/\/www.ledstyl.pl\/blog\/wp-content\/uploads\/2022\/04\/jak-oswietlic-ogrod.jpg\",\"articleSection\":[\"Dob\u00f3r o\u015bwietlenia Inspiracje\"],\"inLanguage\":\"pl-PL\",\"potentialAction\":[{\"@type\":\"CommentAction\",\"name\":\"Comment\",\"target\":[\"https:\/\/www.ledstyl.pl\/blog\/jak-oswietlic-ogrod\/#respond\"]}]},{\"@type\":\"WebPage\",\"@id\":\"https:\/\/www.ledstyl.pl\/blog\/jak-oswietlic-ogrod\/\",\"url\":\"https:\/\/www.ledstyl.pl\/blog\/jak-oswietlic-ogrod\/\",\"name\":\"Jak o\u015bwietli\u0107 ogr\u00f3d w 2026 roku? Poradnik od specjalist\u00f3w LEDstyl.pl\",\"isPartOf\":{\"@id\":\"https:\/\/www.ledstyl.pl\/blog\/#website\"},\"primaryImageOfPage\":{\"@id\":\"https:\/\/www.ledstyl.pl\/blog\/jak-oswietlic-ogrod\/#primaryimage\"},\"image\":{\"@id\":\"https:\/\/www.ledstyl.pl\/blog\/jak-oswietlic-ogrod\/#primaryimage\"},\"thumbnailUrl\":\"https:\/\/www.ledstyl.pl\/blog\/wp-content\/uploads\/2022\/04\/jak-oswietlic-ogrod.jpg\",\"datePublished\":\"2023-02-14T23:48:22+00:00\",\"dateModified\":\"2026-02-04T15:42:04+00:00\",\"description\":\"O\u015bwietlenie ogrodu mo\u017ce by\u0107 stylowe, funkcjonalne i energooszcz\u0119dne. Sprawd\u017a jak o\u015bwietli\u0107 ogr\u00f3d w 2026 roku i poznaj najnowsze trendy.\",\"breadcrumb\":{\"@id\":\"https:\/\/www.ledstyl.pl\/blog\/jak-oswietlic-ogrod\/#breadcrumb\"},\"inLanguage\":\"pl-PL\",\"potentialAction\":[{\"@type\":\"ReadAction\",\"target\":[\"https:\/\/www.ledstyl.pl\/blog\/jak-oswietlic-ogrod\/\"]}]},{\"@type\":\"ImageObject\",\"inLanguage\":\"pl-PL\",\"@id\":\"https:\/\/www.ledstyl.pl\/blog\/jak-oswietlic-ogrod\/#primaryimage\",\"url\":\"https:\/\/www.ledstyl.pl\/blog\/wp-content\/uploads\/2022\/04\/jak-oswietlic-ogrod.jpg\",\"contentUrl\":\"https:\/\/www.ledstyl.pl\/blog\/wp-content\/uploads\/2022\/04\/jak-oswietlic-ogrod.jpg\",\"width\":1280,\"height\":720,\"caption\":\"Jak o\u015bwietli\u0107 ogr\u00f3d\"},{\"@type\":\"BreadcrumbList\",\"@id\":\"https:\/\/www.ledstyl.pl\/blog\/jak-oswietlic-ogrod\/#breadcrumb\",\"itemListElement\":[{\"@type\":\"ListItem\",\"position\":1,\"name\":\"Strona g\u0142\u00f3wna\",\"item\":\"https:\/\/www.ledstyl.pl\/blog\/\"},{\"@type\":\"ListItem\",\"position\":2,\"name\":\"Jak o\u015bwietli\u0107 ogr\u00f3d w 2026 roku?\"}]},{\"@type\":\"WebSite\",\"@id\":\"https:\/\/www.ledstyl.pl\/blog\/#website\",\"url\":\"https:\/\/www.ledstyl.pl\/blog\/\",\"name\":\"Blog LEDstyl.pl - blog o o\u015bwietleniu LED\",\"description\":\"\",\"publisher\":{\"@id\":\"https:\/\/www.ledstyl.pl\/blog\/#organization\"},\"potentialAction\":[{\"@type\":\"SearchAction\",\"target\":{\"@type\":\"EntryPoint\",\"urlTemplate\":\"https:\/\/www.ledstyl.pl\/blog\/?s={search_term_string}\"},\"query-input\":\"required name=search_term_string\"}],\"inLanguage\":\"pl-PL\"},{\"@type\":\"Organization\",\"@id\":\"https:\/\/www.ledstyl.pl\/blog\/#organization\",\"name\":\"Blog LEDStyl.pl\",\"url\":\"https:\/\/www.ledstyl.pl\/blog\/\",\"logo\":{\"@type\":\"ImageObject\",\"inLanguage\":\"pl-PL\",\"@id\":\"https:\/\/www.ledstyl.pl\/blog\/#\/schema\/logo\/image\/\",\"url\":\"https:\/\/www.ledstyl.pl\/blog\/wp-content\/uploads\/2020\/10\/LEDStyl-blog-5.jpg\",\"contentUrl\":\"https:\/\/www.ledstyl.pl\/blog\/wp-content\/uploads\/2020\/10\/LEDStyl-blog-5.jpg\",\"width\":348,\"height\":141,\"caption\":\"Blog LEDStyl.pl\"},\"image\":{\"@id\":\"https:\/\/www.ledstyl.pl\/blog\/#\/schema\/logo\/image\/\"}},{\"@type\":\"Person\",\"@id\":\"https:\/\/www.ledstyl.pl\/blog\/#\/schema\/person\/8e88dde072bae58403e50156ceee5409\",\"name\":\"Adam\",\"image\":{\"@type\":\"ImageObject\",\"inLanguage\":\"pl-PL\",\"@id\":\"https:\/\/www.ledstyl.pl\/blog\/#\/schema\/person\/image\/\",\"url\":\"https:\/\/secure.gravatar.com\/avatar\/22b694890c8b57c2fb95f6b1ffd0077d?s=96&d=mm&r=g\",\"contentUrl\":\"https:\/\/secure.gravatar.com\/avatar\/22b694890c8b57c2fb95f6b1ffd0077d?s=96&d=mm&r=g\",\"caption\":\"Adam\"},\"sameAs\":[\"https:\/\/www.ledstyl.pl\/blog\"]}]}<\/script>\r\n<!-- \/ Yoast SEO plugin. -->","yoast_head_json":{"title":"Jak o\u015bwietli\u0107 ogr\u00f3d w 2026 roku? Poradnik od specjalist\u00f3w LEDstyl.pl","description":"O\u015bwietlenie ogrodu mo\u017ce by\u0107 stylowe, funkcjonalne i energooszcz\u0119dne. Sprawd\u017a jak o\u015bwietli\u0107 ogr\u00f3d w 2026 roku i poznaj najnowsze trendy.","robots":{"index":"index","follow":"follow","max-snippet":"max-snippet:-1","max-image-preview":"max-image-preview:large","max-video-preview":"max-video-preview:-1"},"canonical":"https:\/\/www.ledstyl.pl\/blog\/jak-oswietlic-ogrod\/","og_locale":"pl_PL","og_type":"article","og_title":"Jak o\u015bwietli\u0107 ogr\u00f3d w 2026 roku? Poradnik od specjalist\u00f3w LEDstyl.pl","og_description":"O\u015bwietlenie ogrodu mo\u017ce by\u0107 stylowe, funkcjonalne i energooszcz\u0119dne. Sprawd\u017a jak o\u015bwietli\u0107 ogr\u00f3d w 2026 roku i poznaj najnowsze trendy.","og_url":"https:\/\/www.ledstyl.pl\/blog\/jak-oswietlic-ogrod\/","og_site_name":"Blog LEDstyl.pl - blog o o\u015bwietleniu LED","article_published_time":"2023-02-14T23:48:22+00:00","article_modified_time":"2026-02-04T15:42:04+00:00","og_image":[{"width":1280,"height":720,"url":"https:\/\/www.ledstyl.pl\/blog\/wp-content\/uploads\/2022\/04\/jak-oswietlic-ogrod.jpg","type":"image\/jpeg"}],"author":"Adam","twitter_card":"summary_large_image","twitter_misc":{"Napisane przez":"Adam","Szacowany czas czytania":"12 minut"},"schema":{"@context":"https:\/\/schema.org","@graph":[{"@type":"Article","@id":"https:\/\/www.ledstyl.pl\/blog\/jak-oswietlic-ogrod\/#article","isPartOf":{"@id":"https:\/\/www.ledstyl.pl\/blog\/jak-oswietlic-ogrod\/"},"author":{"name":"Adam","@id":"https:\/\/www.ledstyl.pl\/blog\/#\/schema\/person\/8e88dde072bae58403e50156ceee5409"},"headline":"Jak o\u015bwietli\u0107 ogr\u00f3d w 2026 roku?","datePublished":"2023-02-14T23:48:22+00:00","dateModified":"2026-02-04T15:42:04+00:00","mainEntityOfPage":{"@id":"https:\/\/www.ledstyl.pl\/blog\/jak-oswietlic-ogrod\/"},"wordCount":1891,"commentCount":0,"publisher":{"@id":"https:\/\/www.ledstyl.pl\/blog\/#organization"},"image":{"@id":"https:\/\/www.ledstyl.pl\/blog\/jak-oswietlic-ogrod\/#primaryimage"},"thumbnailUrl":"https:\/\/www.ledstyl.pl\/blog\/wp-content\/uploads\/2022\/04\/jak-oswietlic-ogrod.jpg","articleSection":["Dob\u00f3r o\u015bwietlenia Inspiracje"],"inLanguage":"pl-PL","potentialAction":[{"@type":"CommentAction","name":"Comment","target":["https:\/\/www.ledstyl.pl\/blog\/jak-oswietlic-ogrod\/#respond"]}]},{"@type":"WebPage","@id":"https:\/\/www.ledstyl.pl\/blog\/jak-oswietlic-ogrod\/","url":"https:\/\/www.ledstyl.pl\/blog\/jak-oswietlic-ogrod\/","name":"Jak o\u015bwietli\u0107 ogr\u00f3d w 2026 roku? Poradnik od specjalist\u00f3w LEDstyl.pl","isPartOf":{"@id":"https:\/\/www.ledstyl.pl\/blog\/#website"},"primaryImageOfPage":{"@id":"https:\/\/www.ledstyl.pl\/blog\/jak-oswietlic-ogrod\/#primaryimage"},"image":{"@id":"https:\/\/www.ledstyl.pl\/blog\/jak-oswietlic-ogrod\/#primaryimage"},"thumbnailUrl":"https:\/\/www.ledstyl.pl\/blog\/wp-content\/uploads\/2022\/04\/jak-oswietlic-ogrod.jpg","datePublished":"2023-02-14T23:48:22+00:00","dateModified":"2026-02-04T15:42:04+00:00","description":"O\u015bwietlenie ogrodu mo\u017ce by\u0107 stylowe, funkcjonalne i energooszcz\u0119dne. Sprawd\u017a jak o\u015bwietli\u0107 ogr\u00f3d w 2026 roku i poznaj najnowsze trendy.","breadcrumb":{"@id":"https:\/\/www.ledstyl.pl\/blog\/jak-oswietlic-ogrod\/#breadcrumb"},"inLanguage":"pl-PL","potentialAction":[{"@type":"ReadAction","target":["https:\/\/www.ledstyl.pl\/blog\/jak-oswietlic-ogrod\/"]}]},{"@type":"ImageObject","inLanguage":"pl-PL","@id":"https:\/\/www.ledstyl.pl\/blog\/jak-oswietlic-ogrod\/#primaryimage","url":"https:\/\/www.ledstyl.pl\/blog\/wp-content\/uploads\/2022\/04\/jak-oswietlic-ogrod.jpg","contentUrl":"https:\/\/www.ledstyl.pl\/blog\/wp-content\/uploads\/2022\/04\/jak-oswietlic-ogrod.jpg","width":1280,"height":720,"caption":"Jak o\u015bwietli\u0107 ogr\u00f3d"},{"@type":"BreadcrumbList","@id":"https:\/\/www.ledstyl.pl\/blog\/jak-oswietlic-ogrod\/#breadcrumb","itemListElement":[{"@type":"ListItem","position":1,"name":"Strona g\u0142\u00f3wna","item":"https:\/\/www.ledstyl.pl\/blog\/"},{"@type":"ListItem","position":2,"name":"Jak o\u015bwietli\u0107 ogr\u00f3d w 2026 roku?"}]},{"@type":"WebSite","@id":"https:\/\/www.ledstyl.pl\/blog\/#website","url":"https:\/\/www.ledstyl.pl\/blog\/","name":"Blog LEDstyl.pl - blog o o\u015bwietleniu LED","description":"","publisher":{"@id":"https:\/\/www.ledstyl.pl\/blog\/#organization"},"potentialAction":[{"@type":"SearchAction","target":{"@type":"EntryPoint","urlTemplate":"https:\/\/www.ledstyl.pl\/blog\/?s={search_term_string}"},"query-input":"required name=search_term_string"}],"inLanguage":"pl-PL"},{"@type":"Organization","@id":"https:\/\/www.ledstyl.pl\/blog\/#organization","name":"Blog LEDStyl.pl","url":"https:\/\/www.ledstyl.pl\/blog\/","logo":{"@type":"ImageObject","inLanguage":"pl-PL","@id":"https:\/\/www.ledstyl.pl\/blog\/#\/schema\/logo\/image\/","url":"https:\/\/www.ledstyl.pl\/blog\/wp-content\/uploads\/2020\/10\/LEDStyl-blog-5.jpg","contentUrl":"https:\/\/www.ledstyl.pl\/blog\/wp-content\/uploads\/2020\/10\/LEDStyl-blog-5.jpg","width":348,"height":141,"caption":"Blog LEDStyl.pl"},"image":{"@id":"https:\/\/www.ledstyl.pl\/blog\/#\/schema\/logo\/image\/"}},{"@type":"Person","@id":"https:\/\/www.ledstyl.pl\/blog\/#\/schema\/person\/8e88dde072bae58403e50156ceee5409","name":"Adam","image":{"@type":"ImageObject","inLanguage":"pl-PL","@id":"https:\/\/www.ledstyl.pl\/blog\/#\/schema\/person\/image\/","url":"https:\/\/secure.gravatar.com\/avatar\/22b694890c8b57c2fb95f6b1ffd0077d?s=96&d=mm&r=g","contentUrl":"https:\/\/secure.gravatar.com\/avatar\/22b694890c8b57c2fb95f6b1ffd0077d?s=96&d=mm&r=g","caption":"Adam"},"sameAs":["https:\/\/www.ledstyl.pl\/blog"]}]}},"views":6257,"_links":{"self":[{"href":"https:\/\/www.ledstyl.pl\/blog\/wp-json\/wp\/v2\/posts\/484"}],"collection":[{"href":"https:\/\/www.ledstyl.pl\/blog\/wp-json\/wp\/v2\/posts"}],"about":[{"href":"https:\/\/www.ledstyl.pl\/blog\/wp-json\/wp\/v2\/types\/post"}],"author":[{"embeddable":true,"href":"https:\/\/www.ledstyl.pl\/blog\/wp-json\/wp\/v2\/users\/1"}],"replies":[{"embeddable":true,"href":"https:\/\/www.ledstyl.pl\/blog\/wp-json\/wp\/v2\/comments?post=484"}],"version-history":[{"count":15,"href":"https:\/\/www.ledstyl.pl\/blog\/wp-json\/wp\/v2\/posts\/484\/revisions"}],"predecessor-version":[{"id":2403,"href":"https:\/\/www.ledstyl.pl\/blog\/wp-json\/wp\/v2\/posts\/484\/revisions\/2403"}],"wp:featuredmedia":[{"embeddable":true,"href":"https:\/\/www.ledstyl.pl\/blog\/wp-json\/wp\/v2\/media\/485"}],"wp:attachment":[{"href":"https:\/\/www.ledstyl.pl\/blog\/wp-json\/wp\/v2\/media?parent=484"}],"wp:term":[{"taxonomy":"category","embeddable":true,"href":"https:\/\/www.ledstyl.pl\/blog\/wp-json\/wp\/v2\/categories?post=484"},{"taxonomy":"post_tag","embeddable":true,"href":"https:\/\/www.ledstyl.pl\/blog\/wp-json\/wp\/v2\/tags?post=484"}],"curies":[{"name":"wp","href":"https:\/\/api.w.org\/{rel}","templated":true}]}}