{"id":1220,"date":"2023-07-07T16:04:09","date_gmt":"2023-07-07T14:04:09","guid":{"rendered":"https:\/\/www.ledstyl.pl\/strefa-swiatla\/?p=1220"},"modified":"2024-06-27T11:23:16","modified_gmt":"2024-06-27T09:23:16","slug":"lampy-do-jadalni","status":"publish","type":"post","link":"https:\/\/www.ledstyl.pl\/strefa-swiatla\/lampy-do-jadalni\/","title":{"rendered":"Lampy do jadalni"},"content":{"rendered":"<p>Lampy odgrywaj\u0105 istotn\u0105 rol\u0119 w ka\u017cdym wn\u0119trzu, a jadalnia nie jest wyj\u0105tkiem. Odpowiednio dobrane <strong>o\u015bwietlenie jadalni<\/strong> mo\u017ce stworzy\u0107 przytuln\u0105 atmosfer\u0119 i podkre\u015bli\u0107 charakter tego wa\u017cnego pomieszczenia. Wyb\u00f3r o\u015bwietlenia do domu lub mieszkania, cho\u0107 cz\u0119sto traktowany po macoszemu ma ogromny wp\u0142yw zar\u00f3wno na funkcjonalno\u015b\u0107 poszczeg\u00f3lnych pomieszcze\u0144, jak i na komfort mieszka\u0144c\u00f3w. Na co zwr\u00f3ci\u0107 uwag\u0119, wybieraj\u0105c <strong>lampy do jadalni<\/strong>? Postaramy si\u0119 pokr\u00f3tce przedstawi\u0107 najwa\u017cniejsze informacje, kt\u00f3re mamy nadziej\u0119, pozwol\u0105 Ci na stworzenie zaskakuj\u0105cego i niezwykle funkcjonalnego wn\u0119trza.<\/p>\n<p><img loading=\"lazy\" decoding=\"async\" class=\"wp-image-1221 aligncenter\" src=\"https:\/\/www.ledstyl.pl\/strefa-swiatla\/wp-content\/uploads\/2023\/07\/lampy-do-jadalni-300x200.jpg\" alt=\"Lampy do jadalni\" width=\"750\" height=\"500\" srcset=\"https:\/\/www.ledstyl.pl\/strefa-swiatla\/wp-content\/uploads\/2023\/07\/lampy-do-jadalni-300x200.jpg 300w, https:\/\/www.ledstyl.pl\/strefa-swiatla\/wp-content\/uploads\/2023\/07\/lampy-do-jadalni-768x512.jpg 768w, https:\/\/www.ledstyl.pl\/strefa-swiatla\/wp-content\/uploads\/2023\/07\/lampy-do-jadalni.jpg 1000w\" sizes=\"auto, (max-width: 750px) 100vw, 750px\" \/><\/p>\n<div id=\"toc_container\" class=\"toc_white no_bullets\"><p class=\"toc_title\">Spis tre\u015bci<\/p><ul class=\"toc_list\"><li><a href=\"#Jakie_lampy_do_jadalni_wybrac\"><span class=\"toc_number toc_depth_1\">1<\/span> Jakie lampy do jadalni wybra\u0107?<\/a><\/li><li><a href=\"#Lampa_nad_stol_do_jadalni_8211_na_co_zwrocic_uwage_podczas_wyboru\"><span class=\"toc_number toc_depth_1\">2<\/span> Lampa nad st\u00f3\u0142 do jadalni &#8211; na co zwr\u00f3ci\u0107 uwag\u0119 podczas wyboru?<\/a><ul><li><a href=\"#Oswietlenie_jadalni_a_wielkosc_pomieszczenia\"><span class=\"toc_number toc_depth_2\">2.1<\/span> O\u015bwietlenie jadalni a wielko\u015b\u0107 pomieszczenia<\/a><\/li><li><a href=\"#Liczba_zrodel_swiatla_w_jadalni\"><span class=\"toc_number toc_depth_2\">2.2<\/span> Liczba \u017ar\u00f3de\u0142 \u015bwiat\u0142a w jadalni<\/a><\/li><li><a href=\"#Moc_oraz_barwa_swiatla_w_jadalni\"><span class=\"toc_number toc_depth_2\">2.3<\/span> Moc oraz barwa \u015bwiat\u0142a w jadalni<\/a><\/li><li><a href=\"#Ksztalt_stolu_i_jego_wplyw_na_wybor_lampy_do_jadalni\"><span class=\"toc_number toc_depth_2\">2.4<\/span> Kszta\u0142t sto\u0142u i jego wp\u0142yw na wyb\u00f3r lampy do jadalni<\/a><\/li><li><a href=\"#Wyglad_lampy_w_jadalni_a_styl_wnetrza\"><span class=\"toc_number toc_depth_2\">2.5<\/span> Wygl\u0105d lampy w jadalni a styl wn\u0119trza<\/a><\/li><\/ul><\/li><li><a href=\"#Lampy_do_jadalni_nowoczesne_eleganckie_i_inne\"><span class=\"toc_number toc_depth_1\">3<\/span> Lampy do jadalni nowoczesne, eleganckie i inne<\/a><\/li><li><a href=\"#Lampy_do_jadalni_glamour_czy_w_stylu_skandynawskim\"><span class=\"toc_number toc_depth_1\">4<\/span> Lampy do jadalni glamour czy w stylu skandynawskim?<\/a><\/li><li><a href=\"#Lampy_wiszace_do_jadalni_8211_jakie_sa_ich_zalety\"><span class=\"toc_number toc_depth_1\">5<\/span> Lampy wisz\u0105ce do jadalni &#8211; jakie s\u0105 ich zalety?<\/a><\/li><li><a href=\"#Lampa_sufitowa_do_jadalni\"><span class=\"toc_number toc_depth_1\">6<\/span> Lampa sufitowa do jadalni<\/a><\/li><li><a href=\"#Eleganckie_lampy_do_jadalni\"><span class=\"toc_number toc_depth_1\">7<\/span> Eleganckie lampy do jadalni<\/a><\/li><li><a href=\"#Lampy_do_kuchni_i_jadalni\"><span class=\"toc_number toc_depth_1\">8<\/span> Lampy do kuchni i jadalni<\/a><\/li><li><a href=\"#Oswietlenie_do_jadalni_8211_podsumowanie\"><span class=\"toc_number toc_depth_1\">9<\/span> O\u015bwietlenie do jadalni &#8211; podsumowanie<\/a><\/li><\/ul><\/div>\n<h2><span id=\"Jakie_lampy_do_jadalni_wybrac\">Jakie lampy do jadalni wybra\u0107?<\/span><\/h2>\n<p>O\u015bwietlenie jest niezwykle wa\u017cnym elementem wystroju ka\u017cdego wn\u0119trza, a jadalnia stanowi szczeg\u00f3lne miejsce, gdzie spo\u017cywamy posi\u0142ki w gronie rodziny i przyjaci\u00f3\u0142. Z tego te\u017c wzgl\u0119du, pomieszczenie to powinno charakteryzowa\u0107 si\u0119 ogromn\u0105 funkcjonalno\u015bci\u0105. Wn\u0119trze, a w tym <strong>o\u015bwietlenie jadalni<\/strong> nale\u017cy dopasowa\u0107 zar\u00f3wno do wsp\u00f3lnych posi\u0142k\u00f3w, czy przyjmowania go\u015bci, jak i odrabiania lekcji oraz czytania ksi\u0105\u017cek. W tym miejscu powinno si\u0119 wiec pojawi\u0107 pytanie &#8211; jakie lampy nad st\u00f3\u0142 do jadalni wybra\u0107? Niestety nie jeste\u015bmy w stanie udzieli\u0107 jednoznacznej odpowiedzi. Wszystko zale\u017cy bowiem od wielu zmiennych. W tym m.in. od Twojej wyobra\u017ani i wymaga\u0144. Jeste\u015bmy jednak w stanie powiedzie\u0107, \u017ce najcz\u0119\u015bciej wybierane s\u0105 dwa rodzaje lamp:<\/p>\n<ul>\n<li><strong>lampa sufitowa do jadalni<\/strong> &#8211; ten rodzaj lamp umieszczany jest tu\u017c przy suficie. Du\u017ca odleg\u0142o\u015b\u0107 mi\u0119dzy blatem sto\u0142u a lamp\u0105 sprawia, \u017ce \u015bwiat\u0142o jest rozproszone. Oznacza to, \u017ce <a href=\"https:\/\/www.ledstyl.pl\/lampa-sufitowa-cat-295\">lampy sufitowe<\/a> emituj\u0105 bardzo jasne, og\u00f3lne o\u015bwietlenie<\/li>\n<li><strong>lampa wisz\u0105ca do jadalni<\/strong> &#8211; wyb\u00f3r ten \u0142\u0105czy w sobie funkcjonalno\u015b\u0107 i wyj\u0105tkowy efekt wizualny. Generowane przez tego typu lampy \u015bwiat\u0142o jest dobrze rozproszone, co przyczynia si\u0119 do zmniejszenia ryzyka o\u015blepiania domownik\u00f3w. Wybieraj\u0105c <a href=\"https:\/\/www.ledstyl.pl\/lampa-wiszaca-cat-296\">lampy wisz\u0105ce<\/a>, nale\u017cy podczas monta\u017cu pami\u0119ta\u0107 o tym, \u017ce odleg\u0142o\u015b\u0107 mi\u0119dzy nimi a blatem nie powinna wynosi\u0107 mniej ni\u017c 80 cm.<\/li>\n<\/ul>\n<p><img loading=\"lazy\" decoding=\"async\" class=\"wp-image-1222 aligncenter\" src=\"https:\/\/www.ledstyl.pl\/strefa-swiatla\/wp-content\/uploads\/2023\/07\/jakie-lampy-do-jadalni-300x178.jpg\" alt=\"Jakie lampy do jadalni\" width=\"750\" height=\"444\" srcset=\"https:\/\/www.ledstyl.pl\/strefa-swiatla\/wp-content\/uploads\/2023\/07\/jakie-lampy-do-jadalni-300x178.jpg 300w, https:\/\/www.ledstyl.pl\/strefa-swiatla\/wp-content\/uploads\/2023\/07\/jakie-lampy-do-jadalni-768x455.jpg 768w, https:\/\/www.ledstyl.pl\/strefa-swiatla\/wp-content\/uploads\/2023\/07\/jakie-lampy-do-jadalni.jpg 1000w\" sizes=\"auto, (max-width: 750px) 100vw, 750px\" \/><\/p>\n<h2><span id=\"Lampa_nad_stol_do_jadalni_8211_na_co_zwrocic_uwage_podczas_wyboru\">Lampa nad st\u00f3\u0142 do jadalni &#8211; na co zwr\u00f3ci\u0107 uwag\u0119 podczas wyboru?<\/span><\/h2>\n<p>Z naszego artyku\u0142u dowiedzia\u0142e\u015b si\u0119 ju\u017c, jakie s\u0105 najcz\u0119\u015bciej wybierane <strong>lampy do jadalni<\/strong>. Jednak mimo to, przegl\u0105daj\u0105c wiele propozycji dost\u0119pnych na rynku, nadal mo\u017cesz nie wiedzie\u0107, na kt\u00f3r\u0105 si\u0119 zdecydowa\u0107. W\u0142a\u015bnie w takich sytuacjach pomo\u017ce Ci nasz spis najwa\u017cniejszych aspekt\u00f3w, kt\u00f3re nale\u017cy wzi\u0105\u0107 pod uwag\u0119, wybieraj\u0105c o\u015bwietlenie do jadalni. Dzi\u0119ki niemu b\u0119dziesz w stanie lepiej dopasowa\u0107 styl lampy do wymaga\u0144 pomieszczenia i swoich indywidualnych oczekiwa\u0144.<\/p>\n<h3><span id=\"Oswietlenie_jadalni_a_wielkosc_pomieszczenia\">O\u015bwietlenie jadalni a wielko\u015b\u0107 pomieszczenia<\/span><\/h3>\n<p>Funkcj\u0119 jadalni mo\u017ce pe\u0142ni\u0107 zar\u00f3wno st\u00f3\u0142 ustawiony w naro\u017cniku gdzie\u015b pomi\u0119dzy kuchni\u0105 a salonem, jak i w pe\u0142ni oddzielne pomieszczenie. Pami\u0119taj o tym, \u017ce niezale\u017cnie od tego, kt\u00f3ry przypadek wyst\u0119puje w Twojej aran\u017cacji, b\u0119dziesz w stanie dopasowa\u0107 do niego odpowiedni rodzaj o\u015bwietlenia. <strong>Du\u017ca lampa do jadalni<\/strong> nie sprawdzi si\u0119 w ma\u0142ym projekcie. B\u0119dzie przyt\u0142acza\u0107 wn\u0119trze i wysuwa\u0107 si\u0119 na pierwszy plan. W tym przypadku najlepiej postawi\u0107 na minimalistyczne <a href=\"https:\/\/www.ledstyl.pl\/oprawy-halogenowe-cat-15\">oprawy halogenowe<\/a> lub niezbyt du\u017ce, <a href=\"https:\/\/www.ledstyl.pl\/designerskie-lampy-wiszace-cat-367\">designerskie lampy wisz\u0105ce<\/a>.<\/p>\n<table style=\"width: 100%; height: 124px; border: none;\">\n<tbody>\n<tr style=\"height: 42px;\">\n<td style=\"width: 33.3333%; height: 42px;\">\n<a href=\"https:\/\/www.ledstyl.pl\/lampa-wiszaca-alan-oct-1xe27-z-drucianym-kloszem-id-6736\"><img loading=\"lazy\" decoding=\"async\" class=\"size-medium wp-image-291 aligncenter\" src=\"https:\/\/www.ledstyl.pl\/dane\/source\/k\/ko1.lampa-wiszaca-287887-a-4.jpg\" alt=\"Lampa wisz\u0105ca Alan Oct 1xE27 z drucianym kloszem\" width=\"298\" height=\"300\" \/><\/a><\/td>\n<td style=\"width: 33.3333%; height: 42px;\">\n<a href=\"https:\/\/www.ledstyl.pl\/lampa-wiszaca-deco-loft-1xe27-czarna-id-6746\"><img loading=\"lazy\" decoding=\"async\" class=\"size-medium wp-image-292 aligncenter\" src=\"https:\/\/www.ledstyl.pl\/dane\/source\/u\/uuz.lampa-wiszaca-trojkaty-288068-4.jpg\" alt=\"Lampa wisz\u0105ca Deco Loft 1xE27 Czarna\" width=\"298\" height=\"300\" \/><\/a><\/td>\n<td style=\"width: 33.3333%; height: 42px;\">\n<a href=\"https:\/\/www.ledstyl.pl\/lampa-wiszaca-diamond-deco-1xe27-opleciona-sznurem-id-6754\"><img loading=\"lazy\" decoding=\"async\" class=\"size-medium wp-image-293 aligncenter\" src=\"https:\/\/www.ledstyl.pl\/dane\/source\/p\/paw.lampa-wiszaca-drewno-220037-2.jpg\" alt=\"Lampa wisz\u0105ca Diamond Deco 1xE27 - opleciona sznurem\" width=\"298\" height=\"300\" \/><\/a><\/td>\n<\/tr>\n<tr style=\"height: 62px;\">\n<td style=\"width: 33.3333%; height: 62px; text-align: center;\"><span style=\"font-size: 12pt;\"><a href=\"https:\/\/www.ledstyl.pl\/lampa-wiszaca-alan-oct-1xe27-z-drucianym-kloszem-id-6736\"><div class=\"su-animate\" style=\"opacity:0;-webkit-animation-duration:1s;-webkit-animation-delay:0s;animation-duration:1s;animation-delay:0s;\" data-animation=\"bounceIn\" data-duration=\"1\" data-delay=\"0\"><strong>Lampa wisz\u0105ca Alan Oct 1xE27 z drucianym kloszem<\/strong><\/div><\/a><\/span><\/td>\n<td style=\"width: 33.3333%; height: 62px; text-align: center;\"><span style=\"font-size: 12pt;\"><a href=\"https:\/\/www.ledstyl.pl\/lampa-wiszaca-deco-loft-1xe27-czarna-id-6746\"><div class=\"su-animate\" style=\"opacity:0;-webkit-animation-duration:1s;-webkit-animation-delay:0s;animation-duration:1s;animation-delay:0s;\" data-animation=\"bounceIn\" data-duration=\"1\" data-delay=\"0\"><strong>Lampa wisz\u0105ca Deco Loft 1xE27 Czarna<\/strong><\/div><\/a><\/span><\/td>\n<td style=\"width: 33.3333%; height: 62px; text-align: center;\"><span style=\"font-size: 12pt;\"><a href=\"https:\/\/www.ledstyl.pl\/lampa-wiszaca-diamond-deco-1xe27-opleciona-sznurem-id-6754\"><div class=\"su-animate\" style=\"opacity:0;-webkit-animation-duration:1s;-webkit-animation-delay:0s;animation-duration:1s;animation-delay:0s;\" data-animation=\"bounceIn\" data-duration=\"1\" data-delay=\"0\"><strong>Lampa wisz\u0105ca Diamond Deco 1xE27 &#8211; opleciona sznurem<\/strong><\/div><\/a><\/span><\/td>\n<\/tr>\n<tr style=\"height: 54px;\">\n<td style=\"width: 33.3333%; height: 18px;\"><div class=\"su-button-center\"><a href=\"https:\/\/www.ledstyl.pl\/lampa-wiszaca-alan-oct-1xe27-z-drucianym-kloszem-id-6736\" class=\"su-button su-button-style-3d su-button-wide\" style=\"color:#ffffff;background-color:#ef2d36;border-color:#c0242c;border-radius:40px;-moz-border-radius:40px;-webkit-border-radius:40px\" target=\"_self\" rel=\"nofollow\"><span style=\"color:#ffffff;padding:7px 20px;font-size:16px;line-height:24px;border-color:#f46c73;border-radius:40px;-moz-border-radius:40px;-webkit-border-radius:40px;text-shadow:none;-moz-text-shadow:none;-webkit-text-shadow:none\"><i class=\"sui sui-shopping-bag\" style=\"font-size:16px;color:#ffffff\"><\/i> <\/span><\/a><\/div><\/td>\n<td style=\"width: 33.3333%; height: 18px;\"><div class=\"su-button-center\"><a href=\"https:\/\/www.ledstyl.pl\/lampa-wiszaca-deco-loft-1xe27-czarna-id-6746\" class=\"su-button su-button-style-3d su-button-wide\" style=\"color:#ffffff;background-color:#ef2d36;border-color:#c0242c;border-radius:40px;-moz-border-radius:40px;-webkit-border-radius:40px\" target=\"_self\" rel=\"nofollow\"><span style=\"color:#ffffff;padding:7px 20px;font-size:16px;line-height:24px;border-color:#f46c73;border-radius:40px;-moz-border-radius:40px;-webkit-border-radius:40px;text-shadow:none;-moz-text-shadow:none;-webkit-text-shadow:none\"><i class=\"sui sui-shopping-bag\" style=\"font-size:16px;color:#ffffff\"><\/i> <\/span><\/a><\/div><\/td>\n<td style=\"width: 33.3333%; height: 18px;\"><div class=\"su-button-center\"><a href=\"https:\/\/www.ledstyl.pl\/lampa-wiszaca-diamond-deco-1xe27-opleciona-sznurem-id-6754\" class=\"su-button su-button-style-3d su-button-wide\" style=\"color:#ffffff;background-color:#ef2d36;border-color:#c0242c;border-radius:40px;-moz-border-radius:40px;-webkit-border-radius:40px\" target=\"_self\" rel=\"nofollow\"><span style=\"color:#ffffff;padding:7px 20px;font-size:16px;line-height:24px;border-color:#f46c73;border-radius:40px;-moz-border-radius:40px;-webkit-border-radius:40px;text-shadow:none;-moz-text-shadow:none;-webkit-text-shadow:none\"><i class=\"sui sui-shopping-bag\" style=\"font-size:16px;color:#ffffff\"><\/i> <\/span><\/a><\/div><\/td>\n<\/tr>\n<\/tbody>\n<\/table>\n<p>Co w przypadku kiedy nasza jadalnia jest odr\u0119bnym pomieszczeniem o du\u017cej powierzchni? <strong>Jaka lampa do jadalni<\/strong> sprawdzi si\u0119 w pomieszczeniu o wi\u0119kszym metra\u017cu? Na pewno nie warto do du\u017cych, imponuj\u0105cych wn\u0119trz wybiera\u0107 lamp pojedynczych i ma\u0142ych. Taka aran\u017cacja mo\u017ce wygl\u0105da\u0107 na niekompletn\u0105. Nasz\u0105 propozycj\u0105 dla wi\u0119kszych jadalni s\u0105 <a href=\"https:\/\/www.ledstyl.pl\/lampa-wiszaca-nowoczesna-cat-366\">nowoczesne lampy wisz\u0105ce<\/a>. Ich modernistyczny design doskonale sprawdza si\u0119 we wsp\u00f3\u0142czesnych wn\u0119trzach, a dzi\u0119ki du\u017cej powierzchni \u015bwiecenia, z \u0142atwo\u015bci\u0105 do\u015bwietl\u0105 ca\u0142e pomieszczenie, jak i sam st\u00f3\u0142 kuchenny. Ciekawym wyborem jadalni b\u0119dzie r\u00f3wnie\u017c <a href=\"https:\/\/www.ledstyl.pl\/oswietlenie-szynowe-cat-297\">o\u015bwietlenie szynowe<\/a>. Dzi\u0119ki mo\u017cliwo\u015bci swobodnego rozmieszczenia lamp na ca\u0142ej d\u0142ugo\u015bci toru, z \u0142atwo\u015bci\u0105 dopasujesz ten system do aktualnej aran\u017cacji i potrzeb.<\/p>\n<h3><span id=\"Liczba_zrodel_swiatla_w_jadalni\">Liczba \u017ar\u00f3de\u0142 \u015bwiat\u0142a w jadalni<\/span><\/h3>\n<p>Ilo\u015b\u0107 \u017ar\u00f3de\u0142 \u015bwiat\u0142a ma bezpo\u015bredni zwi\u0105zek z wcze\u015bniejszym punktem, jakim by\u0142 metra\u017c pomieszczenia. Ma\u0142a jadalnia mo\u017ce zosta\u0107 wyposa\u017cona w jedn\u0105 lamp\u0119 wisz\u0105c\u0105 nad sto\u0142em i b\u0119dzie prezentowa\u0107 si\u0119 niezwykle okazale. Du\u017ce wn\u0119trza wymagaj\u0105 bez w\u0105tpienia wi\u0119kszej liczby \u017ar\u00f3de\u0142 \u015bwiat\u0142a. Pojedyncza <strong>lampa nad st\u00f3\u0142 do jadalni<\/strong> mo\u017ce by\u0107 w tym przypadku niewystarczaj\u0105ca, dlatego warto wybra\u0107 do niej dodatkowe \u017ar\u00f3d\u0142a \u015bwiat\u0142a, r\u00f3wnomiernie rozmieszczone po ca\u0142ym wn\u0119trzu.<\/p>\n<table style=\"width: 100%; height: 124px; border: none;\">\n<tbody>\n<tr style=\"height: 42px;\">\n<td style=\"width: 33.3333%; height: 42px;\">\n<a href=\"https:\/\/www.ledstyl.pl\/spot-sufitowy-z-czarnym-pierscieniem-gu10-tulid-kwadrat-bialy-id-6577\"><img loading=\"lazy\" decoding=\"async\" class=\"size-medium wp-image-291 aligncenter\" src=\"https:\/\/www.ledstyl.pl\/dane\/full\/g\/gq3.dfeabf45-8729-426e-84e2-f34eeaf0e92f.jpg\" alt=\"Spot sufitowy z czarnym pier\u015bcieniem GU10 TULID kwadrat bia\u0142y\" width=\"298\" height=\"300\" \/><\/a><\/td>\n<td style=\"width: 33.3333%; height: 42px;\">\n<a href=\"https:\/\/www.ledstyl.pl\/oprawa-sufitowa-1xgu10-czarna-reva-okragla-zloty-srodek-id-6573\"><img loading=\"lazy\" decoding=\"async\" class=\"size-medium wp-image-292 aligncenter\" src=\"https:\/\/www.ledstyl.pl\/dane\/full\/w\/wjv.pol_pl_punktowa-oprawa-sufitowa-wpuszczana-reva-black-gold-ip20-okragla-zloty-srodek-edo777440-edo-112467_3.jpg\" alt=\"Oprawa sufitowa 1xGU10 czarna REVA okr\u0105g\u0142a z\u0142oty \u015brodek\" width=\"298\" height=\"300\" \/><\/a><\/td>\n<td style=\"width: 33.3333%; height: 42px;\"><a href=\"https:\/\/www.ledstyl.pl\/oprawa-wpuszczana-mini-tuba-zama-1xgu10-biala-zloty-srodek-id-6581\"><img loading=\"lazy\" decoding=\"async\" class=\"size-medium wp-image-293 aligncenter\" src=\"https:\/\/www.ledstyl.pl\/dane\/full\/s\/ses.pol_pl_podtynkowa-oprawa-sufitowa-zama-white-gold-s-ip20-okragla-biala-srodek-zloty-edo777453-edo-92413_12.jpg\" alt=\"Oprawa wpuszczana Mini Tuba ZAMA 1xGU10 bia\u0142a - z\u0142oty \u015brodek\" width=\"298\" height=\"300\" \/><\/a><\/td>\n<\/tr>\n<tr style=\"height: 62px;\">\n<td style=\"width: 33.3333%; height: 62px; text-align: center;\"><span style=\"font-size: 12pt;\"><a href=\"https:\/\/www.ledstyl.pl\/spot-sufitowy-z-czarnym-pierscieniem-gu10-tulid-kwadrat-bialy-id-6577\"><div class=\"su-animate\" style=\"opacity:0;-webkit-animation-duration:1s;-webkit-animation-delay:0s;animation-duration:1s;animation-delay:0s;\" data-animation=\"bounceIn\" data-duration=\"1\" data-delay=\"0\"><strong>Spot sufitowy z czarnym pier\u015bcieniem GU10 TULID kwadrat bia\u0142y<\/strong><\/div><\/a><\/span><\/td>\n<td style=\"width: 33.3333%; height: 62px; text-align: center;\"><span style=\"font-size: 12pt;\"><a href=\"https:\/\/www.ledstyl.pl\/oprawa-sufitowa-1xgu10-czarna-reva-okragla-zloty-srodek-id-6573\"><div class=\"su-animate\" style=\"opacity:0;-webkit-animation-duration:1s;-webkit-animation-delay:0s;animation-duration:1s;animation-delay:0s;\" data-animation=\"bounceIn\" data-duration=\"1\" data-delay=\"0\"><strong>Oprawa sufitowa 1xGU10 czarna REVA okr\u0105g\u0142a z\u0142oty \u015brodek<\/strong><\/div><\/a><\/span><\/td>\n<td style=\"width: 33.3333%; height: 62px; text-align: center;\"><span style=\"font-size: 12pt;\"><a href=\"https:\/\/www.ledstyl.pl\/oprawa-wpuszczana-mini-tuba-zama-1xgu10-biala-zloty-srodek-id-6581\"><div class=\"su-animate\" style=\"opacity:0;-webkit-animation-duration:1s;-webkit-animation-delay:0s;animation-duration:1s;animation-delay:0s;\" data-animation=\"bounceIn\" data-duration=\"1\" data-delay=\"0\"><strong>Oprawa wpuszczana Mini Tuba ZAMA 1xGU10 bia\u0142a &#8211; z\u0142oty \u015brodek<\/strong><\/div><\/a><\/span><\/td>\n<\/tr>\n<tr style=\"height: 54px;\">\n<td style=\"width: 33.3333%; height: 18px;\"><div class=\"su-button-center\"><a href=\"https:\/\/www.ledstyl.pl\/spot-sufitowy-z-czarnym-pierscieniem-gu10-tulid-kwadrat-bialy-id-6577\" class=\"su-button su-button-style-3d su-button-wide\" style=\"color:#ffffff;background-color:#ef2d36;border-color:#c0242c;border-radius:40px;-moz-border-radius:40px;-webkit-border-radius:40px\" target=\"_self\" rel=\"nofollow\"><span style=\"color:#ffffff;padding:7px 20px;font-size:16px;line-height:24px;border-color:#f46c73;border-radius:40px;-moz-border-radius:40px;-webkit-border-radius:40px;text-shadow:none;-moz-text-shadow:none;-webkit-text-shadow:none\"><i class=\"sui sui-shopping-bag\" style=\"font-size:16px;color:#ffffff\"><\/i> <\/span><\/a><\/div><\/td>\n<td style=\"width: 33.3333%; height: 18px;\"><div class=\"su-button-center\"><a href=\"https:\/\/www.ledstyl.pl\/oprawa-sufitowa-1xgu10-czarna-reva-okragla-zloty-srodek-id-6573\" class=\"su-button su-button-style-3d su-button-wide\" style=\"color:#ffffff;background-color:#ef2d36;border-color:#c0242c;border-radius:40px;-moz-border-radius:40px;-webkit-border-radius:40px\" target=\"_self\" rel=\"nofollow\"><span style=\"color:#ffffff;padding:7px 20px;font-size:16px;line-height:24px;border-color:#f46c73;border-radius:40px;-moz-border-radius:40px;-webkit-border-radius:40px;text-shadow:none;-moz-text-shadow:none;-webkit-text-shadow:none\"><i class=\"sui sui-shopping-bag\" style=\"font-size:16px;color:#ffffff\"><\/i> <\/span><\/a><\/div><\/td>\n<td style=\"width: 33.3333%; height: 18px;\"><div class=\"su-button-center\"><a href=\"https:\/\/www.ledstyl.pl\/oprawa-wpuszczana-mini-tuba-zama-1xgu10-biala-zloty-srodek-id-6581\" class=\"su-button su-button-style-3d su-button-wide\" style=\"color:#ffffff;background-color:#ef2d36;border-color:#c0242c;border-radius:40px;-moz-border-radius:40px;-webkit-border-radius:40px\" target=\"_self\" rel=\"nofollow\"><span style=\"color:#ffffff;padding:7px 20px;font-size:16px;line-height:24px;border-color:#f46c73;border-radius:40px;-moz-border-radius:40px;-webkit-border-radius:40px;text-shadow:none;-moz-text-shadow:none;-webkit-text-shadow:none\"><i class=\"sui sui-shopping-bag\" style=\"font-size:16px;color:#ffffff\"><\/i> <\/span><\/a><\/div><\/td>\n<\/tr>\n<\/tbody>\n<\/table>\n<h3><span id=\"Moc_oraz_barwa_swiatla_w_jadalni\">Moc oraz barwa \u015bwiat\u0142a w jadalni<\/span><\/h3>\n<p>Barwa i moc \u015bwiat\u0142a maj\u0105 kluczowe znaczenie przy wyborze o\u015bwietlenia. Nie inaczej sprawa prezentuje si\u0119 w przypadku jadalni. Najlepszym i najcz\u0119\u015bciej wybieranym rozwi\u0105zaniem jest tutaj lampa wisz\u0105ca nad sto\u0142em. Je\u015bli jest to pojedynczy zwis, powinien dysponowa\u0107 strumieniem \u015bwietlnym na poziomie przynajmniej 3000 lumen\u00f3w. W przypadku wi\u0119kszej liczby pojedynczych \u017ar\u00f3de\u0142 \u015bwiat\u0142a ich moc \u015bwiecenia mo\u017ce oscylowa\u0107 w granicach 400-700 lumen\u00f3w. Je\u015bli natomiast chodzi o temperatur\u0119 barwow\u0105, to preferowana jest ta w przedziale od 2700 do 3000 K. Nasi klienci najcz\u0119\u015bciej wybieraj\u0105 do jadalni lampy o ciep\u0142ej barwie \u015bwiat\u0142a, a w przypadku modernistycznym wn\u0119trz r\u00f3wnie ch\u0119tnie si\u0119gaj\u0105 po neutralny odcie\u0144 w temperaturze oko\u0142o 4000k.<\/p>\n<p><img loading=\"lazy\" decoding=\"async\" class=\"wp-image-1228 aligncenter\" src=\"https:\/\/www.ledstyl.pl\/strefa-swiatla\/wp-content\/uploads\/2023\/07\/oswietlenie-do-jadalni-300x200.jpg\" alt=\"O\u015bwietlenie do jadalni\" width=\"750\" height=\"500\" srcset=\"https:\/\/www.ledstyl.pl\/strefa-swiatla\/wp-content\/uploads\/2023\/07\/oswietlenie-do-jadalni-300x200.jpg 300w, https:\/\/www.ledstyl.pl\/strefa-swiatla\/wp-content\/uploads\/2023\/07\/oswietlenie-do-jadalni-768x512.jpg 768w, https:\/\/www.ledstyl.pl\/strefa-swiatla\/wp-content\/uploads\/2023\/07\/oswietlenie-do-jadalni.jpg 1000w\" sizes=\"auto, (max-width: 750px) 100vw, 750px\" \/><\/p>\n<h3><span id=\"Ksztalt_stolu_i_jego_wplyw_na_wybor_lampy_do_jadalni\">Kszta\u0142t sto\u0142u i jego wp\u0142yw na wyb\u00f3r lampy do jadalni<\/span><\/h3>\n<p>Zastanawia\u0142e\u015b si\u0119 kiedy\u015b nad tym, \u017ce na wyb\u00f3r lampy do jadalni, wp\u0142yw b\u0119dzie mia\u0142a nie tylko wielko\u015b\u0107 sto\u0142u, ale r\u00f3wnie\u017c jego kszta\u0142t? Przy okr\u0105g\u0142ym i stylowym stole bardzo dobrze prezentowa\u0107 b\u0119d\u0105 si\u0119 <strong>okr\u0105g\u0142e lampy do jadalni<\/strong> \u2013 kule. Klasyczny, prostok\u0105tny st\u00f3\u0142 znacznie lepiej b\u0119dzie wygl\u0105da\u0142, gdy zawi\u015bnie nad nim <strong>nowoczesna lampa do jadalni<\/strong> z ostrzejszymi kraw\u0119dziami. W przypadku d\u0142ugich i obszernych sto\u0142\u00f3w, przy kt\u00f3rych cz\u0119sto bywaj\u0105 nasi go\u015bcie, warto wybra\u0107 potr\u00f3jne lampy, kt\u00f3re pomog\u0105 nam w r\u00f3wnomiernym do\u015bwietleniu ca\u0142ej jego powierzchni.<\/p>\n<table style=\"width: 100%; height: 124px; border: none;\">\n<tbody>\n<tr style=\"height: 42px;\">\n<td style=\"width: 33.3333%; height: 42px;\">\n<a href=\"https:\/\/www.ledstyl.pl\/lampa-wiszaca-industrialna-casco-1xe27-czarnanaturalne-drewno-id-4484\"><img loading=\"lazy\" decoding=\"async\" class=\"size-medium wp-image-291 aligncenter\" src=\"https:\/\/www.ledstyl.pl\/dane\/full\/b\/b90dab690d1b428bb9756aeed9e0828d.jpg\" alt=\"LAMPA WISZ\u0104CA INDUSTRIALNA CASCO 1XE27 CZARNA\/NATURALNE DREWNO\" width=\"298\" height=\"300\" \/><\/a><\/td>\n<td style=\"width: 33.3333%; height: 42px;\">\n<a href=\"https:\/\/www.ledstyl.pl\/zyrandol-industrialny-duomo-6xe27-id-4442\"><img loading=\"lazy\" decoding=\"async\" class=\"size-medium wp-image-292 aligncenter\" src=\"https:\/\/www.ledstyl.pl\/dane\/full\/4\/4b41c996-aebe-4cba-9ecd-bd81ac7594f7.jpg\" alt=\"\u017bYRANDOL INDUSTRIALNY DUOMO 6XE27\" width=\"298\" height=\"300\" \/><\/a><\/td>\n<td style=\"width: 33.3333%; height: 42px;\">\n<a href=\"https:\/\/www.ledstyl.pl\/zyrandol-wiszace-zarowki-edison-5xe27-czarny-id-4470\"><img loading=\"lazy\" decoding=\"async\" class=\"size-medium wp-image-293 aligncenter\" src=\"https:\/\/www.ledstyl.pl\/dane\/full\/b\/b98c6427-0a96-471e-a22e-0876fcaed9be.jpg\" alt=\"\u017bYRANDOL WISZ\u0104CE \u017bAR\u00d3WKI EDISON 5XE27 CZARNY\" width=\"298\" height=\"300\" \/><\/a><\/td>\n<\/tr>\n<tr style=\"height: 62px;\">\n<td style=\"width: 33.3333%; height: 62px; text-align: center;\"><span style=\"font-size: 12pt;\"><a href=\"https:\/\/www.ledstyl.pl\/lampa-wiszaca-industrialna-casco-1xe27-czarnanaturalne-drewno-id-4484\"><div class=\"su-animate\" style=\"opacity:0;-webkit-animation-duration:1s;-webkit-animation-delay:0s;animation-duration:1s;animation-delay:0s;\" data-animation=\"bounceIn\" data-duration=\"1\" data-delay=\"0\"><strong>Lampa wisz\u0105ca Industrialna CASCO 1&#215;27 Czarna\/Naturalne drewno<\/strong><\/div><\/a><\/span><\/td>\n<td style=\"width: 33.3333%; height: 62px; text-align: center;\"><span style=\"font-size: 12pt;\"><a href=\"https:\/\/www.ledstyl.pl\/zyrandol-industrialny-duomo-6xe27-id-4442\"><div class=\"su-animate\" style=\"opacity:0;-webkit-animation-duration:1s;-webkit-animation-delay:0s;animation-duration:1s;animation-delay:0s;\" data-animation=\"bounceIn\" data-duration=\"1\" data-delay=\"0\"><strong>\u017byrandol Industrialny DUOMO 6xE27<\/strong><\/div><\/a><\/span><\/td>\n<td style=\"width: 33.3333%; height: 62px; text-align: center;\"><span style=\"font-size: 12pt;\"><a href=\"https:\/\/www.ledstyl.pl\/zyrandol-wiszace-zarowki-edison-5xe27-czarny-id-4470\"><div class=\"su-animate\" style=\"opacity:0;-webkit-animation-duration:1s;-webkit-animation-delay:0s;animation-duration:1s;animation-delay:0s;\" data-animation=\"bounceIn\" data-duration=\"1\" data-delay=\"0\"><strong>\u017byrandol wisz\u0105ce \u017bar\u00f3wki Edison 5XE27 CZARNY<\/strong><\/div><\/a><\/span><\/td>\n<\/tr>\n<tr style=\"height: 54px;\">\n<td style=\"width: 33.3333%; height: 18px;\"><div class=\"su-button-center\"><a href=\"https:\/\/www.ledstyl.pl\/lampa-wiszaca-industrialna-casco-1xe27-czarnanaturalne-drewno-id-4484\" class=\"su-button su-button-style-3d su-button-wide\" style=\"color:#ffffff;background-color:#ef2d36;border-color:#c0242c;border-radius:40px;-moz-border-radius:40px;-webkit-border-radius:40px\" target=\"_self\" rel=\"nofollow\"><span style=\"color:#ffffff;padding:7px 20px;font-size:16px;line-height:24px;border-color:#f46c73;border-radius:40px;-moz-border-radius:40px;-webkit-border-radius:40px;text-shadow:none;-moz-text-shadow:none;-webkit-text-shadow:none\"><i class=\"sui sui-shopping-bag\" style=\"font-size:16px;color:#ffffff\"><\/i> <\/span><\/a><\/div><\/td>\n<td style=\"width: 33.3333%; height: 18px;\"><div class=\"su-button-center\"><a href=\"https:\/\/www.ledstyl.pl\/zyrandol-industrialny-duomo-6xe27-id-4442\" class=\"su-button su-button-style-3d su-button-wide\" style=\"color:#ffffff;background-color:#ef2d36;border-color:#c0242c;border-radius:40px;-moz-border-radius:40px;-webkit-border-radius:40px\" target=\"_self\" rel=\"nofollow\"><span style=\"color:#ffffff;padding:7px 20px;font-size:16px;line-height:24px;border-color:#f46c73;border-radius:40px;-moz-border-radius:40px;-webkit-border-radius:40px;text-shadow:none;-moz-text-shadow:none;-webkit-text-shadow:none\"><i class=\"sui sui-shopping-bag\" style=\"font-size:16px;color:#ffffff\"><\/i> <\/span><\/a><\/div><\/td>\n<td style=\"width: 33.3333%; height: 18px;\"><div class=\"su-button-center\"><a href=\"https:\/\/www.ledstyl.pl\/zyrandol-wiszace-zarowki-edison-5xe27-czarny-id-4470\" class=\"su-button su-button-style-3d su-button-wide\" style=\"color:#ffffff;background-color:#ef2d36;border-color:#c0242c;border-radius:40px;-moz-border-radius:40px;-webkit-border-radius:40px\" target=\"_self\" rel=\"nofollow\"><span style=\"color:#ffffff;padding:7px 20px;font-size:16px;line-height:24px;border-color:#f46c73;border-radius:40px;-moz-border-radius:40px;-webkit-border-radius:40px;text-shadow:none;-moz-text-shadow:none;-webkit-text-shadow:none\"><i class=\"sui sui-shopping-bag\" style=\"font-size:16px;color:#ffffff\"><\/i> <\/span><\/a><\/div><\/td>\n<\/tr>\n<\/tbody>\n<\/table>\n<h3><span id=\"Wyglad_lampy_w_jadalni_a_styl_wnetrza\">Wygl\u0105d lampy w jadalni a styl wn\u0119trza<\/span><\/h3>\n<p>Opr\u00f3cz parametr\u00f3w technicznych zwi\u0105zanych z barw\u0105 i moc\u0105 \u015bwiat\u0142a, a tak\u017ce sam\u0105 wielko\u015bci\u0105 lampy, nale\u017cy wzi\u0105\u0107 pod uwag\u0119 r\u00f3wnie\u017c jej design. <strong>Lampa do jadalni<\/strong> powinna pasowa\u0107 do stylu Twojego wn\u0119trza i idealnie wsp\u00f3\u0142gra\u0107 z jego aran\u017cacj\u0105. W klasycznych projektach doskonale zaprezentuje si\u0119 lampa utrzymana raczej w niewyr\u00f3\u017cniaj\u0105cej si\u0119, neutralnej kolorystyce. Nowoczesne przestrzenie z kolei \u015bwietnie b\u0119d\u0105 prezentowa\u0107 si\u0119, przy \u015bwietle lamp w czarnym kolorze o modernistycznym wygl\u0105dzie.<\/p>\n<table style=\"width: 100%; height: 124px; border: none;\">\n<tbody>\n<tr style=\"height: 42px;\">\n<td style=\"width: 33.3333%; height: 22px;\">\n<a href=\"https:\/\/www.ledstyl.pl\/podwojna-lampa-wiszaca-lagos-2xgu10-czarna-id-4453\"><img loading=\"lazy\" decoding=\"async\" class=\"size-medium wp-image-291 aligncenter\" src=\"https:\/\/www.ledstyl.pl\/blog\/wp-content\/uploads\/2023\/03\/podwojna-lampa-wiszaca-lagos-czarna.jpg\" alt=\"Podw\u00f3jna lampa wisz\u0105ca LAGOS 2xGU10 Czarna\" width=\"298\" height=\"300\" \/><\/a><\/td>\n<td style=\"width: 33.3333%; height: 22px;\">\n<a href=\"https:\/\/www.ledstyl.pl\/podwojna-lampa-wiszaca-lagos-2xgu10-biala-id-4449\"><img loading=\"lazy\" decoding=\"async\" class=\"size-medium wp-image-292 aligncenter\" src=\"https:\/\/www.ledstyl.pl\/blog\/wp-content\/uploads\/2023\/03\/podwojna-lampa-wiszaca-lagos-biala.jpg\" alt=\"Podw\u00f3jna lampa wisz\u0105ca LAGOS 2xGU10 Bia\u0142a\" width=\"298\" height=\"300\" \/><\/a><\/td>\n<td style=\"width: 33.3333%; height: 22px;\">\n<a href=\"https:\/\/www.ledstyl.pl\/lampa-wiszaca-listwa-z-tubami-loopez-3l-czarnozlota-3xgu10-id-4870\"><img loading=\"lazy\" decoding=\"async\" class=\"size-medium wp-image-293 aligncenter\" src=\"https:\/\/www.ledstyl.pl\/blog\/wp-content\/uploads\/2023\/03\/lampa-wiszaca-potrojna-loopez.jpg\" alt=\"Lampa wisz\u0105ca listwa z tubami LOOPEZ 3L czarno\/z\u0142ota 3xGU10\" width=\"298\" height=\"300\" \/><\/a><\/td>\n<\/tr>\n<tr style=\"height: 62px;\">\n<td style=\"width: 33.3333%; height: 62px; text-align: center;\"><span style=\"font-size: 12pt;\"><a href=\"https:\/\/www.ledstyl.pl\/podwojna-lampa-wiszaca-lagos-2xgu10-czarna-id-4453\"><div class=\"su-animate\" style=\"opacity:0;-webkit-animation-duration:1s;-webkit-animation-delay:0s;animation-duration:1s;animation-delay:0s;\" data-animation=\"bounceIn\" data-duration=\"1\" data-delay=\"0\"><strong>Podw\u00f3jna lampa wisz\u0105ca LAGOS 2xGU10 Czarna<\/strong><\/div><\/a><\/span><\/td>\n<td style=\"width: 33.3333%; height: 62px; text-align: center;\"><span style=\"font-size: 12pt;\"><a href=\"https:\/\/www.ledstyl.pl\/podwojna-lampa-wiszaca-lagos-2xgu10-biala-id-4449\"><div class=\"su-animate\" style=\"opacity:0;-webkit-animation-duration:1s;-webkit-animation-delay:0s;animation-duration:1s;animation-delay:0s;\" data-animation=\"bounceIn\" data-duration=\"1\" data-delay=\"0\"><strong>Podw\u00f3jna lampa wisz\u0105ca LAGOS 2xGU10 Bia\u0142a<\/strong><\/div><\/a><\/span><\/td>\n<td style=\"width: 33.3333%; height: 62px; text-align: center;\"><span style=\"font-size: 12pt;\"><a href=\"https:\/\/www.ledstyl.pl\/lampa-wiszaca-listwa-z-tubami-loopez-3l-czarnozlota-3xgu10-id-4870\"><div class=\"su-animate\" style=\"opacity:0;-webkit-animation-duration:1s;-webkit-animation-delay:0s;animation-duration:1s;animation-delay:0s;\" data-animation=\"bounceIn\" data-duration=\"1\" data-delay=\"0\"><strong>Lampa wisz\u0105ca listwa z tubami LOOPEZ 3L czarno\/z\u0142ota 3xGU10<\/strong><\/div><\/a><\/span><\/td>\n<\/tr>\n<tr style=\"height: 54px;\">\n<td style=\"width: 33.3333%; height: 18px;\"><div class=\"su-button-center\"><a href=\"https:\/\/www.ledstyl.pl\/podwojna-lampa-wiszaca-lagos-2xgu10-czarna-id-4453\" class=\"su-button su-button-style-3d su-button-wide\" style=\"color:#ffffff;background-color:#ef2d36;border-color:#c0242c;border-radius:40px;-moz-border-radius:40px;-webkit-border-radius:40px\" target=\"_self\" rel=\"nofollow\"><span style=\"color:#ffffff;padding:7px 20px;font-size:16px;line-height:24px;border-color:#f46c73;border-radius:40px;-moz-border-radius:40px;-webkit-border-radius:40px;text-shadow:none;-moz-text-shadow:none;-webkit-text-shadow:none\"><i class=\"sui sui-shopping-bag\" style=\"font-size:16px;color:#ffffff\"><\/i> <\/span><\/a><\/div><\/td>\n<td style=\"width: 33.3333%; height: 18px;\"><div class=\"su-button-center\"><a href=\"https:\/\/www.ledstyl.pl\/podwojna-lampa-wiszaca-lagos-2xgu10-biala-id-4449\" class=\"su-button su-button-style-3d su-button-wide\" style=\"color:#ffffff;background-color:#ef2d36;border-color:#c0242c;border-radius:40px;-moz-border-radius:40px;-webkit-border-radius:40px\" target=\"_self\" rel=\"nofollow\"><span style=\"color:#ffffff;padding:7px 20px;font-size:16px;line-height:24px;border-color:#f46c73;border-radius:40px;-moz-border-radius:40px;-webkit-border-radius:40px;text-shadow:none;-moz-text-shadow:none;-webkit-text-shadow:none\"><i class=\"sui sui-shopping-bag\" style=\"font-size:16px;color:#ffffff\"><\/i> <\/span><\/a><\/div><\/td>\n<td style=\"width: 33.3333%; height: 18px;\"><div class=\"su-button-center\"><a href=\"https:\/\/www.ledstyl.pl\/lampa-wiszaca-listwa-z-tubami-loopez-3l-czarnozlota-3xgu10-id-4870\" class=\"su-button su-button-style-3d su-button-wide\" style=\"color:#ffffff;background-color:#ef2d36;border-color:#c0242c;border-radius:40px;-moz-border-radius:40px;-webkit-border-radius:40px\" target=\"_self\" rel=\"nofollow\"><span style=\"color:#ffffff;padding:7px 20px;font-size:16px;line-height:24px;border-color:#f46c73;border-radius:40px;-moz-border-radius:40px;-webkit-border-radius:40px;text-shadow:none;-moz-text-shadow:none;-webkit-text-shadow:none\"><i class=\"sui sui-shopping-bag\" style=\"font-size:16px;color:#ffffff\"><\/i> <\/span><\/a><\/div><\/td>\n<\/tr>\n<\/tbody>\n<\/table>\n<h2><span id=\"Lampy_do_jadalni_nowoczesne_eleganckie_i_inne\">Lampy do jadalni nowoczesne, eleganckie i inne<\/span><\/h2>\n<p>W tym akapicie chcemy poruszy\u0107 kolejne zagadnienie dotycz\u0105ce wyboru lampy do jadalni. Jak ju\u017c wspomnieli\u015bmy wcze\u015bniej, Tw\u00f3j zakup powinien by\u0107 podyktowany r\u00f3wnie\u017c wygl\u0105dem i aran\u017cacj\u0105 wn\u0119trza. Design lampy najcz\u0119\u015bciej nale\u017cy dopasowa\u0107 do stylu, w jakim zosta\u0142o urz\u0105dzone dane pomieszczenie. Obecnie na rynku wyst\u0119puje wiele propozycji eleganckich \u017cyrandoli i lamp sufitowych, kt\u00f3re z \u0142atwo\u015bci\u0105 dopasujesz do ka\u017cdego projektu. Oczywi\u015bcie to jak wybrana <strong>lampa do jadalni<\/strong> powinna si\u0119 prezentowa\u0107, zale\u017cy wy\u0142\u0105cznie od Twoich indywidualnych preferencji. Je\u015bli lubisz nowoczesny design, Twoim wyborem powinno by\u0107 o\u015bwietlenie o modernistycznym wygl\u0105dzie, najcz\u0119\u015bciej wyst\u0119puj\u0105ce w bia\u0142ym lub czarnym kolorze. Dla surowych wn\u0119trz, kt\u00f3re ozdobione s\u0105 ceglan\u0105 \u015bcian\u0105 lub elementami z b\u0142yszcz\u0105cego metalu warto pomy\u015ble\u0107 o lampach w stylu Loft. Oczywi\u015bcie nic nie stoi na przeszkodzie, aby wybrane <strong>lampy do jadalni<\/strong> r\u00f3\u017cni\u0142y si\u0119 od stylu, w jakim urz\u0105dzone jest dane wn\u0119trze. Zasada kontrast\u00f3w jest dzi\u015b bardzo modna i po\u017c\u0105dana w wielu pomieszczeniach, co potwierdzaj\u0105 projekty naszych klient\u00f3w.<\/p>\n<table style=\"width: 100%; height: 124px; border: none;\">\n<tbody>\n<tr style=\"height: 42px;\">\n<td style=\"width: 33.3333%; height: 42px;\">\n<a href=\"https:\/\/www.ledstyl.pl\/lampa-wiszaca-led-lorezzo-48w-2400lm-4000k-czarna-id-7175\"><img loading=\"lazy\" decoding=\"async\" class=\"size-medium wp-image-291 aligncenter\" src=\"https:\/\/www.ledstyl.pl\/dane\/source\/p\/p2t.0baa5594-b355-4989-86ef-3f15dd64b569.jpg\" alt=\"Lampa wisz\u0105ca LED Lorezzo 48W 2400lm 4000K Czarna\" width=\"298\" height=\"300\" \/><\/a><\/td>\n<td style=\"width: 33.3333%; height: 42px;\">\n<a href=\"https:\/\/www.ledstyl.pl\/lampa-wiszaca-led-serpente-dl-06-215w-zlota-z-pilotem-id-5441\"><img loading=\"lazy\" decoding=\"async\" class=\"size-medium wp-image-292 aligncenter\" src=\"https:\/\/www.ledstyl.pl\/dane\/source\/4\/41f5091c-739a-4e93-b1a8-4487be1c0646.jpg\" alt=\"Lampa wisz\u0105ca LED Serpente DL-06 21,5W Z\u0142ota z pilotem\" width=\"298\" height=\"300\" \/><\/a><\/td>\n<td style=\"width: 33.3333%; height: 42px;\">\n<a href=\"https:\/\/www.ledstyl.pl\/lampa-wiszaca-espirale-modern-56w-4000k-czarna-id-7179\"><img loading=\"lazy\" decoding=\"async\" class=\"size-medium wp-image-293 aligncenter\" src=\"https:\/\/www.ledstyl.pl\/dane\/source\/y\/yi1.47bdc903-b0d7-445a-8b74-cd4215421302.jpg\" alt=\"Lampa wisz\u0105ca Espirale Modern 56W 4000K Czarna\" width=\"298\" height=\"300\" \/><\/a><\/td>\n<\/tr>\n<tr style=\"height: 62px;\">\n<td style=\"width: 33.3333%; height: 62px; text-align: center;\"><span style=\"font-size: 12pt;\"><a href=\"https:\/\/www.ledstyl.pl\/lampa-wiszaca-led-lorezzo-48w-2400lm-4000k-czarna-id-7175\"><div class=\"su-animate\" style=\"opacity:0;-webkit-animation-duration:1s;-webkit-animation-delay:0s;animation-duration:1s;animation-delay:0s;\" data-animation=\"bounceIn\" data-duration=\"1\" data-delay=\"0\"><strong>Lampa wisz\u0105ca LED Lorezzo 48W 2400lm 4000K Czarna<\/strong><\/div><\/a><\/span><\/td>\n<td style=\"width: 33.3333%; height: 62px; text-align: center;\"><span style=\"font-size: 12pt;\"><a href=\"https:\/\/www.ledstyl.pl\/lampa-wiszaca-led-serpente-dl-06-215w-zlota-z-pilotem-id-5441\"><div class=\"su-animate\" style=\"opacity:0;-webkit-animation-duration:1s;-webkit-animation-delay:0s;animation-duration:1s;animation-delay:0s;\" data-animation=\"bounceIn\" data-duration=\"1\" data-delay=\"0\"><strong>Lampa wisz\u0105ca LED Serpente DL-06 21,5W Z\u0142ota z pilotem<\/strong><\/div><\/a><\/span><\/td>\n<td style=\"width: 33.3333%; height: 62px; text-align: center;\"><span style=\"font-size: 12pt;\"><a href=\"https:\/\/www.ledstyl.pl\/lampa-wiszaca-espirale-modern-56w-4000k-czarna-id-7179\"><div class=\"su-animate\" style=\"opacity:0;-webkit-animation-duration:1s;-webkit-animation-delay:0s;animation-duration:1s;animation-delay:0s;\" data-animation=\"bounceIn\" data-duration=\"1\" data-delay=\"0\"><strong>Lampa wisz\u0105ca Espirale Modern 56W 4000K Czarna<\/strong><\/div><\/a><\/span><\/td>\n<\/tr>\n<tr style=\"height: 54px;\">\n<td style=\"width: 33.3333%; height: 18px;\"><div class=\"su-button-center\"><a href=\"https:\/\/www.ledstyl.pl\/lampa-wiszaca-led-lorezzo-48w-2400lm-4000k-czarna-id-7175\" class=\"su-button su-button-style-3d su-button-wide\" style=\"color:#ffffff;background-color:#ef2d36;border-color:#c0242c;border-radius:40px;-moz-border-radius:40px;-webkit-border-radius:40px\" target=\"_self\" rel=\"nofollow\"><span style=\"color:#ffffff;padding:7px 20px;font-size:16px;line-height:24px;border-color:#f46c73;border-radius:40px;-moz-border-radius:40px;-webkit-border-radius:40px;text-shadow:none;-moz-text-shadow:none;-webkit-text-shadow:none\"><i class=\"sui sui-shopping-bag\" style=\"font-size:16px;color:#ffffff\"><\/i> <\/span><\/a><\/div><\/td>\n<td style=\"width: 33.3333%; height: 18px;\"><div class=\"su-button-center\"><a href=\"https:\/\/www.ledstyl.pl\/lampa-wiszaca-led-serpente-dl-06-215w-zlota-z-pilotem-id-5441\" class=\"su-button su-button-style-3d su-button-wide\" style=\"color:#ffffff;background-color:#ef2d36;border-color:#c0242c;border-radius:40px;-moz-border-radius:40px;-webkit-border-radius:40px\" target=\"_self\" rel=\"nofollow\"><span style=\"color:#ffffff;padding:7px 20px;font-size:16px;line-height:24px;border-color:#f46c73;border-radius:40px;-moz-border-radius:40px;-webkit-border-radius:40px;text-shadow:none;-moz-text-shadow:none;-webkit-text-shadow:none\"><i class=\"sui sui-shopping-bag\" style=\"font-size:16px;color:#ffffff\"><\/i> <\/span><\/a><\/div><\/td>\n<td style=\"width: 33.3333%; height: 18px;\"><div class=\"su-button-center\"><a href=\"https:\/\/www.ledstyl.pl\/lampa-wiszaca-espirale-modern-56w-4000k-czarna-id-7179\" class=\"su-button su-button-style-3d su-button-wide\" style=\"color:#ffffff;background-color:#ef2d36;border-color:#c0242c;border-radius:40px;-moz-border-radius:40px;-webkit-border-radius:40px\" target=\"_self\" rel=\"nofollow\"><span style=\"color:#ffffff;padding:7px 20px;font-size:16px;line-height:24px;border-color:#f46c73;border-radius:40px;-moz-border-radius:40px;-webkit-border-radius:40px;text-shadow:none;-moz-text-shadow:none;-webkit-text-shadow:none\"><i class=\"sui sui-shopping-bag\" style=\"font-size:16px;color:#ffffff\"><\/i> <\/span><\/a><\/div><\/td>\n<\/tr>\n<\/tbody>\n<\/table>\n<h2><span id=\"Lampy_do_jadalni_glamour_czy_w_stylu_skandynawskim\">Lampy do jadalni glamour czy w stylu skandynawskim?<\/span><\/h2>\n<p>Jadalnia w stylu glamour to doskona\u0142e miejsce do wyra\u017cania swojego luksusowego gustu. <strong>Lampy do jadalni glamour<\/strong> cz\u0119sto posiadaj\u0105 efektowne zdobienia, takie jak kryszta\u0142ki, d\u017cety czy brokat. Mo\u017cna zdecydowa\u0107 si\u0119 na eleganckie \u017cyrandole z wisz\u0105cymi kryszta\u0142ami lub lampy w formie stylowych kielich\u00f3w. Lampy glamour przyci\u0105gaj\u0105 wzrok i nadaj\u0105 jadalni wyj\u0105tkowego charakteru. Je\u015bli jednak uwielbiasz minimalistyczne wn\u0119trza, wyr\u00f3\u017cniaj\u0105ce si\u0119 prostot\u0105 formy warto wybra\u0107 <strong>lampy do jadalni w stylu skandynawskim<\/strong>. Jest to dosy\u0107 klasyczny rodzaj o\u015bwietlenia, kt\u00f3ry jednocze\u015bnie mo\u017ce zaskoczy\u0107 swoim wygl\u0105dem, ale r\u00f3wnie\u017c mo\u017cliwo\u015bciami. Oczywi\u015bcie nic nie stoi na przeszkodzenie, aby w Twojej jadalni po\u0142\u0105czy\u0107 oba ta style. Wszystko zale\u017cy wy\u0142\u0105cznie od Twoich indywidualnych preferencji, ale pami\u0119taj, aby wygl\u0105d lamp odpowiednio po\u0142\u0105czy\u0107 z ich mo\u017cliwo\u015bciami \u015bwietlnymi.<\/p>\n<p><img loading=\"lazy\" decoding=\"async\" class=\"wp-image-1223 aligncenter\" src=\"https:\/\/www.ledstyl.pl\/strefa-swiatla\/wp-content\/uploads\/2023\/07\/oswietlenie-jadalni-300x150.jpg\" alt=\"O\u015bwietlenie jadalni\" width=\"750\" height=\"375\" srcset=\"https:\/\/www.ledstyl.pl\/strefa-swiatla\/wp-content\/uploads\/2023\/07\/oswietlenie-jadalni-300x150.jpg 300w, https:\/\/www.ledstyl.pl\/strefa-swiatla\/wp-content\/uploads\/2023\/07\/oswietlenie-jadalni-768x384.jpg 768w, https:\/\/www.ledstyl.pl\/strefa-swiatla\/wp-content\/uploads\/2023\/07\/oswietlenie-jadalni.jpg 1000w\" sizes=\"auto, (max-width: 750px) 100vw, 750px\" \/><\/p>\n<h2><span id=\"Lampy_wiszace_do_jadalni_8211_jakie_sa_ich_zalety\">Lampy wisz\u0105ce do jadalni &#8211; jakie s\u0105 ich zalety?<\/span><\/h2>\n<p>Lampa wisz\u0105ca w jadalni to bardzo popularny wyb\u00f3r. Pozwala na precyzyjne o\u015bwietlenie sto\u0142u, ale tak\u017ce innych element\u00f3w wn\u0119trza. <a href=\"https:\/\/www.ledstyl.pl\/blog\/lampa-z-regulowana-wysokoscia-zwisu\/\">Lampy z regulowan\u0105 wysoko\u015bci\u0105 zwisu<\/a> b\u0119dziesz w stanie indywidualnie dopasowa\u0107 do potrzeb danego pomieszczenia i swoich preferencji. <strong>Lampy wisz\u0105ce do jadalni<\/strong> s\u0105 nie tylko praktyczne, ale r\u00f3wnie\u017c dodaj\u0105 stylu i charakteru pomieszczeniu. Ich oryginalna forma przykuwa uwag\u0119 nie tylko domownik\u00f3w, ale r\u00f3wnie\u017c go\u015bci. Jest to bardzo interesuj\u0105cy spos\u00f3b na podkre\u015blenie stylistyki wn\u0119trza.<\/p>\n<table style=\"width: 100%; height: 124px; border: none;\">\n<tbody>\n<tr style=\"height: 42px;\">\n<td style=\"width: 33.3333%; height: 42px;\">\n<a href=\"https:\/\/www.ledstyl.pl\/lampa-wiszaca-diamond-deco-1xe27-biala-id-6753\"><img loading=\"lazy\" decoding=\"async\" class=\"size-medium wp-image-291 aligncenter\" src=\"https:\/\/www.ledstyl.pl\/dane\/full\/3\/3eo.lampa-wiszaca-biala-220044-4.jpg\" alt=\"Lampa wisz\u0105ca Diamond Deco 1xE27 - bia\u0142a\" width=\"298\" height=\"300\" \/><\/a><\/td>\n<td style=\"width: 33.3333%; height: 42px;\">\n<a href=\"https:\/\/www.ledstyl.pl\/lampa-wiszaca-druciana-astell-1xe27-czarna-id-6731\"><img loading=\"lazy\" decoding=\"async\" class=\"size-medium wp-image-292 aligncenter\" src=\"https:\/\/www.ledstyl.pl\/dane\/full\/t\/tn3.lampa-wiszaca-309213-a.jpg\" alt=\"Lampa wisz\u0105ca druciana Astell 1xE27 czarna\" width=\"298\" height=\"300\" \/><\/a><\/td>\n<td style=\"width: 33.3333%; height: 42px;\">\n<a href=\"https:\/\/www.ledstyl.pl\/lampa-wiszaca-diamente-loft-1xe27-druciany-klosz-id-3532\"><img loading=\"lazy\" decoding=\"async\" class=\"size-medium wp-image-293 aligncenter\" src=\"https:\/\/www.ledstyl.pl\/dane\/full\/e\/e85e3f18-dd0a-46ef-8e2c-64f8ac300b39.jpg\" alt=\"Lampa wisz\u0105ca Diamente Loft 1xE27 - druciany klosz\" width=\"298\" height=\"300\" \/><\/a><\/td>\n<\/tr>\n<tr style=\"height: 62px;\">\n<td style=\"width: 33.3333%; height: 62px; text-align: center;\"><span style=\"font-size: 12pt;\"><a href=\"https:\/\/www.ledstyl.pl\/lampa-wiszaca-diamond-deco-1xe27-biala-id-6753\"><div class=\"su-animate\" style=\"opacity:0;-webkit-animation-duration:1s;-webkit-animation-delay:0s;animation-duration:1s;animation-delay:0s;\" data-animation=\"bounceIn\" data-duration=\"1\" data-delay=\"0\"><strong>Lampa wisz\u0105ca Diamond Deco 1xE27 &#8211; bia\u0142a<\/strong><\/div><\/a><\/span><\/td>\n<td style=\"width: 33.3333%; height: 62px; text-align: center;\"><span style=\"font-size: 12pt;\"><a href=\"https:\/\/www.ledstyl.pl\/lampa-wiszaca-druciana-astell-1xe27-czarna-id-6731\"><div class=\"su-animate\" style=\"opacity:0;-webkit-animation-duration:1s;-webkit-animation-delay:0s;animation-duration:1s;animation-delay:0s;\" data-animation=\"bounceIn\" data-duration=\"1\" data-delay=\"0\"><strong>Lampa wisz\u0105ca druciana Astell 1xE27 czarna<\/strong><\/div><\/a><\/span><\/td>\n<td style=\"width: 33.3333%; height: 62px; text-align: center;\"><span style=\"font-size: 12pt;\"><a href=\"https:\/\/www.ledstyl.pl\/lampa-wiszaca-diamente-loft-1xe27-druciany-klosz-id-3532\"><div class=\"su-animate\" style=\"opacity:0;-webkit-animation-duration:1s;-webkit-animation-delay:0s;animation-duration:1s;animation-delay:0s;\" data-animation=\"bounceIn\" data-duration=\"1\" data-delay=\"0\"><strong>Lampa wisz\u0105ca Diamente Loft 1xE27 &#8211; druciany klosz<\/strong><\/div><\/a><\/span><\/td>\n<\/tr>\n<tr style=\"height: 54px;\">\n<td style=\"width: 33.3333%; height: 18px;\"><div class=\"su-button-center\"><a href=\"https:\/\/www.ledstyl.pl\/lampa-wiszaca-diamond-deco-1xe27-biala-id-6753\" class=\"su-button su-button-style-3d su-button-wide\" style=\"color:#ffffff;background-color:#ef2d36;border-color:#c0242c;border-radius:40px;-moz-border-radius:40px;-webkit-border-radius:40px\" target=\"_self\" rel=\"nofollow\"><span style=\"color:#ffffff;padding:7px 20px;font-size:16px;line-height:24px;border-color:#f46c73;border-radius:40px;-moz-border-radius:40px;-webkit-border-radius:40px;text-shadow:none;-moz-text-shadow:none;-webkit-text-shadow:none\"><i class=\"sui sui-shopping-bag\" style=\"font-size:16px;color:#ffffff\"><\/i> <\/span><\/a><\/div><\/td>\n<td style=\"width: 33.3333%; height: 18px;\"><div class=\"su-button-center\"><a href=\"https:\/\/www.ledstyl.pl\/lampa-wiszaca-druciana-astell-1xe27-czarna-id-6731\" class=\"su-button su-button-style-3d su-button-wide\" style=\"color:#ffffff;background-color:#ef2d36;border-color:#c0242c;border-radius:40px;-moz-border-radius:40px;-webkit-border-radius:40px\" target=\"_self\" rel=\"nofollow\"><span style=\"color:#ffffff;padding:7px 20px;font-size:16px;line-height:24px;border-color:#f46c73;border-radius:40px;-moz-border-radius:40px;-webkit-border-radius:40px;text-shadow:none;-moz-text-shadow:none;-webkit-text-shadow:none\"><i class=\"sui sui-shopping-bag\" style=\"font-size:16px;color:#ffffff\"><\/i> <\/span><\/a><\/div><\/td>\n<td style=\"width: 33.3333%; height: 18px;\"><div class=\"su-button-center\"><a href=\"https:\/\/www.ledstyl.pl\/lampa-wiszaca-diamente-loft-1xe27-druciany-klosz-id-3532\" class=\"su-button su-button-style-3d su-button-wide\" style=\"color:#ffffff;background-color:#ef2d36;border-color:#c0242c;border-radius:40px;-moz-border-radius:40px;-webkit-border-radius:40px\" target=\"_self\" rel=\"nofollow\"><span style=\"color:#ffffff;padding:7px 20px;font-size:16px;line-height:24px;border-color:#f46c73;border-radius:40px;-moz-border-radius:40px;-webkit-border-radius:40px;text-shadow:none;-moz-text-shadow:none;-webkit-text-shadow:none\"><i class=\"sui sui-shopping-bag\" style=\"font-size:16px;color:#ffffff\"><\/i> <\/span><\/a><\/div><\/td>\n<\/tr>\n<\/tbody>\n<\/table>\n<p>Obecnie istnieje wiele r\u00f3\u017cnych rodzaj\u00f3w lamp wisz\u0105cych, kt\u00f3re mo\u017cna dopasowa\u0107 do w\u0142asnych preferencji. Mo\u017cesz wybra\u0107 pojedyncz\u0105 lamp\u0119 wisz\u0105c\u0105 lub zestaw kilku lamp rozmieszczonych r\u00f3wnomiernie nad sto\u0142em. Pami\u0119taj, \u017ce wa\u017cne jest zachowanie odpowiedniej wysoko\u015bci zwisu, tak aby zapewni\u0107 precyzyjne o\u015bwietlenie, a jednocze\u015bnie praktyczne, kt\u00f3re nie b\u0119dzie przeszkadza\u0107 w codziennym u\u017cytkowaniu pomieszczenia.<\/p>\n<p><img loading=\"lazy\" decoding=\"async\" class=\"wp-image-1224 aligncenter\" src=\"https:\/\/www.ledstyl.pl\/strefa-swiatla\/wp-content\/uploads\/2023\/07\/lampa-nad-stol-do-jadalni-300x200.jpg\" alt=\"Lampa nad st\u00f3\u0142 do jadalni\" width=\"750\" height=\"500\" srcset=\"https:\/\/www.ledstyl.pl\/strefa-swiatla\/wp-content\/uploads\/2023\/07\/lampa-nad-stol-do-jadalni-300x200.jpg 300w, https:\/\/www.ledstyl.pl\/strefa-swiatla\/wp-content\/uploads\/2023\/07\/lampa-nad-stol-do-jadalni-768x512.jpg 768w, https:\/\/www.ledstyl.pl\/strefa-swiatla\/wp-content\/uploads\/2023\/07\/lampa-nad-stol-do-jadalni.jpg 1000w\" sizes=\"auto, (max-width: 750px) 100vw, 750px\" \/><\/p>\n<h2><span id=\"Lampa_sufitowa_do_jadalni\">Lampa sufitowa do jadalni<\/span><\/h2>\n<p>Lampa sufitowa to jedno z najprostszych rozwi\u0105za\u0144 o\u015bwietleniowych do jadalni, a jednocze\u015bnie synonim funkcjonalno\u015bci i efektownego wystroju. Wykorzystuj\u0105c <strong>o\u015bwietlenie sufitowe do jadalni<\/strong>, mo\u017cna uzyska\u0107 r\u00f3wnomierne i rozproszone \u015bwiat\u0142o, kt\u00f3re do\u015bwietli ca\u0142e pomieszczenie. <strong>Lampa sufitowa w jadalni<\/strong> mo\u017ce by\u0107 minimalistyczna, nowoczesna lub klasyczna, dostosowuj\u0105c si\u0119 do stylu Twojego wn\u0119trza. Je\u015bli preferujesz jednolite o\u015bwietlenie i modernistyczny styl, <a href=\"https:\/\/www.ledstyl.pl\/lampy-sufitowe-nowoczesne-cat-359\">nowoczesna lampa sufitowa<\/a> b\u0119dzie doskona\u0142ym wyborem. Mo\u017cesz wybra\u0107 zar\u00f3wno prost\u0105 lini\u0119, jak i bardziej designerskie modele, kt\u00f3re stan\u0105 si\u0119 tak\u017ce wyj\u0105tkow\u0105 ozdob\u0105 wn\u0119trza.<\/p>\n<table style=\"width: 100%; height: 124px; border: none;\">\n<tbody>\n<tr style=\"height: 42px;\">\n<td style=\"width: 33.3333%; height: 42px;\">\n<a href=\"https:\/\/www.ledstyl.pl\/lampa-sufitowa-niobi-30w-1800lm-4000k-id-7159\"><img loading=\"lazy\" decoding=\"async\" class=\"size-medium wp-image-291 aligncenter\" src=\"https:\/\/www.ledstyl.pl\/dane\/source\/w\/wc1.9f24ee75-9605-45a4-8f12-5ba13b179850.jpg\" alt=\"Lampa sufitowa Niobi 30W 1800lm 4000K\" width=\"298\" height=\"300\" \/><\/a><\/td>\n<td style=\"width: 33.3333%; height: 42px;\">\n<a href=\"https:\/\/www.ledstyl.pl\/lampa-sufitowa-dualo-40w-2400lm-4000k-id-7160\"><img loading=\"lazy\" decoding=\"async\" class=\"size-medium wp-image-292 aligncenter\" src=\"https:\/\/www.ledstyl.pl\/dane\/source\/p\/pfq.ba59bfbc-3a0d-4134-a633-bdaded344d66.jpg\" alt=\"Lampa sufitowa Dualo 40W 2400lm 4000K\" width=\"298\" height=\"300\" \/><\/a><\/td>\n<td style=\"width: 33.3333%; height: 42px;\">\n<a href=\"https:\/\/www.ledstyl.pl\/lampa-sufitowa-nowoczesna-spirale-76w-z-pilotem-id-3463\"><img loading=\"lazy\" decoding=\"async\" class=\"size-medium wp-image-293 aligncenter\" src=\"https:\/\/www.ledstyl.pl\/dane\/source\/f\/f86aef57-6775-4a44-ac06-e93c00028949.jpg\" alt=\"Lampa sufitowa nowoczesna Spirale 76W z pilotem\" width=\"298\" height=\"300\" \/><\/a><\/td>\n<\/tr>\n<tr style=\"height: 62px;\">\n<td style=\"width: 33.3333%; height: 62px; text-align: center;\"><span style=\"font-size: 12pt;\"><a href=\"https:\/\/www.ledstyl.pl\/lampa-sufitowa-niobi-30w-1800lm-4000k-id-7159\"><div class=\"su-animate\" style=\"opacity:0;-webkit-animation-duration:1s;-webkit-animation-delay:0s;animation-duration:1s;animation-delay:0s;\" data-animation=\"bounceIn\" data-duration=\"1\" data-delay=\"0\"><strong>Lampa sufitowa Niobi 30W 1800lm 4000K<\/strong><\/div><\/a><\/span><\/td>\n<td style=\"width: 33.3333%; height: 62px; text-align: center;\"><span style=\"font-size: 12pt;\"><a href=\"https:\/\/www.ledstyl.pl\/lampa-sufitowa-dualo-40w-2400lm-4000k-id-7160\"><div class=\"su-animate\" style=\"opacity:0;-webkit-animation-duration:1s;-webkit-animation-delay:0s;animation-duration:1s;animation-delay:0s;\" data-animation=\"bounceIn\" data-duration=\"1\" data-delay=\"0\"><strong>Lampa sufitowa Dualo 40W 2400lm 4000K<\/strong><\/div><\/a><\/span><\/td>\n<td style=\"width: 33.3333%; height: 62px; text-align: center;\"><span style=\"font-size: 12pt;\"><a href=\"https:\/\/www.ledstyl.pl\/lampa-sufitowa-nowoczesna-spirale-76w-z-pilotem-id-3463\"><div class=\"su-animate\" style=\"opacity:0;-webkit-animation-duration:1s;-webkit-animation-delay:0s;animation-duration:1s;animation-delay:0s;\" data-animation=\"bounceIn\" data-duration=\"1\" data-delay=\"0\"><strong>Lampa sufitowa nowoczesna Spirale 76W z pilotem<\/strong><\/div><\/a><\/span><\/td>\n<\/tr>\n<tr style=\"height: 54px;\">\n<td style=\"width: 33.3333%; height: 18px;\"><div class=\"su-button-center\"><a href=\"https:\/\/www.ledstyl.pl\/lampa-sufitowa-niobi-30w-1800lm-4000k-id-7159\" class=\"su-button su-button-style-3d su-button-wide\" style=\"color:#ffffff;background-color:#ef2d36;border-color:#c0242c;border-radius:40px;-moz-border-radius:40px;-webkit-border-radius:40px\" target=\"_self\" rel=\"nofollow\"><span style=\"color:#ffffff;padding:7px 20px;font-size:16px;line-height:24px;border-color:#f46c73;border-radius:40px;-moz-border-radius:40px;-webkit-border-radius:40px;text-shadow:none;-moz-text-shadow:none;-webkit-text-shadow:none\"><i class=\"sui sui-shopping-bag\" style=\"font-size:16px;color:#ffffff\"><\/i> <\/span><\/a><\/div><\/td>\n<td style=\"width: 33.3333%; height: 18px;\"><div class=\"su-button-center\"><a href=\"https:\/\/www.ledstyl.pl\/lampa-sufitowa-dualo-40w-2400lm-4000k-id-7160\" class=\"su-button su-button-style-3d su-button-wide\" style=\"color:#ffffff;background-color:#ef2d36;border-color:#c0242c;border-radius:40px;-moz-border-radius:40px;-webkit-border-radius:40px\" target=\"_self\" rel=\"nofollow\"><span style=\"color:#ffffff;padding:7px 20px;font-size:16px;line-height:24px;border-color:#f46c73;border-radius:40px;-moz-border-radius:40px;-webkit-border-radius:40px;text-shadow:none;-moz-text-shadow:none;-webkit-text-shadow:none\"><i class=\"sui sui-shopping-bag\" style=\"font-size:16px;color:#ffffff\"><\/i> <\/span><\/a><\/div><\/td>\n<td style=\"width: 33.3333%; height: 18px;\"><div class=\"su-button-center\"><a href=\"https:\/\/www.ledstyl.pl\/lampa-sufitowa-nowoczesna-spirale-76w-z-pilotem-id-3463\" class=\"su-button su-button-style-3d su-button-wide\" style=\"color:#ffffff;background-color:#ef2d36;border-color:#c0242c;border-radius:40px;-moz-border-radius:40px;-webkit-border-radius:40px\" target=\"_self\" rel=\"nofollow\"><span style=\"color:#ffffff;padding:7px 20px;font-size:16px;line-height:24px;border-color:#f46c73;border-radius:40px;-moz-border-radius:40px;-webkit-border-radius:40px;text-shadow:none;-moz-text-shadow:none;-webkit-text-shadow:none\"><i class=\"sui sui-shopping-bag\" style=\"font-size:16px;color:#ffffff\"><\/i> <\/span><\/a><\/div><\/td>\n<\/tr>\n<\/tbody>\n<\/table>\n<h2><span id=\"Eleganckie_lampy_do_jadalni\">Eleganckie lampy do jadalni<\/span><\/h2>\n<p>Bran\u017ca o\u015bwietleniowa rozwija si\u0119 coraz szybciej, a dzi\u015b producenci prze\u015bcigaj\u0105 si\u0119 w coraz to nowszych pomys\u0142ach. Je\u015bli zale\u017cy Ci na stworzeniu eleganckiego i wyrafinowanego wn\u0119trza jadalni, warto zainwestowa\u0107 w lampy, kt\u00f3re b\u0119d\u0105 odzwierciedla\u0107 ten styl. <strong>Lampa do jadalni z kryszta\u0142ami<\/strong>, w z\u0142otym odcieniu lub z aba\u017curem w stonowanych kolorach doda ka\u017cdemu pomieszczeniu klasy i szyku. Pami\u0119taj, \u017ce wa\u017cne jest, dopasowa\u0107 <strong>o\u015bwietlenie jadalni<\/strong> do pozosta\u0142ych element\u00f3w wystroju, takich jak meble, zas\u0142ony i kolory \u015bcian. Pami\u0119taj jednak, \u017ceby nie skupia\u0107 si\u0119 wy\u0142\u0105cznie na elementach wizualnych. Lampy do jadalni powinny by\u0107 funkcjonalne i praktyczne. Jest to przecie\u017c pomieszczenie o uniwersalnym przeznaczeniu, dlatego zadbaj o odpowiedni wyb\u00f3r o\u015bwietlenia og\u00f3lnego, jak i dodatkowych \u017ar\u00f3de\u0142 \u015bwiat\u0142a.<\/p>\n<p><img loading=\"lazy\" decoding=\"async\" class=\"wp-image-1226 aligncenter\" src=\"https:\/\/www.ledstyl.pl\/strefa-swiatla\/wp-content\/uploads\/2023\/07\/eleganckie-lampy-do-jadalni-300x167.jpg\" alt=\"Eleganckie lampy do jadalni\" width=\"750\" height=\"417\" srcset=\"https:\/\/www.ledstyl.pl\/strefa-swiatla\/wp-content\/uploads\/2023\/07\/eleganckie-lampy-do-jadalni-300x167.jpg 300w, https:\/\/www.ledstyl.pl\/strefa-swiatla\/wp-content\/uploads\/2023\/07\/eleganckie-lampy-do-jadalni-768x427.jpg 768w, https:\/\/www.ledstyl.pl\/strefa-swiatla\/wp-content\/uploads\/2023\/07\/eleganckie-lampy-do-jadalni.jpg 1000w\" sizes=\"auto, (max-width: 750px) 100vw, 750px\" \/><\/p>\n<h2><span id=\"Lampy_do_kuchni_i_jadalni\">Lampy do kuchni i jadalni<\/span><\/h2>\n<p>Je\u017celi Twoja kuchnia i jadalnia s\u0105 po\u0142\u0105czone w jednym pomieszczeniu, warto skupi\u0107 si\u0119 na funkcjonalnych lampach. Obecnie na rynku znajdziesz <strong>lampy do jadalni<\/strong>, kt\u00f3re zapewni\u0105 odpowiednie o\u015bwietlenie zar\u00f3wno przy gotowaniu, jak i spo\u017cywaniu posi\u0142k\u00f3w. W tym przypadku warto rozwa\u017cy\u0107 zamontowanie opraw o\u015bwietleniowych podszafkowych, kt\u00f3re do\u015bwietl\u0105 blat roboczy, oraz lampy wisz\u0105cej nad sto\u0142em jadalnym. W przypadku wyspy kuchennej doskonale sprawdz\u0105 si\u0119 <a href=\"https:\/\/www.ledstyl.pl\/spoty-i-tuby-sufitowe-cat-364\">spoty sufitowe<\/a> i o\u015bwietlenie punktowe. Wa\u017cne jest r\u00f3wnie\u017c, aby <strong>o\u015bwietlenie kuchni i jadalni<\/strong> by\u0142o sp\u00f3jne oraz harmonijne. Dla obu tych przestrzeni warto zdecydowa\u0107 si\u0119 na lampy o podobnym stylu lub zestawi\u0107 r\u00f3\u017cne rodzaje o\u015bwietlenia, kt\u00f3re pasuj\u0105 do konkretnych obszar\u00f3w. Zwr\u00f3\u0107 uwag\u0119 na to, aby by\u0142y \u0142atwe do utrzymania w czysto\u015bci, co znacznie u\u0142atwi ich d\u0142ug\u0105 eksploatacj\u0119.<\/p>\n<p><img loading=\"lazy\" decoding=\"async\" class=\"wp-image-1225 aligncenter\" src=\"https:\/\/www.ledstyl.pl\/strefa-swiatla\/wp-content\/uploads\/2023\/07\/lampy-do-kuchni-i-jadalni-300x171.jpg\" alt=\"Lampy do kuchni i jadalni\" width=\"750\" height=\"428\" srcset=\"https:\/\/www.ledstyl.pl\/strefa-swiatla\/wp-content\/uploads\/2023\/07\/lampy-do-kuchni-i-jadalni-300x171.jpg 300w, https:\/\/www.ledstyl.pl\/strefa-swiatla\/wp-content\/uploads\/2023\/07\/lampy-do-kuchni-i-jadalni-768x439.jpg 768w, https:\/\/www.ledstyl.pl\/strefa-swiatla\/wp-content\/uploads\/2023\/07\/lampy-do-kuchni-i-jadalni.jpg 1000w\" sizes=\"auto, (max-width: 750px) 100vw, 750px\" \/><\/p>\n<h2><span id=\"Oswietlenie_do_jadalni_8211_podsumowanie\">O\u015bwietlenie do jadalni &#8211; podsumowanie<\/span><\/h2>\n<p>Podsumowuj\u0105c, wyb\u00f3r odpowiedniej <strong>lampy do jadalni<\/strong> jest istotnym krokiem w procesie aran\u017cacji wn\u0119trza. Warto zwr\u00f3ci\u0107 uwag\u0119 na styl pomieszczenia, rozmiar sto\u0142u oraz indywidualne preferencje estetyczne. Bez wzgl\u0119du na to, czy preferujesz nowoczesne, eleganckie czy glamour rozwi\u0105zania, na rynku dost\u0119pne s\u0105 lampy, kt\u00f3re spe\u0142ni\u0105 Twoje oczekiwania. Wybieraj\u0105c lampy do jadalni, nale\u017cy zwr\u00f3ci\u0107 uwag\u0119 na w\u0142asne preferencje stylowe, rozmiar pomieszczenia, a tak\u017ce inne czynniki. <strong>Lampy nad sto\u0142em do jadalni<\/strong>, lampy wisz\u0105ce, lampy sufitowe i eleganckie modele s\u0105 tylko niekt\u00f3rymi z wielu opcji dost\u0119pnych na rynku. Warto zadba\u0107 o to, aby o\u015bwietlenie w jadalni by\u0142o zar\u00f3wno funkcjonalne, jak i estetyczne, tworz\u0105c przyjemn\u0105 atmosfer\u0119 podczas wsp\u00f3lnych posi\u0142k\u00f3w i spotka\u0144 z bliskimi.<\/p>\n","protected":false},"excerpt":{"rendered":"<p>Lampy odgrywaj\u0105 istotn\u0105 rol\u0119 w ka\u017cdym wn\u0119trzu, a jadalnia nie jest wyj\u0105tkiem. Odpowiednio dobrane o\u015bwietlenie jadalni mo\u017ce stworzy\u0107 przytuln\u0105 atmosfer\u0119 i podkre\u015bli\u0107 charakter tego wa\u017cnego pomieszczenia. Wyb\u00f3r o\u015bwietlenia do domu lub mieszkania, cho\u0107 cz\u0119sto traktowany po macoszemu ma ogromny wp\u0142yw zar\u00f3wno na funkcjonalno\u015b\u0107 poszczeg\u00f3lnych pomieszcze\u0144, jak i na komfort mieszka\u0144c\u00f3w. Na co zwr\u00f3ci\u0107 uwag\u0119, wybieraj\u0105c [&hellip;]<\/p>\n","protected":false},"author":1,"featured_media":1221,"comment_status":"open","ping_status":"open","sticky":false,"template":"","format":"standard","meta":{"footnotes":""},"categories":[34,16],"tags":[],"class_list":["post-1220","post","type-post","status-publish","format-standard","has-post-thumbnail","hentry","category-jadalnia","category-wnetrza","entry","has-media"],"yoast_head":"<!-- This site is optimized with the Yoast SEO plugin v17.8 - https:\/\/yoast.com\/wordpress\/plugins\/seo\/ -->\r\n<title>Lampy do jadalni jako klucz do stylowego o\u015bwietlenia - LEDstyl.pl<\/title>\r\n<meta name=\"description\" content=\"Lampa do jadalni mo\u017ce ca\u0142kowicie zmieni\u0107 atmosfer\u0119 pomieszczenia. Dowiedz si\u0119, jak wybra\u0107 najlepsze o\u015bwietlenie do swojej jadalni.\" \/>\r\n<meta name=\"robots\" content=\"index, follow, max-snippet:-1, max-image-preview:large, max-video-preview:-1\" \/>\r\n<link rel=\"canonical\" href=\"https:\/\/www.ledstyl.pl\/strefa-swiatla\/lampy-do-jadalni\/\" \/>\r\n<meta property=\"og:locale\" content=\"pl_PL\" \/>\r\n<meta property=\"og:type\" content=\"article\" \/>\r\n<meta property=\"og:title\" content=\"Lampy do jadalni jako klucz do stylowego o\u015bwietlenia - LEDstyl.pl\" \/>\r\n<meta property=\"og:description\" content=\"Lampa do jadalni mo\u017ce ca\u0142kowicie zmieni\u0107 atmosfer\u0119 pomieszczenia. Dowiedz si\u0119, jak wybra\u0107 najlepsze o\u015bwietlenie do swojej jadalni.\" \/>\r\n<meta property=\"og:url\" content=\"https:\/\/www.ledstyl.pl\/strefa-swiatla\/lampy-do-jadalni\/\" \/>\r\n<meta property=\"og:site_name\" content=\"Strefa \u015awiat\u0142a LEDstyl\" \/>\r\n<meta property=\"article:published_time\" content=\"2023-07-07T14:04:09+00:00\" \/>\r\n<meta property=\"article:modified_time\" content=\"2024-06-27T09:23:16+00:00\" \/>\r\n<meta property=\"og:image\" content=\"https:\/\/www.ledstyl.pl\/strefa-swiatla\/wp-content\/uploads\/2023\/07\/lampy-do-jadalni.jpg\" \/>\r\n\t<meta property=\"og:image:width\" content=\"1000\" \/>\r\n\t<meta property=\"og:image:height\" content=\"667\" \/>\r\n<meta name=\"twitter:card\" content=\"summary_large_image\" \/>\r\n<meta name=\"twitter:label1\" content=\"Napisane przez\" \/>\n\t<meta name=\"twitter:data1\" content=\"Adam Doma\u0144ski\" \/>\n\t<meta name=\"twitter:label2\" content=\"Szacowany czas czytania\" \/>\n\t<meta name=\"twitter:data2\" content=\"16 minut\" \/>\r\n<script type=\"application\/ld+json\" class=\"yoast-schema-graph\">{\"@context\":\"https:\/\/schema.org\",\"@graph\":[{\"@type\":\"Organization\",\"@id\":\"https:\/\/www.ledstyl.pl\/strefa-swiatla\/#organization\",\"name\":\"Strefa \\u015awiat\\u0142a LEDstyl.pl\",\"url\":\"https:\/\/www.ledstyl.pl\/strefa-swiatla\/\",\"sameAs\":[],\"logo\":{\"@type\":\"ImageObject\",\"@id\":\"https:\/\/www.ledstyl.pl\/strefa-swiatla\/#logo\",\"inLanguage\":\"pl-PL\",\"url\":\"https:\/\/www.ledstyl.pl\/strefa-swiatla\/wp-content\/uploads\/2021\/12\/strefa-swiatla-ledstyl.png\",\"contentUrl\":\"https:\/\/www.ledstyl.pl\/strefa-swiatla\/wp-content\/uploads\/2021\/12\/strefa-swiatla-ledstyl.png\",\"width\":1999,\"height\":1041,\"caption\":\"Strefa \\u015awiat\\u0142a LEDstyl.pl\"},\"image\":{\"@id\":\"https:\/\/www.ledstyl.pl\/strefa-swiatla\/#logo\"}},{\"@type\":\"WebSite\",\"@id\":\"https:\/\/www.ledstyl.pl\/strefa-swiatla\/#website\",\"url\":\"https:\/\/www.ledstyl.pl\/strefa-swiatla\/\",\"name\":\"Strefa \\u015awiat\\u0142a LEDstyl\",\"description\":\"\",\"publisher\":{\"@id\":\"https:\/\/www.ledstyl.pl\/strefa-swiatla\/#organization\"},\"potentialAction\":[{\"@type\":\"SearchAction\",\"target\":{\"@type\":\"EntryPoint\",\"urlTemplate\":\"https:\/\/www.ledstyl.pl\/strefa-swiatla\/?s={search_term_string}\"},\"query-input\":\"required name=search_term_string\"}],\"inLanguage\":\"pl-PL\"},{\"@type\":\"ImageObject\",\"@id\":\"https:\/\/www.ledstyl.pl\/strefa-swiatla\/lampy-do-jadalni\/#primaryimage\",\"inLanguage\":\"pl-PL\",\"url\":\"https:\/\/www.ledstyl.pl\/strefa-swiatla\/wp-content\/uploads\/2023\/07\/lampy-do-jadalni.jpg\",\"contentUrl\":\"https:\/\/www.ledstyl.pl\/strefa-swiatla\/wp-content\/uploads\/2023\/07\/lampy-do-jadalni.jpg\",\"width\":1000,\"height\":667,\"caption\":\"Lampy do jadalni\"},{\"@type\":\"WebPage\",\"@id\":\"https:\/\/www.ledstyl.pl\/strefa-swiatla\/lampy-do-jadalni\/#webpage\",\"url\":\"https:\/\/www.ledstyl.pl\/strefa-swiatla\/lampy-do-jadalni\/\",\"name\":\"Lampy do jadalni jako klucz do stylowego o\\u015bwietlenia - LEDstyl.pl\",\"isPartOf\":{\"@id\":\"https:\/\/www.ledstyl.pl\/strefa-swiatla\/#website\"},\"primaryImageOfPage\":{\"@id\":\"https:\/\/www.ledstyl.pl\/strefa-swiatla\/lampy-do-jadalni\/#primaryimage\"},\"datePublished\":\"2023-07-07T14:04:09+00:00\",\"dateModified\":\"2024-06-27T09:23:16+00:00\",\"description\":\"Lampa do jadalni mo\\u017ce ca\\u0142kowicie zmieni\\u0107 atmosfer\\u0119 pomieszczenia. Dowiedz si\\u0119, jak wybra\\u0107 najlepsze o\\u015bwietlenie do swojej jadalni.\",\"breadcrumb\":{\"@id\":\"https:\/\/www.ledstyl.pl\/strefa-swiatla\/lampy-do-jadalni\/#breadcrumb\"},\"inLanguage\":\"pl-PL\",\"potentialAction\":[{\"@type\":\"ReadAction\",\"target\":[\"https:\/\/www.ledstyl.pl\/strefa-swiatla\/lampy-do-jadalni\/\"]}]},{\"@type\":\"BreadcrumbList\",\"@id\":\"https:\/\/www.ledstyl.pl\/strefa-swiatla\/lampy-do-jadalni\/#breadcrumb\",\"itemListElement\":[{\"@type\":\"ListItem\",\"position\":1,\"name\":\"Strona g\\u0142\\u00f3wna\",\"item\":\"https:\/\/www.ledstyl.pl\/strefa-swiatla\/\"},{\"@type\":\"ListItem\",\"position\":2,\"name\":\"Lampy do jadalni\"}]},{\"@type\":\"Article\",\"@id\":\"https:\/\/www.ledstyl.pl\/strefa-swiatla\/lampy-do-jadalni\/#article\",\"isPartOf\":{\"@id\":\"https:\/\/www.ledstyl.pl\/strefa-swiatla\/lampy-do-jadalni\/#webpage\"},\"author\":{\"@id\":\"https:\/\/www.ledstyl.pl\/strefa-swiatla\/#\/schema\/person\/24db998bba2f9b47fe0d08101257c2ce\"},\"headline\":\"Lampy do jadalni\",\"datePublished\":\"2023-07-07T14:04:09+00:00\",\"dateModified\":\"2024-06-27T09:23:16+00:00\",\"mainEntityOfPage\":{\"@id\":\"https:\/\/www.ledstyl.pl\/strefa-swiatla\/lampy-do-jadalni\/#webpage\"},\"wordCount\":3142,\"commentCount\":0,\"publisher\":{\"@id\":\"https:\/\/www.ledstyl.pl\/strefa-swiatla\/#organization\"},\"image\":{\"@id\":\"https:\/\/www.ledstyl.pl\/strefa-swiatla\/lampy-do-jadalni\/#primaryimage\"},\"thumbnailUrl\":\"https:\/\/www.ledstyl.pl\/strefa-swiatla\/wp-content\/uploads\/2023\/07\/lampy-do-jadalni.jpg\",\"articleSection\":[\"Jadalnia\",\"Wn\\u0119trza\"],\"inLanguage\":\"pl-PL\",\"potentialAction\":[{\"@type\":\"CommentAction\",\"name\":\"Comment\",\"target\":[\"https:\/\/www.ledstyl.pl\/strefa-swiatla\/lampy-do-jadalni\/#respond\"]}]},{\"@type\":\"Person\",\"@id\":\"https:\/\/www.ledstyl.pl\/strefa-swiatla\/#\/schema\/person\/24db998bba2f9b47fe0d08101257c2ce\",\"name\":\"Adam Doma\\u0144ski\",\"image\":{\"@type\":\"ImageObject\",\"@id\":\"https:\/\/www.ledstyl.pl\/strefa-swiatla\/#personlogo\",\"inLanguage\":\"pl-PL\",\"url\":\"https:\/\/secure.gravatar.com\/avatar\/391a241373e59dc1426e927c19384e8fcbeb32e3ba2277184170aa780b80359e?s=96&d=mm&r=g\",\"contentUrl\":\"https:\/\/secure.gravatar.com\/avatar\/391a241373e59dc1426e927c19384e8fcbeb32e3ba2277184170aa780b80359e?s=96&d=mm&r=g\",\"caption\":\"Adam Doma\\u0144ski\"},\"sameAs\":[\"https:\/\/www.ledstyl.pl\/strefa-swiatla\"],\"url\":\"https:\/\/www.ledstyl.pl\/strefa-swiatla\/author\/projektleds\/\"}]}<\/script>\r\n<!-- \/ Yoast SEO plugin. -->","yoast_head_json":{"title":"Lampy do jadalni jako klucz do stylowego o\u015bwietlenia - LEDstyl.pl","description":"Lampa do jadalni mo\u017ce ca\u0142kowicie zmieni\u0107 atmosfer\u0119 pomieszczenia. Dowiedz si\u0119, jak wybra\u0107 najlepsze o\u015bwietlenie do swojej jadalni.","robots":{"index":"index","follow":"follow","max-snippet":"max-snippet:-1","max-image-preview":"max-image-preview:large","max-video-preview":"max-video-preview:-1"},"canonical":"https:\/\/www.ledstyl.pl\/strefa-swiatla\/lampy-do-jadalni\/","og_locale":"pl_PL","og_type":"article","og_title":"Lampy do jadalni jako klucz do stylowego o\u015bwietlenia - LEDstyl.pl","og_description":"Lampa do jadalni mo\u017ce ca\u0142kowicie zmieni\u0107 atmosfer\u0119 pomieszczenia. Dowiedz si\u0119, jak wybra\u0107 najlepsze o\u015bwietlenie do swojej jadalni.","og_url":"https:\/\/www.ledstyl.pl\/strefa-swiatla\/lampy-do-jadalni\/","og_site_name":"Strefa \u015awiat\u0142a LEDstyl","article_published_time":"2023-07-07T14:04:09+00:00","article_modified_time":"2024-06-27T09:23:16+00:00","og_image":[{"width":1000,"height":667,"url":"https:\/\/www.ledstyl.pl\/strefa-swiatla\/wp-content\/uploads\/2023\/07\/lampy-do-jadalni.jpg","type":"image\/jpeg"}],"twitter_card":"summary_large_image","twitter_misc":{"Napisane przez":"Adam Doma\u0144ski","Szacowany czas czytania":"16 minut"},"schema":{"@context":"https:\/\/schema.org","@graph":[{"@type":"Organization","@id":"https:\/\/www.ledstyl.pl\/strefa-swiatla\/#organization","name":"Strefa \u015awiat\u0142a LEDstyl.pl","url":"https:\/\/www.ledstyl.pl\/strefa-swiatla\/","sameAs":[],"logo":{"@type":"ImageObject","@id":"https:\/\/www.ledstyl.pl\/strefa-swiatla\/#logo","inLanguage":"pl-PL","url":"https:\/\/www.ledstyl.pl\/strefa-swiatla\/wp-content\/uploads\/2021\/12\/strefa-swiatla-ledstyl.png","contentUrl":"https:\/\/www.ledstyl.pl\/strefa-swiatla\/wp-content\/uploads\/2021\/12\/strefa-swiatla-ledstyl.png","width":1999,"height":1041,"caption":"Strefa \u015awiat\u0142a LEDstyl.pl"},"image":{"@id":"https:\/\/www.ledstyl.pl\/strefa-swiatla\/#logo"}},{"@type":"WebSite","@id":"https:\/\/www.ledstyl.pl\/strefa-swiatla\/#website","url":"https:\/\/www.ledstyl.pl\/strefa-swiatla\/","name":"Strefa \u015awiat\u0142a LEDstyl","description":"","publisher":{"@id":"https:\/\/www.ledstyl.pl\/strefa-swiatla\/#organization"},"potentialAction":[{"@type":"SearchAction","target":{"@type":"EntryPoint","urlTemplate":"https:\/\/www.ledstyl.pl\/strefa-swiatla\/?s={search_term_string}"},"query-input":"required name=search_term_string"}],"inLanguage":"pl-PL"},{"@type":"ImageObject","@id":"https:\/\/www.ledstyl.pl\/strefa-swiatla\/lampy-do-jadalni\/#primaryimage","inLanguage":"pl-PL","url":"https:\/\/www.ledstyl.pl\/strefa-swiatla\/wp-content\/uploads\/2023\/07\/lampy-do-jadalni.jpg","contentUrl":"https:\/\/www.ledstyl.pl\/strefa-swiatla\/wp-content\/uploads\/2023\/07\/lampy-do-jadalni.jpg","width":1000,"height":667,"caption":"Lampy do jadalni"},{"@type":"WebPage","@id":"https:\/\/www.ledstyl.pl\/strefa-swiatla\/lampy-do-jadalni\/#webpage","url":"https:\/\/www.ledstyl.pl\/strefa-swiatla\/lampy-do-jadalni\/","name":"Lampy do jadalni jako klucz do stylowego o\u015bwietlenia - LEDstyl.pl","isPartOf":{"@id":"https:\/\/www.ledstyl.pl\/strefa-swiatla\/#website"},"primaryImageOfPage":{"@id":"https:\/\/www.ledstyl.pl\/strefa-swiatla\/lampy-do-jadalni\/#primaryimage"},"datePublished":"2023-07-07T14:04:09+00:00","dateModified":"2024-06-27T09:23:16+00:00","description":"Lampa do jadalni mo\u017ce ca\u0142kowicie zmieni\u0107 atmosfer\u0119 pomieszczenia. Dowiedz si\u0119, jak wybra\u0107 najlepsze o\u015bwietlenie do swojej jadalni.","breadcrumb":{"@id":"https:\/\/www.ledstyl.pl\/strefa-swiatla\/lampy-do-jadalni\/#breadcrumb"},"inLanguage":"pl-PL","potentialAction":[{"@type":"ReadAction","target":["https:\/\/www.ledstyl.pl\/strefa-swiatla\/lampy-do-jadalni\/"]}]},{"@type":"BreadcrumbList","@id":"https:\/\/www.ledstyl.pl\/strefa-swiatla\/lampy-do-jadalni\/#breadcrumb","itemListElement":[{"@type":"ListItem","position":1,"name":"Strona g\u0142\u00f3wna","item":"https:\/\/www.ledstyl.pl\/strefa-swiatla\/"},{"@type":"ListItem","position":2,"name":"Lampy do jadalni"}]},{"@type":"Article","@id":"https:\/\/www.ledstyl.pl\/strefa-swiatla\/lampy-do-jadalni\/#article","isPartOf":{"@id":"https:\/\/www.ledstyl.pl\/strefa-swiatla\/lampy-do-jadalni\/#webpage"},"author":{"@id":"https:\/\/www.ledstyl.pl\/strefa-swiatla\/#\/schema\/person\/24db998bba2f9b47fe0d08101257c2ce"},"headline":"Lampy do jadalni","datePublished":"2023-07-07T14:04:09+00:00","dateModified":"2024-06-27T09:23:16+00:00","mainEntityOfPage":{"@id":"https:\/\/www.ledstyl.pl\/strefa-swiatla\/lampy-do-jadalni\/#webpage"},"wordCount":3142,"commentCount":0,"publisher":{"@id":"https:\/\/www.ledstyl.pl\/strefa-swiatla\/#organization"},"image":{"@id":"https:\/\/www.ledstyl.pl\/strefa-swiatla\/lampy-do-jadalni\/#primaryimage"},"thumbnailUrl":"https:\/\/www.ledstyl.pl\/strefa-swiatla\/wp-content\/uploads\/2023\/07\/lampy-do-jadalni.jpg","articleSection":["Jadalnia","Wn\u0119trza"],"inLanguage":"pl-PL","potentialAction":[{"@type":"CommentAction","name":"Comment","target":["https:\/\/www.ledstyl.pl\/strefa-swiatla\/lampy-do-jadalni\/#respond"]}]},{"@type":"Person","@id":"https:\/\/www.ledstyl.pl\/strefa-swiatla\/#\/schema\/person\/24db998bba2f9b47fe0d08101257c2ce","name":"Adam Doma\u0144ski","image":{"@type":"ImageObject","@id":"https:\/\/www.ledstyl.pl\/strefa-swiatla\/#personlogo","inLanguage":"pl-PL","url":"https:\/\/secure.gravatar.com\/avatar\/391a241373e59dc1426e927c19384e8fcbeb32e3ba2277184170aa780b80359e?s=96&d=mm&r=g","contentUrl":"https:\/\/secure.gravatar.com\/avatar\/391a241373e59dc1426e927c19384e8fcbeb32e3ba2277184170aa780b80359e?s=96&d=mm&r=g","caption":"Adam Doma\u0144ski"},"sameAs":["https:\/\/www.ledstyl.pl\/strefa-swiatla"],"url":"https:\/\/www.ledstyl.pl\/strefa-swiatla\/author\/projektleds\/"}]}},"_links":{"self":[{"href":"https:\/\/www.ledstyl.pl\/strefa-swiatla\/wp-json\/wp\/v2\/posts\/1220","targetHints":{"allow":["GET"]}}],"collection":[{"href":"https:\/\/www.ledstyl.pl\/strefa-swiatla\/wp-json\/wp\/v2\/posts"}],"about":[{"href":"https:\/\/www.ledstyl.pl\/strefa-swiatla\/wp-json\/wp\/v2\/types\/post"}],"author":[{"embeddable":true,"href":"https:\/\/www.ledstyl.pl\/strefa-swiatla\/wp-json\/wp\/v2\/users\/1"}],"replies":[{"embeddable":true,"href":"https:\/\/www.ledstyl.pl\/strefa-swiatla\/wp-json\/wp\/v2\/comments?post=1220"}],"version-history":[{"count":7,"href":"https:\/\/www.ledstyl.pl\/strefa-swiatla\/wp-json\/wp\/v2\/posts\/1220\/revisions"}],"predecessor-version":[{"id":1243,"href":"https:\/\/www.ledstyl.pl\/strefa-swiatla\/wp-json\/wp\/v2\/posts\/1220\/revisions\/1243"}],"wp:featuredmedia":[{"embeddable":true,"href":"https:\/\/www.ledstyl.pl\/strefa-swiatla\/wp-json\/wp\/v2\/media\/1221"}],"wp:attachment":[{"href":"https:\/\/www.ledstyl.pl\/strefa-swiatla\/wp-json\/wp\/v2\/media?parent=1220"}],"wp:term":[{"taxonomy":"category","embeddable":true,"href":"https:\/\/www.ledstyl.pl\/strefa-swiatla\/wp-json\/wp\/v2\/categories?post=1220"},{"taxonomy":"post_tag","embeddable":true,"href":"https:\/\/www.ledstyl.pl\/strefa-swiatla\/wp-json\/wp\/v2\/tags?post=1220"}],"curies":[{"name":"wp","href":"https:\/\/api.w.org\/{rel}","templated":true}]}}