{"id":628,"date":"2022-01-28T22:48:14","date_gmt":"2022-01-28T21:48:14","guid":{"rendered":"https:\/\/www.ledstyl.pl\/strefa-swiatla\/?p=628"},"modified":"2024-06-29T01:35:55","modified_gmt":"2024-06-28T23:35:55","slug":"lampy-biurowe-sufitowe","status":"publish","type":"post","link":"https:\/\/www.ledstyl.pl\/strefa-swiatla\/lampy-biurowe-sufitowe\/","title":{"rendered":"Lampy biurowe sufitowe"},"content":{"rendered":"<p>Odpowiednie <strong>o\u015bwietlenie sufitowe biurowe<\/strong>, kt\u00f3re jest zar\u00f3wno wydajne, jak i wygodne, ma kluczowe znaczenie w miejscu naszej pracy. Bez odpowiedniego o\u015bwietlenia sufitowego w biurze mo\u017cesz negatywnie wp\u0142yn\u0105\u0107 na swoj\u0105 produktywno\u015b\u0107 i nastr\u00f3j. To najwa\u017cniejsze powody, dlaczego warto zainwestowa\u0107 w stylow\u0105 i funkcjonaln\u0105 lamp\u0119 sufitow\u0105 w Twoim biurze.<\/p>\n<p><img loading=\"lazy\" decoding=\"async\" class=\"wp-image-630 aligncenter\" src=\"https:\/\/www.ledstyl.pl\/strefa-swiatla\/wp-content\/uploads\/2022\/01\/lampy-biurowe-sufitowe-300x192.jpg\" alt=\"Lampy biurowe sufitowe\" width=\"800\" height=\"512\" srcset=\"https:\/\/www.ledstyl.pl\/strefa-swiatla\/wp-content\/uploads\/2022\/01\/lampy-biurowe-sufitowe-300x192.jpg 300w, https:\/\/www.ledstyl.pl\/strefa-swiatla\/wp-content\/uploads\/2022\/01\/lampy-biurowe-sufitowe-768x491.jpg 768w, https:\/\/www.ledstyl.pl\/strefa-swiatla\/wp-content\/uploads\/2022\/01\/lampy-biurowe-sufitowe.jpg 882w\" sizes=\"auto, (max-width: 800px) 100vw, 800px\" \/><\/p>\n<div id=\"toc_container\" class=\"toc_white no_bullets\"><p class=\"toc_title\">Spis tre\u015bci<\/p><ul class=\"toc_list\"><li><a href=\"#Lampy_do_biura_sufitowe\"><span class=\"toc_number toc_depth_1\">1<\/span> Lampy do biura sufitowe<\/a><\/li><li><a href=\"#Lampa_sufitowa_do_biura_5_cech_dobrej_lampy_biurowej\"><span class=\"toc_number toc_depth_1\">2<\/span> Lampa sufitowa do biura \u2013 5 cech dobrej lampy biurowej<\/a><ul><li><a href=\"#Barwa_swiatla_w_biurze\"><span class=\"toc_number toc_depth_2\">2.1<\/span> Barwa \u015bwiat\u0142a w biurze<\/a><\/li><li><a href=\"#Moc_oswietlenia_w_biurze\"><span class=\"toc_number toc_depth_2\">2.2<\/span> Moc o\u015bwietlenia w biurze<\/a><\/li><li><a href=\"#Rownomiernosc_oswietlenia_w_biurze\"><span class=\"toc_number toc_depth_2\">2.3<\/span> R\u00f3wnomierno\u015b\u0107 o\u015bwietlenia w biurze<\/a><\/li><li><a href=\"#Wysoki_wspolczynnik_RA_lampy_biurowe_sufitowe_CRIgt80Ra\"><span class=\"toc_number toc_depth_2\">2.4<\/span> Wysoki wsp\u00f3\u0142czynnik RA \u2013 lampy biurowe sufitowe CRI&gt;80Ra<\/a><\/li><li><a href=\"#Lampa_biura_sufitowa_nie_moze_oslepiac8230\"><span class=\"toc_number toc_depth_2\">2.5<\/span> Lampa biura sufitowa nie mo\u017ce o\u015blepia\u0107&#8230;<\/a><\/li><\/ul><\/li><li><a href=\"#Lampa_biurowa_sufitowa_jaka_wybrac\"><span class=\"toc_number toc_depth_1\">3<\/span> Lampa biurowa sufitowa \u2013 jak\u0105 wybra\u0107?<\/a><\/li><li><a href=\"#Oswietlenie_sufitowe_do_biura_wybierz_odpowiedzialnie_i_rozsadnie\"><span class=\"toc_number toc_depth_1\">4<\/span> O\u015bwietlenie sufitowe do biura \u2013 wybierz odpowiedzialnie i rozs\u0105dnie<\/a><\/li><\/ul><\/div>\n<h2><span id=\"Lampy_do_biura_sufitowe\">Lampy do biura sufitowe<\/span><\/h2>\n<p><strong>Lampy biurowe sufitowe<\/strong> pe\u0142ni\u0105 bardzo wa\u017cn\u0105 funkcj\u0119 ju\u017c przy samym projektowaniu miejsca naszej pracy. S\u0142abo o\u015bwietlona powierzchnia biurowa jest niewygodna do codziennego dzia\u0142ania, a wielu ich w\u0142a\u015bcicieli stosuje dzi\u015b r\u00f3\u017cne techniki o\u015bwietleniowe w zale\u017cno\u015bci od charakteru pracy wykonywanej w danym biurze. Chocia\u017c tego typu wn\u0119trza mog\u0105 r\u00f3\u017cni\u0107 si\u0119 wygl\u0105dem, maj\u0105 wiele cech wsp\u00f3lnych, kt\u00f3re w\u0142a\u015bciciele biur powinni wzi\u0105\u0107 pod uwag\u0119 przy wyborze odpowiedniego o\u015bwietlenia. W naszym artykule postaramy si\u0119 przedstawi\u0107 Pa\u0144stwu najwa\u017cniejsze cechy dobrze zaprojektowanego o\u015bwietlenia w biurze, a tak\u017ce poradzimy jakie lampy biurowe sufitowe s\u0105 dzi\u015b najch\u0119tniej wybierane.<\/p>\n<p><img loading=\"lazy\" decoding=\"async\" class=\"wp-image-631 aligncenter\" src=\"https:\/\/www.ledstyl.pl\/strefa-swiatla\/wp-content\/uploads\/2022\/01\/lampa-sufitowa-do-biura-300x192.jpg\" alt=\"Lampa sufitowa do biura\" width=\"800\" height=\"513\" srcset=\"https:\/\/www.ledstyl.pl\/strefa-swiatla\/wp-content\/uploads\/2022\/01\/lampa-sufitowa-do-biura-300x192.jpg 300w, https:\/\/www.ledstyl.pl\/strefa-swiatla\/wp-content\/uploads\/2022\/01\/lampa-sufitowa-do-biura-1024x657.jpg 1024w, https:\/\/www.ledstyl.pl\/strefa-swiatla\/wp-content\/uploads\/2022\/01\/lampa-sufitowa-do-biura-768x493.jpg 768w, https:\/\/www.ledstyl.pl\/strefa-swiatla\/wp-content\/uploads\/2022\/01\/lampa-sufitowa-do-biura.jpg 1500w\" sizes=\"auto, (max-width: 800px) 100vw, 800px\" \/><\/p>\n<p>Dzi\u015b dzi\u0119ki coraz szybciej rozwijaj\u0105cej si\u0119 technologii LED, mo\u017cemy wybiera\u0107 w\u015br\u00f3d wielu rozwi\u0105za\u0144 o\u015bwietleniowych, kt\u00f3re r\u00f3wnomiernie i jasno o\u015bwietl\u0105 ka\u017cdego rodzaju wn\u0119trze. <strong>Lampa biurowa sufitowa<\/strong> wyposa\u017cona w \u017ar\u00f3d\u0142o \u015bwiat\u0142a LED zu\u017cywa r\u00f3wnie\u017c zdecydowanie mniej energii w por\u00f3wnaniu z tradycyjnymi oprawami o\u015bwietleniowymi. Dzi\u015b wybieraj\u0105c o\u015bwietlenie LED, jeste\u015bmy w stanie zmniejszy\u0107 pob\u00f3r energii o nawet 50%, dzi\u0119ki czemu sam zakup nowej <a href=\"https:\/\/www.ledstyl.pl\/strefa-swiatla\/lampy-do-biura-jakie-oswietlenie-biurowe-wybrac\/\">lampy do biura<\/a> bardzo szybko zwr\u00f3ci si\u0119 w postaci znacznie ni\u017cszych rachunk\u00f3w za pr\u0105d.<\/p>\n<h2><span id=\"Lampa_sufitowa_do_biura_5_cech_dobrej_lampy_biurowej\">Lampa sufitowa do biura \u2013 5 cech dobrej lampy biurowej<\/span><\/h2>\n<p><strong>Lampy biurowe sufitowe<\/strong> dzi\u015b spotykane s\u0105 w r\u00f3\u017cnych konfiguracjach, a poni\u017cej postaramy si\u0119 przedstawi\u0107 najwa\u017cniejsze cechy, kt\u00f3re wyr\u00f3\u017cniaj\u0105 je na tle innych opraw o\u015bwietleniowych.<\/p>\n<p><img loading=\"lazy\" decoding=\"async\" class=\"wp-image-651 aligncenter\" src=\"https:\/\/www.ledstyl.pl\/strefa-swiatla\/wp-content\/uploads\/2022\/01\/lampa-biurowa-sufitowa-1-300x192.jpg\" alt=\"Lampa biurowa sufitowa\" width=\"800\" height=\"512\" srcset=\"https:\/\/www.ledstyl.pl\/strefa-swiatla\/wp-content\/uploads\/2022\/01\/lampa-biurowa-sufitowa-1-300x192.jpg 300w, https:\/\/www.ledstyl.pl\/strefa-swiatla\/wp-content\/uploads\/2022\/01\/lampa-biurowa-sufitowa-1-1024x655.jpg 1024w, https:\/\/www.ledstyl.pl\/strefa-swiatla\/wp-content\/uploads\/2022\/01\/lampa-biurowa-sufitowa-1-768x491.jpg 768w, https:\/\/www.ledstyl.pl\/strefa-swiatla\/wp-content\/uploads\/2022\/01\/lampa-biurowa-sufitowa-1.jpg 1351w\" sizes=\"auto, (max-width: 800px) 100vw, 800px\" \/><\/p>\n<h3><span id=\"Barwa_swiatla_w_biurze\">Barwa \u015bwiat\u0142a w biurze<\/span><\/h3>\n<p>Z naszego wieloletniego do\u015bwiadczenia, a tak\u017ce z w\u0142asnej wprawy mo\u017cemy stwierdzi\u0107, \u017ce najlepiej do o\u015bwietlenia powierzchni biurowej sprawdza si\u0119 barwa neutralna. \u015awiat\u0142o w temperaturze 4000-4500K dzia\u0142a pobudzaj\u0105co, nie m\u0119czy naszego wzroku, a tak\u017ce nie wywo\u0142uje senno\u015bci. Barwa bia\u0142a dzienna to \u015bwiat\u0142o po\u015brednie mi\u0119dzy barw\u0105 ciep\u0142\u0105 najcz\u0119\u015bciej stosowan\u0105 w domach a zimn\u0105 wyst\u0119puj\u0105c\u0105 w szpitalach, czy aptekach.<\/p>\n<p><img loading=\"lazy\" decoding=\"async\" class=\"wp-image-636 aligncenter\" src=\"https:\/\/www.ledstyl.pl\/strefa-swiatla\/wp-content\/uploads\/2022\/01\/barwa-swiatla-w-biurze-300x101.jpg\" alt=\"Barwa \u015bwiat\u0142a w biurze\" width=\"800\" height=\"270\" srcset=\"https:\/\/www.ledstyl.pl\/strefa-swiatla\/wp-content\/uploads\/2022\/01\/barwa-swiatla-w-biurze-300x101.jpg 300w, https:\/\/www.ledstyl.pl\/strefa-swiatla\/wp-content\/uploads\/2022\/01\/barwa-swiatla-w-biurze-768x259.jpg 768w, https:\/\/www.ledstyl.pl\/strefa-swiatla\/wp-content\/uploads\/2022\/01\/barwa-swiatla-w-biurze.jpg 1024w\" sizes=\"auto, (max-width: 800px) 100vw, 800px\" \/><\/p>\n<h3><span id=\"Moc_oswietlenia_w_biurze\">Moc o\u015bwietlenia w biurze<\/span><\/h3>\n<p>Wybieraj\u0105c <strong>lampy sufitowe LED do biura<\/strong>, najpierw powinni\u015bmy wybra\u0107 ich odpowiedni\u0105 moc. Lampa biurowa sufitowa nie mo\u017ce by\u0107 zbyt mocna, poniewa\u017c mo\u017ce o\u015blepia\u0107, a tak\u017ce zbyt s\u0142aba ze wzgl\u0119du na prac\u0119, jaka si\u0119 w nim odbywa. Do odpowiedniego wyboru mocy lampy, zawsze niezb\u0119dny b\u0119dzie projekt o\u015bwietlenia, kt\u00f3ry pozwoli nam realnie oszacowa\u0107 rozmieszczenie oraz moc wybranych opraw o\u015bwietleniowych. Wed\u0142ug polskich norm minimalny poziom nat\u0119\u017cenia o\u015bwietlenia w biurze powinien wynosi\u0107:<\/p>\n<ul>\n<li>500 lx \u2013 dla miejsc, w kt\u00f3rych odbywa si\u0119 pisanie r\u0119czne, obs\u0142uga komputera, czytanie, przetwarzania danych, a tak\u017ce w salach konferencyjnych i miejscach spotka\u0144.<\/li>\n<li>300 lx \u2013 dla recepcji, segregowanie dokument\u00f3w i kopiowania.<\/li>\n<li>200 lx \u2013 dla archiwum i magazyn\u00f3w.<\/li>\n<\/ul>\n<p><img loading=\"lazy\" decoding=\"async\" class=\"wp-image-633 aligncenter\" src=\"https:\/\/www.ledstyl.pl\/strefa-swiatla\/wp-content\/uploads\/2022\/01\/oswietlenie-sufitowe-do-biura-300x150.jpg\" alt=\"O\u015bwietlenie sufitowe do biura\" width=\"800\" height=\"400\" srcset=\"https:\/\/www.ledstyl.pl\/strefa-swiatla\/wp-content\/uploads\/2022\/01\/oswietlenie-sufitowe-do-biura-300x150.jpg 300w, https:\/\/www.ledstyl.pl\/strefa-swiatla\/wp-content\/uploads\/2022\/01\/oswietlenie-sufitowe-do-biura-1024x512.jpg 1024w, https:\/\/www.ledstyl.pl\/strefa-swiatla\/wp-content\/uploads\/2022\/01\/oswietlenie-sufitowe-do-biura-768x384.jpg 768w, https:\/\/www.ledstyl.pl\/strefa-swiatla\/wp-content\/uploads\/2022\/01\/oswietlenie-sufitowe-do-biura.jpg 1070w\" sizes=\"auto, (max-width: 800px) 100vw, 800px\" \/><\/p>\n<h3><span id=\"Rownomiernosc_oswietlenia_w_biurze\">R\u00f3wnomierno\u015b\u0107 o\u015bwietlenia w biurze<\/span><\/h3>\n<p>Moc lamp sufitowych w biurze jest niezwykle wa\u017cna, ale nigdy nie powinni\u015bmy zapomina\u0107 r\u00f3wnie\u017c o odpowiednim ich rozmieszczeniu. W normie PN 84\/E-02033 ustalono minimaln\u0105 dopuszczaln\u0105 warto\u015b\u0107 r\u00f3wnomierno\u015bci o\u015bwietlenia w miejscach pracy. W p\u0142aszczy\u017anie roboczej powinna ona wynosi\u0107 co najmniej 0,7, co oznacza, \u017ce lampy powinny by\u0107 odpowiednio r\u00f3wnomiernie rozmieszczone po ca\u0142ej powierzchni naszego biura. R\u00f3wnomierno\u015b\u0107 o\u015bwietlenia na danej p\u0142aszczy\u017anie mo\u017cemy w bardzo szybki i prosty spos\u00f3b wyznaczy\u0107 samodzielnie. Jest to iloraz najmniejszej zmierzonej warto\u015bci nat\u0119\u017cenia o\u015bwietlenia wyst\u0119puj\u0105cej na danej p\u0142aszczy\u017anie do \u015bredniego nat\u0119\u017cenia o\u015bwietlenia na tej p\u0142aszczy\u017anie.<\/p>\n<p><img loading=\"lazy\" decoding=\"async\" class=\"aligncenter wp-image-640\" src=\"https:\/\/www.ledstyl.pl\/strefa-swiatla\/wp-content\/uploads\/2022\/01\/rownomiernosc-swiatla-w-biurze-300x225.jpg\" alt=\"R\u00f3wnomierno\u015b\u0107 \u015bwiat\u0142a w biurze\" width=\"600\" height=\"450\" srcset=\"https:\/\/www.ledstyl.pl\/strefa-swiatla\/wp-content\/uploads\/2022\/01\/rownomiernosc-swiatla-w-biurze-300x225.jpg 300w, https:\/\/www.ledstyl.pl\/strefa-swiatla\/wp-content\/uploads\/2022\/01\/rownomiernosc-swiatla-w-biurze-768x576.jpg 768w, https:\/\/www.ledstyl.pl\/strefa-swiatla\/wp-content\/uploads\/2022\/01\/rownomiernosc-swiatla-w-biurze.jpg 1000w\" sizes=\"auto, (max-width: 600px) 100vw, 600px\" \/><\/p>\n<h3><span id=\"Wysoki_wspolczynnik_RA_lampy_biurowe_sufitowe_CRIgt80Ra\">Wysoki wsp\u00f3\u0142czynnik RA \u2013 lampy biurowe sufitowe CRI&gt;80Ra<\/span><\/h3>\n<p>Wybieraj\u0105c <strong>lampy sufitowe do biura<\/strong>, warto zwr\u00f3ci\u0107 uwag\u0119 r\u00f3wnie\u017c na ich wsp\u00f3\u0142czynnik oddawania naturalnych kolor\u00f3w. Wsp\u00f3\u0142czynnik CRI ma bardzo istotne znaczenie wsz\u0119dzie tam, gdzie zale\u017cy nam na naturalnym odwzorowaniu kolor\u00f3w i barw. W przypadku o\u015bwietlenia biur warto wybiera\u0107 lampy przynajmniej o CRI&gt;80Ra, a zalecamy tam r\u00f3wnie\u017c \u015bwiat\u0142o o CRI&gt;90Ra.<\/p>\n<p><img loading=\"lazy\" decoding=\"async\" class=\"aligncenter wp-image-641\" src=\"https:\/\/www.ledstyl.pl\/strefa-swiatla\/wp-content\/uploads\/2022\/01\/wspolczynnik-cri-w-biurze-300x225.jpg\" alt=\"Wsp\u00f3\u0142czynnik CRI w biurze\" width=\"600\" height=\"450\" srcset=\"https:\/\/www.ledstyl.pl\/strefa-swiatla\/wp-content\/uploads\/2022\/01\/wspolczynnik-cri-w-biurze-300x225.jpg 300w, https:\/\/www.ledstyl.pl\/strefa-swiatla\/wp-content\/uploads\/2022\/01\/wspolczynnik-cri-w-biurze-768x576.jpg 768w, https:\/\/www.ledstyl.pl\/strefa-swiatla\/wp-content\/uploads\/2022\/01\/wspolczynnik-cri-w-biurze.jpg 1024w\" sizes=\"auto, (max-width: 600px) 100vw, 600px\" \/><\/p>\n<p>W obiektach, gdzie wsp\u00f3\u0142czynnik oddawania barw b\u0119dzie ni\u017cszy ni\u017c 80Ra, b\u0119dziemy szybciej m\u0119czy\u0107 wzrok nienaturalnym odwzorowanie kolor\u00f3w przez sztuczne \u017ar\u00f3d\u0142a \u015bwiat\u0142o. Mo\u017ce to bardzo negatywnie wp\u0142yn\u0105\u0107 na nasz\u0105 psychik\u0119, a tak\u017ce wydajno\u015b\u0107 podczas pracy..<\/p>\n<h3><span id=\"Lampa_biura_sufitowa_nie_moze_oslepiac8230\">Lampa biura sufitowa nie mo\u017ce o\u015blepia\u0107&#8230;<\/span><\/h3>\n<p>Ostatnim wsp\u00f3\u0142czynnikiem, kt\u00f3remu warto przyjrze\u0107 si\u0119 nieco bli\u017cej, jest wska\u017anik ol\u015bnienia UGR. Im wy\u017cszy wska\u017anik UGR, tym wi\u0119kszy blask od oprawy i zwi\u0119kszony dyskomfort dla pracownik\u00f3w biurowych.<\/p>\n<p><img loading=\"lazy\" decoding=\"async\" class=\"wp-image-643 aligncenter\" src=\"https:\/\/www.ledstyl.pl\/strefa-swiatla\/wp-content\/uploads\/2022\/01\/lampa-biurowa-wskaznik-ugr-300x242.jpg\" alt=\"Lampa biurowa wska\u017anik UGR\" width=\"600\" height=\"484\" srcset=\"https:\/\/www.ledstyl.pl\/strefa-swiatla\/wp-content\/uploads\/2022\/01\/lampa-biurowa-wskaznik-ugr-300x242.jpg 300w, https:\/\/www.ledstyl.pl\/strefa-swiatla\/wp-content\/uploads\/2022\/01\/lampa-biurowa-wskaznik-ugr-768x619.jpg 768w, https:\/\/www.ledstyl.pl\/strefa-swiatla\/wp-content\/uploads\/2022\/01\/lampa-biurowa-wskaznik-ugr.jpg 800w\" sizes=\"auto, (max-width: 600px) 100vw, 600px\" \/><\/p>\n<p>Lampy biurowe sufitowe o UGR 19 lub ni\u017cszym s\u0105 uznawane za zalecane do stosowania w biurach, czy innych miejscach pracy biurowej. Dzi\u0119ki zastosowaniu odpowiedniego dyfuzora w tego typu lampach nie u\u015bwiadczymy efektu ol\u015bnienia, nawet po d\u0142u\u017cszym patrzeniu bezpo\u015brednio w jej \u017ar\u00f3d\u0142o \u015bwiat\u0142a.<\/p>\n<h2><span id=\"Lampa_biurowa_sufitowa_jaka_wybrac\">Lampa biurowa sufitowa \u2013 jak\u0105 wybra\u0107?<\/span><\/h2>\n<p>Jeszcze kilkana\u015bcie lat temu <strong>o\u015bwietlenie sufitowe do biura<\/strong> by\u0142o wybierane w\u015br\u00f3d opraw jarzeniowych, czy rastrowych. Dzi\u015b dost\u0119pne s\u0105 znacznie nowocze\u015bniejsze rozwi\u0105zania, kt\u00f3re wyr\u00f3\u017cniaj\u0105 si\u0119 nie tylko swoim wygl\u0105dem, ale tak\u017ce mo\u017cliwo\u015bciami o\u015bwietleniowymi.<\/p>\n<table style=\"width: 100%; height: 124px; border: none;\">\n<tbody>\n<tr style=\"height: 42px;\">\n<td style=\"width: 33.3333%; height: 42px;\">\n<a href=\"https:\/\/www.ledstyl.pl\/panel-led-60x60-cat-268\"><img loading=\"lazy\" decoding=\"async\" class=\"size-medium wp-image-291 aligncenter\" src=\"https:\/\/www.ledstyl.pl\/strefa-swiatla\/wp-content\/uploads\/2022\/01\/panel-led-60x60-1.jpg\" alt=\"Panel LED 60x60\" width=\"298\" height=\"300\" \/><\/a><\/td>\n<td style=\"width: 33.3333%; height: 42px;\">\n<a href=\"https:\/\/www.ledstyl.pl\/panel-led-120x30-cat-269\"><img loading=\"lazy\" decoding=\"async\" class=\"size-medium wp-image-292 aligncenter\" src=\"https:\/\/www.ledstyl.pl\/strefa-swiatla\/wp-content\/uploads\/2022\/01\/panel-led-120x30-1.jpg\" alt=\"Panel LED 120x30\" width=\"298\" height=\"300\" \/><\/a><\/td>\n<td style=\"width: 33.3333%; height: 42px;\">\n<a href=\"https:\/\/www.ledstyl.pl\/panel-led-120x60-cat-283\"><img loading=\"lazy\" decoding=\"async\" class=\"size-medium wp-image-293 aligncenter\" src=\"https:\/\/www.ledstyl.pl\/strefa-swiatla\/wp-content\/uploads\/2022\/01\/panel-led-120x60-1.jpg\" alt=\"Panel LED 120x60\" width=\"298\" height=\"300\" \/><\/a><\/td>\n<\/tr>\n<tr style=\"height: 62px;\">\n<td style=\"width: 33.3333%; height: 62px; text-align: center;\"><span style=\"font-size: 12pt;\"><a href=\"https:\/\/www.ledstyl.pl\/panel-led-60x60-cat-268\"><div class=\"su-animate\" style=\"opacity:0;-webkit-animation-duration:1s;-webkit-animation-delay:0s;animation-duration:1s;animation-delay:0s;\" data-animation=\"bounceIn\" data-duration=\"1\" data-delay=\"0\"><strong>Panel LED 60&#215;60<\/strong><\/div><\/a><\/span><\/td>\n<td style=\"width: 33.3333%; height: 62px; text-align: center;\"><span style=\"font-size: 12pt;\"><a href=\"https:\/\/www.ledstyl.pl\/panel-led-120x30-cat-269\"><div class=\"su-animate\" style=\"opacity:0;-webkit-animation-duration:1s;-webkit-animation-delay:0s;animation-duration:1s;animation-delay:0s;\" data-animation=\"bounceIn\" data-duration=\"1\" data-delay=\"0\"><strong>Panel LED 120&#215;30<\/strong><\/div><\/a><\/span><\/td>\n<td style=\"width: 33.3333%; height: 62px; text-align: center;\"><span style=\"font-size: 12pt;\"><a href=\"https:\/\/www.ledstyl.pl\/panel-led-120x60-cat-283\"><div class=\"su-animate\" style=\"opacity:0;-webkit-animation-duration:1s;-webkit-animation-delay:0s;animation-duration:1s;animation-delay:0s;\" data-animation=\"bounceIn\" data-duration=\"1\" data-delay=\"0\"><strong>Panel LED 120&#215;60<\/strong><\/div><\/a><\/span><\/td>\n<\/tr>\n<tr style=\"height: 54px;\">\n<td style=\"width: 33.3333%; height: 18px;\"><div class=\"su-button-center\"><a href=\"https:\/\/www.ledstyl.pl\/panel-led-60x60-cat-268\" class=\"su-button su-button-style-3d\" style=\"color:#ffffff;background-color:#ef2d36;border-color:#c0242c;border-radius:50px;-moz-border-radius:50px;-webkit-border-radius:50px\" target=\"_self\" rel=\"nofollow\"><span style=\"color:#ffffff;padding:0px 24px;font-size:18px;line-height:36px;border-color:#f46c73;border-radius:50px;-moz-border-radius:50px;-webkit-border-radius:50px;text-shadow:none;-moz-text-shadow:none;-webkit-text-shadow:none\"> <b>Zobacz wi\u0119cej<\/b><\/span><\/a><\/div><\/td>\n<td style=\"width: 33.3333%; height: 18px;\"><div class=\"su-button-center\"><a href=\"https:\/\/www.ledstyl.pl\/panel-led-120x30-cat-269\" class=\"su-button su-button-style-3d\" style=\"color:#ffffff;background-color:#ef2d36;border-color:#c0242c;border-radius:50px;-moz-border-radius:50px;-webkit-border-radius:50px\" target=\"_self\" rel=\"nofollow\"><span style=\"color:#ffffff;padding:0px 24px;font-size:18px;line-height:36px;border-color:#f46c73;border-radius:50px;-moz-border-radius:50px;-webkit-border-radius:50px;text-shadow:none;-moz-text-shadow:none;-webkit-text-shadow:none\"> <b>Zobacz wi\u0119cej<\/b><\/span><\/a><\/div><\/td>\n<td style=\"width: 33.3333%; height: 18px;\">\n<p style=\"text-align: center;\"><div class=\"su-button-center\"><a href=\"https:\/\/www.ledstyl.pl\/panel-led-120x60-cat-283\" class=\"su-button su-button-style-3d\" style=\"color:#ffffff;background-color:#ef2d36;border-color:#c0242c;border-radius:50px;-moz-border-radius:50px;-webkit-border-radius:50px\" target=\"_self\" rel=\"nofollow\"><span style=\"color:#ffffff;padding:0px 24px;font-size:18px;line-height:36px;border-color:#f46c73;border-radius:50px;-moz-border-radius:50px;-webkit-border-radius:50px;text-shadow:none;-moz-text-shadow:none;-webkit-text-shadow:none\"> <b>Zobacz wi\u0119cej<\/b><\/span><\/a><\/div>\n<\/td>\n<\/tr>\n<\/tbody>\n<\/table>\n<p>Najcz\u0119\u015bciej wybierane lampy sufitowe LED do biura to dzi\u015b <a href=\"https:\/\/www.ledstyl.pl\/panele-led-cat-13\">panele LED<\/a>, czyli oprawy \u015bwiec\u0105ce r\u00f3wnomiernie ca\u0142\u0105 swoj\u0105 powierzchni\u0105. S\u0105 to uniwersalne lampy, kt\u00f3re zamontujemy w sufitach typu Armstrong, zawiesimy na linkach monta\u017cowych, czy zamocujemy bezpo\u015brednio do sufitu przy wykorzystaniu ramki natynkowej. Najcz\u0119\u015bciej stosowane s\u0105 dzi\u015b lampy w wymiarze 60&#215;60, ale coraz ch\u0119tniej wybierane s\u0105 tak\u017ce du\u017ce oprawy o\u015bwietleniowe, takie jak panele LED 120&#215;60.<\/p>\n<table style=\"width: 100%; height: 124px; border: none;\">\n<tbody>\n<tr style=\"height: 42px;\">\n<td style=\"width: 33.3333%; height: 42px;\">\n<a href=\"https:\/\/www.ledstyl.pl\/lampa-liniowa-podtynkowa-cat-206\"><img loading=\"lazy\" decoding=\"async\" class=\"size-medium wp-image-291 aligncenter\" src=\"https:\/\/www.ledstyl.pl\/strefa-swiatla\/wp-content\/uploads\/2022\/01\/lampa-liniowa-podtynkowa.jpg\" alt=\"Lampa liniowa podtynkowa\" width=\"298\" height=\"300\" \/><\/a><\/td>\n<td style=\"width: 33.3333%; height: 42px;\">\n<a href=\"https:\/\/www.ledstyl.pl\/lampa-liniowa-natynkowa-cat-207\"><img loading=\"lazy\" decoding=\"async\" class=\"size-medium wp-image-292 aligncenter\" src=\"https:\/\/www.ledstyl.pl\/strefa-swiatla\/wp-content\/uploads\/2022\/01\/lampa-liniowa-natynkowa.jpg\" alt=\"Lampa liniowa natynkowa\" width=\"298\" height=\"300\" \/><\/a><\/td>\n<td style=\"width: 33.3333%; height: 42px;\">\n<a href=\"https:\/\/www.ledstyl.pl\/lampa-liniowa-wiszaca-cat-208\"><img loading=\"lazy\" decoding=\"async\" class=\"size-medium wp-image-293 aligncenter\" src=\"https:\/\/www.ledstyl.pl\/strefa-swiatla\/wp-content\/uploads\/2022\/01\/lampa-liniowa-wiszaca.jpg\" alt=\"Lampa liniowa wisz\u0105ca\" width=\"298\" height=\"300\" \/><\/a><\/td>\n<\/tr>\n<tr style=\"height: 62px;\">\n<td style=\"width: 33.3333%; height: 62px; text-align: center;\"><span style=\"font-size: 12pt;\"><a href=\"https:\/\/www.ledstyl.pl\/lampa-liniowa-podtynkowa-cat-206\"><div class=\"su-animate\" style=\"opacity:0;-webkit-animation-duration:1s;-webkit-animation-delay:0s;animation-duration:1s;animation-delay:0s;\" data-animation=\"bounceIn\" data-duration=\"1\" data-delay=\"0\"><strong>Lampa liniowa podtynkowa<\/strong><\/div><\/a><\/span><\/td>\n<td style=\"width: 33.3333%; height: 62px; text-align: center;\"><span style=\"font-size: 12pt;\"><a href=\"https:\/\/www.ledstyl.pl\/lampa-liniowa-natynkowa-cat-207\"><div class=\"su-animate\" style=\"opacity:0;-webkit-animation-duration:1s;-webkit-animation-delay:0s;animation-duration:1s;animation-delay:0s;\" data-animation=\"bounceIn\" data-duration=\"1\" data-delay=\"0\"><strong>Lampa liniowa natynkowa<\/strong><\/div><\/a><\/span><\/td>\n<td style=\"width: 33.3333%; height: 62px; text-align: center;\"><span style=\"font-size: 12pt;\"><a href=\"https:\/\/www.ledstyl.pl\/lampa-liniowa-wiszaca-cat-208\"><div class=\"su-animate\" style=\"opacity:0;-webkit-animation-duration:1s;-webkit-animation-delay:0s;animation-duration:1s;animation-delay:0s;\" data-animation=\"bounceIn\" data-duration=\"1\" data-delay=\"0\"><strong>Lampa liniowa wisz\u0105ca<\/strong><\/div><\/a><\/span><\/td>\n<\/tr>\n<tr style=\"height: 54px;\">\n<td style=\"width: 33.3333%; height: 18px;\"><div class=\"su-button-center\"><a href=\"https:\/\/www.ledstyl.pl\/lampa-liniowa-podtynkowa-cat-206\" class=\"su-button su-button-style-3d\" style=\"color:#ffffff;background-color:#ef2d36;border-color:#c0242c;border-radius:50px;-moz-border-radius:50px;-webkit-border-radius:50px\" target=\"_self\" rel=\"nofollow\"><span style=\"color:#ffffff;padding:0px 24px;font-size:18px;line-height:36px;border-color:#f46c73;border-radius:50px;-moz-border-radius:50px;-webkit-border-radius:50px;text-shadow:none;-moz-text-shadow:none;-webkit-text-shadow:none\"> <b>Zobacz wi\u0119cej<\/b><\/span><\/a><\/div><\/td>\n<td style=\"width: 33.3333%; height: 18px;\"><div class=\"su-button-center\"><a href=\"https:\/\/www.ledstyl.pl\/lampa-liniowa-natynkowa-cat-207\" class=\"su-button su-button-style-3d\" style=\"color:#ffffff;background-color:#ef2d36;border-color:#c0242c;border-radius:50px;-moz-border-radius:50px;-webkit-border-radius:50px\" target=\"_self\" rel=\"nofollow\"><span style=\"color:#ffffff;padding:0px 24px;font-size:18px;line-height:36px;border-color:#f46c73;border-radius:50px;-moz-border-radius:50px;-webkit-border-radius:50px;text-shadow:none;-moz-text-shadow:none;-webkit-text-shadow:none\"> <b>Zobacz wi\u0119cej<\/b><\/span><\/a><\/div><\/td>\n<td style=\"width: 33.3333%; height: 18px;\">\n<p style=\"text-align: center;\"><div class=\"su-button-center\"><a href=\"https:\/\/www.ledstyl.pl\/lampa-liniowa-wiszaca-cat-208\" class=\"su-button su-button-style-3d\" style=\"color:#ffffff;background-color:#ef2d36;border-color:#c0242c;border-radius:50px;-moz-border-radius:50px;-webkit-border-radius:50px\" target=\"_self\" rel=\"nofollow\"><span style=\"color:#ffffff;padding:0px 24px;font-size:18px;line-height:36px;border-color:#f46c73;border-radius:50px;-moz-border-radius:50px;-webkit-border-radius:50px;text-shadow:none;-moz-text-shadow:none;-webkit-text-shadow:none\"> <b>Zobacz wi\u0119cej<\/b><\/span><\/a><\/div>\n<\/td>\n<\/tr>\n<\/tbody>\n<\/table>\n<p>Nast\u0119pn\u0105 nasz\u0105 propozycj\u0105 o\u015bwietlenia sufitowego w biurze, jest lampa liniowa. Jest to obecnie bardzo ch\u0119tnie wybierane rozwi\u0105zanie jako g\u0142\u00f3wne \u017ar\u00f3d\u0142o \u015bwiat\u0142a, ale tak\u017ce <a href=\"https:\/\/www.ledstyl.pl\/lampa-liniowa-led-cat-22\">o\u015bwietlenie liniowe<\/a> stosowane bezpo\u015brednio nad biurkiem, w celu bezpo\u015bredniego pod\u015bwietlenia miejsca naszej pracy. Lampy liniowe mo\u017cemy zamontowa\u0107 bezpo\u015brednio do sufitu lub zawiesi\u0107 na linkach monta\u017cowych.<\/p>\n<table style=\"width: 100%; height: 124px; border: none;\">\n<tbody>\n<tr style=\"height: 42px;\">\n<td style=\"width: 33.3333%; height: 42px;\">\n<a href=\"https:\/\/www.ledstyl.pl\/swietlowka-led-60cm-cat-253\"><img loading=\"lazy\" decoding=\"async\" class=\"size-medium wp-image-291 aligncenter\" src=\"https:\/\/www.ledstyl.pl\/strefa-swiatla\/wp-content\/uploads\/2022\/01\/swietlowka-led-60cm.jpg\" alt=\"\u015awietl\u00f3wka LED 60cm\" width=\"298\" height=\"300\" \/><\/a><\/td>\n<td style=\"width: 33.3333%; height: 42px;\">\n<a href=\"https:\/\/www.ledstyl.pl\/swietlowka-led-120cm-cat-255\"><img loading=\"lazy\" decoding=\"async\" class=\"size-medium wp-image-292 aligncenter\" src=\"https:\/\/www.ledstyl.pl\/strefa-swiatla\/wp-content\/uploads\/2022\/01\/swietlowka-led-120cm.jpg\" alt=\"\u015awietl\u00f3wka LED 120cm\" width=\"298\" height=\"300\" \/><\/a><\/td>\n<td style=\"width: 33.3333%; height: 42px;\">\n<a href=\"https:\/\/www.ledstyl.pl\/swietlowka-led-150cm-cat-256\"><img loading=\"lazy\" decoding=\"async\" class=\"size-medium wp-image-293 aligncenter\" src=\"https:\/\/www.ledstyl.pl\/strefa-swiatla\/wp-content\/uploads\/2022\/01\/swietlowka-led-150cm.jpg\" alt=\"\u015awietl\u00f3wka LED 150cm\" width=\"298\" height=\"300\" \/><\/a><\/td>\n<\/tr>\n<tr style=\"height: 62px;\">\n<td style=\"width: 33.3333%; height: 62px; text-align: center;\"><span style=\"font-size: 12pt;\"><a href=\"https:\/\/www.ledstyl.pl\/swietlowka-led-60cm-cat-253\"><div class=\"su-animate\" style=\"opacity:0;-webkit-animation-duration:1s;-webkit-animation-delay:0s;animation-duration:1s;animation-delay:0s;\" data-animation=\"bounceIn\" data-duration=\"1\" data-delay=\"0\"><strong>\u015awietl\u00f3wka LED 60cm<\/strong><\/div><\/a><\/span><\/td>\n<td style=\"width: 33.3333%; height: 62px; text-align: center;\"><span style=\"font-size: 12pt;\"><a href=\"https:\/\/www.ledstyl.pl\/swietlowka-led-120cm-cat-255\"><div class=\"su-animate\" style=\"opacity:0;-webkit-animation-duration:1s;-webkit-animation-delay:0s;animation-duration:1s;animation-delay:0s;\" data-animation=\"bounceIn\" data-duration=\"1\" data-delay=\"0\"><strong>\u015awietl\u00f3wka LED 120cm<\/div><\/strong><\/a><\/span><\/td>\n<td style=\"width: 33.3333%; height: 62px; text-align: center;\"><span style=\"font-size: 12pt;\"><a href=\"https:\/\/www.ledstyl.pl\/swietlowka-led-150cm-cat-256\"><div class=\"su-animate\" style=\"opacity:0;-webkit-animation-duration:1s;-webkit-animation-delay:0s;animation-duration:1s;animation-delay:0s;\" data-animation=\"bounceIn\" data-duration=\"1\" data-delay=\"0\"><strong>\u015awietl\u00f3wka LED 150cm<\/strong><\/div><\/a><\/span><\/td>\n<\/tr>\n<tr style=\"height: 54px;\">\n<td style=\"width: 33.3333%; height: 18px;\"><div class=\"su-button-center\"><a href=\"https:\/\/www.ledstyl.pl\/swietlowka-led-60cm-cat-253\" class=\"su-button su-button-style-3d\" style=\"color:#ffffff;background-color:#ef2d36;border-color:#c0242c;border-radius:50px;-moz-border-radius:50px;-webkit-border-radius:50px\" target=\"_self\" rel=\"nofollow\"><span style=\"color:#ffffff;padding:0px 24px;font-size:18px;line-height:36px;border-color:#f46c73;border-radius:50px;-moz-border-radius:50px;-webkit-border-radius:50px;text-shadow:none;-moz-text-shadow:none;-webkit-text-shadow:none\"> <b>Zobacz wi\u0119cej<\/b><\/span><\/a><\/div><\/td>\n<td style=\"width: 33.3333%; height: 18px;\"><div class=\"su-button-center\"><a href=\"https:\/\/www.ledstyl.pl\/swietlowka-led-120cm-cat-255\" class=\"su-button su-button-style-3d\" style=\"color:#ffffff;background-color:#ef2d36;border-color:#c0242c;border-radius:50px;-moz-border-radius:50px;-webkit-border-radius:50px\" target=\"_self\" rel=\"nofollow\"><span style=\"color:#ffffff;padding:0px 24px;font-size:18px;line-height:36px;border-color:#f46c73;border-radius:50px;-moz-border-radius:50px;-webkit-border-radius:50px;text-shadow:none;-moz-text-shadow:none;-webkit-text-shadow:none\"> <b>Zobacz wi\u0119cej<\/b><\/span><\/a><\/div><\/td>\n<td style=\"width: 33.3333%; height: 18px;\">\n<p style=\"text-align: center;\"><div class=\"su-button-center\"><a href=\"https:\/\/www.ledstyl.pl\/swietlowka-led-150cm-cat-256\" class=\"su-button su-button-style-3d\" style=\"color:#ffffff;background-color:#ef2d36;border-color:#c0242c;border-radius:50px;-moz-border-radius:50px;-webkit-border-radius:50px\" target=\"_self\" rel=\"nofollow\"><span style=\"color:#ffffff;padding:0px 24px;font-size:18px;line-height:36px;border-color:#f46c73;border-radius:50px;-moz-border-radius:50px;-webkit-border-radius:50px;text-shadow:none;-moz-text-shadow:none;-webkit-text-shadow:none\"> <b>Zobacz wi\u0119cej<\/b><\/span><\/a><\/div>\n<\/td>\n<\/tr>\n<\/tbody>\n<\/table>\n<p>W przypadku kiedy wcze\u015bniej wybrane przez nas oprawy bardzo dobrze spe\u0142niaj\u0105 swoje zadania, mo\u017cemy wymieni\u0107 same ich \u017ar\u00f3d\u0142o \u015bwiat\u0142a. <a href=\"https:\/\/www.ledstyl.pl\/swietlowki-led-cat-2\">\u015awietl\u00f3wki LED<\/a> to opcja, kt\u00f3ra pozwoli nam zmniejszy\u0107 pob\u00f3r energii naszych lamp nawet o 50% w por\u00f3wnaniu z oprawami wyposa\u017conymi w tradycyjne jarzeni\u00f3wki. Pami\u0119tajmy jednak o tym, \u017ce \u015bwietl\u00f3wki LED w biurze b\u0119dziemy mogli zastosowa\u0107 wy\u0142\u0105cznie po odpowiedniej modyfikacji oprawy. Wi\u0119cej informacji na temat pod\u0142\u0105czenia \u015bwietl\u00f3wek Led znajdziesz w naszym artykule: \u201e<a href=\"https:\/\/www.ledstyl.pl\/blog\/swietlowka-led-podlaczenie-i-instalacja\/\">\u015awietl\u00f3wka LED \u2013 pod\u0142\u0105czenie i instalacja<\/a>\u201d.<\/p>\n<h2><span id=\"Oswietlenie_sufitowe_do_biura_wybierz_odpowiedzialnie_i_rozsadnie\">O\u015bwietlenie sufitowe do biura \u2013 wybierz odpowiedzialnie i rozs\u0105dnie<\/span><\/h2>\n<p>Dzi\u015b szeroki asortyment lamp sufitowych do biura mo\u017ce przyprawi\u0107 o zawr\u00f3t g\u0142owy. Je\u015bli nie masz pewno\u015bci co do wyboru odpowiednich opraw, warto poradzi\u0107 si\u0119 specjalist\u00f3w, a my mo\u017cemy jedynie zaleci\u0107 wyb\u00f3r lamp wykonanych w nowoczesnej technologii. <strong>Lampy biurowe sufitowe LED<\/strong> s\u0105 dzi\u015b najch\u0119tniej wybieranym rodzajem o\u015bwietlenia, ze wzgl\u0119du na jako\u015b\u0107 \u015bwiat\u0142a, a tak\u017ce swoj\u0105 energooszcz\u0119dno\u015b\u0107. Obecnie koszty eksploatacji lamp LED s\u0105 o wiele ni\u017csze ni\u017c w przypadku innych propozycji. Nowoczesne o\u015bwietlenie sufitowe do biura zu\u017cywa nawet 50% energii mniej w por\u00f3wnaniu z tradycyjnym oprawami jarzeniowymi, a tak\u017ce wyr\u00f3\u017cnia si\u0119 nawet kilkukrotnie d\u0142u\u017csz\u0105 \u017cywotno\u015bci\u0105 na dla standardowych rastr\u00f3w. Jeste\u015b w trakcie modernizacji o\u015bwietlenia swojego biura? Postaw na nowoczesne i trwa\u0142e lampy o\u015bwietleniowe, kt\u00f3re zapewni\u0105 Ci odpowiednio du\u017co \u015bwiat\u0142a przy niezwykle niskim poborze energii.<\/p>\n","protected":false},"excerpt":{"rendered":"<p>Odpowiednie o\u015bwietlenie sufitowe biurowe, kt\u00f3re jest zar\u00f3wno wydajne, jak i wygodne, ma kluczowe znaczenie w miejscu naszej pracy. Bez odpowiedniego o\u015bwietlenia sufitowego w biurze mo\u017cesz negatywnie wp\u0142yn\u0105\u0107 na swoj\u0105 produktywno\u015b\u0107 i nastr\u00f3j. To najwa\u017cniejsze powody, dlaczego warto zainwestowa\u0107 w stylow\u0105 i funkcjonaln\u0105 lamp\u0119 sufitow\u0105 w Twoim biurze. Spis tre\u015bci1 Lampy do biura sufitowe2 Lampa sufitowa [&hellip;]<\/p>\n","protected":false},"author":1,"featured_media":654,"comment_status":"open","ping_status":"open","sticky":false,"template":"","format":"standard","meta":{"footnotes":""},"categories":[19],"tags":[],"class_list":["post-628","post","type-post","status-publish","format-standard","has-post-thumbnail","hentry","category-biura-i-obiekty-przemyslowe","entry","has-media"],"yoast_head":"<!-- This site is optimized with the Yoast SEO plugin v17.8 - https:\/\/yoast.com\/wordpress\/plugins\/seo\/ -->\r\n<title>Lampy biurowe sufitowe - Strefa \u015awiat\u0142a LEDstyl<\/title>\r\n<meta name=\"description\" content=\"Lampy biurowe sufitowe stanowi\u0105 g\u0142\u00f3wne \u017ar\u00f3d\u0142o \u015bwiat\u0142a pomieszcze\u0144 biurowych. Wybierz energooszcz\u0119dne i eleganckie o\u015bwietlenie biurowe sufitowe.\" \/>\r\n<meta name=\"robots\" content=\"index, follow, max-snippet:-1, max-image-preview:large, max-video-preview:-1\" \/>\r\n<link rel=\"canonical\" href=\"https:\/\/www.ledstyl.pl\/strefa-swiatla\/lampy-biurowe-sufitowe\/\" \/>\r\n<meta property=\"og:locale\" content=\"pl_PL\" \/>\r\n<meta property=\"og:type\" content=\"article\" \/>\r\n<meta property=\"og:title\" content=\"Lampy biurowe sufitowe - Strefa \u015awiat\u0142a LEDstyl\" \/>\r\n<meta property=\"og:description\" content=\"Lampy biurowe sufitowe stanowi\u0105 g\u0142\u00f3wne \u017ar\u00f3d\u0142o \u015bwiat\u0142a pomieszcze\u0144 biurowych. Wybierz energooszcz\u0119dne i eleganckie o\u015bwietlenie biurowe sufitowe.\" \/>\r\n<meta property=\"og:url\" content=\"https:\/\/www.ledstyl.pl\/strefa-swiatla\/lampy-biurowe-sufitowe\/\" \/>\r\n<meta property=\"og:site_name\" content=\"Strefa \u015awiat\u0142a LEDstyl\" \/>\r\n<meta property=\"article:published_time\" content=\"2022-01-28T21:48:14+00:00\" \/>\r\n<meta property=\"article:modified_time\" content=\"2024-06-28T23:35:55+00:00\" \/>\r\n<meta property=\"og:image\" content=\"https:\/\/www.ledstyl.pl\/strefa-swiatla\/wp-content\/uploads\/2022\/01\/lampa-biurowa-sufitowa-glowne.jpg\" \/>\r\n\t<meta property=\"og:image:width\" content=\"725\" \/>\r\n\t<meta property=\"og:image:height\" content=\"483\" \/>\r\n<meta name=\"twitter:card\" content=\"summary_large_image\" \/>\r\n<meta name=\"twitter:label1\" content=\"Napisane przez\" \/>\n\t<meta name=\"twitter:data1\" content=\"Adam Doma\u0144ski\" \/>\n\t<meta name=\"twitter:label2\" content=\"Szacowany czas czytania\" \/>\n\t<meta name=\"twitter:data2\" content=\"11 minut\" \/>\r\n<script type=\"application\/ld+json\" class=\"yoast-schema-graph\">{\"@context\":\"https:\/\/schema.org\",\"@graph\":[{\"@type\":\"Organization\",\"@id\":\"https:\/\/www.ledstyl.pl\/strefa-swiatla\/#organization\",\"name\":\"Strefa \\u015awiat\\u0142a LEDstyl.pl\",\"url\":\"https:\/\/www.ledstyl.pl\/strefa-swiatla\/\",\"sameAs\":[],\"logo\":{\"@type\":\"ImageObject\",\"@id\":\"https:\/\/www.ledstyl.pl\/strefa-swiatla\/#logo\",\"inLanguage\":\"pl-PL\",\"url\":\"https:\/\/www.ledstyl.pl\/strefa-swiatla\/wp-content\/uploads\/2021\/12\/strefa-swiatla-ledstyl.png\",\"contentUrl\":\"https:\/\/www.ledstyl.pl\/strefa-swiatla\/wp-content\/uploads\/2021\/12\/strefa-swiatla-ledstyl.png\",\"width\":1999,\"height\":1041,\"caption\":\"Strefa \\u015awiat\\u0142a LEDstyl.pl\"},\"image\":{\"@id\":\"https:\/\/www.ledstyl.pl\/strefa-swiatla\/#logo\"}},{\"@type\":\"WebSite\",\"@id\":\"https:\/\/www.ledstyl.pl\/strefa-swiatla\/#website\",\"url\":\"https:\/\/www.ledstyl.pl\/strefa-swiatla\/\",\"name\":\"Strefa \\u015awiat\\u0142a LEDstyl\",\"description\":\"\",\"publisher\":{\"@id\":\"https:\/\/www.ledstyl.pl\/strefa-swiatla\/#organization\"},\"potentialAction\":[{\"@type\":\"SearchAction\",\"target\":{\"@type\":\"EntryPoint\",\"urlTemplate\":\"https:\/\/www.ledstyl.pl\/strefa-swiatla\/?s={search_term_string}\"},\"query-input\":\"required name=search_term_string\"}],\"inLanguage\":\"pl-PL\"},{\"@type\":\"ImageObject\",\"@id\":\"https:\/\/www.ledstyl.pl\/strefa-swiatla\/lampy-biurowe-sufitowe\/#primaryimage\",\"inLanguage\":\"pl-PL\",\"url\":\"https:\/\/www.ledstyl.pl\/strefa-swiatla\/wp-content\/uploads\/2022\/01\/lampa-biurowa-sufitowa-glowne.jpg\",\"contentUrl\":\"https:\/\/www.ledstyl.pl\/strefa-swiatla\/wp-content\/uploads\/2022\/01\/lampa-biurowa-sufitowa-glowne.jpg\",\"width\":725,\"height\":483,\"caption\":\"Lampa biurowa sufitowa g\\u0142\\u00f3wne zdj\\u0119cie\"},{\"@type\":\"WebPage\",\"@id\":\"https:\/\/www.ledstyl.pl\/strefa-swiatla\/lampy-biurowe-sufitowe\/#webpage\",\"url\":\"https:\/\/www.ledstyl.pl\/strefa-swiatla\/lampy-biurowe-sufitowe\/\",\"name\":\"Lampy biurowe sufitowe - Strefa \\u015awiat\\u0142a LEDstyl\",\"isPartOf\":{\"@id\":\"https:\/\/www.ledstyl.pl\/strefa-swiatla\/#website\"},\"primaryImageOfPage\":{\"@id\":\"https:\/\/www.ledstyl.pl\/strefa-swiatla\/lampy-biurowe-sufitowe\/#primaryimage\"},\"datePublished\":\"2022-01-28T21:48:14+00:00\",\"dateModified\":\"2024-06-28T23:35:55+00:00\",\"description\":\"Lampy biurowe sufitowe stanowi\\u0105 g\\u0142\\u00f3wne \\u017ar\\u00f3d\\u0142o \\u015bwiat\\u0142a pomieszcze\\u0144 biurowych. Wybierz energooszcz\\u0119dne i eleganckie o\\u015bwietlenie biurowe sufitowe.\",\"breadcrumb\":{\"@id\":\"https:\/\/www.ledstyl.pl\/strefa-swiatla\/lampy-biurowe-sufitowe\/#breadcrumb\"},\"inLanguage\":\"pl-PL\",\"potentialAction\":[{\"@type\":\"ReadAction\",\"target\":[\"https:\/\/www.ledstyl.pl\/strefa-swiatla\/lampy-biurowe-sufitowe\/\"]}]},{\"@type\":\"BreadcrumbList\",\"@id\":\"https:\/\/www.ledstyl.pl\/strefa-swiatla\/lampy-biurowe-sufitowe\/#breadcrumb\",\"itemListElement\":[{\"@type\":\"ListItem\",\"position\":1,\"name\":\"Strona g\\u0142\\u00f3wna\",\"item\":\"https:\/\/www.ledstyl.pl\/strefa-swiatla\/\"},{\"@type\":\"ListItem\",\"position\":2,\"name\":\"Lampy biurowe sufitowe\"}]},{\"@type\":\"Article\",\"@id\":\"https:\/\/www.ledstyl.pl\/strefa-swiatla\/lampy-biurowe-sufitowe\/#article\",\"isPartOf\":{\"@id\":\"https:\/\/www.ledstyl.pl\/strefa-swiatla\/lampy-biurowe-sufitowe\/#webpage\"},\"author\":{\"@id\":\"https:\/\/www.ledstyl.pl\/strefa-swiatla\/#\/schema\/person\/24db998bba2f9b47fe0d08101257c2ce\"},\"headline\":\"Lampy biurowe sufitowe\",\"datePublished\":\"2022-01-28T21:48:14+00:00\",\"dateModified\":\"2024-06-28T23:35:55+00:00\",\"mainEntityOfPage\":{\"@id\":\"https:\/\/www.ledstyl.pl\/strefa-swiatla\/lampy-biurowe-sufitowe\/#webpage\"},\"wordCount\":1652,\"commentCount\":0,\"publisher\":{\"@id\":\"https:\/\/www.ledstyl.pl\/strefa-swiatla\/#organization\"},\"image\":{\"@id\":\"https:\/\/www.ledstyl.pl\/strefa-swiatla\/lampy-biurowe-sufitowe\/#primaryimage\"},\"thumbnailUrl\":\"https:\/\/www.ledstyl.pl\/strefa-swiatla\/wp-content\/uploads\/2022\/01\/lampa-biurowa-sufitowa-glowne.jpg\",\"articleSection\":[\"Biura i obiekty przemys\\u0142owe\"],\"inLanguage\":\"pl-PL\",\"potentialAction\":[{\"@type\":\"CommentAction\",\"name\":\"Comment\",\"target\":[\"https:\/\/www.ledstyl.pl\/strefa-swiatla\/lampy-biurowe-sufitowe\/#respond\"]}]},{\"@type\":\"Person\",\"@id\":\"https:\/\/www.ledstyl.pl\/strefa-swiatla\/#\/schema\/person\/24db998bba2f9b47fe0d08101257c2ce\",\"name\":\"Adam Doma\\u0144ski\",\"image\":{\"@type\":\"ImageObject\",\"@id\":\"https:\/\/www.ledstyl.pl\/strefa-swiatla\/#personlogo\",\"inLanguage\":\"pl-PL\",\"url\":\"https:\/\/secure.gravatar.com\/avatar\/391a241373e59dc1426e927c19384e8fcbeb32e3ba2277184170aa780b80359e?s=96&d=mm&r=g\",\"contentUrl\":\"https:\/\/secure.gravatar.com\/avatar\/391a241373e59dc1426e927c19384e8fcbeb32e3ba2277184170aa780b80359e?s=96&d=mm&r=g\",\"caption\":\"Adam Doma\\u0144ski\"},\"sameAs\":[\"https:\/\/www.ledstyl.pl\/strefa-swiatla\"],\"url\":\"https:\/\/www.ledstyl.pl\/strefa-swiatla\/author\/projektleds\/\"}]}<\/script>\r\n<!-- \/ Yoast SEO plugin. -->","yoast_head_json":{"title":"Lampy biurowe sufitowe - Strefa \u015awiat\u0142a LEDstyl","description":"Lampy biurowe sufitowe stanowi\u0105 g\u0142\u00f3wne \u017ar\u00f3d\u0142o \u015bwiat\u0142a pomieszcze\u0144 biurowych. Wybierz energooszcz\u0119dne i eleganckie o\u015bwietlenie biurowe sufitowe.","robots":{"index":"index","follow":"follow","max-snippet":"max-snippet:-1","max-image-preview":"max-image-preview:large","max-video-preview":"max-video-preview:-1"},"canonical":"https:\/\/www.ledstyl.pl\/strefa-swiatla\/lampy-biurowe-sufitowe\/","og_locale":"pl_PL","og_type":"article","og_title":"Lampy biurowe sufitowe - Strefa \u015awiat\u0142a LEDstyl","og_description":"Lampy biurowe sufitowe stanowi\u0105 g\u0142\u00f3wne \u017ar\u00f3d\u0142o \u015bwiat\u0142a pomieszcze\u0144 biurowych. Wybierz energooszcz\u0119dne i eleganckie o\u015bwietlenie biurowe sufitowe.","og_url":"https:\/\/www.ledstyl.pl\/strefa-swiatla\/lampy-biurowe-sufitowe\/","og_site_name":"Strefa \u015awiat\u0142a LEDstyl","article_published_time":"2022-01-28T21:48:14+00:00","article_modified_time":"2024-06-28T23:35:55+00:00","og_image":[{"width":725,"height":483,"url":"https:\/\/www.ledstyl.pl\/strefa-swiatla\/wp-content\/uploads\/2022\/01\/lampa-biurowa-sufitowa-glowne.jpg","type":"image\/jpeg"}],"twitter_card":"summary_large_image","twitter_misc":{"Napisane przez":"Adam Doma\u0144ski","Szacowany czas czytania":"11 minut"},"schema":{"@context":"https:\/\/schema.org","@graph":[{"@type":"Organization","@id":"https:\/\/www.ledstyl.pl\/strefa-swiatla\/#organization","name":"Strefa \u015awiat\u0142a LEDstyl.pl","url":"https:\/\/www.ledstyl.pl\/strefa-swiatla\/","sameAs":[],"logo":{"@type":"ImageObject","@id":"https:\/\/www.ledstyl.pl\/strefa-swiatla\/#logo","inLanguage":"pl-PL","url":"https:\/\/www.ledstyl.pl\/strefa-swiatla\/wp-content\/uploads\/2021\/12\/strefa-swiatla-ledstyl.png","contentUrl":"https:\/\/www.ledstyl.pl\/strefa-swiatla\/wp-content\/uploads\/2021\/12\/strefa-swiatla-ledstyl.png","width":1999,"height":1041,"caption":"Strefa \u015awiat\u0142a LEDstyl.pl"},"image":{"@id":"https:\/\/www.ledstyl.pl\/strefa-swiatla\/#logo"}},{"@type":"WebSite","@id":"https:\/\/www.ledstyl.pl\/strefa-swiatla\/#website","url":"https:\/\/www.ledstyl.pl\/strefa-swiatla\/","name":"Strefa \u015awiat\u0142a LEDstyl","description":"","publisher":{"@id":"https:\/\/www.ledstyl.pl\/strefa-swiatla\/#organization"},"potentialAction":[{"@type":"SearchAction","target":{"@type":"EntryPoint","urlTemplate":"https:\/\/www.ledstyl.pl\/strefa-swiatla\/?s={search_term_string}"},"query-input":"required name=search_term_string"}],"inLanguage":"pl-PL"},{"@type":"ImageObject","@id":"https:\/\/www.ledstyl.pl\/strefa-swiatla\/lampy-biurowe-sufitowe\/#primaryimage","inLanguage":"pl-PL","url":"https:\/\/www.ledstyl.pl\/strefa-swiatla\/wp-content\/uploads\/2022\/01\/lampa-biurowa-sufitowa-glowne.jpg","contentUrl":"https:\/\/www.ledstyl.pl\/strefa-swiatla\/wp-content\/uploads\/2022\/01\/lampa-biurowa-sufitowa-glowne.jpg","width":725,"height":483,"caption":"Lampa biurowa sufitowa g\u0142\u00f3wne zdj\u0119cie"},{"@type":"WebPage","@id":"https:\/\/www.ledstyl.pl\/strefa-swiatla\/lampy-biurowe-sufitowe\/#webpage","url":"https:\/\/www.ledstyl.pl\/strefa-swiatla\/lampy-biurowe-sufitowe\/","name":"Lampy biurowe sufitowe - Strefa \u015awiat\u0142a LEDstyl","isPartOf":{"@id":"https:\/\/www.ledstyl.pl\/strefa-swiatla\/#website"},"primaryImageOfPage":{"@id":"https:\/\/www.ledstyl.pl\/strefa-swiatla\/lampy-biurowe-sufitowe\/#primaryimage"},"datePublished":"2022-01-28T21:48:14+00:00","dateModified":"2024-06-28T23:35:55+00:00","description":"Lampy biurowe sufitowe stanowi\u0105 g\u0142\u00f3wne \u017ar\u00f3d\u0142o \u015bwiat\u0142a pomieszcze\u0144 biurowych. Wybierz energooszcz\u0119dne i eleganckie o\u015bwietlenie biurowe sufitowe.","breadcrumb":{"@id":"https:\/\/www.ledstyl.pl\/strefa-swiatla\/lampy-biurowe-sufitowe\/#breadcrumb"},"inLanguage":"pl-PL","potentialAction":[{"@type":"ReadAction","target":["https:\/\/www.ledstyl.pl\/strefa-swiatla\/lampy-biurowe-sufitowe\/"]}]},{"@type":"BreadcrumbList","@id":"https:\/\/www.ledstyl.pl\/strefa-swiatla\/lampy-biurowe-sufitowe\/#breadcrumb","itemListElement":[{"@type":"ListItem","position":1,"name":"Strona g\u0142\u00f3wna","item":"https:\/\/www.ledstyl.pl\/strefa-swiatla\/"},{"@type":"ListItem","position":2,"name":"Lampy biurowe sufitowe"}]},{"@type":"Article","@id":"https:\/\/www.ledstyl.pl\/strefa-swiatla\/lampy-biurowe-sufitowe\/#article","isPartOf":{"@id":"https:\/\/www.ledstyl.pl\/strefa-swiatla\/lampy-biurowe-sufitowe\/#webpage"},"author":{"@id":"https:\/\/www.ledstyl.pl\/strefa-swiatla\/#\/schema\/person\/24db998bba2f9b47fe0d08101257c2ce"},"headline":"Lampy biurowe sufitowe","datePublished":"2022-01-28T21:48:14+00:00","dateModified":"2024-06-28T23:35:55+00:00","mainEntityOfPage":{"@id":"https:\/\/www.ledstyl.pl\/strefa-swiatla\/lampy-biurowe-sufitowe\/#webpage"},"wordCount":1652,"commentCount":0,"publisher":{"@id":"https:\/\/www.ledstyl.pl\/strefa-swiatla\/#organization"},"image":{"@id":"https:\/\/www.ledstyl.pl\/strefa-swiatla\/lampy-biurowe-sufitowe\/#primaryimage"},"thumbnailUrl":"https:\/\/www.ledstyl.pl\/strefa-swiatla\/wp-content\/uploads\/2022\/01\/lampa-biurowa-sufitowa-glowne.jpg","articleSection":["Biura i obiekty przemys\u0142owe"],"inLanguage":"pl-PL","potentialAction":[{"@type":"CommentAction","name":"Comment","target":["https:\/\/www.ledstyl.pl\/strefa-swiatla\/lampy-biurowe-sufitowe\/#respond"]}]},{"@type":"Person","@id":"https:\/\/www.ledstyl.pl\/strefa-swiatla\/#\/schema\/person\/24db998bba2f9b47fe0d08101257c2ce","name":"Adam Doma\u0144ski","image":{"@type":"ImageObject","@id":"https:\/\/www.ledstyl.pl\/strefa-swiatla\/#personlogo","inLanguage":"pl-PL","url":"https:\/\/secure.gravatar.com\/avatar\/391a241373e59dc1426e927c19384e8fcbeb32e3ba2277184170aa780b80359e?s=96&d=mm&r=g","contentUrl":"https:\/\/secure.gravatar.com\/avatar\/391a241373e59dc1426e927c19384e8fcbeb32e3ba2277184170aa780b80359e?s=96&d=mm&r=g","caption":"Adam Doma\u0144ski"},"sameAs":["https:\/\/www.ledstyl.pl\/strefa-swiatla"],"url":"https:\/\/www.ledstyl.pl\/strefa-swiatla\/author\/projektleds\/"}]}},"_links":{"self":[{"href":"https:\/\/www.ledstyl.pl\/strefa-swiatla\/wp-json\/wp\/v2\/posts\/628","targetHints":{"allow":["GET"]}}],"collection":[{"href":"https:\/\/www.ledstyl.pl\/strefa-swiatla\/wp-json\/wp\/v2\/posts"}],"about":[{"href":"https:\/\/www.ledstyl.pl\/strefa-swiatla\/wp-json\/wp\/v2\/types\/post"}],"author":[{"embeddable":true,"href":"https:\/\/www.ledstyl.pl\/strefa-swiatla\/wp-json\/wp\/v2\/users\/1"}],"replies":[{"embeddable":true,"href":"https:\/\/www.ledstyl.pl\/strefa-swiatla\/wp-json\/wp\/v2\/comments?post=628"}],"version-history":[{"count":20,"href":"https:\/\/www.ledstyl.pl\/strefa-swiatla\/wp-json\/wp\/v2\/posts\/628\/revisions"}],"predecessor-version":[{"id":1316,"href":"https:\/\/www.ledstyl.pl\/strefa-swiatla\/wp-json\/wp\/v2\/posts\/628\/revisions\/1316"}],"wp:featuredmedia":[{"embeddable":true,"href":"https:\/\/www.ledstyl.pl\/strefa-swiatla\/wp-json\/wp\/v2\/media\/654"}],"wp:attachment":[{"href":"https:\/\/www.ledstyl.pl\/strefa-swiatla\/wp-json\/wp\/v2\/media?parent=628"}],"wp:term":[{"taxonomy":"category","embeddable":true,"href":"https:\/\/www.ledstyl.pl\/strefa-swiatla\/wp-json\/wp\/v2\/categories?post=628"},{"taxonomy":"post_tag","embeddable":true,"href":"https:\/\/www.ledstyl.pl\/strefa-swiatla\/wp-json\/wp\/v2\/tags?post=628"}],"curies":[{"name":"wp","href":"https:\/\/api.w.org\/{rel}","templated":true}]}}