{"id":784,"date":"2022-04-26T02:14:00","date_gmt":"2022-04-26T00:14:00","guid":{"rendered":"https:\/\/www.ledstyl.pl\/strefa-swiatla\/?p=784"},"modified":"2024-06-28T23:58:10","modified_gmt":"2024-06-28T21:58:10","slug":"oswietlenie-sciezki-w-ogrodzie","status":"publish","type":"post","link":"https:\/\/www.ledstyl.pl\/strefa-swiatla\/oswietlenie-sciezki-w-ogrodzie\/","title":{"rendered":"O\u015bwietlenie \u015bcie\u017cki w ogrodzie"},"content":{"rendered":"<p><strong>O\u015bwietlenie \u015bcie\u017cki ogrodowej<\/strong> musi by\u0107 praktyczne, funkcjonalne i przyjemne dla oka. \u015awiat\u0142a \u015bcie\u017cki w ogrodzie maj\u0105 za zadanie zwi\u0119kszy\u0107 widoczno\u015b\u0107 i bezpiecze\u0144stwo w nocy. Wyznaczaj\u0105 granice dla chodnik\u00f3w, ogrod\u00f3w i podw\u00f3rek, aby utrzyma\u0107 go\u015bci na w\u0142a\u015bciwej drodze. <strong>O\u015bwietlenie alejek ogrodowych<\/strong> odgrywa r\u00f3wnie\u017c wa\u017cn\u0105 rol\u0119 w budowaniu atmosfery przestrzeni na zewn\u0105trz, a tak\u017ce w ca\u0142o\u015bci krajobrazu. Niezale\u017cnie od tego, czy szukasz nowoczesnego o\u015bwietlenia chodnika, czy chcia\u0142by\u015b rozja\u015bni\u0107 sw\u00f3j ogr\u00f3d przy podje\u017adzie, sprawd\u017a nasze propozycje i pomys\u0142y, aby uzyska\u0107 inspiracj\u0119 do o\u015bwietlenia Twojej \u015bcie\u017cki w ogrodzie.<\/p>\n<p><img loading=\"lazy\" decoding=\"async\" class=\"wp-image-785 size-full aligncenter\" src=\"https:\/\/www.ledstyl.pl\/strefa-swiatla\/wp-content\/uploads\/2022\/04\/oswietlenie-sciezki-w-ogrodzie.jpg\" alt=\"O\u015bwietlenie \u015bcie\u017cki w ogrodzie\" width=\"725\" height=\"483\" srcset=\"https:\/\/www.ledstyl.pl\/strefa-swiatla\/wp-content\/uploads\/2022\/04\/oswietlenie-sciezki-w-ogrodzie.jpg 725w, https:\/\/www.ledstyl.pl\/strefa-swiatla\/wp-content\/uploads\/2022\/04\/oswietlenie-sciezki-w-ogrodzie-300x200.jpg 300w\" sizes=\"auto, (max-width: 725px) 100vw, 725px\" \/><\/p>\n<div id=\"toc_container\" class=\"toc_white no_bullets\"><p class=\"toc_title\">Spis tre\u015bci<\/p><ul class=\"toc_list\"><li><a href=\"#Oswietlenie_sciezki_ogrodowej_8211_rownomierne_rozmieszczenie\"><span class=\"toc_number toc_depth_1\">1<\/span> O\u015bwietlenie \u015bcie\u017cki ogrodowej &#8211; r\u00f3wnomierne rozmieszczenie<\/a><\/li><li><a href=\"#Oswietlenie_sciezek_ogrodowych_8211_wybierz_swoj_wlasny_styl\"><span class=\"toc_number toc_depth_1\">2<\/span> O\u015bwietlenie \u015bcie\u017cek ogrodowych &#8211; wybierz sw\u00f3j w\u0142asny styl<\/a><\/li><li><a href=\"#Oswietlenie_alejek_ogrodowych_tworzy_wyjatkowy_nastroj\"><span class=\"toc_number toc_depth_1\">3<\/span> O\u015bwietlenie alejek ogrodowych tworzy wyj\u0105tkowy nastr\u00f3j<\/a><\/li><li><a href=\"#Oswietlenie_w_trawniku\"><span class=\"toc_number toc_depth_1\">4<\/span> O\u015bwietlenie w trawniku<\/a><\/li><\/ul><\/div>\n<h2><span id=\"Oswietlenie_sciezki_ogrodowej_8211_rownomierne_rozmieszczenie\">O\u015bwietlenie \u015bcie\u017cki ogrodowej &#8211; r\u00f3wnomierne rozmieszczenie<\/span><\/h2>\n<p>Projektuj\u0105c <strong>o\u015bwietlenie \u015bcie\u017cki w ogrodzie<\/strong>, niezwykle wa\u017cne jest jego odpowiednie rozmieszczenie. Najlepiej <strong>o\u015bwietlenie \u015bcie\u017cki ogrodowej<\/strong> zainstalowa\u0107 po obu stronach chodnika lub drogi, tak aby ka\u017cdy jej element by\u0142 dobrze o\u015bwietlony. \u015awiat\u0142a \u015bcie\u017cki, kt\u00f3re rzucaj\u0105 o\u015bwietlenie pod k\u0105tem lub wy\u017csze <a href=\"https:\/\/www.ledstyl.pl\/lampy-ogrodowe-stojace-cat-156\">lampy ogrodowe stoj\u0105ce<\/a>, pokryj\u0105 wi\u0119kszy obszar w przypadku szerokich \u015bcie\u017cek.<\/p>\n<table style=\"width: 33%; height: 151px; border: none;\">\n<tbody>\n<tr style=\"height: 42px;\">\n<td style=\"width: 33.3333%; height: 79px;\"><a href=\"https:\/\/www.ledstyl.pl\/lampy-ogrodowe-stojace-cat-156\"><img loading=\"lazy\" decoding=\"async\" class=\"size-medium wp-image-292 aligncenter\" src=\"https:\/\/www.ledstyl.pl\/dane\/source\/e\/en3.slupek-ogrodowy-e27-50cm-czarny-santa-1.jpg\" alt=\"Lampy ogrodowe stoj\u0105ce\" width=\"298\" height=\"300\" \/><\/a><\/td>\n<\/tr>\n<tr style=\"height: 62px;\">\n<td style=\"width: 33.3333%; height: 62px; text-align: center;\"><span style=\"font-size: 12pt;\"><a href=\"https:\/\/www.ledstyl.pl\/lampy-ogrodowe-stojace-cat-156\"><div class=\"su-animate\" style=\"opacity:0;-webkit-animation-duration:1s;-webkit-animation-delay:0s;animation-duration:1s;animation-delay:0s;\" data-animation=\"bounceIn\" data-duration=\"1\" data-delay=\"0\"><strong>Lampy ogrodowe stoj\u0105ce<\/strong><\/div><\/a><\/span><\/td>\n<\/tr>\n<tr style=\"height: 54px;\">\n<td style=\"width: 33.3333%; height: 10px;\"><div class=\"su-button-center\"><a href=\"https:\/\/www.ledstyl.pl\/lampy-ogrodowe-stojace-cat-156\" class=\"su-button su-button-style-3d\" style=\"color:#ffffff;background-color:#ef2d36;border-color:#c0242c;border-radius:50px;-moz-border-radius:50px;-webkit-border-radius:50px\" target=\"_self\" rel=\"nofollow\"><span style=\"color:#ffffff;padding:0px 24px;font-size:18px;line-height:36px;border-color:#f46c73;border-radius:50px;-moz-border-radius:50px;-webkit-border-radius:50px;text-shadow:none;-moz-text-shadow:none;-webkit-text-shadow:none\"> <b>Zobacz wi\u0119cej<\/b><\/span><\/a><\/div><\/td>\n<\/tr>\n<\/tbody>\n<\/table>\n<p>Kiedy w ogrodzie mamy r\u00f3wnie\u017c w\u0105skie dr\u00f3\u017cki, do ich o\u015bwietlenia mo\u017cemy wykorzysta\u0107 tak\u017ce <a href=\"https:\/\/www.ledstyl.pl\/lampy-ogrodowe-solarne-cat-287\">lampy ogrodowe solarne<\/a>. Ma\u0142y s\u0142upek ogrodowy b\u0119dzie w pe\u0142ni wystarczaj\u0105cy do roz\u015bwietlania w\u0105skiej \u015bcie\u017cki Twojego ogrodu. W tym przypadku mo\u017cemy r\u00f3wnie\u017c pokusi\u0107 si\u0119 o g\u0119ste rozmieszczenie lampek, tak aby ich \u015bwiat\u0142o r\u00f3wnomiernie pokry\u0142o o\u015bwietlany obszar.<\/p>\n<table style=\"width: 33%; height: 151px; border: none;\">\n<tbody>\n<tr style=\"height: 42px;\">\n<td style=\"width: 33.3333%; height: 79px;\"><a href=\"https:\/\/www.ledstyl.pl\/lampy-ogrodowe-solarne-cat-287\"><img loading=\"lazy\" decoding=\"async\" class=\"size-medium wp-image-292 aligncenter\" src=\"https:\/\/www.ledstyl.pl\/dane\/source\/2\/27b7cf9298e3487a8c39ed771f7c2179.jpg\" alt=\"Lampy ogrodowe solarne\" width=\"298\" height=\"300\" \/><\/a><\/td>\n<\/tr>\n<tr style=\"height: 62px;\">\n<td style=\"width: 33.3333%; height: 62px; text-align: center;\"><span style=\"font-size: 12pt;\"><a href=\"https:\/\/www.ledstyl.pl\/lampy-ogrodowe-solarne-cat-287\"><div class=\"su-animate\" style=\"opacity:0;-webkit-animation-duration:1s;-webkit-animation-delay:0s;animation-duration:1s;animation-delay:0s;\" data-animation=\"bounceIn\" data-duration=\"1\" data-delay=\"0\"><strong>Lampy ogrodowe solarne<\/strong><\/div><\/a><\/span><\/td>\n<\/tr>\n<tr style=\"height: 54px;\">\n<td style=\"width: 33.3333%; height: 10px;\"><div class=\"su-button-center\"><a href=\"https:\/\/www.ledstyl.pl\/lampy-ogrodowe-solarne-cat-287\" class=\"su-button su-button-style-3d\" style=\"color:#ffffff;background-color:#ef2d36;border-color:#c0242c;border-radius:50px;-moz-border-radius:50px;-webkit-border-radius:50px\" target=\"_self\" rel=\"nofollow\"><span style=\"color:#ffffff;padding:0px 24px;font-size:18px;line-height:36px;border-color:#f46c73;border-radius:50px;-moz-border-radius:50px;-webkit-border-radius:50px;text-shadow:none;-moz-text-shadow:none;-webkit-text-shadow:none\"> <b>Zobacz wi\u0119cej<\/b><\/span><\/a><\/div><\/td>\n<\/tr>\n<\/tbody>\n<\/table>\n<p>Je\u015bli na Twojej \u015bcie\u017cce ogrodowej znajduje si\u0119 ciemny kamie\u0144 lub beton, rozwa\u017c u\u017cycie szarych lub srebrnych \u015bwiate\u0142, kt\u00f3re wyr\u00f3\u017cni\u0105 si\u0119 swoim wygl\u0105dem na tle ca\u0142ego ogrodu. Odpowiednio dobrany styl i rodzaj o\u015bwietlenia Twojego ogrodu ma niezwykle wa\u017cne znaczenie i wp\u0142yw na jego wygl\u0105d, ale r\u00f3wnie\u017c funkcjonalno\u015b\u0107.<\/p>\n<h2><span id=\"Oswietlenie_sciezek_ogrodowych_8211_wybierz_swoj_wlasny_styl\">O\u015bwietlenie \u015bcie\u017cek ogrodowych &#8211; wybierz sw\u00f3j w\u0142asny styl<\/span><\/h2>\n<p>Nawet <strong>o\u015bwietlenie \u015bcie\u017cki w ogrodzie<\/strong> i Twoje <a href=\"https:\/\/www.ledstyl.pl\/lampy-ogrodowe-led-cat-95\">lampy ogrodowe LED<\/a> mog\u0105 by\u0107 funkcjonalne i nowoczesne lub eleganckie i klasyczne. W przypadku kiedy zdecydujesz si\u0119 na <a href=\"https:\/\/www.ledstyl.pl\/strefa-swiatla\/nowoczesne-oswietlenie-ogrodu\/\">nowoczesne o\u015bwietlenie ogrodu<\/a> o wsp\u00f3\u0142czesnym motywie, najlepiej wybra\u0107 lampy o geometrycznych strukturach, czystych liniach i ostrych k\u0105tach. Wysokie i uko\u015bnie o\u015bwietlenie \u015bcie\u017cek ogrodowych charakteryzuj\u0105 si\u0119 nie tylko eleganck\u0105 estetyk\u0105, ale i zapewnia wi\u0119kszy zasi\u0119g o\u015bwietlenia.<\/p>\n<p><img loading=\"lazy\" decoding=\"async\" class=\"wp-image-786 aligncenter\" src=\"https:\/\/www.ledstyl.pl\/strefa-swiatla\/wp-content\/uploads\/2022\/04\/oswietlenie-sciezki-ogrodowej-300x249.jpg\" alt=\"O\u015bwietlenie \u015bcie\u017cki ogrodowej\" width=\"725\" height=\"602\" srcset=\"https:\/\/www.ledstyl.pl\/strefa-swiatla\/wp-content\/uploads\/2022\/04\/oswietlenie-sciezki-ogrodowej-300x249.jpg 300w, https:\/\/www.ledstyl.pl\/strefa-swiatla\/wp-content\/uploads\/2022\/04\/oswietlenie-sciezki-ogrodowej-768x637.jpg 768w, https:\/\/www.ledstyl.pl\/strefa-swiatla\/wp-content\/uploads\/2022\/04\/oswietlenie-sciezki-ogrodowej.jpg 1000w\" sizes=\"auto, (max-width: 725px) 100vw, 725px\" \/><\/p>\n<p>Bardzo ciekawym pomys\u0142em przy o\u015bwietleniu \u015bcie\u017cki ogrodowej jest po\u0142\u0105czenie nowoczesnego i rustykalnego stylu. <strong>O\u015bwietlenie \u015bcie\u017cki w ogrodzie<\/strong> mo\u017ce stworzy\u0107 odpowiedni nastr\u00f3j dla go\u015bci wchodz\u0105cych do Twojej nowoczesnej posiad\u0142o\u015bci, czy bardziej wiejskiego domku. Style w nowoczesnym o\u015bwietleniu warto miesza\u0107 ze sob\u0105, tworz\u0105c indywidualne po\u0142\u0105czenia, kt\u00f3re zaoferuj\u0105 Ci odrobin\u0119 stylu Vintage, jednocze\u015bnie wtapiaj\u0105c si\u0119 w styl XXI wieku. W\u0142a\u015bnie dlatego dzi\u015b <a href=\"https:\/\/www.ledstyl.pl\/strefa-swiatla\/lampy-ogrodowe-i-zewnetrzne-retro\/\">lampy ogrodowe Retro<\/a> b\u0119dziesz m\u00f3g\u0142 wykorzysta\u0107 do o\u015bwietlenia chodnika, jednocze\u015bnie stawiaj\u0105c na zautomatyzowane nowoczesne oprawy o\u015bwietleniowe z czujnikiem w pobli\u017cu bramy czy gara\u017cu.<\/p>\n<p><img loading=\"lazy\" decoding=\"async\" class=\"wp-image-768 aligncenter\" src=\"https:\/\/www.ledstyl.pl\/strefa-swiatla\/wp-content\/uploads\/2022\/04\/lampy-solarne-retro-300x270.jpg\" alt=\"Lampy solarne Retro\" width=\"725\" height=\"652\" srcset=\"https:\/\/www.ledstyl.pl\/strefa-swiatla\/wp-content\/uploads\/2022\/04\/lampy-solarne-retro-300x270.jpg 300w, https:\/\/www.ledstyl.pl\/strefa-swiatla\/wp-content\/uploads\/2022\/04\/lampy-solarne-retro-1024x921.jpg 1024w, https:\/\/www.ledstyl.pl\/strefa-swiatla\/wp-content\/uploads\/2022\/04\/lampy-solarne-retro-768x691.jpg 768w, https:\/\/www.ledstyl.pl\/strefa-swiatla\/wp-content\/uploads\/2022\/04\/lampy-solarne-retro.jpg 1195w\" sizes=\"auto, (max-width: 725px) 100vw, 725px\" \/><\/p>\n<h2><span id=\"Oswietlenie_alejek_ogrodowych_tworzy_wyjatkowy_nastroj\">O\u015bwietlenie alejek ogrodowych tworzy wyj\u0105tkowy nastr\u00f3j<\/span><\/h2>\n<p>O\u015bwietlenie \u015bcie\u017cki w ogrodzie mo\u017ce stworzy\u0107 indywidualny nastr\u00f3j i idealnie wpasowa\u0107 si\u0119 w styl i charakterystyk\u0119 Twojej posesji. Je\u015bli chcesz o\u015bwietli\u0107 mniejsz\u0105 \u015bcie\u017ck\u0119, jednocze\u015bnie dodaj\u0105c mi\u0119kk\u0105, ciep\u0142\u0105 po\u015bwiat\u0119 wybierz kr\u00f3tkie s\u0142upki, kt\u00f3re b\u0119d\u0105 skupia\u0107 \u015bwiat\u0142o w d\u00f3\u0142. Pomog\u0105 one r\u00f3wnie\u017c podkre\u015bli\u0107 krajobraz Twojego ogrodu, odpowiednio wyznaczaj\u0105c granic\u0119 podw\u00f3rka czy pod\u015bwietlaj\u0105c kwiaty w okolicach chodnika.<\/p>\n<p><img loading=\"lazy\" decoding=\"async\" class=\"wp-image-751 aligncenter\" src=\"https:\/\/www.ledstyl.pl\/strefa-swiatla\/wp-content\/uploads\/2022\/04\/lampa-ogrodowa-nowoczesna-300x217.jpg\" alt=\"O\u015bwietlenie alejek ogrodowych\" width=\"725\" height=\"523\" srcset=\"https:\/\/www.ledstyl.pl\/strefa-swiatla\/wp-content\/uploads\/2022\/04\/lampa-ogrodowa-nowoczesna-300x217.jpg 300w, https:\/\/www.ledstyl.pl\/strefa-swiatla\/wp-content\/uploads\/2022\/04\/lampa-ogrodowa-nowoczesna-768x554.jpg 768w, https:\/\/www.ledstyl.pl\/strefa-swiatla\/wp-content\/uploads\/2022\/04\/lampa-ogrodowa-nowoczesna.jpg 1000w\" sizes=\"auto, (max-width: 725px) 100vw, 725px\" \/><\/p>\n<p><strong>O\u015bwietlenie \u015bcie\u017cki ogrodowej<\/strong> pomo\u017ce Ci pokaza\u0107 sw\u00f3j pi\u0119kny ogr\u00f3d przed domem. Umieszczaj\u0105c lampy mi\u0119dzy dr\u00f3\u017ck\u0105 a ogrodem, b\u0119dziesz m\u00f3g\u0142 stworzy\u0107 wyra\u017an\u0105 granic\u0119, a tak\u017ce dowolnie ni\u0105 miesza\u0107 odpowiednio rozmieszczaj\u0105c o\u015bwietlenie. Je\u015bli chcesz nada\u0107 swojej posesji eleganckiego i stylowego wygl\u0105du, warto wybra\u0107 do niej odpowiednie o\u015bwietlenie alejek ogrodowych. Jest to rozwi\u0105zanie, kt\u00f3re warto zaprojektowa\u0107 razem z g\u0142\u00f3wnym o\u015bwietleniem, aby w pe\u0142ni podkre\u015bli\u0107 urok i wygl\u0105d Twojego ogrodu po zmroku.<\/p>\n<p><img loading=\"lazy\" decoding=\"async\" class=\"aligncenter wp-image-753\" src=\"https:\/\/www.ledstyl.pl\/strefa-swiatla\/wp-content\/uploads\/2022\/04\/nowoczesne-lampy-zewnetrzne-300x211.jpg\" alt=\"O\u015bwietlenie \u015bcie\u017cek ogrodowych\" width=\"725\" height=\"509\" srcset=\"https:\/\/www.ledstyl.pl\/strefa-swiatla\/wp-content\/uploads\/2022\/04\/nowoczesne-lampy-zewnetrzne-300x211.jpg 300w, https:\/\/www.ledstyl.pl\/strefa-swiatla\/wp-content\/uploads\/2022\/04\/nowoczesne-lampy-zewnetrzne-768x540.jpg 768w, https:\/\/www.ledstyl.pl\/strefa-swiatla\/wp-content\/uploads\/2022\/04\/nowoczesne-lampy-zewnetrzne.jpg 992w\" sizes=\"auto, (max-width: 725px) 100vw, 725px\" \/><\/p>\n<p>O\u015bwietlenie \u015bcie\u017cek ogrodowych wyst\u0119puje w r\u00f3\u017cnych odmianach. Dzi\u015b b\u0119dziesz m\u00f3g\u0142 wybra\u0107 do nich nie tylko stoj\u0105ce lampy zewn\u0119trzne, czy pi\u0119kne latarnie, ale tak\u017ce nowoczesne <a href=\"https:\/\/www.ledstyl.pl\/reflektor-ogrodowy-cat-174\">reflektory ogrodowe<\/a>. Wybieraj\u0105c jako <strong>o\u015bwietlenie \u015bcie\u017cki ogrodowej<\/strong> produkty wykonane w technologii LED, decydujesz si\u0119 dzi\u015b na trwa\u0142e oraz niezawodne o\u015bwietlenie, dzi\u0119ki kt\u00f3remu oszcz\u0119dzasz r\u00f3wnie\u017c energi\u0119. Obecnie ka\u017cdy z nas mo\u017ce mie\u0107 pi\u0119knie o\u015bwietlony ogr\u00f3d, kt\u00f3rego o\u015bwietlenie nie b\u0119dzie pobiera\u0107 du\u017cej ilo\u015bci pr\u0105du, a wybieraj\u0105c lampy solarne, mo\u017ce by\u0107 on tak\u017ce ca\u0142kowicie darmowy w eksploatacji.<\/p>\n<table style=\"width: 33%; height: 151px; border: none;\">\n<tbody>\n<tr style=\"height: 42px;\">\n<td style=\"width: 33.3333%; height: 79px;\"><a href=\"https:\/\/www.ledstyl.pl\/reflektor-ogrodowy-cat-174\"><img loading=\"lazy\" decoding=\"async\" class=\"size-medium wp-image-292 aligncenter\" src=\"https:\/\/www.ledstyl.pl\/dane\/source\/e\/ez1.reflektor-ogrodowy-wbijany-1.jpg\" alt=\"Reflektor ogrodowy\" width=\"298\" height=\"300\" \/><\/a><\/td>\n<\/tr>\n<tr style=\"height: 62px;\">\n<td style=\"width: 33.3333%; height: 62px; text-align: center;\"><span style=\"font-size: 12pt;\"><a href=\"https:\/\/www.ledstyl.pl\/reflektor-ogrodowy-cat-174\"><div class=\"su-animate\" style=\"opacity:0;-webkit-animation-duration:1s;-webkit-animation-delay:0s;animation-duration:1s;animation-delay:0s;\" data-animation=\"bounceIn\" data-duration=\"1\" data-delay=\"0\"><strong>Reflektor ogrodowy<\/strong><\/div><\/a><\/span><\/td>\n<\/tr>\n<tr style=\"height: 54px;\">\n<td style=\"width: 33.3333%; height: 10px;\"><div class=\"su-button-center\"><a href=\"https:\/\/www.ledstyl.pl\/reflektor-ogrodowy-cat-174\" class=\"su-button su-button-style-3d\" style=\"color:#ffffff;background-color:#ef2d36;border-color:#c0242c;border-radius:50px;-moz-border-radius:50px;-webkit-border-radius:50px\" target=\"_self\" rel=\"nofollow\"><span style=\"color:#ffffff;padding:0px 24px;font-size:18px;line-height:36px;border-color:#f46c73;border-radius:50px;-moz-border-radius:50px;-webkit-border-radius:50px;text-shadow:none;-moz-text-shadow:none;-webkit-text-shadow:none\"> <b>Zobacz wi\u0119cej<\/b><\/span><\/a><\/div><\/td>\n<\/tr>\n<\/tbody>\n<\/table>\n<h2><span id=\"Oswietlenie_w_trawniku\">O\u015bwietlenie w trawniku<\/span><\/h2>\n<p>Czasami w\u015br\u00f3d ogrod\u00f3w naszych klient\u00f3w nie ma miejsca na standardowe o\u015bwietlenie \u015bcie\u017cek ogrodowych. Maj\u0105c ogr\u00f3d pe\u0142en kwiat\u00f3w czy innej dekoracyjnej architektury warto wybra\u0107 lampy najazdowe lub dogruntowe, kt\u00f3re zamontujemy bezpo\u015brednio w pod\u0142o\u017cu. <strong>O\u015bwietlenie w trawniku<\/strong> to doskona\u0142a alternatywa, kt\u00f3ra mo\u017ce efektownie pod\u015bwietli\u0107 granice \u015bcie\u017cek naszego ogrodu bez zajmowania zbyt du\u017cej ilo\u015bci miejsca.<\/p>\n<p><img loading=\"lazy\" decoding=\"async\" class=\"aligncenter wp-image-752\" src=\"https:\/\/www.ledstyl.pl\/strefa-swiatla\/wp-content\/uploads\/2022\/04\/nowoczesna-lampa-ogrodowa-300x220.jpg\" alt=\"O\u015bwietlenie \u015bcie\u017cki\" width=\"725\" height=\"532\" srcset=\"https:\/\/www.ledstyl.pl\/strefa-swiatla\/wp-content\/uploads\/2022\/04\/nowoczesna-lampa-ogrodowa-300x220.jpg 300w, https:\/\/www.ledstyl.pl\/strefa-swiatla\/wp-content\/uploads\/2022\/04\/nowoczesna-lampa-ogrodowa-768x564.jpg 768w, https:\/\/www.ledstyl.pl\/strefa-swiatla\/wp-content\/uploads\/2022\/04\/nowoczesna-lampa-ogrodowa.jpg 1000w\" sizes=\"auto, (max-width: 725px) 100vw, 725px\" \/><\/p>\n<p>Dzi\u015b to nie wszystko, ale od s\u0142upk\u00f3w po reflektory, mo\u017cemy stworzy\u0107 funkcjonalne i efektowne <strong>o\u015bwietlenie \u015bcie\u017cki w ogrodzie<\/strong>. Obecnie istnieje tak\u017ce o wiele wi\u0119cej opcji, kt\u00f3re b\u0119dziesz m\u00f3g\u0142 wykorzysta\u0107 do tego celu, a dzi\u0119ki coraz szybciej rozwijaj\u0105cej si\u0119 technologii LED b\u0119dzie ich ju\u017c tylko przybywa\u0107. Upewnij si\u0119, \u017ce wybrane przez Ciebie o\u015bwietlenie \u015bcie\u017cki w ogrodzie jest odpowiednie do warunk\u00f3w i wygl\u0105du Twojego ogrodu. Rozwa\u017c r\u00f3\u017cne typy \u017car\u00f3wek, kt\u00f3re dost\u0119pne s\u0105 dzi\u015b w wielu wariantach mocy i barwy \u015bwiat\u0142a. Bez wzgl\u0119du na to, kt\u00f3re o\u015bwietlenie \u015bcie\u017cki ogrodowej wybierzesz, z pewno\u015bci\u0105 przeniesiesz krajobraz swojego ogrodu na znacznie wy\u017cszy poziom.<\/p>\n","protected":false},"excerpt":{"rendered":"<p>O\u015bwietlenie \u015bcie\u017cki ogrodowej musi by\u0107 praktyczne, funkcjonalne i przyjemne dla oka. \u015awiat\u0142a \u015bcie\u017cki w ogrodzie maj\u0105 za zadanie zwi\u0119kszy\u0107 widoczno\u015b\u0107 i bezpiecze\u0144stwo w nocy. Wyznaczaj\u0105 granice dla chodnik\u00f3w, ogrod\u00f3w i podw\u00f3rek, aby utrzyma\u0107 go\u015bci na w\u0142a\u015bciwej drodze. O\u015bwietlenie alejek ogrodowych odgrywa r\u00f3wnie\u017c wa\u017cn\u0105 rol\u0119 w budowaniu atmosfery przestrzeni na zewn\u0105trz, a tak\u017ce w ca\u0142o\u015bci krajobrazu. [&hellip;]<\/p>\n","protected":false},"author":1,"featured_media":785,"comment_status":"open","ping_status":"open","sticky":false,"template":"","format":"standard","meta":{"footnotes":""},"categories":[30],"tags":[],"class_list":["post-784","post","type-post","status-publish","format-standard","has-post-thumbnail","hentry","category-ogrod","entry","has-media"],"yoast_head":"<!-- This site is optimized with the Yoast SEO plugin v17.8 - https:\/\/yoast.com\/wordpress\/plugins\/seo\/ -->\r\n<title>O\u015bwietlenie \u015bcie\u017cki w ogrodzie pomys\u0142y i inspiracje - LEDstyl.pl<\/title>\r\n<meta name=\"description\" content=\"O\u015bwietlenie \u015bcie\u017cki ogrodowej pozwoli zbudowa\u0107 wyj\u0105tkow\u0105 atmosfer\u0119 w Twoim ogrodzie. Wybierz nowoczesne lampy do o\u015bwietlenia \u015bcie\u017cki.\" \/>\r\n<meta name=\"robots\" content=\"index, follow, max-snippet:-1, max-image-preview:large, max-video-preview:-1\" \/>\r\n<link rel=\"canonical\" href=\"https:\/\/www.ledstyl.pl\/strefa-swiatla\/oswietlenie-sciezki-w-ogrodzie\/\" \/>\r\n<meta property=\"og:locale\" content=\"pl_PL\" \/>\r\n<meta property=\"og:type\" content=\"article\" \/>\r\n<meta property=\"og:title\" content=\"O\u015bwietlenie \u015bcie\u017cki w ogrodzie pomys\u0142y i inspiracje - LEDstyl.pl\" \/>\r\n<meta property=\"og:description\" content=\"O\u015bwietlenie \u015bcie\u017cki ogrodowej pozwoli zbudowa\u0107 wyj\u0105tkow\u0105 atmosfer\u0119 w Twoim ogrodzie. Wybierz nowoczesne lampy do o\u015bwietlenia \u015bcie\u017cki.\" \/>\r\n<meta property=\"og:url\" content=\"https:\/\/www.ledstyl.pl\/strefa-swiatla\/oswietlenie-sciezki-w-ogrodzie\/\" \/>\r\n<meta property=\"og:site_name\" content=\"Strefa \u015awiat\u0142a LEDstyl\" \/>\r\n<meta property=\"article:published_time\" content=\"2022-04-26T00:14:00+00:00\" \/>\r\n<meta property=\"article:modified_time\" content=\"2024-06-28T21:58:10+00:00\" \/>\r\n<meta property=\"og:image\" content=\"https:\/\/www.ledstyl.pl\/strefa-swiatla\/wp-content\/uploads\/2022\/04\/oswietlenie-sciezki-w-ogrodzie.jpg\" \/>\r\n\t<meta property=\"og:image:width\" content=\"725\" \/>\r\n\t<meta property=\"og:image:height\" content=\"483\" \/>\r\n<meta name=\"twitter:card\" content=\"summary_large_image\" \/>\r\n<meta name=\"twitter:label1\" content=\"Napisane przez\" \/>\n\t<meta name=\"twitter:data1\" content=\"Adam Doma\u0144ski\" \/>\n\t<meta name=\"twitter:label2\" content=\"Szacowany czas czytania\" \/>\n\t<meta name=\"twitter:data2\" content=\"10 minut\" \/>\r\n<script type=\"application\/ld+json\" class=\"yoast-schema-graph\">{\"@context\":\"https:\/\/schema.org\",\"@graph\":[{\"@type\":\"Organization\",\"@id\":\"https:\/\/www.ledstyl.pl\/strefa-swiatla\/#organization\",\"name\":\"Strefa \\u015awiat\\u0142a LEDstyl.pl\",\"url\":\"https:\/\/www.ledstyl.pl\/strefa-swiatla\/\",\"sameAs\":[],\"logo\":{\"@type\":\"ImageObject\",\"@id\":\"https:\/\/www.ledstyl.pl\/strefa-swiatla\/#logo\",\"inLanguage\":\"pl-PL\",\"url\":\"https:\/\/www.ledstyl.pl\/strefa-swiatla\/wp-content\/uploads\/2021\/12\/strefa-swiatla-ledstyl.png\",\"contentUrl\":\"https:\/\/www.ledstyl.pl\/strefa-swiatla\/wp-content\/uploads\/2021\/12\/strefa-swiatla-ledstyl.png\",\"width\":1999,\"height\":1041,\"caption\":\"Strefa \\u015awiat\\u0142a LEDstyl.pl\"},\"image\":{\"@id\":\"https:\/\/www.ledstyl.pl\/strefa-swiatla\/#logo\"}},{\"@type\":\"WebSite\",\"@id\":\"https:\/\/www.ledstyl.pl\/strefa-swiatla\/#website\",\"url\":\"https:\/\/www.ledstyl.pl\/strefa-swiatla\/\",\"name\":\"Strefa \\u015awiat\\u0142a LEDstyl\",\"description\":\"\",\"publisher\":{\"@id\":\"https:\/\/www.ledstyl.pl\/strefa-swiatla\/#organization\"},\"potentialAction\":[{\"@type\":\"SearchAction\",\"target\":{\"@type\":\"EntryPoint\",\"urlTemplate\":\"https:\/\/www.ledstyl.pl\/strefa-swiatla\/?s={search_term_string}\"},\"query-input\":\"required name=search_term_string\"}],\"inLanguage\":\"pl-PL\"},{\"@type\":\"ImageObject\",\"@id\":\"https:\/\/www.ledstyl.pl\/strefa-swiatla\/oswietlenie-sciezki-w-ogrodzie\/#primaryimage\",\"inLanguage\":\"pl-PL\",\"url\":\"https:\/\/www.ledstyl.pl\/strefa-swiatla\/wp-content\/uploads\/2022\/04\/oswietlenie-sciezki-w-ogrodzie.jpg\",\"contentUrl\":\"https:\/\/www.ledstyl.pl\/strefa-swiatla\/wp-content\/uploads\/2022\/04\/oswietlenie-sciezki-w-ogrodzie.jpg\",\"width\":725,\"height\":483,\"caption\":\"O\\u015bwietlenie \\u015bcie\\u017cki w ogrodzie\"},{\"@type\":\"WebPage\",\"@id\":\"https:\/\/www.ledstyl.pl\/strefa-swiatla\/oswietlenie-sciezki-w-ogrodzie\/#webpage\",\"url\":\"https:\/\/www.ledstyl.pl\/strefa-swiatla\/oswietlenie-sciezki-w-ogrodzie\/\",\"name\":\"O\\u015bwietlenie \\u015bcie\\u017cki w ogrodzie pomys\\u0142y i inspiracje - LEDstyl.pl\",\"isPartOf\":{\"@id\":\"https:\/\/www.ledstyl.pl\/strefa-swiatla\/#website\"},\"primaryImageOfPage\":{\"@id\":\"https:\/\/www.ledstyl.pl\/strefa-swiatla\/oswietlenie-sciezki-w-ogrodzie\/#primaryimage\"},\"datePublished\":\"2022-04-26T00:14:00+00:00\",\"dateModified\":\"2024-06-28T21:58:10+00:00\",\"description\":\"O\\u015bwietlenie \\u015bcie\\u017cki ogrodowej pozwoli zbudowa\\u0107 wyj\\u0105tkow\\u0105 atmosfer\\u0119 w Twoim ogrodzie. Wybierz nowoczesne lampy do o\\u015bwietlenia \\u015bcie\\u017cki.\",\"breadcrumb\":{\"@id\":\"https:\/\/www.ledstyl.pl\/strefa-swiatla\/oswietlenie-sciezki-w-ogrodzie\/#breadcrumb\"},\"inLanguage\":\"pl-PL\",\"potentialAction\":[{\"@type\":\"ReadAction\",\"target\":[\"https:\/\/www.ledstyl.pl\/strefa-swiatla\/oswietlenie-sciezki-w-ogrodzie\/\"]}]},{\"@type\":\"BreadcrumbList\",\"@id\":\"https:\/\/www.ledstyl.pl\/strefa-swiatla\/oswietlenie-sciezki-w-ogrodzie\/#breadcrumb\",\"itemListElement\":[{\"@type\":\"ListItem\",\"position\":1,\"name\":\"Strona g\\u0142\\u00f3wna\",\"item\":\"https:\/\/www.ledstyl.pl\/strefa-swiatla\/\"},{\"@type\":\"ListItem\",\"position\":2,\"name\":\"O\\u015bwietlenie \\u015bcie\\u017cki w ogrodzie\"}]},{\"@type\":\"Article\",\"@id\":\"https:\/\/www.ledstyl.pl\/strefa-swiatla\/oswietlenie-sciezki-w-ogrodzie\/#article\",\"isPartOf\":{\"@id\":\"https:\/\/www.ledstyl.pl\/strefa-swiatla\/oswietlenie-sciezki-w-ogrodzie\/#webpage\"},\"author\":{\"@id\":\"https:\/\/www.ledstyl.pl\/strefa-swiatla\/#\/schema\/person\/24db998bba2f9b47fe0d08101257c2ce\"},\"headline\":\"O\\u015bwietlenie \\u015bcie\\u017cki w ogrodzie\",\"datePublished\":\"2022-04-26T00:14:00+00:00\",\"dateModified\":\"2024-06-28T21:58:10+00:00\",\"mainEntityOfPage\":{\"@id\":\"https:\/\/www.ledstyl.pl\/strefa-swiatla\/oswietlenie-sciezki-w-ogrodzie\/#webpage\"},\"wordCount\":1118,\"commentCount\":0,\"publisher\":{\"@id\":\"https:\/\/www.ledstyl.pl\/strefa-swiatla\/#organization\"},\"image\":{\"@id\":\"https:\/\/www.ledstyl.pl\/strefa-swiatla\/oswietlenie-sciezki-w-ogrodzie\/#primaryimage\"},\"thumbnailUrl\":\"https:\/\/www.ledstyl.pl\/strefa-swiatla\/wp-content\/uploads\/2022\/04\/oswietlenie-sciezki-w-ogrodzie.jpg\",\"articleSection\":[\"Ogr\\u00f3d\"],\"inLanguage\":\"pl-PL\",\"potentialAction\":[{\"@type\":\"CommentAction\",\"name\":\"Comment\",\"target\":[\"https:\/\/www.ledstyl.pl\/strefa-swiatla\/oswietlenie-sciezki-w-ogrodzie\/#respond\"]}]},{\"@type\":\"Person\",\"@id\":\"https:\/\/www.ledstyl.pl\/strefa-swiatla\/#\/schema\/person\/24db998bba2f9b47fe0d08101257c2ce\",\"name\":\"Adam Doma\\u0144ski\",\"image\":{\"@type\":\"ImageObject\",\"@id\":\"https:\/\/www.ledstyl.pl\/strefa-swiatla\/#personlogo\",\"inLanguage\":\"pl-PL\",\"url\":\"https:\/\/secure.gravatar.com\/avatar\/391a241373e59dc1426e927c19384e8fcbeb32e3ba2277184170aa780b80359e?s=96&d=mm&r=g\",\"contentUrl\":\"https:\/\/secure.gravatar.com\/avatar\/391a241373e59dc1426e927c19384e8fcbeb32e3ba2277184170aa780b80359e?s=96&d=mm&r=g\",\"caption\":\"Adam Doma\\u0144ski\"},\"sameAs\":[\"https:\/\/www.ledstyl.pl\/strefa-swiatla\"],\"url\":\"https:\/\/www.ledstyl.pl\/strefa-swiatla\/author\/projektleds\/\"}]}<\/script>\r\n<!-- \/ Yoast SEO plugin. -->","yoast_head_json":{"title":"O\u015bwietlenie \u015bcie\u017cki w ogrodzie pomys\u0142y i inspiracje - LEDstyl.pl","description":"O\u015bwietlenie \u015bcie\u017cki ogrodowej pozwoli zbudowa\u0107 wyj\u0105tkow\u0105 atmosfer\u0119 w Twoim ogrodzie. Wybierz nowoczesne lampy do o\u015bwietlenia \u015bcie\u017cki.","robots":{"index":"index","follow":"follow","max-snippet":"max-snippet:-1","max-image-preview":"max-image-preview:large","max-video-preview":"max-video-preview:-1"},"canonical":"https:\/\/www.ledstyl.pl\/strefa-swiatla\/oswietlenie-sciezki-w-ogrodzie\/","og_locale":"pl_PL","og_type":"article","og_title":"O\u015bwietlenie \u015bcie\u017cki w ogrodzie pomys\u0142y i inspiracje - LEDstyl.pl","og_description":"O\u015bwietlenie \u015bcie\u017cki ogrodowej pozwoli zbudowa\u0107 wyj\u0105tkow\u0105 atmosfer\u0119 w Twoim ogrodzie. Wybierz nowoczesne lampy do o\u015bwietlenia \u015bcie\u017cki.","og_url":"https:\/\/www.ledstyl.pl\/strefa-swiatla\/oswietlenie-sciezki-w-ogrodzie\/","og_site_name":"Strefa \u015awiat\u0142a LEDstyl","article_published_time":"2022-04-26T00:14:00+00:00","article_modified_time":"2024-06-28T21:58:10+00:00","og_image":[{"width":725,"height":483,"url":"https:\/\/www.ledstyl.pl\/strefa-swiatla\/wp-content\/uploads\/2022\/04\/oswietlenie-sciezki-w-ogrodzie.jpg","type":"image\/jpeg"}],"twitter_card":"summary_large_image","twitter_misc":{"Napisane przez":"Adam Doma\u0144ski","Szacowany czas czytania":"10 minut"},"schema":{"@context":"https:\/\/schema.org","@graph":[{"@type":"Organization","@id":"https:\/\/www.ledstyl.pl\/strefa-swiatla\/#organization","name":"Strefa \u015awiat\u0142a LEDstyl.pl","url":"https:\/\/www.ledstyl.pl\/strefa-swiatla\/","sameAs":[],"logo":{"@type":"ImageObject","@id":"https:\/\/www.ledstyl.pl\/strefa-swiatla\/#logo","inLanguage":"pl-PL","url":"https:\/\/www.ledstyl.pl\/strefa-swiatla\/wp-content\/uploads\/2021\/12\/strefa-swiatla-ledstyl.png","contentUrl":"https:\/\/www.ledstyl.pl\/strefa-swiatla\/wp-content\/uploads\/2021\/12\/strefa-swiatla-ledstyl.png","width":1999,"height":1041,"caption":"Strefa \u015awiat\u0142a LEDstyl.pl"},"image":{"@id":"https:\/\/www.ledstyl.pl\/strefa-swiatla\/#logo"}},{"@type":"WebSite","@id":"https:\/\/www.ledstyl.pl\/strefa-swiatla\/#website","url":"https:\/\/www.ledstyl.pl\/strefa-swiatla\/","name":"Strefa \u015awiat\u0142a LEDstyl","description":"","publisher":{"@id":"https:\/\/www.ledstyl.pl\/strefa-swiatla\/#organization"},"potentialAction":[{"@type":"SearchAction","target":{"@type":"EntryPoint","urlTemplate":"https:\/\/www.ledstyl.pl\/strefa-swiatla\/?s={search_term_string}"},"query-input":"required name=search_term_string"}],"inLanguage":"pl-PL"},{"@type":"ImageObject","@id":"https:\/\/www.ledstyl.pl\/strefa-swiatla\/oswietlenie-sciezki-w-ogrodzie\/#primaryimage","inLanguage":"pl-PL","url":"https:\/\/www.ledstyl.pl\/strefa-swiatla\/wp-content\/uploads\/2022\/04\/oswietlenie-sciezki-w-ogrodzie.jpg","contentUrl":"https:\/\/www.ledstyl.pl\/strefa-swiatla\/wp-content\/uploads\/2022\/04\/oswietlenie-sciezki-w-ogrodzie.jpg","width":725,"height":483,"caption":"O\u015bwietlenie \u015bcie\u017cki w ogrodzie"},{"@type":"WebPage","@id":"https:\/\/www.ledstyl.pl\/strefa-swiatla\/oswietlenie-sciezki-w-ogrodzie\/#webpage","url":"https:\/\/www.ledstyl.pl\/strefa-swiatla\/oswietlenie-sciezki-w-ogrodzie\/","name":"O\u015bwietlenie \u015bcie\u017cki w ogrodzie pomys\u0142y i inspiracje - LEDstyl.pl","isPartOf":{"@id":"https:\/\/www.ledstyl.pl\/strefa-swiatla\/#website"},"primaryImageOfPage":{"@id":"https:\/\/www.ledstyl.pl\/strefa-swiatla\/oswietlenie-sciezki-w-ogrodzie\/#primaryimage"},"datePublished":"2022-04-26T00:14:00+00:00","dateModified":"2024-06-28T21:58:10+00:00","description":"O\u015bwietlenie \u015bcie\u017cki ogrodowej pozwoli zbudowa\u0107 wyj\u0105tkow\u0105 atmosfer\u0119 w Twoim ogrodzie. Wybierz nowoczesne lampy do o\u015bwietlenia \u015bcie\u017cki.","breadcrumb":{"@id":"https:\/\/www.ledstyl.pl\/strefa-swiatla\/oswietlenie-sciezki-w-ogrodzie\/#breadcrumb"},"inLanguage":"pl-PL","potentialAction":[{"@type":"ReadAction","target":["https:\/\/www.ledstyl.pl\/strefa-swiatla\/oswietlenie-sciezki-w-ogrodzie\/"]}]},{"@type":"BreadcrumbList","@id":"https:\/\/www.ledstyl.pl\/strefa-swiatla\/oswietlenie-sciezki-w-ogrodzie\/#breadcrumb","itemListElement":[{"@type":"ListItem","position":1,"name":"Strona g\u0142\u00f3wna","item":"https:\/\/www.ledstyl.pl\/strefa-swiatla\/"},{"@type":"ListItem","position":2,"name":"O\u015bwietlenie \u015bcie\u017cki w ogrodzie"}]},{"@type":"Article","@id":"https:\/\/www.ledstyl.pl\/strefa-swiatla\/oswietlenie-sciezki-w-ogrodzie\/#article","isPartOf":{"@id":"https:\/\/www.ledstyl.pl\/strefa-swiatla\/oswietlenie-sciezki-w-ogrodzie\/#webpage"},"author":{"@id":"https:\/\/www.ledstyl.pl\/strefa-swiatla\/#\/schema\/person\/24db998bba2f9b47fe0d08101257c2ce"},"headline":"O\u015bwietlenie \u015bcie\u017cki w ogrodzie","datePublished":"2022-04-26T00:14:00+00:00","dateModified":"2024-06-28T21:58:10+00:00","mainEntityOfPage":{"@id":"https:\/\/www.ledstyl.pl\/strefa-swiatla\/oswietlenie-sciezki-w-ogrodzie\/#webpage"},"wordCount":1118,"commentCount":0,"publisher":{"@id":"https:\/\/www.ledstyl.pl\/strefa-swiatla\/#organization"},"image":{"@id":"https:\/\/www.ledstyl.pl\/strefa-swiatla\/oswietlenie-sciezki-w-ogrodzie\/#primaryimage"},"thumbnailUrl":"https:\/\/www.ledstyl.pl\/strefa-swiatla\/wp-content\/uploads\/2022\/04\/oswietlenie-sciezki-w-ogrodzie.jpg","articleSection":["Ogr\u00f3d"],"inLanguage":"pl-PL","potentialAction":[{"@type":"CommentAction","name":"Comment","target":["https:\/\/www.ledstyl.pl\/strefa-swiatla\/oswietlenie-sciezki-w-ogrodzie\/#respond"]}]},{"@type":"Person","@id":"https:\/\/www.ledstyl.pl\/strefa-swiatla\/#\/schema\/person\/24db998bba2f9b47fe0d08101257c2ce","name":"Adam Doma\u0144ski","image":{"@type":"ImageObject","@id":"https:\/\/www.ledstyl.pl\/strefa-swiatla\/#personlogo","inLanguage":"pl-PL","url":"https:\/\/secure.gravatar.com\/avatar\/391a241373e59dc1426e927c19384e8fcbeb32e3ba2277184170aa780b80359e?s=96&d=mm&r=g","contentUrl":"https:\/\/secure.gravatar.com\/avatar\/391a241373e59dc1426e927c19384e8fcbeb32e3ba2277184170aa780b80359e?s=96&d=mm&r=g","caption":"Adam Doma\u0144ski"},"sameAs":["https:\/\/www.ledstyl.pl\/strefa-swiatla"],"url":"https:\/\/www.ledstyl.pl\/strefa-swiatla\/author\/projektleds\/"}]}},"_links":{"self":[{"href":"https:\/\/www.ledstyl.pl\/strefa-swiatla\/wp-json\/wp\/v2\/posts\/784","targetHints":{"allow":["GET"]}}],"collection":[{"href":"https:\/\/www.ledstyl.pl\/strefa-swiatla\/wp-json\/wp\/v2\/posts"}],"about":[{"href":"https:\/\/www.ledstyl.pl\/strefa-swiatla\/wp-json\/wp\/v2\/types\/post"}],"author":[{"embeddable":true,"href":"https:\/\/www.ledstyl.pl\/strefa-swiatla\/wp-json\/wp\/v2\/users\/1"}],"replies":[{"embeddable":true,"href":"https:\/\/www.ledstyl.pl\/strefa-swiatla\/wp-json\/wp\/v2\/comments?post=784"}],"version-history":[{"count":5,"href":"https:\/\/www.ledstyl.pl\/strefa-swiatla\/wp-json\/wp\/v2\/posts\/784\/revisions"}],"predecessor-version":[{"id":1310,"href":"https:\/\/www.ledstyl.pl\/strefa-swiatla\/wp-json\/wp\/v2\/posts\/784\/revisions\/1310"}],"wp:featuredmedia":[{"embeddable":true,"href":"https:\/\/www.ledstyl.pl\/strefa-swiatla\/wp-json\/wp\/v2\/media\/785"}],"wp:attachment":[{"href":"https:\/\/www.ledstyl.pl\/strefa-swiatla\/wp-json\/wp\/v2\/media?parent=784"}],"wp:term":[{"taxonomy":"category","embeddable":true,"href":"https:\/\/www.ledstyl.pl\/strefa-swiatla\/wp-json\/wp\/v2\/categories?post=784"},{"taxonomy":"post_tag","embeddable":true,"href":"https:\/\/www.ledstyl.pl\/strefa-swiatla\/wp-json\/wp\/v2\/tags?post=784"}],"curies":[{"name":"wp","href":"https:\/\/api.w.org\/{rel}","templated":true}]}}