{"id":874,"date":"2022-07-01T11:56:10","date_gmt":"2022-07-01T09:56:10","guid":{"rendered":"https:\/\/www.ledstyl.pl\/strefa-swiatla\/?p=874"},"modified":"2024-06-28T21:14:40","modified_gmt":"2024-06-28T19:14:40","slug":"oswietlenie-na-balkon","status":"publish","type":"post","link":"https:\/\/www.ledstyl.pl\/strefa-swiatla\/oswietlenie-na-balkon\/","title":{"rendered":"O\u015bwietlenie na balkon"},"content":{"rendered":"<p>Balkon to z regu\u0142y zwyk\u0142y element architektury i wyko\u0144czenia budynku, kt\u00f3ry jednak dla wielu z nas jest istotnym miejscem naszego domu. Zw\u0142aszcza dla tych nieposiadaj\u0105cych ogr\u00f3dka, czy dzia\u0142ki, staje si\u0119 swoistym miejscem wypoczynku oraz relaksu i zdecydowanie nie kojarzy si\u0119 tylko z wieszaniem prania. Aran\u017cacja balkonu, dob\u00f3r mebli, kwiat\u00f3w i dodatk\u00f3w, daje niesamowite efekty, a za podkre\u015blenie ca\u0142ego uroku niezaprzeczalnie odpowiada w\u0142a\u015bciwie dobrane <strong>o\u015bwietlenie na balkon<\/strong>. <strong>Jak o\u015bwietli\u0107 balkon, \u017ceby by\u0142 praktyczny i funkcjonalny, a tak\u017ce pe\u0142ni\u0142 tutaj tak wa\u017cn\u0105 funkcj\u0119 estetyczn\u0105 i dekoracyjn\u0105?<\/strong> Wybieraj\u0105c odpowiednie lampy na balkon, zapewnimy wyj\u0105tkow\u0105 atmosfer\u0119, jednocze\u015bnie podkre\u015blaj\u0105c styl wyko\u0144czenia naszego domu.<\/p>\n<p><img loading=\"lazy\" decoding=\"async\" class=\"wp-image-875 size-full aligncenter\" src=\"https:\/\/www.ledstyl.pl\/strefa-swiatla\/wp-content\/uploads\/2022\/07\/lampy-na-balkon.jpg\" alt=\"Lampy na balkon\" width=\"725\" height=\"483\" srcset=\"https:\/\/www.ledstyl.pl\/strefa-swiatla\/wp-content\/uploads\/2022\/07\/lampy-na-balkon.jpg 725w, https:\/\/www.ledstyl.pl\/strefa-swiatla\/wp-content\/uploads\/2022\/07\/lampy-na-balkon-300x200.jpg 300w\" sizes=\"auto, (max-width: 725px) 100vw, 725px\" \/><\/p>\n<div id=\"toc_container\" class=\"toc_white no_bullets\"><p class=\"toc_title\">Spis tre\u015bci<\/p><ul class=\"toc_list\"><li><a href=\"#Lampy_na_balkon\"><span class=\"toc_number toc_depth_1\">1<\/span> Lampy na balkon<\/a><\/li><li><a href=\"#Oswietlenie_balkonu_w_bloku\"><span class=\"toc_number toc_depth_1\">2<\/span> O\u015bwietlenie balkonu w bloku<\/a><\/li><li><a href=\"#Lampa_solarna_na_balkon\"><span class=\"toc_number toc_depth_1\">3<\/span> Lampa solarna na balkon<\/a><ul><li><a href=\"#Oswietlenie_solarne_na_balkon\"><span class=\"toc_number toc_depth_2\">3.1<\/span> O\u015bwietlenie solarne na balkon<\/a><\/li><li><a href=\"#Oswietlenie_balkonu_bez_pradu\"><span class=\"toc_number toc_depth_2\">3.2<\/span> O\u015bwietlenie balkonu bez pr\u0105du<\/a><\/li><\/ul><\/li><li><a href=\"#Oswietlenie_swiateczne_na_balkon\"><span class=\"toc_number toc_depth_1\">4<\/span> O\u015bwietlenie \u015bwi\u0105teczne na balkon<\/a><\/li><li><a href=\"#Oswietlenie_LED_na_balkon\"><span class=\"toc_number toc_depth_1\">5<\/span> O\u015bwietlenie LED na balkon<\/a><\/li><li><a href=\"#Lampa_LED_na_balkon\"><span class=\"toc_number toc_depth_1\">6<\/span> Lampa LED na balkon<\/a><\/li><li><a href=\"#Pomysl_na_oswietlenie_balkonu\"><span class=\"toc_number toc_depth_1\">7<\/span> Pomys\u0142 na o\u015bwietlenie balkonu<\/a><\/li><li><a href=\"#Jak_oswietlic_balkon\"><span class=\"toc_number toc_depth_1\">8<\/span> Jak o\u015bwietli\u0107 balkon?<\/a><\/li><\/ul><\/div>\n<h2><span id=\"Lampy_na_balkon\">Lampy na balkon<\/span><\/h2>\n<p>Wyb\u00f3r kompletnego o\u015bwietlenia na balkon w du\u017cej mierze jest zale\u017cny od jego powierzchni. <strong>Lampy balkonowe<\/strong> mo\u017cemy wybiera\u0107 obecnie w\u015br\u00f3d wielu r\u00f3\u017cnych modeli. Producenci oferuj\u0105 nam dzi\u015b lampy na balkon wisz\u0105ce, stoj\u0105ce, \u015bcienne czy girlandy. Lampy wisz\u0105ce na balkon sprawdz\u0105 si\u0119 nam wy\u0142\u0105cznie, wtedy kiedy jest on zadaszony. Pozwol\u0105 nam dobrze o\u015bwietli\u0107 powierzchni\u0119 nie tylko samego balkonu, ale tak\u017ce tarasu. Na du\u017cy balkon cz\u0119sto wybierane s\u0105 lampy stoj\u0105ce oraz kule \u015bwietlne. Lampy stoj\u0105ce na balkon montuje si\u0119 bezpo\u015brednio do pod\u0142o\u017ca, a ich monta\u017c zazwyczaj jest szybki i bezproblemowy. Wybieraj\u0105c natomiast kule \u015bwietlne, decydujemy si\u0119 na efektowne o\u015bwietlenie dekoracyjne i niepowtarzalny design. \u015awiec\u0105 one ca\u0142\u0105 swoj\u0105 powierzchni\u0105, b\u0119d\u0105c niezwyk\u0142\u0105 ozdob\u0105 sam\u0105 w sobie.<\/p>\n<table style=\"width: 100%; height: 124px; border: none;\">\n<tbody>\n<tr style=\"height: 42px;\">\n<td style=\"width: 33.3333%; height: 42px;\"><a href=\"https:\/\/www.ledstyl.pl\/kinkiet-zewnetrzny-czarny-cat-339\"><img loading=\"lazy\" decoding=\"async\" class=\"size-medium wp-image-291 aligncenter\" src=\"https:\/\/www.ledstyl.pl\/dane\/source\/c\/c0d.kinkiet-elewacyjny-denver-1xe27-okragly-czarny.jpg\" alt=\"Kinkiet zewn\u0119trzny czarny\" width=\"298\" height=\"300\" \/><\/a><\/td>\n<td style=\"width: 33.3333%; height: 42px;\"><a href=\"https:\/\/www.ledstyl.pl\/kinkiet-zewnetrzny-bialy-cat-340\"><img loading=\"lazy\" decoding=\"async\" class=\"size-medium wp-image-292 aligncenter\" src=\"https:\/\/www.ledstyl.pl\/dane\/source\/4\/47a41a63dcb6409faf2d124e80e3cdfd.jpg\" alt=\"Kinkiet zewn\u0119trzny bia\u0142y\" width=\"298\" height=\"300\" \/><\/a><\/td>\n<td style=\"width: 33.3333%; height: 42px;\"><a href=\"https:\/\/www.ledstyl.pl\/kinkiet-zewnetrzny-szary-cat-341\"><img loading=\"lazy\" decoding=\"async\" class=\"size-medium wp-image-293 aligncenter\" src=\"https:\/\/www.ledstyl.pl\/dane\/source\/1\/104881f709374cc182c470c494547684.jpg\" alt=\"Kinkiet zewn\u0119trzny szary\" width=\"298\" height=\"300\" \/><\/a><\/td>\n<\/tr>\n<tr style=\"height: 62px;\">\n<td style=\"width: 33.3333%; height: 62px; text-align: center;\"><span style=\"font-size: 12pt;\"><a href=\"https:\/\/www.ledstyl.pl\/kinkiet-zewnetrzny-czarny-cat-339\"><div class=\"su-animate\" style=\"opacity:0;-webkit-animation-duration:1s;-webkit-animation-delay:0s;animation-duration:1s;animation-delay:0s;\" data-animation=\"bounceIn\" data-duration=\"1\" data-delay=\"0\"><strong>Kinkiet zewn\u0119trzny czarny<\/strong><\/div><\/a><\/span><\/td>\n<td style=\"width: 33.3333%; height: 62px; text-align: center;\"><span style=\"font-size: 12pt;\"><a href=\"https:\/\/www.ledstyl.pl\/kinkiet-zewnetrzny-bialy-cat-340\"><div class=\"su-animate\" style=\"opacity:0;-webkit-animation-duration:1s;-webkit-animation-delay:0s;animation-duration:1s;animation-delay:0s;\" data-animation=\"bounceIn\" data-duration=\"1\" data-delay=\"0\"><strong>Kinkiet zewn\u0119trzny bia\u0142y<\/strong><\/div><\/a><\/span><\/td>\n<td style=\"width: 33.3333%; height: 62px; text-align: center;\"><span style=\"font-size: 12pt;\"><a href=\"https:\/\/www.ledstyl.pl\/kinkiet-zewnetrzny-szary-cat-341\"><div class=\"su-animate\" style=\"opacity:0;-webkit-animation-duration:1s;-webkit-animation-delay:0s;animation-duration:1s;animation-delay:0s;\" data-animation=\"bounceIn\" data-duration=\"1\" data-delay=\"0\"><b>Kinkiet zewn\u0119trzny szary<\/b><\/div><\/a><\/span><\/td>\n<\/tr>\n<tr style=\"height: 54px;\">\n<td style=\"width: 33.3333%; height: 18px;\"><div class=\"su-button-center\"><a href=\"https:\/\/www.ledstyl.pl\/kinkiet-zewnetrzny-czarny-cat-339\" class=\"su-button su-button-style-3d\" style=\"color:#ffffff;background-color:#ef2d36;border-color:#c0242c;border-radius:50px;-moz-border-radius:50px;-webkit-border-radius:50px\" target=\"_self\" rel=\"nofollow\"><span style=\"color:#ffffff;padding:0px 24px;font-size:18px;line-height:36px;border-color:#f46c73;border-radius:50px;-moz-border-radius:50px;-webkit-border-radius:50px;text-shadow:none;-moz-text-shadow:none;-webkit-text-shadow:none\"> <b>Zobacz wi\u0119cej<\/b><\/span><\/a><\/div><\/td>\n<td style=\"width: 33.3333%; height: 18px;\"><div class=\"su-button-center\"><a href=\"https:\/\/www.ledstyl.pl\/kinkiet-zewnetrzny-bialy-cat-340\" class=\"su-button su-button-style-3d\" style=\"color:#ffffff;background-color:#ef2d36;border-color:#c0242c;border-radius:50px;-moz-border-radius:50px;-webkit-border-radius:50px\" target=\"_self\" rel=\"nofollow\"><span style=\"color:#ffffff;padding:0px 24px;font-size:18px;line-height:36px;border-color:#f46c73;border-radius:50px;-moz-border-radius:50px;-webkit-border-radius:50px;text-shadow:none;-moz-text-shadow:none;-webkit-text-shadow:none\"> <b>Zobacz wi\u0119cej<\/b><\/span><\/a><\/div><\/td>\n<td style=\"width: 33.3333%; height: 18px;\">\n<p style=\"text-align: center;\"><div class=\"su-button-center\"><a href=\"https:\/\/www.ledstyl.pl\/kinkiet-zewnetrzny-szary-cat-341\" class=\"su-button su-button-style-3d\" style=\"color:#ffffff;background-color:#ef2d36;border-color:#c0242c;border-radius:50px;-moz-border-radius:50px;-webkit-border-radius:50px\" target=\"_self\" rel=\"nofollow\"><span style=\"color:#ffffff;padding:0px 24px;font-size:18px;line-height:36px;border-color:#f46c73;border-radius:50px;-moz-border-radius:50px;-webkit-border-radius:50px;text-shadow:none;-moz-text-shadow:none;-webkit-text-shadow:none\"> <b>Zobacz wi\u0119cej<\/b><\/span><\/a><\/div>\n<\/td>\n<\/tr>\n<\/tbody>\n<\/table>\n<h2><span id=\"Oswietlenie_balkonu_w_bloku\">O\u015bwietlenie balkonu w bloku<\/span><\/h2>\n<p>Maj\u0105c do czynienia z balkonem w bloku, musimy pami\u0119ta\u0107 o tym, \u017ceby jego o\u015bwietlenie nie przeszkadza\u0142o naszym s\u0105siadom. <strong>O\u015bwietlenie balkonu w bloku<\/strong> powinno by\u0107 subtelne i jednocze\u015bnie wystarczaj\u0105ce dla naszych potrzeb. \u015awietnym wyborem do tego typu instalacji jest kinkiet zewn\u0119trzny, kt\u00f3ry montowany jest bezpo\u015brednio na \u015bcianie, daj\u0105cy umiarkowan\u0105 ilo\u015b\u0107 \u015bwiat\u0142a. Niezale\u017cnie od stylu, w jakim urz\u0105dzony jest nasz balkon, nie powinni\u015bmy mie\u0107 trudno\u015bci z dobraniem odpowiedniego modelu dla naszej aran\u017cacji. Na balkonie w stylu industrialnym, z du\u017c\u0105 doz\u0105 minimalizmu \u015bwietnie sprawdzi si\u0119 <a href=\"https:\/\/www.ledstyl.pl\/kinkiet-zewnetrzny-nowoczesny-cat-325\">kinkiet zewn\u0119trzny nowoczesny<\/a>, kt\u00f3ry przede wszystkim cechuje prostota. Natomiast je\u015bli mamy do czynienia z eleganckim balkonem, bogatym w kwiaty oraz wyposa\u017conym w stylowe meble idealnym wyborem b\u0119dzie <a href=\"https:\/\/www.ledstyl.pl\/kinkiet-zewnetrzny-retro-cat-326\">kinkiet zewn\u0119trzny Retro<\/a>.<\/p>\n<table style=\"width: 100%; height: 124px; border: none;\">\n<tbody>\n<tr style=\"height: 42px;\">\n<td style=\"width: 33.3333%; height: 42px;\"><a href=\"https:\/\/www.ledstyl.pl\/kinkiety-ogrodowe-nowoczesne-cat-335\"><img loading=\"lazy\" decoding=\"async\" class=\"size-medium wp-image-291 aligncenter\" src=\"https:\/\/www.ledstyl.pl\/dane\/source\/0\/0850e81f633c43bdaeeaf9b6dd76d155.jpg\" alt=\"Kinkiety ogrodowe nowoczesne\" width=\"298\" height=\"300\" \/><\/a><\/td>\n<td style=\"width: 33.3333%; height: 42px;\"><a href=\"https:\/\/www.ledstyl.pl\/kinkiety-ogrodowe-retro-cat-336\"><img loading=\"lazy\" decoding=\"async\" class=\"size-medium wp-image-292 aligncenter\" src=\"https:\/\/www.ledstyl.pl\/dane\/source\/4\/44172a4607bd4dc3937118d32be0314a.jpg\" alt=\"Kinkiety ogrodowe Retro\" width=\"298\" height=\"300\" \/><\/a><\/td>\n<td style=\"width: 33.3333%; height: 42px;\"><a href=\"https:\/\/www.ledstyl.pl\/kinkiety-ogrodowe-z-czujnikiem-cat-337\"><img loading=\"lazy\" decoding=\"async\" class=\"size-medium wp-image-293 aligncenter\" src=\"https:\/\/www.ledstyl.pl\/dane\/source\/8\/802c608c52794b2bbee2739482e978f8.jpg\" alt=\"Kinkiety ogrodowe z czujnikiem\" width=\"298\" height=\"300\" \/><\/a><\/td>\n<\/tr>\n<tr style=\"height: 62px;\">\n<td style=\"width: 33.3333%; height: 62px; text-align: center;\"><span style=\"font-size: 12pt;\"><a href=\"https:\/\/www.ledstyl.pl\/kinkiety-ogrodowe-nowoczesne-cat-335\"><div class=\"su-animate\" style=\"opacity:0;-webkit-animation-duration:1s;-webkit-animation-delay:0s;animation-duration:1s;animation-delay:0s;\" data-animation=\"bounceIn\" data-duration=\"1\" data-delay=\"0\"><strong>Kinkiety ogrodowe nowoczesne<\/strong><\/div><\/a><\/span><\/td>\n<td style=\"width: 33.3333%; height: 62px; text-align: center;\"><span style=\"font-size: 12pt;\"><a href=\"https:\/\/www.ledstyl.pl\/kinkiety-ogrodowe-retro-cat-336\"><div class=\"su-animate\" style=\"opacity:0;-webkit-animation-duration:1s;-webkit-animation-delay:0s;animation-duration:1s;animation-delay:0s;\" data-animation=\"bounceIn\" data-duration=\"1\" data-delay=\"0\"><strong>Kinkiety ogrodowe Retro<\/strong><\/div><\/a><\/span><\/td>\n<td style=\"width: 33.3333%; height: 62px; text-align: center;\"><span style=\"font-size: 12pt;\"><a href=\"https:\/\/www.ledstyl.pl\/kinkiety-ogrodowe-z-czujnikiem-cat-337\"><div class=\"su-animate\" style=\"opacity:0;-webkit-animation-duration:1s;-webkit-animation-delay:0s;animation-duration:1s;animation-delay:0s;\" data-animation=\"bounceIn\" data-duration=\"1\" data-delay=\"0\"><b>Kinkiety ogrodowe z czujnikiem<\/b><\/div><\/a><\/span><\/td>\n<\/tr>\n<tr style=\"height: 54px;\">\n<td style=\"width: 33.3333%; height: 18px;\"><div class=\"su-button-center\"><a href=\"https:\/\/www.ledstyl.pl\/kinkiety-ogrodowe-nowoczesne-cat-335\" class=\"su-button su-button-style-3d\" style=\"color:#ffffff;background-color:#ef2d36;border-color:#c0242c;border-radius:50px;-moz-border-radius:50px;-webkit-border-radius:50px\" target=\"_self\" rel=\"nofollow\"><span style=\"color:#ffffff;padding:0px 24px;font-size:18px;line-height:36px;border-color:#f46c73;border-radius:50px;-moz-border-radius:50px;-webkit-border-radius:50px;text-shadow:none;-moz-text-shadow:none;-webkit-text-shadow:none\"> <b>Zobacz wi\u0119cej<\/b><\/span><\/a><\/div><\/td>\n<td style=\"width: 33.3333%; height: 18px;\"><div class=\"su-button-center\"><a href=\"https:\/\/www.ledstyl.pl\/kinkiety-ogrodowe-retro-cat-336\" class=\"su-button su-button-style-3d\" style=\"color:#ffffff;background-color:#ef2d36;border-color:#c0242c;border-radius:50px;-moz-border-radius:50px;-webkit-border-radius:50px\" target=\"_self\" rel=\"nofollow\"><span style=\"color:#ffffff;padding:0px 24px;font-size:18px;line-height:36px;border-color:#f46c73;border-radius:50px;-moz-border-radius:50px;-webkit-border-radius:50px;text-shadow:none;-moz-text-shadow:none;-webkit-text-shadow:none\"> <b>Zobacz wi\u0119cej<\/b><\/span><\/a><\/div><\/td>\n<td style=\"width: 33.3333%; height: 18px;\">\n<p style=\"text-align: center;\"><div class=\"su-button-center\"><a href=\"https:\/\/www.ledstyl.pl\/kinkiety-ogrodowe-z-czujnikiem-cat-337\" class=\"su-button su-button-style-3d\" style=\"color:#ffffff;background-color:#ef2d36;border-color:#c0242c;border-radius:50px;-moz-border-radius:50px;-webkit-border-radius:50px\" target=\"_self\" rel=\"nofollow\"><span style=\"color:#ffffff;padding:0px 24px;font-size:18px;line-height:36px;border-color:#f46c73;border-radius:50px;-moz-border-radius:50px;-webkit-border-radius:50px;text-shadow:none;-moz-text-shadow:none;-webkit-text-shadow:none\"> <b>Zobacz wi\u0119cej<\/b><\/span><\/a><\/div>\n<\/td>\n<\/tr>\n<\/tbody>\n<\/table>\n<h2><span id=\"Lampa_solarna_na_balkon\">Lampa solarna na balkon<\/span><\/h2>\n<p><strong>O\u015bwietlenie solarne na balkon<\/strong> jest najbardziej ekonomiczn\u0105 I naturaln\u0105 form\u0105 o\u015bwietlenia. Ca\u0142o\u015b\u0107 swojej energii do pracy pozyskuje z promieni s\u0142onecznych, dzi\u0119ki czemu jest niezwykle przyjazne dla \u015brodowiska i nie generuje \u017cadnych strat energii elektrycznej. Jest to ogromna zaleta, kt\u00f3ra niesie ze sob\u0105 ogromn\u0105 korzy\u015b\u0107, jak\u0105 jest ca\u0142kowicie darmowa eksploatacja naszego o\u015bwietlenia. Faktem jest, \u017ce jest nieco dro\u017csza od innych rodzaj\u00f3w lamp, jednak\u017ce wydatek ten bardzo szybko si\u0119 zwraca. <strong>Lampa solarna na balkon<\/strong> wyst\u0119puje we wszystkich rodzajach wspomnianych wcze\u015bniej lamp. Bez problemu dopasujemy j\u0105 do ka\u017cdej aran\u017cacji naszego balkonu, a <a href=\"https:\/\/www.ledstyl.pl\/kinkiet-zewnetrzny-solarny-cat-328\">kinkiet zewn\u0119trzny solarny<\/a> podkre\u015bli jego styl w najbardziej ekonomiczny spos\u00f3b.<\/p>\n<table style=\"width: 100%; height: 124px; border: none;\">\n<tbody>\n<tr style=\"height: 42px;\">\n<td style=\"width: 33.3333%; height: 42px;\"><a href=\"https:\/\/www.ledstyl.pl\/kinkiety-solarne-ogrodowe-cat-338\"><img loading=\"lazy\" decoding=\"async\" class=\"size-medium wp-image-291 aligncenter\" src=\"https:\/\/www.ledstyl.pl\/dane\/source\/k\/khk.lampa-elewacyjna-solarna-mino.jpg\" alt=\"Kinkiety solarne ogrodowe\" width=\"298\" height=\"300\" \/><\/a><\/td>\n<td style=\"width: 33.3333%; height: 42px;\"><a href=\"https:\/\/www.ledstyl.pl\/lampa-elewacyjna-solarna-cat-334\"><img loading=\"lazy\" decoding=\"async\" class=\"size-medium wp-image-292 aligncenter\" src=\"https:\/\/www.ledstyl.pl\/dane\/source\/e\/egt.solarna-oprawa-elewacyjna-led.jpg\" alt=\"Lampa elewacyjna solarna\" width=\"298\" height=\"300\" \/><\/a><\/td>\n<td style=\"width: 33.3333%; height: 42px;\"><a href=\"https:\/\/www.ledstyl.pl\/halogen-solarny-cat-217\"><img loading=\"lazy\" decoding=\"async\" class=\"size-medium wp-image-293 aligncenter\" src=\"https:\/\/www.ledstyl.pl\/dane\/source\/q\/qiv.naswietlacz-led-solarny-z-pilotem.jpg\" alt=\"Halogen solarny\" width=\"298\" height=\"300\" \/><\/a><\/td>\n<\/tr>\n<tr style=\"height: 62px;\">\n<td style=\"width: 33.3333%; height: 62px; text-align: center;\"><span style=\"font-size: 12pt;\"><a href=\"https:\/\/www.ledstyl.pl\/kinkiety-solarne-ogrodowe-cat-338\"><div class=\"su-animate\" style=\"opacity:0;-webkit-animation-duration:1s;-webkit-animation-delay:0s;animation-duration:1s;animation-delay:0s;\" data-animation=\"bounceIn\" data-duration=\"1\" data-delay=\"0\"><strong>Kinkiety solarne ogrodowe<\/strong><\/div><\/a><\/span><\/td>\n<td style=\"width: 33.3333%; height: 62px; text-align: center;\"><span style=\"font-size: 12pt;\"><a href=\"https:\/\/www.ledstyl.pl\/lampa-elewacyjna-solarna-cat-334\"><div class=\"su-animate\" style=\"opacity:0;-webkit-animation-duration:1s;-webkit-animation-delay:0s;animation-duration:1s;animation-delay:0s;\" data-animation=\"bounceIn\" data-duration=\"1\" data-delay=\"0\"><strong>Lampa elewacyjna solarna<\/strong><\/div><\/a><\/span><\/td>\n<td style=\"width: 33.3333%; height: 62px; text-align: center;\"><span style=\"font-size: 12pt;\"><a href=\"https:\/\/www.ledstyl.pl\/halogen-solarny-cat-217\"><div class=\"su-animate\" style=\"opacity:0;-webkit-animation-duration:1s;-webkit-animation-delay:0s;animation-duration:1s;animation-delay:0s;\" data-animation=\"bounceIn\" data-duration=\"1\" data-delay=\"0\"><b>Halogen solarny<\/b><\/div><\/a><\/span><\/td>\n<\/tr>\n<tr style=\"height: 54px;\">\n<td style=\"width: 33.3333%; height: 18px;\"><div class=\"su-button-center\"><a href=\"https:\/\/www.ledstyl.pl\/kinkiety-solarne-ogrodowe-cat-338\" class=\"su-button su-button-style-3d\" style=\"color:#ffffff;background-color:#ef2d36;border-color:#c0242c;border-radius:50px;-moz-border-radius:50px;-webkit-border-radius:50px\" target=\"_self\" rel=\"nofollow\"><span style=\"color:#ffffff;padding:0px 24px;font-size:18px;line-height:36px;border-color:#f46c73;border-radius:50px;-moz-border-radius:50px;-webkit-border-radius:50px;text-shadow:none;-moz-text-shadow:none;-webkit-text-shadow:none\"> <b>Zobacz wi\u0119cej<\/b><\/span><\/a><\/div><\/td>\n<td style=\"width: 33.3333%; height: 18px;\"><div class=\"su-button-center\"><a href=\"https:\/\/www.ledstyl.pl\/lampa-elewacyjna-solarna-cat-334\" class=\"su-button su-button-style-3d\" style=\"color:#ffffff;background-color:#ef2d36;border-color:#c0242c;border-radius:50px;-moz-border-radius:50px;-webkit-border-radius:50px\" target=\"_self\" rel=\"nofollow\"><span style=\"color:#ffffff;padding:0px 24px;font-size:18px;line-height:36px;border-color:#f46c73;border-radius:50px;-moz-border-radius:50px;-webkit-border-radius:50px;text-shadow:none;-moz-text-shadow:none;-webkit-text-shadow:none\"> <b>Zobacz wi\u0119cej<\/b><\/span><\/a><\/div><\/td>\n<td style=\"width: 33.3333%; height: 18px;\">\n<p style=\"text-align: center;\"><div class=\"su-button-center\"><a href=\"https:\/\/www.ledstyl.pl\/halogen-solarny-cat-217\" class=\"su-button su-button-style-3d\" style=\"color:#ffffff;background-color:#ef2d36;border-color:#c0242c;border-radius:50px;-moz-border-radius:50px;-webkit-border-radius:50px\" target=\"_self\" rel=\"nofollow\"><span style=\"color:#ffffff;padding:0px 24px;font-size:18px;line-height:36px;border-color:#f46c73;border-radius:50px;-moz-border-radius:50px;-webkit-border-radius:50px;text-shadow:none;-moz-text-shadow:none;-webkit-text-shadow:none\"> <b>Zobacz wi\u0119cej<\/b><\/span><\/a><\/div>\n<\/td>\n<\/tr>\n<\/tbody>\n<\/table>\n<h3><span id=\"Oswietlenie_solarne_na_balkon\">O\u015bwietlenie solarne na balkon<\/span><\/h3>\n<p>Zasada dzia\u0142ania o\u015bwietlenia solarnego nie jest skomplikowana. Mianowicie energia s\u0142oneczna zbierana jest przez ogniwo w ci\u0105gu dnia, a nast\u0119pnie magazynowana w akumulatorze. Jest to tak zwany efekt fotowoltaiczny. Czas i moc \u015bwiecenia takiej lampy zale\u017cy w du\u017cej mierze od pogody, jaka panuje danego dnia. Ogromnym plusem o\u015bwietlenia solarnego jest to, \u017ce nie musimy martwi\u0107 si\u0119 kablami oraz ich pod\u0142\u0105czeniem, poniewa\u017c jest ono po prostu zb\u0119dne. <strong>Lampy solarne na balkonie<\/strong> pe\u0142ni\u0105 r\u00f3wnie\u017c funkcj\u0119 dekoracyjn\u0105. Zale\u017cnie od naszego wyboru pozwol\u0105 nam stworzy\u0107 niepowtarzaln\u0105, zachwycaj\u0105c\u0105 atmosfer\u0105 na naszym balkonie. Decyduj\u0105c si\u0119 na stylowe girlandy ogrodowe, nietypowe figurki, czy przepi\u0119kne lampiony zapewnimy sobie niezwyk\u0142e miejsce na odpoczynek po ci\u0119\u017ckim dniu.<\/p>\n<p><img loading=\"lazy\" decoding=\"async\" class=\"wp-image-876 aligncenter\" src=\"https:\/\/www.ledstyl.pl\/strefa-swiatla\/wp-content\/uploads\/2022\/07\/oswietlenie-solarne-na-balkon-300x175.jpg\" alt=\"O\u015bwietlenie solarne na balkon\" width=\"725\" height=\"424\" srcset=\"https:\/\/www.ledstyl.pl\/strefa-swiatla\/wp-content\/uploads\/2022\/07\/oswietlenie-solarne-na-balkon-300x175.jpg 300w, https:\/\/www.ledstyl.pl\/strefa-swiatla\/wp-content\/uploads\/2022\/07\/oswietlenie-solarne-na-balkon-1024x598.jpg 1024w, https:\/\/www.ledstyl.pl\/strefa-swiatla\/wp-content\/uploads\/2022\/07\/oswietlenie-solarne-na-balkon-768x449.jpg 768w, https:\/\/www.ledstyl.pl\/strefa-swiatla\/wp-content\/uploads\/2022\/07\/oswietlenie-solarne-na-balkon.jpg 1200w\" sizes=\"auto, (max-width: 725px) 100vw, 725px\" \/><\/p>\n<h3><span id=\"Oswietlenie_balkonu_bez_pradu\">O\u015bwietlenie balkonu bez pr\u0105du<\/span><\/h3>\n<p><strong>O\u015bwietlenie balkonu<\/strong> nienara\u017caj\u0105ce nas na straty energii elektrycznej jest coraz cz\u0119\u015bciej stosowanym rozwi\u0105zaniem. Lampy na balkon warto wybiera\u0107 typowo dekoracyjne, ale mo\u017cemy zdecydowa\u0107 si\u0119 r\u00f3wnie\u017c na mocne i jasne o\u015bwietlenie. Najlepszym wyborem wtedy staje si\u0119 <a href=\"https:\/\/www.ledstyl.pl\/halogen-solarny-cat-217\">halogen solarny<\/a>, kt\u00f3ry jest w stanie wygenerowa\u0107 mocny i rozproszony strumie\u0144 \u015bwiat\u0142a. Najcz\u0119\u015bciej wyst\u0119puje on z wbudowanym czujnikiem ruchu b\u0105d\u017a zmierzchu, kt\u00f3ry ca\u0142kowicie automatyzuje prac\u0119 naszego <strong>o\u015bwietlenia na balkonie<\/strong>. Czujniki ruchu dzia\u0142aj\u0105, jak sama nazwa wskazuje, na ka\u017cdy najmniejszy wykryty ruch. Mo\u017cliwe jest to dzi\u0119ki wbudowanemu w lamp\u0119 detektorowi ruchu. Najcz\u0119\u015bciej stosowanym typem jest detektor na podczerwie\u0144. Czujnik zmierzchu natomiast w\u0142\u0105cza si\u0119 automatycznie po zapadni\u0119ciu zmroku.<\/p>\n<p><img loading=\"lazy\" decoding=\"async\" class=\"wp-image-877 aligncenter\" src=\"https:\/\/www.ledstyl.pl\/strefa-swiatla\/wp-content\/uploads\/2022\/07\/lampa-solarna-na-balkon-300x175.jpg\" alt=\"Lampa solarna na balkon\" width=\"725\" height=\"422\" srcset=\"https:\/\/www.ledstyl.pl\/strefa-swiatla\/wp-content\/uploads\/2022\/07\/lampa-solarna-na-balkon-300x175.jpg 300w, https:\/\/www.ledstyl.pl\/strefa-swiatla\/wp-content\/uploads\/2022\/07\/lampa-solarna-na-balkon-1024x596.jpg 1024w, https:\/\/www.ledstyl.pl\/strefa-swiatla\/wp-content\/uploads\/2022\/07\/lampa-solarna-na-balkon-768x447.jpg 768w, https:\/\/www.ledstyl.pl\/strefa-swiatla\/wp-content\/uploads\/2022\/07\/lampa-solarna-na-balkon.jpg 1200w\" sizes=\"auto, (max-width: 725px) 100vw, 725px\" \/><\/p>\n<h2><span id=\"Oswietlenie_swiateczne_na_balkon\">O\u015bwietlenie \u015bwi\u0105teczne na balkon<\/span><\/h2>\n<p>Opr\u00f3cz stosowanego o\u015bwietlenia ca\u0142orocznego na balkon, producenci oferuj\u0105 nam r\u00f3wnie\u017c o\u015bwietlenie tematyczne. W ten spos\u00f3b, w te szczeg\u00f3lne dni w roku mo\u017cemy pi\u0119knie podkre\u015bli\u0107 donios\u0142o\u015b\u0107 zbli\u017caj\u0105cych si\u0119 \u015bwi\u0105t Bo\u017cego Narodzenia, Wielkanocy, lub przystroi\u0107 nasz balkon w najprzer\u00f3\u017cniejsze ozdoby z okazji Halloween. Do przystrojenia barierek balkonu \u015bwietnie sprawdzi si\u0119 <a href=\"https:\/\/www.ledstyl.pl\/girlanda-ogrodowa-cat-279\">girlanda ogrodowa<\/a>. Celnym wyborem b\u0119d\u0105 r\u00f3wnie\u017c <a href=\"https:\/\/www.ledstyl.pl\/ozdoby-swiateczne-led-cat-310\">ozdoby \u015bwi\u0105teczne LED<\/a>. W\u015br\u00f3d szerokiego wyboru ka\u017cdy znajdzie co\u015b dla siebie. O\u015bwietlenie \u015bwi\u0105teczne jest \u0142atwe do zamontowania, a wiele produkt\u00f3w do zasilania wymaga jedynie baterii. Dzi\u0119ki tego typu o\u015bwietleniu zapewnimy niepowtarzaln\u0105 atmosfer\u0119, podkre\u015blimy podnios\u0142o\u015b\u0107 chwili, a nasz balkon zapewne przyci\u0105gnie wzrok wielu os\u00f3b.<\/p>\n<table style=\"width: 33%; height: 151px; border: none;\">\n<tbody>\n<tr style=\"height: 42px;\">\n<td style=\"width: 33.3333%; height: 79px;\"><a href=\"https:\/\/www.ledstyl.pl\/girlanda-ogrodowa-cat-279\"><img loading=\"lazy\" decoding=\"async\" class=\"size-medium wp-image-292 aligncenter\" src=\"https:\/\/www.ledstyl.pl\/dane\/source\/b\/ba8e254a761a4b79a011f46fe4390aad.jpg\" alt=\"Girlandy ogrodowe\" width=\"298\" height=\"300\" \/><\/a><\/td>\n<\/tr>\n<tr style=\"height: 62px;\">\n<td style=\"width: 33.3333%; height: 62px; text-align: center;\"><span style=\"font-size: 12pt;\"><a href=\"https:\/\/www.ledstyl.pl\/girlanda-ogrodowa-cat-279\"><div class=\"su-animate\" style=\"opacity:0;-webkit-animation-duration:1s;-webkit-animation-delay:0s;animation-duration:1s;animation-delay:0s;\" data-animation=\"bounceIn\" data-duration=\"1\" data-delay=\"0\"><strong>Girlandy ogrodowe<\/strong><\/div><\/a><\/span><\/td>\n<\/tr>\n<tr style=\"height: 54px;\">\n<td style=\"width: 33.3333%; height: 10px;\"><div class=\"su-button-center\"><a href=\"https:\/\/www.ledstyl.pl\/girlanda-ogrodowa-cat-279\" class=\"su-button su-button-style-3d\" style=\"color:#ffffff;background-color:#ef2d36;border-color:#c0242c;border-radius:50px;-moz-border-radius:50px;-webkit-border-radius:50px\" target=\"_self\" rel=\"nofollow\"><span style=\"color:#ffffff;padding:0px 24px;font-size:18px;line-height:36px;border-color:#f46c73;border-radius:50px;-moz-border-radius:50px;-webkit-border-radius:50px;text-shadow:none;-moz-text-shadow:none;-webkit-text-shadow:none\"> <b>Zobacz wi\u0119cej<\/b><\/span><\/a><\/div><\/td>\n<\/tr>\n<\/tbody>\n<\/table>\n<h2><span id=\"Oswietlenie_LED_na_balkon\">O\u015bwietlenie LED na balkon<\/span><\/h2>\n<p>O\u015bwietlenie w technologii LED b\u0119dzie doskona\u0142ym wyborem na balkon. Nasze balkonowe miejsce wypoczynku po ci\u0119\u017ckim dniu, zas\u0142uguje na szczeg\u00f3ln\u0105 opraw\u0119. <strong>O\u015bwietlenie LED na balkon<\/strong> daje nam mo\u017cliwo\u015b\u0107 odpowiedniego doboru mocy, nat\u0119\u017cenia, barwy i koloru \u015bwiat\u0142a. Podkre\u015bli intymny charakter oraz b\u0119dzie wysoce funkcjonalne i praktyczne, nie trac\u0105c nic na funkcjach estetycznych i dekoracyjnych. Ponadto o\u015bwietlenie LED jest wysoce energooszcz\u0119dne, a jego \u017cywotno\u015b\u0107 jest mocno wyd\u0142u\u017cona w por\u00f3wnaniu z innymi rodzajami o\u015bwietlenia. <strong>Lampy LED na balkonie<\/strong> roz\u015bwietlaj\u0105 si\u0119 natychmiast po w\u0142\u0105czeniu i co wa\u017cnie nie grzej\u0105 si\u0119 tak jak tradycyjne \u017car\u00f3wki wolframowe.<\/p>\n<p><img loading=\"lazy\" decoding=\"async\" class=\"wp-image-878 aligncenter\" src=\"https:\/\/www.ledstyl.pl\/strefa-swiatla\/wp-content\/uploads\/2022\/07\/oswietlenie-balkonu-300x169.jpg\" alt=\"O\u015bwietlenie balkonu\" width=\"725\" height=\"408\" srcset=\"https:\/\/www.ledstyl.pl\/strefa-swiatla\/wp-content\/uploads\/2022\/07\/oswietlenie-balkonu-300x169.jpg 300w, https:\/\/www.ledstyl.pl\/strefa-swiatla\/wp-content\/uploads\/2022\/07\/oswietlenie-balkonu-768x432.jpg 768w, https:\/\/www.ledstyl.pl\/strefa-swiatla\/wp-content\/uploads\/2022\/07\/oswietlenie-balkonu.jpg 960w\" sizes=\"auto, (max-width: 725px) 100vw, 725px\" \/><\/p>\n<h2><span id=\"Lampa_LED_na_balkon\">Lampa LED na balkon<\/span><\/h2>\n<p>W\u015br\u00f3d lamp z wykorzystaniem technologii, kt\u00f3re zastosujemy w o\u015bwietleniu zewn\u0119trznym, prym wiod\u0105 <a href=\"https:\/\/www.ledstyl.pl\/kinkiet-zewnetrzny-cat-323\">kinkiety zewn\u0119trzne<\/a>. Imponuj\u0105 one swoim wygl\u0105dem, ale r\u00f3wnie\u017c walorami \u015bwietlnymi. Bardzo ch\u0119tnie wybieranym rozwi\u0105zaniem jest tak\u017ce <a href=\"https:\/\/www.ledstyl.pl\/lampa-elewacyjna-cat-324\">lampa elewacyjna<\/a>, kt\u00f3ra pozwoli nam w efektowny spos\u00f3b podkre\u015bli\u0107 wygl\u0105d elewacji naszego budynku. Rozwi\u0105zania wykonane w technologii LED oferuj\u0105 nam wi\u0119cej \u015bwiat\u0142a i pozwol\u0105 na odpr\u0119\u017caj\u0105cy wiecz\u00f3r sp\u0119dzony np. przy interesuj\u0105cej ksi\u0105\u017cce. U\u017cycie nawet niewielkiej ilo\u015bci lamp na balkonie mo\u017ce przynie\u015b\u0107 oczekiwane efekty, kt\u00f3re doskonale podkre\u015bl\u0105 styl naszej aran\u017cacji. W ten spos\u00f3b pocz\u0105wszy od klasycznych latarenek, a ko\u0144cz\u0105c na designerskich lampach, ka\u017cdy znajdzie co\u015b, co spe\u0142ni jego oczekiwania.<\/p>\n<table style=\"width: 100%; height: 124px; border: none;\">\n<tbody>\n<tr style=\"height: 42px;\">\n<td style=\"width: 33.3333%; height: 42px;\"><a href=\"https:\/\/www.ledstyl.pl\/lampa-elewacyjna-nowoczesna-cat-330\"><img loading=\"lazy\" decoding=\"async\" class=\"size-medium wp-image-291 aligncenter\" src=\"https:\/\/www.ledstyl.pl\/dane\/source\/x\/xig.lampa-architektoniczna-led-liniowa-czarna-1a.jpg\" alt=\"Lampa elewacyjna nowoczesna\" width=\"298\" height=\"300\" \/><\/a><\/td>\n<td style=\"width: 33.3333%; height: 42px;\"><a href=\"https:\/\/www.ledstyl.pl\/lampa-elewacyjna-retro-cat-331\"><img loading=\"lazy\" decoding=\"async\" class=\"size-medium wp-image-292 aligncenter\" src=\"https:\/\/www.ledstyl.pl\/dane\/source\/5\/5523935c552c4d468a6014aa1b235b98.jpg\" alt=\"Lampa elewacyjna Retro\" width=\"298\" height=\"300\" \/><\/a><\/td>\n<td style=\"width: 33.3333%; height: 42px;\"><a href=\"https:\/\/www.ledstyl.pl\/lampa-elewacyjna-gora-dol-cat-333\"><img loading=\"lazy\" decoding=\"async\" class=\"size-medium wp-image-293 aligncenter\" src=\"https:\/\/www.ledstyl.pl\/dane\/source\/9\/99b77bec948b4b83975f939202ee764c.jpg\" alt=\"Lampa elewacyjna g\u00f3ra d\u00f3\u0142\" width=\"298\" height=\"300\" \/><\/a><\/td>\n<\/tr>\n<tr style=\"height: 62px;\">\n<td style=\"width: 33.3333%; height: 62px; text-align: center;\"><span style=\"font-size: 12pt;\"><a href=\"https:\/\/www.ledstyl.pl\/lampa-elewacyjna-nowoczesna-cat-330\"><div class=\"su-animate\" style=\"opacity:0;-webkit-animation-duration:1s;-webkit-animation-delay:0s;animation-duration:1s;animation-delay:0s;\" data-animation=\"bounceIn\" data-duration=\"1\" data-delay=\"0\"><strong>Lampa elewacyjna nowoczesna<\/strong><\/div><\/a><\/span><\/td>\n<td style=\"width: 33.3333%; height: 62px; text-align: center;\"><span style=\"font-size: 12pt;\"><a href=\"https:\/\/www.ledstyl.pl\/lampa-elewacyjna-retro-cat-331\"><div class=\"su-animate\" style=\"opacity:0;-webkit-animation-duration:1s;-webkit-animation-delay:0s;animation-duration:1s;animation-delay:0s;\" data-animation=\"bounceIn\" data-duration=\"1\" data-delay=\"0\"><strong>Lampa elewacyjna Retro<\/strong><\/div><\/a><\/span><\/td>\n<td style=\"width: 33.3333%; height: 62px; text-align: center;\"><span style=\"font-size: 12pt;\"><a href=\"https:\/\/www.ledstyl.pl\/lampa-elewacyjna-gora-dol-cat-333\"><div class=\"su-animate\" style=\"opacity:0;-webkit-animation-duration:1s;-webkit-animation-delay:0s;animation-duration:1s;animation-delay:0s;\" data-animation=\"bounceIn\" data-duration=\"1\" data-delay=\"0\"><b>Lampa elewacyjna g\u00f3ra d\u00f3\u0142<\/b><\/div><\/a><\/span><\/td>\n<\/tr>\n<tr style=\"height: 54px;\">\n<td style=\"width: 33.3333%; height: 18px;\"><div class=\"su-button-center\"><a href=\"https:\/\/www.ledstyl.pl\/lampa-elewacyjna-nowoczesna-cat-330\" class=\"su-button su-button-style-3d\" style=\"color:#ffffff;background-color:#ef2d36;border-color:#c0242c;border-radius:50px;-moz-border-radius:50px;-webkit-border-radius:50px\" target=\"_self\" rel=\"nofollow\"><span style=\"color:#ffffff;padding:0px 24px;font-size:18px;line-height:36px;border-color:#f46c73;border-radius:50px;-moz-border-radius:50px;-webkit-border-radius:50px;text-shadow:none;-moz-text-shadow:none;-webkit-text-shadow:none\"> <b>Zobacz wi\u0119cej<\/b><\/span><\/a><\/div><\/td>\n<td style=\"width: 33.3333%; height: 18px;\"><div class=\"su-button-center\"><a href=\"https:\/\/www.ledstyl.pl\/lampa-elewacyjna-retro-cat-331\" class=\"su-button su-button-style-3d\" style=\"color:#ffffff;background-color:#ef2d36;border-color:#c0242c;border-radius:50px;-moz-border-radius:50px;-webkit-border-radius:50px\" target=\"_self\" rel=\"nofollow\"><span style=\"color:#ffffff;padding:0px 24px;font-size:18px;line-height:36px;border-color:#f46c73;border-radius:50px;-moz-border-radius:50px;-webkit-border-radius:50px;text-shadow:none;-moz-text-shadow:none;-webkit-text-shadow:none\"> <b>Zobacz wi\u0119cej<\/b><\/span><\/a><\/div><\/td>\n<td style=\"width: 33.3333%; height: 18px;\">\n<p style=\"text-align: center;\"><div class=\"su-button-center\"><a href=\"https:\/\/www.ledstyl.pl\/lampa-elewacyjna-gora-dol-cat-333\" class=\"su-button su-button-style-3d\" style=\"color:#ffffff;background-color:#ef2d36;border-color:#c0242c;border-radius:50px;-moz-border-radius:50px;-webkit-border-radius:50px\" target=\"_self\" rel=\"nofollow\"><span style=\"color:#ffffff;padding:0px 24px;font-size:18px;line-height:36px;border-color:#f46c73;border-radius:50px;-moz-border-radius:50px;-webkit-border-radius:50px;text-shadow:none;-moz-text-shadow:none;-webkit-text-shadow:none\"> <b>Zobacz wi\u0119cej<\/b><\/span><\/a><\/div>\n<\/td>\n<\/tr>\n<\/tbody>\n<\/table>\n<h2><span id=\"Pomysl_na_oswietlenie_balkonu\">Pomys\u0142 na o\u015bwietlenie balkonu<\/span><\/h2>\n<p>Pomys\u0142\u00f3w na o\u015bwietlenie balkonu jest tyle, ile ich aran\u017cacji. Szeroka gama produkt\u00f3w pozwala nam na odpowiedni dob\u00f3r lamp. <strong>O\u015bwietlenie na balkonie<\/strong> jest zwie\u0144czeniem ka\u017cdego pomys\u0142u na jego wystr\u00f3j oraz podkre\u015bleniem charakteru danego projektu. Niezale\u017cnie czy mamy do czynienia z lampami wisz\u0105cym, czy stoj\u0105cymi, kinkietami czy ozdobnymi kulami musimy pami\u0119ta\u0107, aby \u015bwiat\u0142o sta\u0142o si\u0119 doskona\u0142ym uzupe\u0142nieniem naszej aran\u017cacji. Za ka\u017cdym wyborem powinna kry\u0107 si\u0119 przemy\u015blana decyzja, pozwalaj\u0105ca na idealne wsp\u00f3\u0142granie ze sob\u0105 poszczeg\u00f3lnych element\u00f3w. Balkon zw\u0142aszcza, przy braku ogrodu jest dla wielu os\u00f3b miejscem na z\u0142apanie oddechu i chwili wytchnienia po ci\u0119\u017ckim dniu.<\/p>\n<p><img loading=\"lazy\" decoding=\"async\" class=\"wp-image-879 aligncenter\" src=\"https:\/\/www.ledstyl.pl\/strefa-swiatla\/wp-content\/uploads\/2022\/07\/pomysl-na-oswietlenie-balkonu-300x200.jpg\" alt=\"Pomys\u0142 na o\u015bwietlenie balkonu\" width=\"725\" height=\"483\" srcset=\"https:\/\/www.ledstyl.pl\/strefa-swiatla\/wp-content\/uploads\/2022\/07\/pomysl-na-oswietlenie-balkonu-300x200.jpg 300w, https:\/\/www.ledstyl.pl\/strefa-swiatla\/wp-content\/uploads\/2022\/07\/pomysl-na-oswietlenie-balkonu-1024x682.jpg 1024w, https:\/\/www.ledstyl.pl\/strefa-swiatla\/wp-content\/uploads\/2022\/07\/pomysl-na-oswietlenie-balkonu-768x512.jpg 768w, https:\/\/www.ledstyl.pl\/strefa-swiatla\/wp-content\/uploads\/2022\/07\/pomysl-na-oswietlenie-balkonu.jpg 1280w\" sizes=\"auto, (max-width: 725px) 100vw, 725px\" \/><\/p>\n<h2><span id=\"Jak_oswietlic_balkon\">Jak o\u015bwietli\u0107 balkon?<\/span><\/h2>\n<p>O\u015bwietlenie balkonu mo\u017cemy dzi\u015b zaprojektowa\u0107 na wiele r\u00f3\u017cnych sposob\u00f3w, wybieraj\u0105c indywidualnie moc i ilo\u015b\u0107 zastosowanych opraw. Dzi\u015b nowoczesna technologia LED oferuje nam wiele mo\u017cliwo\u015bci, pozwalaj\u0105cych na efektowne <strong>o\u015bwietlenie balkonu<\/strong> niezbyt wysokim kosztem. W ten spos\u00f3b mo\u017cemy uzyska\u0107 wiele wyj\u0105tkowych aran\u017cacji na balkonie, wzorowanych na stylu Retro b\u0105d\u017a id\u0105cych ku i\u015bcie dyskotekowemu i weso\u0142emu designowi, kt\u00f3ry urozmaici ka\u017cde spotkanie z przyjaci\u00f3\u0142mi. Przy wyborze <strong>o\u015bwietlenia na balkon<\/strong> musimy pami\u0119ta\u0107 o tym, by nasze lampy mia\u0142y wysok\u0105 klas\u0119 szczelno\u015bci IP. Musz\u0105 by\u0107 odporne na kurz, wilgo\u0107 oraz r\u00f3\u017cne zjawiska pogodowe. O\u015bwietlenie balkonu jest kluczowym elementem jego wyko\u0144czenia i pozwala nabra\u0107 mu niepowtarzalnego oraz indywidualnego uroku, a nam zapewnia wysoce relaksuj\u0105cy odpoczynek.<\/p>\n","protected":false},"excerpt":{"rendered":"<p>Balkon to z regu\u0142y zwyk\u0142y element architektury i wyko\u0144czenia budynku, kt\u00f3ry jednak dla wielu z nas jest istotnym miejscem naszego domu. Zw\u0142aszcza dla tych nieposiadaj\u0105cych ogr\u00f3dka, czy dzia\u0142ki, staje si\u0119 swoistym miejscem wypoczynku oraz relaksu i zdecydowanie nie kojarzy si\u0119 tylko z wieszaniem prania. Aran\u017cacja balkonu, dob\u00f3r mebli, kwiat\u00f3w i dodatk\u00f3w, daje niesamowite efekty, a [&hellip;]<\/p>\n","protected":false},"author":1,"featured_media":875,"comment_status":"open","ping_status":"open","sticky":false,"template":"","format":"standard","meta":{"footnotes":""},"categories":[33,17],"tags":[],"class_list":["post-874","post","type-post","status-publish","format-standard","has-post-thumbnail","hentry","category-balkon","category-dom-zewnatrz","entry","has-media"],"yoast_head":"<!-- This site is optimized with the Yoast SEO plugin v17.8 - https:\/\/yoast.com\/wordpress\/plugins\/seo\/ -->\r\n<title>Lampy na balkon i o\u015bwietlenie balkonu - Strefa \u015awiat\u0142a LEDstyl<\/title>\r\n<meta name=\"description\" content=\"O\u015bwietlenie balkonu mo\u017ce by\u0107 efektowne i energooszcz\u0119dne. Wybierz nowoczesne lampy na balkon, kt\u00f3re zbuduj\u0105 wyj\u0105tkow\u0105 atmosfer\u0119 Twojego domu.\" \/>\r\n<meta name=\"robots\" content=\"index, follow, max-snippet:-1, max-image-preview:large, max-video-preview:-1\" \/>\r\n<link rel=\"canonical\" href=\"https:\/\/www.ledstyl.pl\/strefa-swiatla\/oswietlenie-na-balkon\/\" \/>\r\n<meta property=\"og:locale\" content=\"pl_PL\" \/>\r\n<meta property=\"og:type\" content=\"article\" \/>\r\n<meta property=\"og:title\" content=\"Lampy na balkon i o\u015bwietlenie balkonu - Strefa \u015awiat\u0142a LEDstyl\" \/>\r\n<meta property=\"og:description\" content=\"O\u015bwietlenie balkonu mo\u017ce by\u0107 efektowne i energooszcz\u0119dne. Wybierz nowoczesne lampy na balkon, kt\u00f3re zbuduj\u0105 wyj\u0105tkow\u0105 atmosfer\u0119 Twojego domu.\" \/>\r\n<meta property=\"og:url\" content=\"https:\/\/www.ledstyl.pl\/strefa-swiatla\/oswietlenie-na-balkon\/\" \/>\r\n<meta property=\"og:site_name\" content=\"Strefa \u015awiat\u0142a LEDstyl\" \/>\r\n<meta property=\"article:published_time\" content=\"2022-07-01T09:56:10+00:00\" \/>\r\n<meta property=\"article:modified_time\" content=\"2024-06-28T19:14:40+00:00\" \/>\r\n<meta property=\"og:image\" content=\"https:\/\/www.ledstyl.pl\/strefa-swiatla\/wp-content\/uploads\/2022\/07\/lampy-na-balkon.jpg\" \/>\r\n\t<meta property=\"og:image:width\" content=\"725\" \/>\r\n\t<meta property=\"og:image:height\" content=\"483\" \/>\r\n<meta name=\"twitter:card\" content=\"summary_large_image\" \/>\r\n<meta name=\"twitter:label1\" content=\"Napisane przez\" \/>\n\t<meta name=\"twitter:data1\" content=\"Adam Doma\u0144ski\" \/>\n\t<meta name=\"twitter:label2\" content=\"Szacowany czas czytania\" \/>\n\t<meta name=\"twitter:data2\" content=\"14 minut\" \/>\r\n<script type=\"application\/ld+json\" class=\"yoast-schema-graph\">{\"@context\":\"https:\/\/schema.org\",\"@graph\":[{\"@type\":\"Organization\",\"@id\":\"https:\/\/www.ledstyl.pl\/strefa-swiatla\/#organization\",\"name\":\"Strefa \\u015awiat\\u0142a LEDstyl.pl\",\"url\":\"https:\/\/www.ledstyl.pl\/strefa-swiatla\/\",\"sameAs\":[],\"logo\":{\"@type\":\"ImageObject\",\"@id\":\"https:\/\/www.ledstyl.pl\/strefa-swiatla\/#logo\",\"inLanguage\":\"pl-PL\",\"url\":\"https:\/\/www.ledstyl.pl\/strefa-swiatla\/wp-content\/uploads\/2021\/12\/strefa-swiatla-ledstyl.png\",\"contentUrl\":\"https:\/\/www.ledstyl.pl\/strefa-swiatla\/wp-content\/uploads\/2021\/12\/strefa-swiatla-ledstyl.png\",\"width\":1999,\"height\":1041,\"caption\":\"Strefa \\u015awiat\\u0142a LEDstyl.pl\"},\"image\":{\"@id\":\"https:\/\/www.ledstyl.pl\/strefa-swiatla\/#logo\"}},{\"@type\":\"WebSite\",\"@id\":\"https:\/\/www.ledstyl.pl\/strefa-swiatla\/#website\",\"url\":\"https:\/\/www.ledstyl.pl\/strefa-swiatla\/\",\"name\":\"Strefa \\u015awiat\\u0142a LEDstyl\",\"description\":\"\",\"publisher\":{\"@id\":\"https:\/\/www.ledstyl.pl\/strefa-swiatla\/#organization\"},\"potentialAction\":[{\"@type\":\"SearchAction\",\"target\":{\"@type\":\"EntryPoint\",\"urlTemplate\":\"https:\/\/www.ledstyl.pl\/strefa-swiatla\/?s={search_term_string}\"},\"query-input\":\"required name=search_term_string\"}],\"inLanguage\":\"pl-PL\"},{\"@type\":\"ImageObject\",\"@id\":\"https:\/\/www.ledstyl.pl\/strefa-swiatla\/oswietlenie-na-balkon\/#primaryimage\",\"inLanguage\":\"pl-PL\",\"url\":\"https:\/\/www.ledstyl.pl\/strefa-swiatla\/wp-content\/uploads\/2022\/07\/lampy-na-balkon.jpg\",\"contentUrl\":\"https:\/\/www.ledstyl.pl\/strefa-swiatla\/wp-content\/uploads\/2022\/07\/lampy-na-balkon.jpg\",\"width\":725,\"height\":483,\"caption\":\"Lampy na balkon\"},{\"@type\":\"WebPage\",\"@id\":\"https:\/\/www.ledstyl.pl\/strefa-swiatla\/oswietlenie-na-balkon\/#webpage\",\"url\":\"https:\/\/www.ledstyl.pl\/strefa-swiatla\/oswietlenie-na-balkon\/\",\"name\":\"Lampy na balkon i o\\u015bwietlenie balkonu - Strefa \\u015awiat\\u0142a LEDstyl\",\"isPartOf\":{\"@id\":\"https:\/\/www.ledstyl.pl\/strefa-swiatla\/#website\"},\"primaryImageOfPage\":{\"@id\":\"https:\/\/www.ledstyl.pl\/strefa-swiatla\/oswietlenie-na-balkon\/#primaryimage\"},\"datePublished\":\"2022-07-01T09:56:10+00:00\",\"dateModified\":\"2024-06-28T19:14:40+00:00\",\"description\":\"O\\u015bwietlenie balkonu mo\\u017ce by\\u0107 efektowne i energooszcz\\u0119dne. Wybierz nowoczesne lampy na balkon, kt\\u00f3re zbuduj\\u0105 wyj\\u0105tkow\\u0105 atmosfer\\u0119 Twojego domu.\",\"breadcrumb\":{\"@id\":\"https:\/\/www.ledstyl.pl\/strefa-swiatla\/oswietlenie-na-balkon\/#breadcrumb\"},\"inLanguage\":\"pl-PL\",\"potentialAction\":[{\"@type\":\"ReadAction\",\"target\":[\"https:\/\/www.ledstyl.pl\/strefa-swiatla\/oswietlenie-na-balkon\/\"]}]},{\"@type\":\"BreadcrumbList\",\"@id\":\"https:\/\/www.ledstyl.pl\/strefa-swiatla\/oswietlenie-na-balkon\/#breadcrumb\",\"itemListElement\":[{\"@type\":\"ListItem\",\"position\":1,\"name\":\"Strona g\\u0142\\u00f3wna\",\"item\":\"https:\/\/www.ledstyl.pl\/strefa-swiatla\/\"},{\"@type\":\"ListItem\",\"position\":2,\"name\":\"O\\u015bwietlenie na balkon\"}]},{\"@type\":\"Article\",\"@id\":\"https:\/\/www.ledstyl.pl\/strefa-swiatla\/oswietlenie-na-balkon\/#article\",\"isPartOf\":{\"@id\":\"https:\/\/www.ledstyl.pl\/strefa-swiatla\/oswietlenie-na-balkon\/#webpage\"},\"author\":{\"@id\":\"https:\/\/www.ledstyl.pl\/strefa-swiatla\/#\/schema\/person\/24db998bba2f9b47fe0d08101257c2ce\"},\"headline\":\"O\\u015bwietlenie na balkon\",\"datePublished\":\"2022-07-01T09:56:10+00:00\",\"dateModified\":\"2024-06-28T19:14:40+00:00\",\"mainEntityOfPage\":{\"@id\":\"https:\/\/www.ledstyl.pl\/strefa-swiatla\/oswietlenie-na-balkon\/#webpage\"},\"wordCount\":1930,\"commentCount\":0,\"publisher\":{\"@id\":\"https:\/\/www.ledstyl.pl\/strefa-swiatla\/#organization\"},\"image\":{\"@id\":\"https:\/\/www.ledstyl.pl\/strefa-swiatla\/oswietlenie-na-balkon\/#primaryimage\"},\"thumbnailUrl\":\"https:\/\/www.ledstyl.pl\/strefa-swiatla\/wp-content\/uploads\/2022\/07\/lampy-na-balkon.jpg\",\"articleSection\":[\"Balkon\",\"Dom zewn\\u0105trz\"],\"inLanguage\":\"pl-PL\",\"potentialAction\":[{\"@type\":\"CommentAction\",\"name\":\"Comment\",\"target\":[\"https:\/\/www.ledstyl.pl\/strefa-swiatla\/oswietlenie-na-balkon\/#respond\"]}]},{\"@type\":\"Person\",\"@id\":\"https:\/\/www.ledstyl.pl\/strefa-swiatla\/#\/schema\/person\/24db998bba2f9b47fe0d08101257c2ce\",\"name\":\"Adam Doma\\u0144ski\",\"image\":{\"@type\":\"ImageObject\",\"@id\":\"https:\/\/www.ledstyl.pl\/strefa-swiatla\/#personlogo\",\"inLanguage\":\"pl-PL\",\"url\":\"https:\/\/secure.gravatar.com\/avatar\/391a241373e59dc1426e927c19384e8fcbeb32e3ba2277184170aa780b80359e?s=96&d=mm&r=g\",\"contentUrl\":\"https:\/\/secure.gravatar.com\/avatar\/391a241373e59dc1426e927c19384e8fcbeb32e3ba2277184170aa780b80359e?s=96&d=mm&r=g\",\"caption\":\"Adam Doma\\u0144ski\"},\"sameAs\":[\"https:\/\/www.ledstyl.pl\/strefa-swiatla\"],\"url\":\"https:\/\/www.ledstyl.pl\/strefa-swiatla\/author\/projektleds\/\"}]}<\/script>\r\n<!-- \/ Yoast SEO plugin. -->","yoast_head_json":{"title":"Lampy na balkon i o\u015bwietlenie balkonu - Strefa \u015awiat\u0142a LEDstyl","description":"O\u015bwietlenie balkonu mo\u017ce by\u0107 efektowne i energooszcz\u0119dne. Wybierz nowoczesne lampy na balkon, kt\u00f3re zbuduj\u0105 wyj\u0105tkow\u0105 atmosfer\u0119 Twojego domu.","robots":{"index":"index","follow":"follow","max-snippet":"max-snippet:-1","max-image-preview":"max-image-preview:large","max-video-preview":"max-video-preview:-1"},"canonical":"https:\/\/www.ledstyl.pl\/strefa-swiatla\/oswietlenie-na-balkon\/","og_locale":"pl_PL","og_type":"article","og_title":"Lampy na balkon i o\u015bwietlenie balkonu - Strefa \u015awiat\u0142a LEDstyl","og_description":"O\u015bwietlenie balkonu mo\u017ce by\u0107 efektowne i energooszcz\u0119dne. Wybierz nowoczesne lampy na balkon, kt\u00f3re zbuduj\u0105 wyj\u0105tkow\u0105 atmosfer\u0119 Twojego domu.","og_url":"https:\/\/www.ledstyl.pl\/strefa-swiatla\/oswietlenie-na-balkon\/","og_site_name":"Strefa \u015awiat\u0142a LEDstyl","article_published_time":"2022-07-01T09:56:10+00:00","article_modified_time":"2024-06-28T19:14:40+00:00","og_image":[{"width":725,"height":483,"url":"https:\/\/www.ledstyl.pl\/strefa-swiatla\/wp-content\/uploads\/2022\/07\/lampy-na-balkon.jpg","type":"image\/jpeg"}],"twitter_card":"summary_large_image","twitter_misc":{"Napisane przez":"Adam Doma\u0144ski","Szacowany czas czytania":"14 minut"},"schema":{"@context":"https:\/\/schema.org","@graph":[{"@type":"Organization","@id":"https:\/\/www.ledstyl.pl\/strefa-swiatla\/#organization","name":"Strefa \u015awiat\u0142a LEDstyl.pl","url":"https:\/\/www.ledstyl.pl\/strefa-swiatla\/","sameAs":[],"logo":{"@type":"ImageObject","@id":"https:\/\/www.ledstyl.pl\/strefa-swiatla\/#logo","inLanguage":"pl-PL","url":"https:\/\/www.ledstyl.pl\/strefa-swiatla\/wp-content\/uploads\/2021\/12\/strefa-swiatla-ledstyl.png","contentUrl":"https:\/\/www.ledstyl.pl\/strefa-swiatla\/wp-content\/uploads\/2021\/12\/strefa-swiatla-ledstyl.png","width":1999,"height":1041,"caption":"Strefa \u015awiat\u0142a LEDstyl.pl"},"image":{"@id":"https:\/\/www.ledstyl.pl\/strefa-swiatla\/#logo"}},{"@type":"WebSite","@id":"https:\/\/www.ledstyl.pl\/strefa-swiatla\/#website","url":"https:\/\/www.ledstyl.pl\/strefa-swiatla\/","name":"Strefa \u015awiat\u0142a LEDstyl","description":"","publisher":{"@id":"https:\/\/www.ledstyl.pl\/strefa-swiatla\/#organization"},"potentialAction":[{"@type":"SearchAction","target":{"@type":"EntryPoint","urlTemplate":"https:\/\/www.ledstyl.pl\/strefa-swiatla\/?s={search_term_string}"},"query-input":"required name=search_term_string"}],"inLanguage":"pl-PL"},{"@type":"ImageObject","@id":"https:\/\/www.ledstyl.pl\/strefa-swiatla\/oswietlenie-na-balkon\/#primaryimage","inLanguage":"pl-PL","url":"https:\/\/www.ledstyl.pl\/strefa-swiatla\/wp-content\/uploads\/2022\/07\/lampy-na-balkon.jpg","contentUrl":"https:\/\/www.ledstyl.pl\/strefa-swiatla\/wp-content\/uploads\/2022\/07\/lampy-na-balkon.jpg","width":725,"height":483,"caption":"Lampy na balkon"},{"@type":"WebPage","@id":"https:\/\/www.ledstyl.pl\/strefa-swiatla\/oswietlenie-na-balkon\/#webpage","url":"https:\/\/www.ledstyl.pl\/strefa-swiatla\/oswietlenie-na-balkon\/","name":"Lampy na balkon i o\u015bwietlenie balkonu - Strefa \u015awiat\u0142a LEDstyl","isPartOf":{"@id":"https:\/\/www.ledstyl.pl\/strefa-swiatla\/#website"},"primaryImageOfPage":{"@id":"https:\/\/www.ledstyl.pl\/strefa-swiatla\/oswietlenie-na-balkon\/#primaryimage"},"datePublished":"2022-07-01T09:56:10+00:00","dateModified":"2024-06-28T19:14:40+00:00","description":"O\u015bwietlenie balkonu mo\u017ce by\u0107 efektowne i energooszcz\u0119dne. Wybierz nowoczesne lampy na balkon, kt\u00f3re zbuduj\u0105 wyj\u0105tkow\u0105 atmosfer\u0119 Twojego domu.","breadcrumb":{"@id":"https:\/\/www.ledstyl.pl\/strefa-swiatla\/oswietlenie-na-balkon\/#breadcrumb"},"inLanguage":"pl-PL","potentialAction":[{"@type":"ReadAction","target":["https:\/\/www.ledstyl.pl\/strefa-swiatla\/oswietlenie-na-balkon\/"]}]},{"@type":"BreadcrumbList","@id":"https:\/\/www.ledstyl.pl\/strefa-swiatla\/oswietlenie-na-balkon\/#breadcrumb","itemListElement":[{"@type":"ListItem","position":1,"name":"Strona g\u0142\u00f3wna","item":"https:\/\/www.ledstyl.pl\/strefa-swiatla\/"},{"@type":"ListItem","position":2,"name":"O\u015bwietlenie na balkon"}]},{"@type":"Article","@id":"https:\/\/www.ledstyl.pl\/strefa-swiatla\/oswietlenie-na-balkon\/#article","isPartOf":{"@id":"https:\/\/www.ledstyl.pl\/strefa-swiatla\/oswietlenie-na-balkon\/#webpage"},"author":{"@id":"https:\/\/www.ledstyl.pl\/strefa-swiatla\/#\/schema\/person\/24db998bba2f9b47fe0d08101257c2ce"},"headline":"O\u015bwietlenie na balkon","datePublished":"2022-07-01T09:56:10+00:00","dateModified":"2024-06-28T19:14:40+00:00","mainEntityOfPage":{"@id":"https:\/\/www.ledstyl.pl\/strefa-swiatla\/oswietlenie-na-balkon\/#webpage"},"wordCount":1930,"commentCount":0,"publisher":{"@id":"https:\/\/www.ledstyl.pl\/strefa-swiatla\/#organization"},"image":{"@id":"https:\/\/www.ledstyl.pl\/strefa-swiatla\/oswietlenie-na-balkon\/#primaryimage"},"thumbnailUrl":"https:\/\/www.ledstyl.pl\/strefa-swiatla\/wp-content\/uploads\/2022\/07\/lampy-na-balkon.jpg","articleSection":["Balkon","Dom zewn\u0105trz"],"inLanguage":"pl-PL","potentialAction":[{"@type":"CommentAction","name":"Comment","target":["https:\/\/www.ledstyl.pl\/strefa-swiatla\/oswietlenie-na-balkon\/#respond"]}]},{"@type":"Person","@id":"https:\/\/www.ledstyl.pl\/strefa-swiatla\/#\/schema\/person\/24db998bba2f9b47fe0d08101257c2ce","name":"Adam Doma\u0144ski","image":{"@type":"ImageObject","@id":"https:\/\/www.ledstyl.pl\/strefa-swiatla\/#personlogo","inLanguage":"pl-PL","url":"https:\/\/secure.gravatar.com\/avatar\/391a241373e59dc1426e927c19384e8fcbeb32e3ba2277184170aa780b80359e?s=96&d=mm&r=g","contentUrl":"https:\/\/secure.gravatar.com\/avatar\/391a241373e59dc1426e927c19384e8fcbeb32e3ba2277184170aa780b80359e?s=96&d=mm&r=g","caption":"Adam Doma\u0144ski"},"sameAs":["https:\/\/www.ledstyl.pl\/strefa-swiatla"],"url":"https:\/\/www.ledstyl.pl\/strefa-swiatla\/author\/projektleds\/"}]}},"_links":{"self":[{"href":"https:\/\/www.ledstyl.pl\/strefa-swiatla\/wp-json\/wp\/v2\/posts\/874","targetHints":{"allow":["GET"]}}],"collection":[{"href":"https:\/\/www.ledstyl.pl\/strefa-swiatla\/wp-json\/wp\/v2\/posts"}],"about":[{"href":"https:\/\/www.ledstyl.pl\/strefa-swiatla\/wp-json\/wp\/v2\/types\/post"}],"author":[{"embeddable":true,"href":"https:\/\/www.ledstyl.pl\/strefa-swiatla\/wp-json\/wp\/v2\/users\/1"}],"replies":[{"embeddable":true,"href":"https:\/\/www.ledstyl.pl\/strefa-swiatla\/wp-json\/wp\/v2\/comments?post=874"}],"version-history":[{"count":8,"href":"https:\/\/www.ledstyl.pl\/strefa-swiatla\/wp-json\/wp\/v2\/posts\/874\/revisions"}],"predecessor-version":[{"id":1302,"href":"https:\/\/www.ledstyl.pl\/strefa-swiatla\/wp-json\/wp\/v2\/posts\/874\/revisions\/1302"}],"wp:featuredmedia":[{"embeddable":true,"href":"https:\/\/www.ledstyl.pl\/strefa-swiatla\/wp-json\/wp\/v2\/media\/875"}],"wp:attachment":[{"href":"https:\/\/www.ledstyl.pl\/strefa-swiatla\/wp-json\/wp\/v2\/media?parent=874"}],"wp:term":[{"taxonomy":"category","embeddable":true,"href":"https:\/\/www.ledstyl.pl\/strefa-swiatla\/wp-json\/wp\/v2\/categories?post=874"},{"taxonomy":"post_tag","embeddable":true,"href":"https:\/\/www.ledstyl.pl\/strefa-swiatla\/wp-json\/wp\/v2\/tags?post=874"}],"curies":[{"name":"wp","href":"https:\/\/api.w.org\/{rel}","templated":true}]}}