{"id":886,"date":"2022-07-01T22:57:10","date_gmt":"2022-07-01T20:57:10","guid":{"rendered":"https:\/\/www.ledstyl.pl\/strefa-swiatla\/?p=886"},"modified":"2024-06-28T20:25:57","modified_gmt":"2024-06-28T18:25:57","slug":"lampy-do-altany","status":"publish","type":"post","link":"https:\/\/www.ledstyl.pl\/strefa-swiatla\/lampy-do-altany\/","title":{"rendered":"Lampy do altany"},"content":{"rendered":"<p>Altana jest to budowla ogrodowa, maj\u0105ca za zadanie chroni\u0107 jej u\u017cytkownik\u00f3w przed warunkami pogodowymi. W niej niestraszne b\u0119dzie nam ani mocne s\u0142o\u0144ce, ani porywisty wiatr, czy te\u017c ulewny deszcz. Umo\u017cliwi nam odpoczynek i da chwil\u0119 wytchnienia oraz relaksu na dzia\u0142ce czy te\u017c w przydomowym ogrodzie. B\u0119dzie te\u017c doskona\u0142ym miejscem do spotka\u0144 w rodzinnym gronie czy do chwil wsp\u00f3lnie sp\u0119dzonych z przyjaci\u00f3\u0142mi podczas odpr\u0119\u017caj\u0105cego wieczoru przy grillu. Altana jak ka\u017cda budowla cechuje si\u0119 w\u0142asnym stylem, a zwie\u0144czeniem jej aran\u017cacji b\u0119dzie odpowiednio dobrane o\u015bwietlenie, kt\u00f3re jest nie tylko funkcjonalne, ale r\u00f3wnie\u017c ozdobne i dekoracyjne. Wybieraj\u0105c efektowne <strong>lampy do altany<\/strong>, osi\u0105gniesz zadowalaj\u0105ce i wyj\u0105tkowe efekty \u015bwietlne, kt\u00f3re b\u0119d\u0105 atrakcyjn\u0105 ozdob\u0105 sam\u0105 w sobie.<\/p>\n<p><img loading=\"lazy\" decoding=\"async\" class=\"wp-image-888 size-full aligncenter\" src=\"https:\/\/www.ledstyl.pl\/strefa-swiatla\/wp-content\/uploads\/2022\/07\/oswietlenie-altany.jpg\" alt=\"O\u015bwietlenie altany\" width=\"725\" height=\"483\" srcset=\"https:\/\/www.ledstyl.pl\/strefa-swiatla\/wp-content\/uploads\/2022\/07\/oswietlenie-altany.jpg 725w, https:\/\/www.ledstyl.pl\/strefa-swiatla\/wp-content\/uploads\/2022\/07\/oswietlenie-altany-300x200.jpg 300w\" sizes=\"auto, (max-width: 725px) 100vw, 725px\" \/><\/p>\n<div id=\"toc_container\" class=\"toc_white no_bullets\"><p class=\"toc_title\">Spis tre\u015bci<\/p><ul class=\"toc_list\"><li><a href=\"#Oswietlenie_altany\"><span class=\"toc_number toc_depth_1\">1<\/span> O\u015bwietlenie altany<\/a><\/li><li><a href=\"#Oswietlenie_w_altanach_8211_jakie_wybrac\"><span class=\"toc_number toc_depth_1\">2<\/span> O\u015bwietlenie w altanach &#8211; jakie wybra\u0107?<\/a><ul><li><a href=\"#Lampy_do_altany_drewnianej\"><span class=\"toc_number toc_depth_2\">2.1<\/span> Lampy do altany drewnianej<\/a><\/li><li><a href=\"#Lampy_wiszace_do_altany_ogrodowej\"><span class=\"toc_number toc_depth_2\">2.2<\/span> Lampy wisz\u0105ce do altany ogrodowej<\/a><\/li><li><a href=\"#Oswietlenie_w_nowoczesnej_altanie\"><span class=\"toc_number toc_depth_2\">2.3<\/span> O\u015bwietlenie w nowoczesnej altanie<\/a><\/li><li><a href=\"#Lampy_ogrodowe_wokol_altany\"><span class=\"toc_number toc_depth_2\">2.4<\/span> Lampy ogrodowe wok\u00f3\u0142 altany<\/a><\/li><\/ul><\/li><li><a href=\"#Pomysl_na_oswietlenie_altany\"><span class=\"toc_number toc_depth_1\">3<\/span> Pomys\u0142 na o\u015bwietlenie altany<\/a><\/li><li><a href=\"#Oswietlenie_solarne_do_altany\"><span class=\"toc_number toc_depth_1\">4<\/span> O\u015bwietlenie solarne do altany<\/a><ul><li><a href=\"#Lampy_solarne_do_altany\"><span class=\"toc_number toc_depth_2\">4.1<\/span> Lampy solarne do altany<\/a><\/li><\/ul><\/li><li><a href=\"#Oswietlenie_altany_ogrodowej\"><span class=\"toc_number toc_depth_1\">5<\/span> O\u015bwietlenie altany ogrodowej<\/a><\/li><\/ul><\/div>\n<h2><span id=\"Oswietlenie_altany\">O\u015bwietlenie altany<\/span><\/h2>\n<p>J<strong>akie o\u015bwietlenie do altany? Jaki wybra\u0107 rodzaj lamp oraz typ \u017car\u00f3wek?<\/strong> Przed t\u0105 decyzj\u0105 stoi ka\u017cdy, kto chce pi\u0119knie zaaran\u017cowa\u0107 styl ogrodowej altany. Lepsze b\u0119dzie o\u015bwietlenie tradycyjne, LED, czy te\u017c solarne? Jaki kszta\u0142t, kolor i rodzaj lamp, aby wszystkie elementy zgrywa\u0142y si\u0119 ze sob\u0105, a \u015bwiat\u0142o mog\u0142o subtelnie podkre\u015bli\u0107 wybrane przez nas dodatki? Producenci stawiaj\u0105 nas przed ogromnym wyborem, a dzi\u0119ki temu ka\u017cdy b\u0119dzie m\u00f3g\u0142 wybra\u0107 rodzaj o\u015bwietlenia, kt\u00f3re jest w pe\u0142ni satysfakcjonuj\u0105ce i celnie trafi w najbardziej wysublimowany gust. Podczas wybierania lamp musimy podj\u0105\u0107 decyzj\u0119, kt\u00f3re <strong>lampy do altany<\/strong> b\u0119d\u0105 pe\u0142ni\u0142y funkcj\u0119 tylko dekoracyjn\u0105, a kt\u00f3re b\u0119d\u0105 u\u017cytkowe i praktyczne. Wiadome jest, \u017ce niestety subtelna girlanda ogrodowa nie da nam tyle \u015bwiat\u0142a, by\u015bmy mogli czyta\u0107 ksi\u0105\u017ck\u0119, ale jak\u017ce b\u0119dzie uroczym elementem naszego wystroju.<\/p>\n<p><img loading=\"lazy\" decoding=\"async\" class=\"wp-image-890 size-full aligncenter\" src=\"https:\/\/www.ledstyl.pl\/strefa-swiatla\/wp-content\/uploads\/2022\/07\/lampy-do-altany.jpg\" alt=\"Lampy do altany\" width=\"725\" height=\"476\" srcset=\"https:\/\/www.ledstyl.pl\/strefa-swiatla\/wp-content\/uploads\/2022\/07\/lampy-do-altany.jpg 725w, https:\/\/www.ledstyl.pl\/strefa-swiatla\/wp-content\/uploads\/2022\/07\/lampy-do-altany-300x197.jpg 300w\" sizes=\"auto, (max-width: 725px) 100vw, 725px\" \/><\/p>\n<h2><span id=\"Oswietlenie_w_altanach_8211_jakie_wybrac\">O\u015bwietlenie w altanach &#8211; jakie wybra\u0107?<\/span><\/h2>\n<p>W o\u015bwietleniu altany ogrodowej \u015bwietnie sprawdz\u0105 si\u0119 lampy wykonane w nowoczesnej technologii lub wyposa\u017cone w \u017car\u00f3wki LED. Ich niezaprzeczalnym atutem jest wysoka energooszcz\u0119dno\u015b\u0107 oraz d\u0142uga \u017cywotno\u015b\u0107. <strong>Lampy do altany<\/strong>, kt\u00f3re b\u0119d\u0105 zdobi\u0142y nasz ogr\u00f3d, musz\u0105 by\u0107 wysoce odporne na wszelkie zanieczyszczenia, py\u0142 i kurz, oraz inne warunku zewn\u0119trzne. Ich klasa szczelno\u015bci IP powinna by\u0107 na tyle wysoka, aby nie zaszkodzi\u0142 im deszcz, \u015bnieg, upa\u0142 czy mr\u00f3z. W zale\u017cno\u015bci od naszych potrzeb mo\u017cemy zdecydowa\u0107 si\u0119 na <strong>lampy do altany ogrodowej<\/strong> wykonane z aluminium, plastiku, metalu, czy szk\u0142a, pami\u0119taj\u0105c o tym, \u017ce ten ostatni jest najmniej odporny na czynniki zewn\u0119trzne.<\/p>\n<p><img loading=\"lazy\" decoding=\"async\" class=\"wp-image-889 size-full aligncenter\" src=\"https:\/\/www.ledstyl.pl\/strefa-swiatla\/wp-content\/uploads\/2022\/07\/oswietlenie-altany-ogrodowej.jpg\" alt=\"O\u015bwietlenie altany ogrodowej\" width=\"725\" height=\"483\" srcset=\"https:\/\/www.ledstyl.pl\/strefa-swiatla\/wp-content\/uploads\/2022\/07\/oswietlenie-altany-ogrodowej.jpg 725w, https:\/\/www.ledstyl.pl\/strefa-swiatla\/wp-content\/uploads\/2022\/07\/oswietlenie-altany-ogrodowej-300x200.jpg 300w\" sizes=\"auto, (max-width: 725px) 100vw, 725px\" \/><\/p>\n<h3><span id=\"Lampy_do_altany_drewnianej\">Lampy do altany drewnianej<\/span><\/h3>\n<p>Drewniana altana, ze wzgl\u0119du na materia\u0142, z jakiego jest stworzona, roztacza wok\u00f3\u0142 siebie niezaprzeczalny urok, buduj\u0105c swojski klimat i przywodz\u0105c na my\u015bl spokojne wieczory w utopijnej wiosce z malowniczej powie\u015bci. Wykonana w tradycyjnym stylu potrzebuje odpowiedniego o\u015bwietlenia, kt\u00f3re w zale\u017cno\u015bci od potrzeb podkre\u015bla jej elegancki, czy te\u017c klasyczny styl. <strong>Lampy do altany ogrodowej<\/strong> powinny doskonale wsp\u00f3\u0142gra\u0107 z jej wygl\u0105dem, dlatego \u015bwietnym wyborem na g\u0142\u00f3wne o\u015bwietlenie b\u0119dzie tutaj <a href=\"https:\/\/www.ledstyl.pl\/kinkiet-zewnetrzny-cat-323\">kinkiet zewn\u0119trzny<\/a>. Bez problemu zbuduje on atmosfer\u0119 i nada ciep\u0142ego charakteru. Niepowtarzalny urok stylowych latarenek w odpowiadaj\u0105cym nam kszta\u0142cie oraz kolorze b\u0119dzie idealnie wsp\u00f3\u0142gra\u0142 z og\u00f3lnym wystrojem altany, pozwalaj\u0105c si\u0119 cieszy\u0107 ka\u017cd\u0105 sp\u0119dzon\u0105 w niej chwil\u0105.<\/p>\n<table style=\"width: 100%; height: 124px; border: none;\">\n<tbody>\n<tr style=\"height: 42px;\">\n<td style=\"width: 33.3333%; height: 42px;\"><a href=\"https:\/\/www.ledstyl.pl\/kinkiet-zewnetrzny-nowoczesny-cat-325\"><img loading=\"lazy\" decoding=\"async\" class=\"size-medium wp-image-291 aligncenter\" src=\"https:\/\/www.ledstyl.pl\/dane\/source\/y\/yjs.kinkiet-elewacyjny-denver-1xe27-kwadrat-czarny.jpg\" alt=\"Kinkiet zewn\u0119trzny nowoczesny\" width=\"298\" height=\"300\" \/><\/a><\/td>\n<td style=\"width: 33.3333%; height: 42px;\"><a href=\"https:\/\/www.ledstyl.pl\/kinkiet-zewnetrzny-retro-cat-326\"><img loading=\"lazy\" decoding=\"async\" class=\"size-medium wp-image-292 aligncenter\" src=\"https:\/\/www.ledstyl.pl\/dane\/source\/g\/gq0.kinkiet-elewacyjny-led-e27-retro-2.jpg\" alt=\"Kinkiet zewn\u0119trzny Retro\" width=\"298\" height=\"300\" \/><\/a><\/td>\n<td style=\"width: 33.3333%; height: 42px;\"><a href=\"https:\/\/www.ledstyl.pl\/kinkiet-zewnetrzny-gora-dol-cat-327\"><img loading=\"lazy\" decoding=\"async\" class=\"size-medium wp-image-293 aligncenter\" src=\"https:\/\/www.ledstyl.pl\/dane\/source\/9\/99b77bec948b4b83975f939202ee764c.jpg\" alt=\"Kinkiet zewn\u0119trzny g\u00f3ra d\u00f3\u0142\" width=\"298\" height=\"300\" \/><\/a><\/td>\n<\/tr>\n<tr style=\"height: 62px;\">\n<td style=\"width: 33.3333%; height: 62px; text-align: center;\"><span style=\"font-size: 12pt;\"><a href=\"https:\/\/www.ledstyl.pl\/kinkiet-zewnetrzny-nowoczesny-cat-325\"><div class=\"su-animate\" style=\"opacity:0;-webkit-animation-duration:1s;-webkit-animation-delay:0s;animation-duration:1s;animation-delay:0s;\" data-animation=\"bounceIn\" data-duration=\"1\" data-delay=\"0\"><strong>Kinkiet zewn\u0119trzny nowoczesny<\/strong><\/div><\/a><\/span><\/td>\n<td style=\"width: 33.3333%; height: 62px; text-align: center;\"><span style=\"font-size: 12pt;\"><a href=\"https:\/\/www.ledstyl.pl\/kinkiet-zewnetrzny-retro-cat-326\"><div class=\"su-animate\" style=\"opacity:0;-webkit-animation-duration:1s;-webkit-animation-delay:0s;animation-duration:1s;animation-delay:0s;\" data-animation=\"bounceIn\" data-duration=\"1\" data-delay=\"0\"><strong>Kinkiet zewn\u0119trzny Retro<\/strong><\/div><\/a><\/span><\/td>\n<td style=\"width: 33.3333%; height: 62px; text-align: center;\"><span style=\"font-size: 12pt;\"><a href=\"https:\/\/www.ledstyl.pl\/kinkiet-zewnetrzny-gora-dol-cat-327\"><div class=\"su-animate\" style=\"opacity:0;-webkit-animation-duration:1s;-webkit-animation-delay:0s;animation-duration:1s;animation-delay:0s;\" data-animation=\"bounceIn\" data-duration=\"1\" data-delay=\"0\"><strong>Kinkiet zewn\u0119trzny g\u00f3ra d\u00f3\u0142<\/strong><\/div><\/a><\/span><\/td>\n<\/tr>\n<tr style=\"height: 54px;\">\n<td style=\"width: 33.3333%; height: 18px;\"><div class=\"su-button-center\"><a href=\"https:\/\/www.ledstyl.pl\/kinkiet-zewnetrzny-nowoczesny-cat-325\" class=\"su-button su-button-style-3d\" style=\"color:#ffffff;background-color:#ef2d36;border-color:#c0242c;border-radius:50px;-moz-border-radius:50px;-webkit-border-radius:50px\" target=\"_self\" rel=\"nofollow\"><span style=\"color:#ffffff;padding:0px 24px;font-size:18px;line-height:36px;border-color:#f46c73;border-radius:50px;-moz-border-radius:50px;-webkit-border-radius:50px;text-shadow:none;-moz-text-shadow:none;-webkit-text-shadow:none\"> <b>Zobacz wi\u0119cej<\/b><\/span><\/a><\/div><\/td>\n<td style=\"width: 33.3333%; height: 18px;\"><div class=\"su-button-center\"><a href=\"https:\/\/www.ledstyl.pl\/kinkiet-zewnetrzny-retro-cat-326\" class=\"su-button su-button-style-3d\" style=\"color:#ffffff;background-color:#ef2d36;border-color:#c0242c;border-radius:50px;-moz-border-radius:50px;-webkit-border-radius:50px\" target=\"_self\" rel=\"nofollow\"><span style=\"color:#ffffff;padding:0px 24px;font-size:18px;line-height:36px;border-color:#f46c73;border-radius:50px;-moz-border-radius:50px;-webkit-border-radius:50px;text-shadow:none;-moz-text-shadow:none;-webkit-text-shadow:none\"> <b>Zobacz wi\u0119cej<\/b><\/span><\/a><\/div><\/td>\n<td style=\"width: 33.3333%; height: 18px;\">\n<p style=\"text-align: center;\"><div class=\"su-button-center\"><a href=\"https:\/\/www.ledstyl.pl\/kinkiet-zewnetrzny-gora-dol-cat-327\" class=\"su-button su-button-style-3d\" style=\"color:#ffffff;background-color:#ef2d36;border-color:#c0242c;border-radius:50px;-moz-border-radius:50px;-webkit-border-radius:50px\" target=\"_self\" rel=\"nofollow\"><span style=\"color:#ffffff;padding:0px 24px;font-size:18px;line-height:36px;border-color:#f46c73;border-radius:50px;-moz-border-radius:50px;-webkit-border-radius:50px;text-shadow:none;-moz-text-shadow:none;-webkit-text-shadow:none\"> <b>Zobacz wi\u0119cej<\/b><\/span><\/a><\/div>\n<\/td>\n<\/tr>\n<\/tbody>\n<\/table>\n<h3><span id=\"Lampy_wiszace_do_altany_ogrodowej\">Lampy wisz\u0105ce do altany ogrodowej<\/span><\/h3>\n<p>Innym typem o\u015bwietlenia b\u0119dzie <a href=\"https:\/\/www.ledstyl.pl\/lampa-ogrodowa-wiszaca-cat-292\">lampa ogrodowa wisz\u0105ca<\/a>. Odpowiedni dob\u00f3r rodzaju lampy pozwoli na dope\u0142nienie przestrzeni w naszej altanie oraz podkre\u015bli jej styl. <strong>Lampa wisz\u0105ca do altany ogrodowej<\/strong> doskonale sprawdzi si\u0119 w wielu aran\u017cacjach. B\u0119dzie pasowa\u0142a zar\u00f3wno do stylu klasycznego, jak i \u015bwietnie sprawdzi si\u0119 w nowoczesnych lub minimalistycznych wystrojach. W tych ostatnich lampa zewn\u0119trzna Retro ma mocno surowy charakter, a jej g\u0142\u00f3wnymi cechami jest minimalizm i prostota. Mo\u017cemy zatem zdecydowa\u0107 si\u0119 na Lampy wisz\u0105ce do altany ogrodowej przypominaj\u0105ce latarenki czy te\u017c postawi\u0107 na szk\u0142o, metal i prostot\u0119. Ciekaw\u0105 opcj\u0105 s\u0105 tak\u017ce p\u0142askie lampy LED. Dobrze dobrany \u017cyrandol pozwoli nam o\u015bwietli\u0107 nie tylko st\u00f3\u0142, ale tak\u017ce ka\u017cdy zakamarek naszej altany, pozwalaj\u0105c nam w pe\u0142ni korzysta\u0107 z urok\u00f3w letnich wieczor\u00f3w.<\/p>\n<table style=\"width: 33%; height: 151px; border: none;\">\n<tbody>\n<tr style=\"height: 42px;\">\n<td style=\"width: 33.3333%; height: 79px;\"><a href=\"https:\/\/www.ledstyl.pl\/lampa-ogrodowa-wiszaca-cat-292\"><img loading=\"lazy\" decoding=\"async\" class=\"size-medium wp-image-292 aligncenter\" src=\"https:\/\/www.ledstyl.pl\/dane\/source\/s\/s3j.lampa-ogrodowa-led-wiszca-e27-czarna-1.jpg\" alt=\"Lampy ogrodowe wisz\u0105ce\" width=\"298\" height=\"300\" \/><\/a><\/td>\n<\/tr>\n<tr style=\"height: 62px;\">\n<td style=\"width: 33.3333%; height: 62px; text-align: center;\"><span style=\"font-size: 12pt;\"><a href=\"https:\/\/www.ledstyl.pl\/lampa-ogrodowa-wiszaca-cat-292\"><div class=\"su-animate\" style=\"opacity:0;-webkit-animation-duration:1s;-webkit-animation-delay:0s;animation-duration:1s;animation-delay:0s;\" data-animation=\"bounceIn\" data-duration=\"1\" data-delay=\"0\"><strong>Lampy ogrodowe wisz\u0105ce<\/strong><\/div><\/a><\/span><\/td>\n<\/tr>\n<tr style=\"height: 54px;\">\n<td style=\"width: 33.3333%; height: 10px;\"><div class=\"su-button-center\"><a href=\"https:\/\/www.ledstyl.pl\/lampa-ogrodowa-wiszaca-cat-292\" class=\"su-button su-button-style-3d\" style=\"color:#ffffff;background-color:#ef2d36;border-color:#c0242c;border-radius:50px;-moz-border-radius:50px;-webkit-border-radius:50px\" target=\"_self\" rel=\"nofollow\"><span style=\"color:#ffffff;padding:0px 24px;font-size:18px;line-height:36px;border-color:#f46c73;border-radius:50px;-moz-border-radius:50px;-webkit-border-radius:50px;text-shadow:none;-moz-text-shadow:none;-webkit-text-shadow:none\"> <b>Zobacz wi\u0119cej<\/b><\/span><\/a><\/div><\/td>\n<\/tr>\n<\/tbody>\n<\/table>\n<h3><span id=\"Oswietlenie_w_nowoczesnej_altanie\">O\u015bwietlenie w nowoczesnej altanie<\/span><\/h3>\n<p>Altany zbudowane w nowoczesnym stylu cechuje minimalizm oraz prostota. Tworzone s\u0105 zgodnie z trendem \u201cim mniej, tym lepiej\u201d Surowe wyko\u0144czenie, geometryczny prosty kszta\u0142t to ich g\u0142\u00f3wne cechy. Do takiego typu budowy wa\u017cne jest odpowiednio dobrane o\u015bwietlenie, kt\u00f3re podkre\u015bli aran\u017cacj\u0119, wtapiaj\u0105c si\u0119 w ni\u0105 i nie sprawiaj\u0105c przyt\u0142aczaj\u0105cego wra\u017cenia. Idealnym wyborem do wsp\u00f3\u0142czesnej altany jest <a href=\"https:\/\/www.ledstyl.pl\/kinkiet-zewnetrzny-nowoczesny-cat-325\">kinkiet zewn\u0119trzny nowoczesny<\/a>. Materia\u0142, surowo\u015b\u0107, prostota wykonania b\u0119d\u0105 idealnym dope\u0142nieniem wystroju, a lampa stanie si\u0119 ozdob\u0105 sam\u0105 w sobie. Zastosowanie technologii LED, mo\u017cliwo\u015b\u0107 dowolnego wyboru barwy i koloru \u015bwiat\u0142a da nam niesamowite efekty. Wykorzysta\u0107 mo\u017cemy tutaj r\u00f3wnie\u017c kinkiety \u015bwiec\u0105ce w g\u00f3r\u0119 i w d\u00f3\u0142. W ten spos\u00f3b altana w stylu nowoczesnym, industrialnym czy nawet loftowym nabierze niepowtarzalnego charakteru.<\/p>\n<table style=\"width: 66%; height: 159px; border: none;\">\n<tbody>\n<tr style=\"height: 42px;\">\n<td style=\"width: 33.3333%; height: 79px;\"><a href=\"https:\/\/www.ledstyl.pl\/kinkiety-ogrodowe-nowoczesne-cat-335\"><img loading=\"lazy\" decoding=\"async\" class=\"size-medium wp-image-291 aligncenter\" src=\"https:\/\/www.ledstyl.pl\/dane\/source\/7\/78bad036-881e-4229-99a0-d7b43e89c57c.jpg\" alt=\"Kinkiety ogrodowe nowoczesne\" width=\"298\" height=\"300\" \/><\/a><\/td>\n<td style=\"width: 33.3333%; height: 79px;\"><a href=\"https:\/\/www.ledstyl.pl\/lampa-elewacyjna-nowoczesna-cat-330\"><img loading=\"lazy\" decoding=\"async\" class=\"size-medium wp-image-292 aligncenter\" src=\"https:\/\/www.ledstyl.pl\/dane\/source\/5\/5249114b-95ae-4cfc-a392-c9f32b689944.jpg\" alt=\"Lampa elewacyjna nowoczesna\" width=\"298\" height=\"300\" \/><\/a><\/td>\n<\/tr>\n<tr style=\"height: 62px;\">\n<td style=\"width: 33.3333%; height: 62px; text-align: center;\"><span style=\"font-size: 12pt;\"><a href=\"https:\/\/www.ledstyl.pl\/kinkiety-ogrodowe-nowoczesne-cat-335\"><div class=\"su-animate\" style=\"opacity:0;-webkit-animation-duration:1s;-webkit-animation-delay:0s;animation-duration:1s;animation-delay:0s;\" data-animation=\"bounceIn\" data-duration=\"1\" data-delay=\"0\"><strong>Kinkiety ogrodowe nowoczesne<\/strong><\/div><\/a><\/span><\/td>\n<td style=\"width: 33.3333%; height: 62px; text-align: center;\"><span style=\"font-size: 12pt;\"><a href=\"https:\/\/www.ledstyl.pl\/lampa-elewacyjna-nowoczesna-cat-330\"><div class=\"su-animate\" style=\"opacity:0;-webkit-animation-duration:1s;-webkit-animation-delay:0s;animation-duration:1s;animation-delay:0s;\" data-animation=\"bounceIn\" data-duration=\"1\" data-delay=\"0\"><strong>Lampa elewacyjna nowoczesna<\/strong><\/div><\/a><\/span><\/td>\n<\/tr>\n<tr style=\"height: 54px;\">\n<td style=\"width: 33.3333%; height: 18px;\"><div class=\"su-button-center\"><a href=\"https:\/\/www.ledstyl.pl\/kinkiety-ogrodowe-nowoczesne-cat-335\" class=\"su-button su-button-style-3d\" style=\"color:#ffffff;background-color:#ef2d36;border-color:#c0242c;border-radius:50px;-moz-border-radius:50px;-webkit-border-radius:50px\" target=\"_self\" rel=\"nofollow\"><span style=\"color:#ffffff;padding:0px 24px;font-size:18px;line-height:36px;border-color:#f46c73;border-radius:50px;-moz-border-radius:50px;-webkit-border-radius:50px;text-shadow:none;-moz-text-shadow:none;-webkit-text-shadow:none\"> <b>Zobacz wi\u0119cej<\/b><\/span><\/a><\/div><\/td>\n<td style=\"width: 33.3333%; height: 18px;\"><div class=\"su-button-center\"><a href=\"https:\/\/www.ledstyl.pl\/lampa-elewacyjna-nowoczesna-cat-330\" class=\"su-button su-button-style-3d\" style=\"color:#ffffff;background-color:#ef2d36;border-color:#c0242c;border-radius:50px;-moz-border-radius:50px;-webkit-border-radius:50px\" target=\"_self\" rel=\"nofollow\"><span style=\"color:#ffffff;padding:0px 24px;font-size:18px;line-height:36px;border-color:#f46c73;border-radius:50px;-moz-border-radius:50px;-webkit-border-radius:50px;text-shadow:none;-moz-text-shadow:none;-webkit-text-shadow:none\"> <b>Zobacz wi\u0119cej<\/b><\/span><\/a><\/div><\/td>\n<\/tr>\n<\/tbody>\n<\/table>\n<h3><span id=\"Lampy_ogrodowe_wokol_altany\">Lampy ogrodowe wok\u00f3\u0142 altany<\/span><\/h3>\n<p>Bardzo wa\u017cnym elementem <strong>o\u015bwietlenia altany ogrodowej<\/strong> jest r\u00f3wnie\u017c odpowiedni dob\u00f3r lamp otaczaj\u0105cych teren wok\u00f3\u0142 budynku. W tym wypadku \u015bwietnie sprawdz\u0105 si\u0119 lampy wpuszczane w kostk\u0119 lub trawnik oferuj\u0105ce niezwyk\u0142y rodzaj o\u015bwietlenia. Celnym wyborem b\u0119dzie tak\u017ce lampa ogrodowa stoj\u0105ca. Stworzy ona nastr\u00f3j, a tak\u017ce zwi\u0119kszy bezpiecze\u0144stwo, pi\u0119knie do\u015bwietlaj\u0105c \u015bcie\u017cki i teren naszego ogrodu. Wysoko\u015b\u0107 s\u0142upk\u00f3w ogrodowych waha si\u0119 mi\u0119dzy 40 cm, a 120 cm. Mog\u0105 one sta\u0107 bezpo\u015brednio na \u015bcie\u017cce lub murku, a tak\u017ce bywaj\u0105 montowane na coko\u0142ach. Ze wzgl\u0119du na to, \u017ce do ich monta\u017cu niezb\u0119dne jest poci\u0105gni\u0119cie przewod\u00f3w instalacyjnych pod ziemi\u0105, warto zasi\u0119gn\u0105\u0107 rady oraz skorzysta\u0107 z pomocy specjalisty. <a href=\"https:\/\/www.ledstyl.pl\/lampy-ogrodowe-stojace-cat-156\">Lampy ogrodowe stoj\u0105ce<\/a> wyst\u0119puj\u0105 r\u00f3wnie\u017c w dowolnych stylach, dzi\u0119ki czemu ich dob\u00f3r pod stylizacj\u0119 naszej altany nie b\u0119dzie stanowi\u0142 wi\u0119kszego problemu.<\/p>\n<table style=\"width: 100%; height: 124px; border: none;\">\n<tbody>\n<tr style=\"height: 42px;\">\n<td style=\"width: 33.3333%; height: 42px;\"><a href=\"https:\/\/www.ledstyl.pl\/lampy-ogrodowe-z-czujnikiem-cat-243\"><img loading=\"lazy\" decoding=\"async\" class=\"size-medium wp-image-291 aligncenter\" src=\"https:\/\/www.ledstyl.pl\/dane\/source\/3\/3pm.slupek-ogrodowy-80cm-malibu-z-czujnikiem-1.jpg\" alt=\"Lampy ogrodowe z czujnikiem\" width=\"298\" height=\"300\" \/><\/a><\/td>\n<td style=\"width: 33.3333%; height: 42px;\"><a href=\"https:\/\/www.ledstyl.pl\/reflektor-ogrodowy-cat-174\"><img loading=\"lazy\" decoding=\"async\" class=\"size-medium wp-image-292 aligncenter\" src=\"https:\/\/www.ledstyl.pl\/dane\/source\/4\/423e885ebac24330968cc77126cb8835.jpg\" alt=\"Reflektor ogrodowy\" width=\"298\" height=\"300\" \/><\/a><\/td>\n<td style=\"width: 33.3333%; height: 42px;\"><a href=\"https:\/\/www.ledstyl.pl\/lampy-ogrodowe-solarne-cat-287\"><img loading=\"lazy\" decoding=\"async\" class=\"size-medium wp-image-293 aligncenter\" src=\"https:\/\/www.ledstyl.pl\/dane\/source\/2\/27b7cf9298e3487a8c39ed771f7c2179.jpg\" alt=\"Lampy ogrodowe solarne\" width=\"298\" height=\"300\" \/><\/a><\/td>\n<\/tr>\n<tr style=\"height: 62px;\">\n<td style=\"width: 33.3333%; height: 62px; text-align: center;\"><span style=\"font-size: 12pt;\"><a href=\"https:\/\/www.ledstyl.pl\/lampy-ogrodowe-z-czujnikiem-cat-243\"><div class=\"su-animate\" style=\"opacity:0;-webkit-animation-duration:1s;-webkit-animation-delay:0s;animation-duration:1s;animation-delay:0s;\" data-animation=\"bounceIn\" data-duration=\"1\" data-delay=\"0\"><strong>Lampy ogrodowe z czujnikiem<\/strong><\/div><\/a><\/span><\/td>\n<td style=\"width: 33.3333%; height: 62px; text-align: center;\"><span style=\"font-size: 12pt;\"><a href=\"https:\/\/www.ledstyl.pl\/reflektor-ogrodowy-cat-174\"><div class=\"su-animate\" style=\"opacity:0;-webkit-animation-duration:1s;-webkit-animation-delay:0s;animation-duration:1s;animation-delay:0s;\" data-animation=\"bounceIn\" data-duration=\"1\" data-delay=\"0\"><strong>Reflektor ogrodowy<\/strong><\/div><\/a><\/span><\/td>\n<td style=\"width: 33.3333%; height: 62px; text-align: center;\"><span style=\"font-size: 12pt;\"><a href=\"https:\/\/www.ledstyl.pl\/lampy-ogrodowe-solarne-cat-287\"><div class=\"su-animate\" style=\"opacity:0;-webkit-animation-duration:1s;-webkit-animation-delay:0s;animation-duration:1s;animation-delay:0s;\" data-animation=\"bounceIn\" data-duration=\"1\" data-delay=\"0\"><b>Lampy ogrodowe solarne<\/b><\/div><\/a><\/span><\/td>\n<\/tr>\n<tr style=\"height: 54px;\">\n<td style=\"width: 33.3333%; height: 18px;\"><div class=\"su-button-center\"><a href=\"https:\/\/www.ledstyl.pl\/lampy-ogrodowe-z-czujnikiem-cat-243\" class=\"su-button su-button-style-3d\" style=\"color:#ffffff;background-color:#ef2d36;border-color:#c0242c;border-radius:50px;-moz-border-radius:50px;-webkit-border-radius:50px\" target=\"_self\" rel=\"nofollow\"><span style=\"color:#ffffff;padding:0px 24px;font-size:18px;line-height:36px;border-color:#f46c73;border-radius:50px;-moz-border-radius:50px;-webkit-border-radius:50px;text-shadow:none;-moz-text-shadow:none;-webkit-text-shadow:none\"> <b>Zobacz wi\u0119cej<\/b><\/span><\/a><\/div><\/td>\n<td style=\"width: 33.3333%; height: 18px;\"><div class=\"su-button-center\"><a href=\"https:\/\/www.ledstyl.pl\/reflektor-ogrodowy-cat-174\" class=\"su-button su-button-style-3d\" style=\"color:#ffffff;background-color:#ef2d36;border-color:#c0242c;border-radius:50px;-moz-border-radius:50px;-webkit-border-radius:50px\" target=\"_self\" rel=\"nofollow\"><span style=\"color:#ffffff;padding:0px 24px;font-size:18px;line-height:36px;border-color:#f46c73;border-radius:50px;-moz-border-radius:50px;-webkit-border-radius:50px;text-shadow:none;-moz-text-shadow:none;-webkit-text-shadow:none\"> <b>Zobacz wi\u0119cej<\/b><\/span><\/a><\/div><\/td>\n<td style=\"width: 33.3333%; height: 18px;\">\n<p style=\"text-align: center;\"><div class=\"su-button-center\"><a href=\"https:\/\/www.ledstyl.pl\/lampy-ogrodowe-solarne-cat-287\" class=\"su-button su-button-style-3d\" style=\"color:#ffffff;background-color:#ef2d36;border-color:#c0242c;border-radius:50px;-moz-border-radius:50px;-webkit-border-radius:50px\" target=\"_self\" rel=\"nofollow\"><span style=\"color:#ffffff;padding:0px 24px;font-size:18px;line-height:36px;border-color:#f46c73;border-radius:50px;-moz-border-radius:50px;-webkit-border-radius:50px;text-shadow:none;-moz-text-shadow:none;-webkit-text-shadow:none\"> <b>Zobacz wi\u0119cej<\/b><\/span><\/a><\/div>\n<\/td>\n<\/tr>\n<\/tbody>\n<\/table>\n<h2><span id=\"Pomysl_na_oswietlenie_altany\">Pomys\u0142 na o\u015bwietlenie altany<\/span><\/h2>\n<p>Pomys\u0142\u00f3w na <strong>o\u015bwietlenie altany<\/strong> jest niezliczona ilo\u015b\u0107. Ka\u017cdy z nas oczekuje czego\u015b innego od sposobu jej o\u015bwietlenia. Dla jednych najwy\u017cszym priorytetem jest praktyczno\u015b\u0107 i porz\u0105dne o\u015bwietlenie ka\u017cdego k\u0105ta, a dla innych b\u0119dzie liczy\u0107 si\u0119 subtelno\u015b\u0107, \u201czbudowanie atmosfery\u201d oraz intymno\u015b\u0107. Je\u015bli chcemy, by \u015bwiat\u0142o mia\u0142o funkcj\u0119 dekoracyjn\u0105, warto rozejrze\u0107 si\u0119 za girlandami \u015bwietlnymi do ogrodu, ozdobnymi latarenkami czy te\u017c figurkami z diodami LED. \u015awietnym rozwi\u0105zaniem s\u0105 tak\u017ce lampki, kt\u00f3re nie potrzebuj\u0105 przy\u0142\u0105cza do pr\u0105du, dzia\u0142aj\u0105ce na zwyk\u0142e baterie, lub takie z wbudowanymi akumulatorami, \u0142adowane za pomoc\u0105 kabla USB. Ciekawym wyborem daj\u0105cym sporo \u015bwiat\u0142a, a jednocze\u015bnie bardzo efektownym s\u0105 tak\u017ce kule ogrodowe LED.<\/p>\n<p><img loading=\"lazy\" decoding=\"async\" class=\"wp-image-891 size-full aligncenter\" src=\"https:\/\/www.ledstyl.pl\/strefa-swiatla\/wp-content\/uploads\/2022\/07\/oswietlenie-w-altanach.jpg\" alt=\"O\u015bwietlenie w altanach\" width=\"725\" height=\"484\" srcset=\"https:\/\/www.ledstyl.pl\/strefa-swiatla\/wp-content\/uploads\/2022\/07\/oswietlenie-w-altanach.jpg 725w, https:\/\/www.ledstyl.pl\/strefa-swiatla\/wp-content\/uploads\/2022\/07\/oswietlenie-w-altanach-300x200.jpg 300w\" sizes=\"auto, (max-width: 725px) 100vw, 725px\" \/><\/p>\n<h2><span id=\"Oswietlenie_solarne_do_altany\">O\u015bwietlenie solarne do altany<\/span><\/h2>\n<p>Jedn\u0105 z najciekawszych opcji, kt\u00f3r\u0105 mo\u017cemy wykorzysta\u0107 do <strong>o\u015bwietlenia altany<\/strong>, s\u0105 <a href=\"https:\/\/www.ledstyl.pl\/lampa-solarna-led-cat-26\">lampy solarne<\/a>. Ich praca opiera si\u0119 na efekcie fotowoltaicznym. Lampa solarna w altanie absorbuje energi\u0119, jak\u0105 daj\u0105 nam promienie s\u0142oneczne, a nast\u0119pnie magazynuje j\u0105 w akumulatorze. \u0141adowanie lampy w ci\u0105gu dnia pozwala na jej dzia\u0142anie w granicach od 4 do nawet 10 godzin. Czas ten jest uzale\u017cniony od pogody, jaka panuje, poniewa\u017c, wi\u0119cej energii b\u0119dzie zmagazynowane podczas s\u0142onecznego dnia ni\u017c w pochmurn\u0105 aur\u0119. O\u015bwietlenie altany bez pr\u0105du, czyli z wykorzystaniem lamp solarnych jest najbardziej energooszcz\u0119dn\u0105 form\u0105, oferuj\u0105c\u0105 ogromne oszcz\u0119dno\u015bci, kt\u00f3re na pewno zauwa\u017cymy w naszym portfelu.<\/p>\n<p><img loading=\"lazy\" decoding=\"async\" class=\"wp-image-892 aligncenter\" src=\"https:\/\/www.ledstyl.pl\/strefa-swiatla\/wp-content\/uploads\/2022\/07\/oswietlenie-solarne-do-altany-300x175.jpg\" alt=\"O\u015bwietlenie solarne do altany\" width=\"725\" height=\"424\" srcset=\"https:\/\/www.ledstyl.pl\/strefa-swiatla\/wp-content\/uploads\/2022\/07\/oswietlenie-solarne-do-altany-300x175.jpg 300w, https:\/\/www.ledstyl.pl\/strefa-swiatla\/wp-content\/uploads\/2022\/07\/oswietlenie-solarne-do-altany-1024x598.jpg 1024w, https:\/\/www.ledstyl.pl\/strefa-swiatla\/wp-content\/uploads\/2022\/07\/oswietlenie-solarne-do-altany-768x449.jpg 768w, https:\/\/www.ledstyl.pl\/strefa-swiatla\/wp-content\/uploads\/2022\/07\/oswietlenie-solarne-do-altany.jpg 1200w\" sizes=\"auto, (max-width: 725px) 100vw, 725px\" \/><\/p>\n<h3><span id=\"Lampy_solarne_do_altany\">Lampy solarne do altany<\/span><\/h3>\n<p>Lampy solarne \u015bwietnie sprawdz\u0105 si\u0119 w altanie, w kt\u00f3rej przeci\u0105gni\u0119cie instalacji elektrycznej jest bardzo utrudnione lub wr\u0119cz niemo\u017cliwe. Technologia solarna nie wymaga bowiem \u017cadnych pod\u0142\u0105cze\u0144 do sieci i jest po prostu samowystarczalna. Co za tym idzie, jest r\u00f3wnie\u017c najbardziej po\u017c\u0105dan\u0105 form\u0105 o\u015bwietlenia w\u015br\u00f3d ekolog\u00f3w oraz os\u00f3b \u017cyj\u0105cych zgodnie z najnowszymi eko trendami. W\u015br\u00f3d lamp na szczeg\u00f3ln\u0105 uwag\u0119 zas\u0142uguje <a href=\"https:\/\/www.ledstyl.pl\/kinkiet-zewnetrzny-solarny-cat-328\">kinkiet zewn\u0119trzny solarny<\/a>. Nie do\u015b\u0107, \u017ce jest \u0142atwy w monta\u017cu, oferuje rozproszone jasne \u015bwiat\u0142o, to dzi\u0119ki swojemu designowi stanie si\u0119 niebanaln\u0105 ozdob\u0105 naszej altany. W\u015br\u00f3d lamp solarnych typowo dekoracyjnych \u015bwietnie sprawdz\u0105 si\u0119 r\u00f3wnie\u017c ozdobne girlandy \u015bwietlne czy reflektory wbijane w pod\u0142o\u017ce, kt\u00f3re b\u0119dziesz m\u00f3g\u0142 zastosowa\u0107 wok\u00f3\u0142 samej altany.<\/p>\n<table style=\"width: 100%; height: 124px; border: none;\">\n<tbody>\n<tr style=\"height: 42px;\">\n<td style=\"width: 33.3333%; height: 42px;\"><a href=\"https:\/\/www.ledstyl.pl\/kinkiety-solarne-ogrodowe-cat-338\"><img loading=\"lazy\" decoding=\"async\" class=\"size-medium wp-image-291 aligncenter\" src=\"https:\/\/www.ledstyl.pl\/dane\/source\/k\/khk.lampa-elewacyjna-solarna-mino.jpg\" alt=\"Kinkiety solarne ogrodowe\" width=\"298\" height=\"300\" \/><\/a><\/td>\n<td style=\"width: 33.3333%; height: 42px;\"><a href=\"https:\/\/www.ledstyl.pl\/lampa-elewacyjna-solarna-cat-334\"><img loading=\"lazy\" decoding=\"async\" class=\"size-medium wp-image-292 aligncenter\" src=\"https:\/\/www.ledstyl.pl\/dane\/source\/e\/egt.solarna-oprawa-elewacyjna-led.jpg\" alt=\"Lampa elewacyjna solarna\" width=\"298\" height=\"300\" \/><\/a><\/td>\n<td style=\"width: 33.3333%; height: 42px;\"><a href=\"https:\/\/www.ledstyl.pl\/halogen-solarny-cat-217\"><img loading=\"lazy\" decoding=\"async\" class=\"size-medium wp-image-293 aligncenter\" src=\"https:\/\/www.ledstyl.pl\/dane\/source\/q\/qiv.naswietlacz-led-solarny-z-pilotem.jpg\" alt=\"Halogen solarny\" width=\"298\" height=\"300\" \/><\/a><\/td>\n<\/tr>\n<tr style=\"height: 62px;\">\n<td style=\"width: 33.3333%; height: 62px; text-align: center;\"><span style=\"font-size: 12pt;\"><a href=\"https:\/\/www.ledstyl.pl\/kinkiety-solarne-ogrodowe-cat-338\"><div class=\"su-animate\" style=\"opacity:0;-webkit-animation-duration:1s;-webkit-animation-delay:0s;animation-duration:1s;animation-delay:0s;\" data-animation=\"bounceIn\" data-duration=\"1\" data-delay=\"0\"><strong>Kinkiety solarne ogrodowe<\/strong><\/div><\/a><\/span><\/td>\n<td style=\"width: 33.3333%; height: 62px; text-align: center;\"><span style=\"font-size: 12pt;\"><a href=\"https:\/\/www.ledstyl.pl\/lampa-elewacyjna-solarna-cat-334\"><div class=\"su-animate\" style=\"opacity:0;-webkit-animation-duration:1s;-webkit-animation-delay:0s;animation-duration:1s;animation-delay:0s;\" data-animation=\"bounceIn\" data-duration=\"1\" data-delay=\"0\"><strong>Lampa elewacyjna solarna<\/strong><\/div><\/a><\/span><\/td>\n<td style=\"width: 33.3333%; height: 62px; text-align: center;\"><span style=\"font-size: 12pt;\"><a href=\"https:\/\/www.ledstyl.pl\/halogen-solarny-cat-217\"><div class=\"su-animate\" style=\"opacity:0;-webkit-animation-duration:1s;-webkit-animation-delay:0s;animation-duration:1s;animation-delay:0s;\" data-animation=\"bounceIn\" data-duration=\"1\" data-delay=\"0\"><b>Halogen solarny<\/b><\/div><\/a><\/span><\/td>\n<\/tr>\n<tr style=\"height: 54px;\">\n<td style=\"width: 33.3333%; height: 18px;\"><div class=\"su-button-center\"><a href=\"https:\/\/www.ledstyl.pl\/kinkiety-solarne-ogrodowe-cat-338\" class=\"su-button su-button-style-3d\" style=\"color:#ffffff;background-color:#ef2d36;border-color:#c0242c;border-radius:50px;-moz-border-radius:50px;-webkit-border-radius:50px\" target=\"_self\" rel=\"nofollow\"><span style=\"color:#ffffff;padding:0px 24px;font-size:18px;line-height:36px;border-color:#f46c73;border-radius:50px;-moz-border-radius:50px;-webkit-border-radius:50px;text-shadow:none;-moz-text-shadow:none;-webkit-text-shadow:none\"> <b>Zobacz wi\u0119cej<\/b><\/span><\/a><\/div><\/td>\n<td style=\"width: 33.3333%; height: 18px;\"><div class=\"su-button-center\"><a href=\"https:\/\/www.ledstyl.pl\/lampa-elewacyjna-solarna-cat-334\" class=\"su-button su-button-style-3d\" style=\"color:#ffffff;background-color:#ef2d36;border-color:#c0242c;border-radius:50px;-moz-border-radius:50px;-webkit-border-radius:50px\" target=\"_self\" rel=\"nofollow\"><span style=\"color:#ffffff;padding:0px 24px;font-size:18px;line-height:36px;border-color:#f46c73;border-radius:50px;-moz-border-radius:50px;-webkit-border-radius:50px;text-shadow:none;-moz-text-shadow:none;-webkit-text-shadow:none\"> <b>Zobacz wi\u0119cej<\/b><\/span><\/a><\/div><\/td>\n<td style=\"width: 33.3333%; height: 18px;\">\n<p style=\"text-align: center;\"><div class=\"su-button-center\"><a href=\"https:\/\/www.ledstyl.pl\/halogen-solarny-cat-217\" class=\"su-button su-button-style-3d\" style=\"color:#ffffff;background-color:#ef2d36;border-color:#c0242c;border-radius:50px;-moz-border-radius:50px;-webkit-border-radius:50px\" target=\"_self\" rel=\"nofollow\"><span style=\"color:#ffffff;padding:0px 24px;font-size:18px;line-height:36px;border-color:#f46c73;border-radius:50px;-moz-border-radius:50px;-webkit-border-radius:50px;text-shadow:none;-moz-text-shadow:none;-webkit-text-shadow:none\"> <b>Zobacz wi\u0119cej<\/b><\/span><\/a><\/div>\n<\/td>\n<\/tr>\n<\/tbody>\n<\/table>\n<h2><span id=\"Oswietlenie_altany_ogrodowej\">O\u015bwietlenie altany ogrodowej<\/span><\/h2>\n<p>Kwestia doboru o\u015bwietlenia jest kluczowym elementem wyko\u0144czenia aran\u017cacji ka\u017cdego obiektu. Tyczy si\u0119 to nie tylko pomieszcze\u0144 mieszkalnych, ale tak\u017ce taras\u00f3w, balkon\u00f3w czy altan ogrodowych. W altanie mo\u017cemy zastosowa\u0107 wiele rodzaj\u00f3w lamp, wybieraj\u0105c te dekoracyjne i efektowne, a tak\u017ce o\u015bwietlenie, kt\u00f3re pos\u0142u\u017cy jako g\u0142\u00f3wne \u017ar\u00f3d\u0142o \u015bwiat\u0142a. Warto wspomnie\u0107 tutaj r\u00f3wnie\u017c o mo\u017cliwo\u015bci zastosowania inteligentnego systemu sterowania czy lamp z czujnikami ruchu i zmierzchu, kt\u00f3re zaoferuj\u0105 nam pe\u0142n\u0105 kontrol\u0119 nad \u015bwiat\u0142em w altanie, a tak\u017ce przynios\u0105 dodatkowe oszcz\u0119dno\u015bci. Niezale\u017cnie od modelu <strong>lampy do altany<\/strong>, kt\u00f3r\u0105 wybierzemy, pami\u0119tajmy o tym, by pasowa\u0142a do ca\u0142o\u015bci wystroju, by\u0142a jego cz\u0119\u015bci\u0105 oraz doskonale wsp\u00f3\u0142gra\u0142a z ca\u0142o\u015bci\u0105 aran\u017cacji. <strong>O\u015bwietlenie altany ogrodowej<\/strong> podkre\u015bli wszelkie meble wyposa\u017cenie oraz dodatki, buduj\u0105c jednocze\u015bnie wyj\u0105tkowy klimat w miejscu Twojego odpoczynku.<\/p>\n","protected":false},"excerpt":{"rendered":"<p>Altana jest to budowla ogrodowa, maj\u0105ca za zadanie chroni\u0107 jej u\u017cytkownik\u00f3w przed warunkami pogodowymi. W niej niestraszne b\u0119dzie nam ani mocne s\u0142o\u0144ce, ani porywisty wiatr, czy te\u017c ulewny deszcz. Umo\u017cliwi nam odpoczynek i da chwil\u0119 wytchnienia oraz relaksu na dzia\u0142ce czy te\u017c w przydomowym ogrodzie. B\u0119dzie te\u017c doskona\u0142ym miejscem do spotka\u0144 w rodzinnym gronie czy [&hellip;]<\/p>\n","protected":false},"author":1,"featured_media":888,"comment_status":"open","ping_status":"open","sticky":false,"template":"","format":"standard","meta":{"footnotes":""},"categories":[35,17],"tags":[],"class_list":["post-886","post","type-post","status-publish","format-standard","has-post-thumbnail","hentry","category-altana","category-dom-zewnatrz","entry","has-media"],"yoast_head":"<!-- This site is optimized with the Yoast SEO plugin v17.8 - https:\/\/yoast.com\/wordpress\/plugins\/seo\/ -->\r\n<title>Lampy do altany - pomys\u0142 na o\u015bwietlenie altany - LEDstyl.pl<\/title>\r\n<meta name=\"description\" content=\"Lampy do altany mo\u017cna dzi\u015b wybiera\u0107 w\u015br\u00f3d wielu rodzaj\u00f3w i styli. Zdecyduj si\u0119 ju\u017c teraz na nowoczesne lub tradycyjne o\u015bwietlenie altany.\" \/>\r\n<meta name=\"robots\" content=\"index, follow, max-snippet:-1, max-image-preview:large, max-video-preview:-1\" \/>\r\n<link rel=\"canonical\" href=\"https:\/\/www.ledstyl.pl\/strefa-swiatla\/lampy-do-altany\/\" \/>\r\n<meta property=\"og:locale\" content=\"pl_PL\" \/>\r\n<meta property=\"og:type\" content=\"article\" \/>\r\n<meta property=\"og:title\" content=\"Lampy do altany - pomys\u0142 na o\u015bwietlenie altany - LEDstyl.pl\" \/>\r\n<meta property=\"og:description\" content=\"Lampy do altany mo\u017cna dzi\u015b wybiera\u0107 w\u015br\u00f3d wielu rodzaj\u00f3w i styli. Zdecyduj si\u0119 ju\u017c teraz na nowoczesne lub tradycyjne o\u015bwietlenie altany.\" \/>\r\n<meta property=\"og:url\" content=\"https:\/\/www.ledstyl.pl\/strefa-swiatla\/lampy-do-altany\/\" \/>\r\n<meta property=\"og:site_name\" content=\"Strefa \u015awiat\u0142a LEDstyl\" \/>\r\n<meta property=\"article:published_time\" content=\"2022-07-01T20:57:10+00:00\" \/>\r\n<meta property=\"article:modified_time\" content=\"2024-06-28T18:25:57+00:00\" \/>\r\n<meta property=\"og:image\" content=\"https:\/\/www.ledstyl.pl\/strefa-swiatla\/wp-content\/uploads\/2022\/07\/oswietlenie-altany.jpg\" \/>\r\n\t<meta property=\"og:image:width\" content=\"725\" \/>\r\n\t<meta property=\"og:image:height\" content=\"483\" \/>\r\n<meta name=\"twitter:card\" content=\"summary_large_image\" \/>\r\n<meta name=\"twitter:label1\" content=\"Napisane przez\" \/>\n\t<meta name=\"twitter:data1\" content=\"Adam Doma\u0144ski\" \/>\n\t<meta name=\"twitter:label2\" content=\"Szacowany czas czytania\" \/>\n\t<meta name=\"twitter:data2\" content=\"14 minut\" \/>\r\n<script type=\"application\/ld+json\" class=\"yoast-schema-graph\">{\"@context\":\"https:\/\/schema.org\",\"@graph\":[{\"@type\":\"Organization\",\"@id\":\"https:\/\/www.ledstyl.pl\/strefa-swiatla\/#organization\",\"name\":\"Strefa \\u015awiat\\u0142a LEDstyl.pl\",\"url\":\"https:\/\/www.ledstyl.pl\/strefa-swiatla\/\",\"sameAs\":[],\"logo\":{\"@type\":\"ImageObject\",\"@id\":\"https:\/\/www.ledstyl.pl\/strefa-swiatla\/#logo\",\"inLanguage\":\"pl-PL\",\"url\":\"https:\/\/www.ledstyl.pl\/strefa-swiatla\/wp-content\/uploads\/2021\/12\/strefa-swiatla-ledstyl.png\",\"contentUrl\":\"https:\/\/www.ledstyl.pl\/strefa-swiatla\/wp-content\/uploads\/2021\/12\/strefa-swiatla-ledstyl.png\",\"width\":1999,\"height\":1041,\"caption\":\"Strefa \\u015awiat\\u0142a LEDstyl.pl\"},\"image\":{\"@id\":\"https:\/\/www.ledstyl.pl\/strefa-swiatla\/#logo\"}},{\"@type\":\"WebSite\",\"@id\":\"https:\/\/www.ledstyl.pl\/strefa-swiatla\/#website\",\"url\":\"https:\/\/www.ledstyl.pl\/strefa-swiatla\/\",\"name\":\"Strefa \\u015awiat\\u0142a LEDstyl\",\"description\":\"\",\"publisher\":{\"@id\":\"https:\/\/www.ledstyl.pl\/strefa-swiatla\/#organization\"},\"potentialAction\":[{\"@type\":\"SearchAction\",\"target\":{\"@type\":\"EntryPoint\",\"urlTemplate\":\"https:\/\/www.ledstyl.pl\/strefa-swiatla\/?s={search_term_string}\"},\"query-input\":\"required name=search_term_string\"}],\"inLanguage\":\"pl-PL\"},{\"@type\":\"ImageObject\",\"@id\":\"https:\/\/www.ledstyl.pl\/strefa-swiatla\/lampy-do-altany\/#primaryimage\",\"inLanguage\":\"pl-PL\",\"url\":\"https:\/\/www.ledstyl.pl\/strefa-swiatla\/wp-content\/uploads\/2022\/07\/oswietlenie-altany.jpg\",\"contentUrl\":\"https:\/\/www.ledstyl.pl\/strefa-swiatla\/wp-content\/uploads\/2022\/07\/oswietlenie-altany.jpg\",\"width\":725,\"height\":483,\"caption\":\"O\\u015bwietlenie altany\"},{\"@type\":\"WebPage\",\"@id\":\"https:\/\/www.ledstyl.pl\/strefa-swiatla\/lampy-do-altany\/#webpage\",\"url\":\"https:\/\/www.ledstyl.pl\/strefa-swiatla\/lampy-do-altany\/\",\"name\":\"Lampy do altany - pomys\\u0142 na o\\u015bwietlenie altany - LEDstyl.pl\",\"isPartOf\":{\"@id\":\"https:\/\/www.ledstyl.pl\/strefa-swiatla\/#website\"},\"primaryImageOfPage\":{\"@id\":\"https:\/\/www.ledstyl.pl\/strefa-swiatla\/lampy-do-altany\/#primaryimage\"},\"datePublished\":\"2022-07-01T20:57:10+00:00\",\"dateModified\":\"2024-06-28T18:25:57+00:00\",\"description\":\"Lampy do altany mo\\u017cna dzi\\u015b wybiera\\u0107 w\\u015br\\u00f3d wielu rodzaj\\u00f3w i styli. Zdecyduj si\\u0119 ju\\u017c teraz na nowoczesne lub tradycyjne o\\u015bwietlenie altany.\",\"breadcrumb\":{\"@id\":\"https:\/\/www.ledstyl.pl\/strefa-swiatla\/lampy-do-altany\/#breadcrumb\"},\"inLanguage\":\"pl-PL\",\"potentialAction\":[{\"@type\":\"ReadAction\",\"target\":[\"https:\/\/www.ledstyl.pl\/strefa-swiatla\/lampy-do-altany\/\"]}]},{\"@type\":\"BreadcrumbList\",\"@id\":\"https:\/\/www.ledstyl.pl\/strefa-swiatla\/lampy-do-altany\/#breadcrumb\",\"itemListElement\":[{\"@type\":\"ListItem\",\"position\":1,\"name\":\"Strona g\\u0142\\u00f3wna\",\"item\":\"https:\/\/www.ledstyl.pl\/strefa-swiatla\/\"},{\"@type\":\"ListItem\",\"position\":2,\"name\":\"Lampy do altany\"}]},{\"@type\":\"Article\",\"@id\":\"https:\/\/www.ledstyl.pl\/strefa-swiatla\/lampy-do-altany\/#article\",\"isPartOf\":{\"@id\":\"https:\/\/www.ledstyl.pl\/strefa-swiatla\/lampy-do-altany\/#webpage\"},\"author\":{\"@id\":\"https:\/\/www.ledstyl.pl\/strefa-swiatla\/#\/schema\/person\/24db998bba2f9b47fe0d08101257c2ce\"},\"headline\":\"Lampy do altany\",\"datePublished\":\"2022-07-01T20:57:10+00:00\",\"dateModified\":\"2024-06-28T18:25:57+00:00\",\"mainEntityOfPage\":{\"@id\":\"https:\/\/www.ledstyl.pl\/strefa-swiatla\/lampy-do-altany\/#webpage\"},\"wordCount\":2019,\"commentCount\":0,\"publisher\":{\"@id\":\"https:\/\/www.ledstyl.pl\/strefa-swiatla\/#organization\"},\"image\":{\"@id\":\"https:\/\/www.ledstyl.pl\/strefa-swiatla\/lampy-do-altany\/#primaryimage\"},\"thumbnailUrl\":\"https:\/\/www.ledstyl.pl\/strefa-swiatla\/wp-content\/uploads\/2022\/07\/oswietlenie-altany.jpg\",\"articleSection\":[\"Altana\",\"Dom zewn\\u0105trz\"],\"inLanguage\":\"pl-PL\",\"potentialAction\":[{\"@type\":\"CommentAction\",\"name\":\"Comment\",\"target\":[\"https:\/\/www.ledstyl.pl\/strefa-swiatla\/lampy-do-altany\/#respond\"]}]},{\"@type\":\"Person\",\"@id\":\"https:\/\/www.ledstyl.pl\/strefa-swiatla\/#\/schema\/person\/24db998bba2f9b47fe0d08101257c2ce\",\"name\":\"Adam Doma\\u0144ski\",\"image\":{\"@type\":\"ImageObject\",\"@id\":\"https:\/\/www.ledstyl.pl\/strefa-swiatla\/#personlogo\",\"inLanguage\":\"pl-PL\",\"url\":\"https:\/\/secure.gravatar.com\/avatar\/391a241373e59dc1426e927c19384e8fcbeb32e3ba2277184170aa780b80359e?s=96&d=mm&r=g\",\"contentUrl\":\"https:\/\/secure.gravatar.com\/avatar\/391a241373e59dc1426e927c19384e8fcbeb32e3ba2277184170aa780b80359e?s=96&d=mm&r=g\",\"caption\":\"Adam Doma\\u0144ski\"},\"sameAs\":[\"https:\/\/www.ledstyl.pl\/strefa-swiatla\"],\"url\":\"https:\/\/www.ledstyl.pl\/strefa-swiatla\/author\/projektleds\/\"}]}<\/script>\r\n<!-- \/ Yoast SEO plugin. -->","yoast_head_json":{"title":"Lampy do altany - pomys\u0142 na o\u015bwietlenie altany - LEDstyl.pl","description":"Lampy do altany mo\u017cna dzi\u015b wybiera\u0107 w\u015br\u00f3d wielu rodzaj\u00f3w i styli. Zdecyduj si\u0119 ju\u017c teraz na nowoczesne lub tradycyjne o\u015bwietlenie altany.","robots":{"index":"index","follow":"follow","max-snippet":"max-snippet:-1","max-image-preview":"max-image-preview:large","max-video-preview":"max-video-preview:-1"},"canonical":"https:\/\/www.ledstyl.pl\/strefa-swiatla\/lampy-do-altany\/","og_locale":"pl_PL","og_type":"article","og_title":"Lampy do altany - pomys\u0142 na o\u015bwietlenie altany - LEDstyl.pl","og_description":"Lampy do altany mo\u017cna dzi\u015b wybiera\u0107 w\u015br\u00f3d wielu rodzaj\u00f3w i styli. Zdecyduj si\u0119 ju\u017c teraz na nowoczesne lub tradycyjne o\u015bwietlenie altany.","og_url":"https:\/\/www.ledstyl.pl\/strefa-swiatla\/lampy-do-altany\/","og_site_name":"Strefa \u015awiat\u0142a LEDstyl","article_published_time":"2022-07-01T20:57:10+00:00","article_modified_time":"2024-06-28T18:25:57+00:00","og_image":[{"width":725,"height":483,"url":"https:\/\/www.ledstyl.pl\/strefa-swiatla\/wp-content\/uploads\/2022\/07\/oswietlenie-altany.jpg","type":"image\/jpeg"}],"twitter_card":"summary_large_image","twitter_misc":{"Napisane przez":"Adam Doma\u0144ski","Szacowany czas czytania":"14 minut"},"schema":{"@context":"https:\/\/schema.org","@graph":[{"@type":"Organization","@id":"https:\/\/www.ledstyl.pl\/strefa-swiatla\/#organization","name":"Strefa \u015awiat\u0142a LEDstyl.pl","url":"https:\/\/www.ledstyl.pl\/strefa-swiatla\/","sameAs":[],"logo":{"@type":"ImageObject","@id":"https:\/\/www.ledstyl.pl\/strefa-swiatla\/#logo","inLanguage":"pl-PL","url":"https:\/\/www.ledstyl.pl\/strefa-swiatla\/wp-content\/uploads\/2021\/12\/strefa-swiatla-ledstyl.png","contentUrl":"https:\/\/www.ledstyl.pl\/strefa-swiatla\/wp-content\/uploads\/2021\/12\/strefa-swiatla-ledstyl.png","width":1999,"height":1041,"caption":"Strefa \u015awiat\u0142a LEDstyl.pl"},"image":{"@id":"https:\/\/www.ledstyl.pl\/strefa-swiatla\/#logo"}},{"@type":"WebSite","@id":"https:\/\/www.ledstyl.pl\/strefa-swiatla\/#website","url":"https:\/\/www.ledstyl.pl\/strefa-swiatla\/","name":"Strefa \u015awiat\u0142a LEDstyl","description":"","publisher":{"@id":"https:\/\/www.ledstyl.pl\/strefa-swiatla\/#organization"},"potentialAction":[{"@type":"SearchAction","target":{"@type":"EntryPoint","urlTemplate":"https:\/\/www.ledstyl.pl\/strefa-swiatla\/?s={search_term_string}"},"query-input":"required name=search_term_string"}],"inLanguage":"pl-PL"},{"@type":"ImageObject","@id":"https:\/\/www.ledstyl.pl\/strefa-swiatla\/lampy-do-altany\/#primaryimage","inLanguage":"pl-PL","url":"https:\/\/www.ledstyl.pl\/strefa-swiatla\/wp-content\/uploads\/2022\/07\/oswietlenie-altany.jpg","contentUrl":"https:\/\/www.ledstyl.pl\/strefa-swiatla\/wp-content\/uploads\/2022\/07\/oswietlenie-altany.jpg","width":725,"height":483,"caption":"O\u015bwietlenie altany"},{"@type":"WebPage","@id":"https:\/\/www.ledstyl.pl\/strefa-swiatla\/lampy-do-altany\/#webpage","url":"https:\/\/www.ledstyl.pl\/strefa-swiatla\/lampy-do-altany\/","name":"Lampy do altany - pomys\u0142 na o\u015bwietlenie altany - LEDstyl.pl","isPartOf":{"@id":"https:\/\/www.ledstyl.pl\/strefa-swiatla\/#website"},"primaryImageOfPage":{"@id":"https:\/\/www.ledstyl.pl\/strefa-swiatla\/lampy-do-altany\/#primaryimage"},"datePublished":"2022-07-01T20:57:10+00:00","dateModified":"2024-06-28T18:25:57+00:00","description":"Lampy do altany mo\u017cna dzi\u015b wybiera\u0107 w\u015br\u00f3d wielu rodzaj\u00f3w i styli. Zdecyduj si\u0119 ju\u017c teraz na nowoczesne lub tradycyjne o\u015bwietlenie altany.","breadcrumb":{"@id":"https:\/\/www.ledstyl.pl\/strefa-swiatla\/lampy-do-altany\/#breadcrumb"},"inLanguage":"pl-PL","potentialAction":[{"@type":"ReadAction","target":["https:\/\/www.ledstyl.pl\/strefa-swiatla\/lampy-do-altany\/"]}]},{"@type":"BreadcrumbList","@id":"https:\/\/www.ledstyl.pl\/strefa-swiatla\/lampy-do-altany\/#breadcrumb","itemListElement":[{"@type":"ListItem","position":1,"name":"Strona g\u0142\u00f3wna","item":"https:\/\/www.ledstyl.pl\/strefa-swiatla\/"},{"@type":"ListItem","position":2,"name":"Lampy do altany"}]},{"@type":"Article","@id":"https:\/\/www.ledstyl.pl\/strefa-swiatla\/lampy-do-altany\/#article","isPartOf":{"@id":"https:\/\/www.ledstyl.pl\/strefa-swiatla\/lampy-do-altany\/#webpage"},"author":{"@id":"https:\/\/www.ledstyl.pl\/strefa-swiatla\/#\/schema\/person\/24db998bba2f9b47fe0d08101257c2ce"},"headline":"Lampy do altany","datePublished":"2022-07-01T20:57:10+00:00","dateModified":"2024-06-28T18:25:57+00:00","mainEntityOfPage":{"@id":"https:\/\/www.ledstyl.pl\/strefa-swiatla\/lampy-do-altany\/#webpage"},"wordCount":2019,"commentCount":0,"publisher":{"@id":"https:\/\/www.ledstyl.pl\/strefa-swiatla\/#organization"},"image":{"@id":"https:\/\/www.ledstyl.pl\/strefa-swiatla\/lampy-do-altany\/#primaryimage"},"thumbnailUrl":"https:\/\/www.ledstyl.pl\/strefa-swiatla\/wp-content\/uploads\/2022\/07\/oswietlenie-altany.jpg","articleSection":["Altana","Dom zewn\u0105trz"],"inLanguage":"pl-PL","potentialAction":[{"@type":"CommentAction","name":"Comment","target":["https:\/\/www.ledstyl.pl\/strefa-swiatla\/lampy-do-altany\/#respond"]}]},{"@type":"Person","@id":"https:\/\/www.ledstyl.pl\/strefa-swiatla\/#\/schema\/person\/24db998bba2f9b47fe0d08101257c2ce","name":"Adam Doma\u0144ski","image":{"@type":"ImageObject","@id":"https:\/\/www.ledstyl.pl\/strefa-swiatla\/#personlogo","inLanguage":"pl-PL","url":"https:\/\/secure.gravatar.com\/avatar\/391a241373e59dc1426e927c19384e8fcbeb32e3ba2277184170aa780b80359e?s=96&d=mm&r=g","contentUrl":"https:\/\/secure.gravatar.com\/avatar\/391a241373e59dc1426e927c19384e8fcbeb32e3ba2277184170aa780b80359e?s=96&d=mm&r=g","caption":"Adam Doma\u0144ski"},"sameAs":["https:\/\/www.ledstyl.pl\/strefa-swiatla"],"url":"https:\/\/www.ledstyl.pl\/strefa-swiatla\/author\/projektleds\/"}]}},"_links":{"self":[{"href":"https:\/\/www.ledstyl.pl\/strefa-swiatla\/wp-json\/wp\/v2\/posts\/886","targetHints":{"allow":["GET"]}}],"collection":[{"href":"https:\/\/www.ledstyl.pl\/strefa-swiatla\/wp-json\/wp\/v2\/posts"}],"about":[{"href":"https:\/\/www.ledstyl.pl\/strefa-swiatla\/wp-json\/wp\/v2\/types\/post"}],"author":[{"embeddable":true,"href":"https:\/\/www.ledstyl.pl\/strefa-swiatla\/wp-json\/wp\/v2\/users\/1"}],"replies":[{"embeddable":true,"href":"https:\/\/www.ledstyl.pl\/strefa-swiatla\/wp-json\/wp\/v2\/comments?post=886"}],"version-history":[{"count":7,"href":"https:\/\/www.ledstyl.pl\/strefa-swiatla\/wp-json\/wp\/v2\/posts\/886\/revisions"}],"predecessor-version":[{"id":1300,"href":"https:\/\/www.ledstyl.pl\/strefa-swiatla\/wp-json\/wp\/v2\/posts\/886\/revisions\/1300"}],"wp:featuredmedia":[{"embeddable":true,"href":"https:\/\/www.ledstyl.pl\/strefa-swiatla\/wp-json\/wp\/v2\/media\/888"}],"wp:attachment":[{"href":"https:\/\/www.ledstyl.pl\/strefa-swiatla\/wp-json\/wp\/v2\/media?parent=886"}],"wp:term":[{"taxonomy":"category","embeddable":true,"href":"https:\/\/www.ledstyl.pl\/strefa-swiatla\/wp-json\/wp\/v2\/categories?post=886"},{"taxonomy":"post_tag","embeddable":true,"href":"https:\/\/www.ledstyl.pl\/strefa-swiatla\/wp-json\/wp\/v2\/tags?post=886"}],"curies":[{"name":"wp","href":"https:\/\/api.w.org\/{rel}","templated":true}]}}