{"id":897,"date":"2022-07-02T14:38:15","date_gmt":"2022-07-02T12:38:15","guid":{"rendered":"https:\/\/www.ledstyl.pl\/strefa-swiatla\/?p=897"},"modified":"2024-06-28T20:20:37","modified_gmt":"2024-06-28T18:20:37","slug":"oswietlenie-tarasu","status":"publish","type":"post","link":"https:\/\/www.ledstyl.pl\/strefa-swiatla\/oswietlenie-tarasu\/","title":{"rendered":"O\u015bwietlenie tarasu"},"content":{"rendered":"<p>Taras to budowla b\u0119d\u0105ca przej\u015bciem pomi\u0119dzy domem a ogrodem. Pe\u0142ni on funkcj\u0119 typowo wypoczynkow\u0105. Odpowiednio urz\u0105dzony taras staje si\u0119 stref\u0105 relaksu, wyciszenia czy miejscem idealnym do sp\u0119dzania czasu z przyjaci\u00f3\u0142mi oraz rodzin\u0105. Taras, jak ka\u017cda inna budowla, stworzony jest wed\u0142ug konkretnego projektu, wykreowanego wedle pomys\u0142u i gustu jego przysz\u0142ego u\u017cytkownika. Aran\u017cacja tarasu jest uzale\u017cniona od stylu, w kt\u00f3rym zostanie on wykonany, a co za tym idzie ca\u0142e wyposa\u017cenie, wystr\u00f3j oraz dodatki musz\u0105 ze sob\u0105 idealnie wsp\u00f3\u0142gra\u0107. Zwie\u0144czeniem projektu tarasu jest niew\u0105tpliwie odpowiednio dobrane o\u015bwietlenie, kt\u00f3re pr\u00f3cz funkcji dekoracyjnej powinno by\u0107 tak\u017ce praktyczne.<\/p>\n<p><img loading=\"lazy\" decoding=\"async\" class=\"wp-image-899 size-full aligncenter\" src=\"https:\/\/www.ledstyl.pl\/strefa-swiatla\/wp-content\/uploads\/2022\/07\/oswietlenie-tarasu.jpg\" alt=\"O\u015bwietlenie tarasu\" width=\"760\" height=\"471\" srcset=\"https:\/\/www.ledstyl.pl\/strefa-swiatla\/wp-content\/uploads\/2022\/07\/oswietlenie-tarasu.jpg 760w, https:\/\/www.ledstyl.pl\/strefa-swiatla\/wp-content\/uploads\/2022\/07\/oswietlenie-tarasu-300x186.jpg 300w\" sizes=\"auto, (max-width: 760px) 100vw, 760px\" \/><\/p>\n<div id=\"toc_container\" class=\"toc_white no_bullets\"><p class=\"toc_title\">Spis tre\u015bci<\/p><ul class=\"toc_list\"><li><a href=\"#Podswietlenie_tarasu_8211_czy_to_dobry_pomysl\"><span class=\"toc_number toc_depth_1\">1<\/span> Pod\u015bwietlenie tarasu &#8211; czy to dobry pomys\u0142?<\/a><\/li><li><a href=\"#Lampy_na_taras\"><span class=\"toc_number toc_depth_1\">2<\/span> Lampy na taras<\/a><ul><li><a href=\"#Lampy_na_taras_stojace\"><span class=\"toc_number toc_depth_2\">2.1<\/span> Lampy na taras stoj\u0105ce<\/a><\/li><li><a href=\"#Lampy_na_taras_sufitowe\"><span class=\"toc_number toc_depth_2\">2.2<\/span> Lampy na taras sufitowe<\/a><\/li><li><a href=\"#Lampy_na_taras_na_sciane\"><span class=\"toc_number toc_depth_2\">2.3<\/span> Lampy na taras na \u015bcian\u0119<\/a><\/li><li><a href=\"#Lampy_na_taras_wiszace\"><span class=\"toc_number toc_depth_2\">2.4<\/span> Lampy na taras wisz\u0105ce<\/a><\/li><li><a href=\"#Girlanda_na_taras\"><span class=\"toc_number toc_depth_2\">2.5<\/span> Girlanda na taras<\/a><\/li><li><a href=\"#Lampy_zewnetrzne_na_taras_z_czujnikiem_ruchu_lub_zmierzchu\"><span class=\"toc_number toc_depth_2\">2.6<\/span> Lampy zewn\u0119trzne na taras z czujnikiem ruchu lub zmierzchu<\/a><\/li><\/ul><\/li><li><a href=\"#Oswietlenie_tarasu_LED\"><span class=\"toc_number toc_depth_1\">3<\/span> O\u015bwietlenie tarasu LED<\/a><\/li><li><a href=\"#Nowoczesne_oswietlenie_tarasu\"><span class=\"toc_number toc_depth_1\">4<\/span> Nowoczesne o\u015bwietlenie tarasu<\/a><ul><li><a href=\"#Nowoczesne_lampy_na_taras\"><span class=\"toc_number toc_depth_2\">4.1<\/span> Nowoczesne lampy na taras<\/a><\/li><\/ul><\/li><li><a href=\"#Oswietlenie_solarne_na_taras\"><span class=\"toc_number toc_depth_1\">5<\/span> O\u015bwietlenie solarne na taras<\/a><\/li><li><a href=\"#Oswietlenie_zewnetrzne_tarasu\"><span class=\"toc_number toc_depth_1\">6<\/span> O\u015bwietlenie zewn\u0119trzne tarasu<\/a><\/li><\/ul><\/div>\n<h2><span id=\"Podswietlenie_tarasu_8211_czy_to_dobry_pomysl\">Pod\u015bwietlenie tarasu &#8211; czy to dobry pomys\u0142?<\/span><\/h2>\n<p><strong>Pod\u015bwietlenie tarasu<\/strong> mo\u017cna powiedzie\u0107, \u017ce jest wr\u0119cz konieczno\u015bci\u0105. Nikt z nas przecie\u017c nie lubi siedzie\u0107 w ciemno\u015bciach. Odpowiednio dobrane <strong>lampy na taras<\/strong> pozwol\u0105 nam uzupe\u0142ni\u0107 jego wystr\u00f3j i zapewni\u0107 porz\u0105dne funkcyjne o\u015bwietlenie ka\u017cdego zakamarka. O\u015bwietlenie odpowiada za atmosfer\u0119 danego miejsca. Na tarasie warto postawi\u0107 na kilka \u017ar\u00f3de\u0142 \u015bwiat\u0142a. Najlepiej, aby pe\u0142ni\u0142y funkcje dekoracyjne, ale by\u0142y tak\u017ce praktyczne i pozwala\u0142y nam na przeczytanie ksi\u0105\u017cki, czy wsp\u00f3lne sp\u0119dzenie czasu razem z przyjaci\u00f3\u0142mi. O\u015bwietlenie tarasu najlepiej zaplanowa\u0107 ju\u017c w momencie tworzenia projektu, tak by wszystko mog\u0142o ze sob\u0105 idealnie wsp\u00f3\u0142gra\u0107.<\/p>\n<p><img loading=\"lazy\" decoding=\"async\" class=\"wp-image-900 size-full aligncenter\" src=\"https:\/\/www.ledstyl.pl\/strefa-swiatla\/wp-content\/uploads\/2022\/07\/lampy-na-taras.jpg\" alt=\"Lampy na taras\" width=\"760\" height=\"468\" srcset=\"https:\/\/www.ledstyl.pl\/strefa-swiatla\/wp-content\/uploads\/2022\/07\/lampy-na-taras.jpg 760w, https:\/\/www.ledstyl.pl\/strefa-swiatla\/wp-content\/uploads\/2022\/07\/lampy-na-taras-300x185.jpg 300w\" sizes=\"auto, (max-width: 760px) 100vw, 760px\" \/><\/p>\n<h2><span id=\"Lampy_na_taras\">Lampy na taras<\/span><\/h2>\n<p>Na rynku o\u015bwietleniowym producenci wr\u0119cz prze\u015bcigaj\u0105 si\u0119 w pomys\u0142ach na r\u00f3\u017cnego rodzaju <strong>lampy tarasowe<\/strong>. Mo\u017cemy wybiera\u0107 do woli w\u015br\u00f3d niezliczonych ilo\u015bci kszta\u0142t\u00f3w, materia\u0142\u00f3w i kolor\u00f3w, a w efekcie ka\u017cdy z nas idealnie dopasuje o\u015bwietlenie do stylu swojego tarasu. Przy wyborze o\u015bwietlenia musimy pami\u0119ta\u0107 o tym, by dana lampa posiada\u0142a wysok\u0105 klas\u0119 szczelno\u015bci IP, kt\u00f3ra jest wyznacznikiem jej odporno\u015bci na warunki zewn\u0119trzne. Mianowicie ka\u017cde <strong>o\u015bwietlenie tarasu<\/strong> powinno by\u0107 odporne na wilgo\u0107, py\u0142, kurz, oraz inne warunki atmosferyczne takie jak deszcz, \u015bnieg, czy wiatr. \u015awiat\u0142o powinno by\u0107 rozproszone, poniewa\u017c zapewni wysoki komfort u\u017cytkownikom tarasu. Je\u015bli chodzi o jego barw\u0119, w przypadku nowoczesnej technologii LED mamy do wyboru a\u017c trzy podstawowe: ciep\u0142\u0105, neutraln\u0105 lub zimn\u0105. Jako o\u015bwietlenie tarasu najcz\u0119\u015bciej wykorzystuje si\u0119 \u015bwiat\u0142o ciep\u0142e o pomara\u0144czowym odcieniu b\u0105d\u017a neutralne, kt\u00f3re wyr\u00f3\u017cnia si\u0119 typow\u0105 biel\u0105.<\/p>\n<p><img loading=\"lazy\" decoding=\"async\" class=\"wp-image-901 size-full aligncenter\" src=\"https:\/\/www.ledstyl.pl\/strefa-swiatla\/wp-content\/uploads\/2022\/07\/nowoczesne-oswietlenie-tarasu.jpg\" alt=\"Nowoczesne o\u015bwietlenie tarasu\" width=\"600\" height=\"376\" srcset=\"https:\/\/www.ledstyl.pl\/strefa-swiatla\/wp-content\/uploads\/2022\/07\/nowoczesne-oswietlenie-tarasu.jpg 600w, https:\/\/www.ledstyl.pl\/strefa-swiatla\/wp-content\/uploads\/2022\/07\/nowoczesne-oswietlenie-tarasu-300x188.jpg 300w\" sizes=\"auto, (max-width: 600px) 100vw, 600px\" \/><\/p>\n<h3><span id=\"Lampy_na_taras_stojace\">Lampy na taras stoj\u0105ce<\/span><\/h3>\n<p>W\u015br\u00f3d szerokiego wyboru lamp, kt\u00f3re mo\u017cemy wykorzysta\u0107 na tarasie, warto zwr\u00f3ci\u0107 uwag\u0119 na lampy stoj\u0105ce. Doskona\u0142ym wyborem do o\u015bwietlenia tarasu bardzo cz\u0119sto jest w\u0142a\u015bnie <a href=\"https:\/\/www.ledstyl.pl\/lampy-ogrodowe-stojace-cat-156\">lampa ogrodowa stoj\u0105ca<\/a>. Pi\u0119knie o\u015bwietli \u015bcie\u017cki oraz teren wok\u00f3\u0142 naszego tarasu. <strong>Lampy na taras<\/strong> stoj\u0105ce mo\u017cemy wybiera\u0107 w\u015br\u00f3d wielu modeli. Dzi\u015b dost\u0119pne s\u0105 typowe lampy ogrodowe s\u0142upkowe, kulowe, a tak\u017ce te przypominaj\u0105ce latarnie ogrodowe. Tak du\u017cy wyb\u00f3r sprawia, \u017ce niezale\u017cnie od stylu, w jakim urz\u0105dzimy przestrze\u0144, \u0142atwo b\u0119dzie dobra\u0107 nam do niej odpowiednie o\u015bwietlenie. Ogrodowe latarnie i ma\u0142e urocze latarenki \u015bwietnie sprawdz\u0105 si\u0119 w klasycznym wystroju lub b\u0119d\u0105 idealnym uzupe\u0142nieniem aran\u017cacji Retro. Kule \u015bwietlne oraz lampy o prostych, minimalistycznych kszta\u0142tach podkre\u015bl\u0105 nowoczesny lub industrialny styl, w jakim zosta\u0142 zaprojektowany taras.<\/p>\n<table style=\"width: 100%; height: 124px; border: none;\">\n<tbody>\n<tr style=\"height: 42px;\">\n<td style=\"width: 33.3333%; height: 42px;\"><a href=\"https:\/\/www.ledstyl.pl\/lampy-ogrodowe-z-czujnikiem-cat-243\"><img loading=\"lazy\" decoding=\"async\" class=\"size-medium wp-image-291 aligncenter\" src=\"https:\/\/www.ledstyl.pl\/dane\/source\/3\/3pm.slupek-ogrodowy-80cm-malibu-z-czujnikiem-1.jpg\" alt=\"Lampy ogrodowe z czujnikiem\" width=\"298\" height=\"300\" \/><\/a><\/td>\n<td style=\"width: 33.3333%; height: 42px;\"><a href=\"https:\/\/www.ledstyl.pl\/reflektor-ogrodowy-cat-174\"><img loading=\"lazy\" decoding=\"async\" class=\"size-medium wp-image-292 aligncenter\" src=\"https:\/\/www.ledstyl.pl\/dane\/source\/4\/423e885ebac24330968cc77126cb8835.jpg\" alt=\"Reflektor ogrodowy\" width=\"298\" height=\"300\" \/><\/a><\/td>\n<td style=\"width: 33.3333%; height: 42px;\"><a href=\"https:\/\/www.ledstyl.pl\/lampy-ogrodowe-solarne-cat-287\"><img loading=\"lazy\" decoding=\"async\" class=\"size-medium wp-image-293 aligncenter\" src=\"https:\/\/www.ledstyl.pl\/dane\/source\/2\/27b7cf9298e3487a8c39ed771f7c2179.jpg\" alt=\"Lampy ogrodowe solarne\" width=\"298\" height=\"300\" \/><\/a><\/td>\n<\/tr>\n<tr style=\"height: 62px;\">\n<td style=\"width: 33.3333%; height: 62px; text-align: center;\"><span style=\"font-size: 12pt;\"><a href=\"https:\/\/www.ledstyl.pl\/lampy-ogrodowe-z-czujnikiem-cat-243\"><div class=\"su-animate\" style=\"opacity:0;-webkit-animation-duration:1s;-webkit-animation-delay:0s;animation-duration:1s;animation-delay:0s;\" data-animation=\"bounceIn\" data-duration=\"1\" data-delay=\"0\"><strong>Lampy ogrodowe z czujnikiem<\/strong><\/div><\/a><\/span><\/td>\n<td style=\"width: 33.3333%; height: 62px; text-align: center;\"><span style=\"font-size: 12pt;\"><a href=\"https:\/\/www.ledstyl.pl\/reflektor-ogrodowy-cat-174\"><div class=\"su-animate\" style=\"opacity:0;-webkit-animation-duration:1s;-webkit-animation-delay:0s;animation-duration:1s;animation-delay:0s;\" data-animation=\"bounceIn\" data-duration=\"1\" data-delay=\"0\"><strong>Reflektor ogrodowy<\/strong><\/div><\/a><\/span><\/td>\n<td style=\"width: 33.3333%; height: 62px; text-align: center;\"><span style=\"font-size: 12pt;\"><a href=\"https:\/\/www.ledstyl.pl\/lampy-ogrodowe-solarne-cat-287\"><div class=\"su-animate\" style=\"opacity:0;-webkit-animation-duration:1s;-webkit-animation-delay:0s;animation-duration:1s;animation-delay:0s;\" data-animation=\"bounceIn\" data-duration=\"1\" data-delay=\"0\"><b>Lampy ogrodowe solarne<\/b><\/div><\/a><\/span><\/td>\n<\/tr>\n<tr style=\"height: 54px;\">\n<td style=\"width: 33.3333%; height: 18px;\"><div class=\"su-button-center\"><a href=\"https:\/\/www.ledstyl.pl\/lampy-ogrodowe-z-czujnikiem-cat-243\" class=\"su-button su-button-style-3d\" style=\"color:#ffffff;background-color:#ef2d36;border-color:#c0242c;border-radius:50px;-moz-border-radius:50px;-webkit-border-radius:50px\" target=\"_self\" rel=\"nofollow\"><span style=\"color:#ffffff;padding:0px 24px;font-size:18px;line-height:36px;border-color:#f46c73;border-radius:50px;-moz-border-radius:50px;-webkit-border-radius:50px;text-shadow:none;-moz-text-shadow:none;-webkit-text-shadow:none\"> <b>Zobacz wi\u0119cej<\/b><\/span><\/a><\/div><\/td>\n<td style=\"width: 33.3333%; height: 18px;\"><div class=\"su-button-center\"><a href=\"https:\/\/www.ledstyl.pl\/reflektor-ogrodowy-cat-174\" class=\"su-button su-button-style-3d\" style=\"color:#ffffff;background-color:#ef2d36;border-color:#c0242c;border-radius:50px;-moz-border-radius:50px;-webkit-border-radius:50px\" target=\"_self\" rel=\"nofollow\"><span style=\"color:#ffffff;padding:0px 24px;font-size:18px;line-height:36px;border-color:#f46c73;border-radius:50px;-moz-border-radius:50px;-webkit-border-radius:50px;text-shadow:none;-moz-text-shadow:none;-webkit-text-shadow:none\"> <b>Zobacz wi\u0119cej<\/b><\/span><\/a><\/div><\/td>\n<td style=\"width: 33.3333%; height: 18px;\">\n<p style=\"text-align: center;\"><div class=\"su-button-center\"><a href=\"https:\/\/www.ledstyl.pl\/lampy-ogrodowe-solarne-cat-287\" class=\"su-button su-button-style-3d\" style=\"color:#ffffff;background-color:#ef2d36;border-color:#c0242c;border-radius:50px;-moz-border-radius:50px;-webkit-border-radius:50px\" target=\"_self\" rel=\"nofollow\"><span style=\"color:#ffffff;padding:0px 24px;font-size:18px;line-height:36px;border-color:#f46c73;border-radius:50px;-moz-border-radius:50px;-webkit-border-radius:50px;text-shadow:none;-moz-text-shadow:none;-webkit-text-shadow:none\"> <b>Zobacz wi\u0119cej<\/b><\/span><\/a><\/div>\n<\/td>\n<\/tr>\n<\/tbody>\n<\/table>\n<h3><span id=\"Lampy_na_taras_sufitowe\">Lampy na taras sufitowe<\/span><\/h3>\n<p>Lampy sufitowe nie zabieraj\u0105 cennego miejsca na pod\u0142odze, zw\u0142aszcza w przypadku ma\u0142ych taras\u00f3w. S\u0105 ciekawe wizualnie, a ponadto daj\u0105 nam du\u017co \u015bwiat\u0142a, pozwalaj\u0105c na porz\u0105dne o\u015bwietlenie ka\u017cdego zakamarka naszej budowli. Mo\u017cemy zamontowa\u0107 je na pergoli lub zadaszeniu tarasu. Dzi\u0119ki ich r\u00f3\u017cnorodno\u015bci \u0142atwo dopasujemy lamp\u0119 sufitow\u0105 do wystroju naszego domu. <strong>Lampy na taras sufitowe<\/strong> b\u0119d\u0105 niezast\u0105pionym o\u015bwietleniem podczas imprez i spotka\u0144 w gronie przyjaci\u00f3\u0142. W\u015br\u00f3d ich wielu modeli bardzo popularne s\u0105 dzi\u015b zewn\u0119trzne <a href=\"https:\/\/www.ledstyl.pl\/halogeny-natynkowe-cat-84\">halogeny natynkowe<\/a>, kt\u00f3re b\u0119dziemy mogli wykorzysta\u0107 jako og\u00f3lne o\u015bwietlenie b\u0105d\u017a ukierunkowa\u0107 ich strumie\u0144 \u015bwiat\u0142a na wybrane aran\u017cacje. Tego rodzaju oprawy najcz\u0119\u015bciej wyst\u0119puj\u0105 w formie kwadratu lub okr\u0119gu. Ich monta\u017c nie jest trudny, nie wymaga wiercenia \u017cadnych otwor\u00f3w w suficie, a tego rodzaju lampy zamocujemy bezpo\u015brednio na zadaszeniu tarasu.<\/p>\n<table style=\"width: 33%; height: 151px; border: none;\">\n<tbody>\n<tr style=\"height: 42px;\">\n<td style=\"width: 33.3333%; height: 79px;\"><a href=\"https:\/\/www.ledstyl.pl\/halogeny-natynkowe-cat-84\"><img loading=\"lazy\" decoding=\"async\" class=\"size-medium wp-image-292 aligncenter\" src=\"https:\/\/www.ledstyl.pl\/dane\/source\/8\/8208451dedcc4c4faf5a41039c9b3feb.jpg\" alt=\"Halogeny natynkowe\" width=\"298\" height=\"300\" \/><\/a><\/td>\n<\/tr>\n<tr style=\"height: 62px;\">\n<td style=\"width: 33.3333%; height: 62px; text-align: center;\"><span style=\"font-size: 12pt;\"><a href=\"https:\/\/www.ledstyl.pl\/halogeny-natynkowe-cat-84\"><div class=\"su-animate\" style=\"opacity:0;-webkit-animation-duration:1s;-webkit-animation-delay:0s;animation-duration:1s;animation-delay:0s;\" data-animation=\"bounceIn\" data-duration=\"1\" data-delay=\"0\"><strong>Halogen natynkowy<\/strong><\/div><\/a><\/span><\/td>\n<\/tr>\n<tr style=\"height: 54px;\">\n<td style=\"width: 33.3333%; height: 10px;\"><div class=\"su-button-center\"><a href=\"https:\/\/www.ledstyl.pl\/halogeny-natynkowe-cat-84\" class=\"su-button su-button-style-3d\" style=\"color:#ffffff;background-color:#ef2d36;border-color:#c0242c;border-radius:50px;-moz-border-radius:50px;-webkit-border-radius:50px\" target=\"_self\" rel=\"nofollow\"><span style=\"color:#ffffff;padding:0px 24px;font-size:18px;line-height:36px;border-color:#f46c73;border-radius:50px;-moz-border-radius:50px;-webkit-border-radius:50px;text-shadow:none;-moz-text-shadow:none;-webkit-text-shadow:none\"> <b>Zobacz wi\u0119cej<\/b><\/span><\/a><\/div><\/td>\n<\/tr>\n<\/tbody>\n<\/table>\n<h3><span id=\"Lampy_na_taras_na_sciane\">Lampy na taras na \u015bcian\u0119<\/span><\/h3>\n<p>Je\u015bli decydujemy si\u0119 na o\u015bwietlenie, kt\u00f3re chcieliby\u015bmy zamontowa\u0107 na \u015bcianie, to idealnym wyborem s\u0105 <a href=\"https:\/\/www.ledstyl.pl\/kinkiet-zewnetrzny-cat-323\">kinkiety zewn\u0119trzne<\/a>. Rynek oferuje nam szerok\u0105 gam\u0119 tego rodzaju produkt\u00f3w, poczynaj\u0105c od kinkiet\u00f3w bud\u017cetowych, ko\u0144cz\u0105c na mocno designerskich projektach. Kinkiety wyst\u0119puj\u0105 w wielu kszta\u0142tach oraz kolorach i daj\u0105 nam wiele mo\u017cliwo\u015bci o\u015bwietlenia. Dzi\u0119ki nim uzyskamy efekt rozproszonego \u015bwiat\u0142a i b\u0119dziemy mogli o\u015bwietli\u0107 ka\u017cdy k\u0105t naszego tarasu.<\/p>\n<table style=\"width: 100%; height: 124px; border: none;\">\n<tbody>\n<tr style=\"height: 42px;\">\n<td style=\"width: 33.3333%; height: 42px;\"><a href=\"https:\/\/www.ledstyl.pl\/kinkiet-zewnetrzny-czarny-cat-339\"><img loading=\"lazy\" decoding=\"async\" class=\"size-medium wp-image-291 aligncenter\" src=\"https:\/\/www.ledstyl.pl\/dane\/source\/c\/c0d.kinkiet-elewacyjny-denver-1xe27-okragly-czarny.jpg\" alt=\"Kinkiet zewn\u0119trzny czarny\" width=\"298\" height=\"300\" \/><\/a><\/td>\n<td style=\"width: 33.3333%; height: 42px;\"><a href=\"https:\/\/www.ledstyl.pl\/kinkiet-zewnetrzny-bialy-cat-340\"><img loading=\"lazy\" decoding=\"async\" class=\"size-medium wp-image-292 aligncenter\" src=\"https:\/\/www.ledstyl.pl\/dane\/source\/4\/47a41a63dcb6409faf2d124e80e3cdfd.jpg\" alt=\"Kinkiet zewn\u0119trzny bia\u0142y\" width=\"298\" height=\"300\" \/><\/a><\/td>\n<td style=\"width: 33.3333%; height: 42px;\"><a href=\"https:\/\/www.ledstyl.pl\/kinkiet-zewnetrzny-szary-cat-341\"><img loading=\"lazy\" decoding=\"async\" class=\"size-medium wp-image-293 aligncenter\" src=\"https:\/\/www.ledstyl.pl\/dane\/source\/1\/104881f709374cc182c470c494547684.jpg\" alt=\"Kinkiet zewn\u0119trzny szary\" width=\"298\" height=\"300\" \/><\/a><\/td>\n<\/tr>\n<tr style=\"height: 62px;\">\n<td style=\"width: 33.3333%; height: 62px; text-align: center;\"><span style=\"font-size: 12pt;\"><a href=\"https:\/\/www.ledstyl.pl\/kinkiet-zewnetrzny-czarny-cat-339\"><div class=\"su-animate\" style=\"opacity:0;-webkit-animation-duration:1s;-webkit-animation-delay:0s;animation-duration:1s;animation-delay:0s;\" data-animation=\"bounceIn\" data-duration=\"1\" data-delay=\"0\"><strong>Kinkiet zewn\u0119trzny czarny<\/strong><\/div><\/a><\/span><\/td>\n<td style=\"width: 33.3333%; height: 62px; text-align: center;\"><span style=\"font-size: 12pt;\"><a href=\"https:\/\/www.ledstyl.pl\/kinkiet-zewnetrzny-bialy-cat-340\"><div class=\"su-animate\" style=\"opacity:0;-webkit-animation-duration:1s;-webkit-animation-delay:0s;animation-duration:1s;animation-delay:0s;\" data-animation=\"bounceIn\" data-duration=\"1\" data-delay=\"0\"><strong>Kinkiet zewn\u0119trzny bia\u0142y<\/strong><\/div><\/a><\/span><\/td>\n<td style=\"width: 33.3333%; height: 62px; text-align: center;\"><span style=\"font-size: 12pt;\"><a href=\"https:\/\/www.ledstyl.pl\/kinkiet-zewnetrzny-szary-cat-341\"><div class=\"su-animate\" style=\"opacity:0;-webkit-animation-duration:1s;-webkit-animation-delay:0s;animation-duration:1s;animation-delay:0s;\" data-animation=\"bounceIn\" data-duration=\"1\" data-delay=\"0\"><b>Kinkiet zewn\u0119trzny szary<\/b><\/div><\/a><\/span><\/td>\n<\/tr>\n<tr style=\"height: 54px;\">\n<td style=\"width: 33.3333%; height: 18px;\"><div class=\"su-button-center\"><a href=\"https:\/\/www.ledstyl.pl\/kinkiet-zewnetrzny-czarny-cat-339\" class=\"su-button su-button-style-3d\" style=\"color:#ffffff;background-color:#ef2d36;border-color:#c0242c;border-radius:50px;-moz-border-radius:50px;-webkit-border-radius:50px\" target=\"_self\" rel=\"nofollow\"><span style=\"color:#ffffff;padding:0px 24px;font-size:18px;line-height:36px;border-color:#f46c73;border-radius:50px;-moz-border-radius:50px;-webkit-border-radius:50px;text-shadow:none;-moz-text-shadow:none;-webkit-text-shadow:none\"> <b>Zobacz wi\u0119cej<\/b><\/span><\/a><\/div><\/td>\n<td style=\"width: 33.3333%; height: 18px;\"><div class=\"su-button-center\"><a href=\"https:\/\/www.ledstyl.pl\/kinkiet-zewnetrzny-bialy-cat-340\" class=\"su-button su-button-style-3d\" style=\"color:#ffffff;background-color:#ef2d36;border-color:#c0242c;border-radius:50px;-moz-border-radius:50px;-webkit-border-radius:50px\" target=\"_self\" rel=\"nofollow\"><span style=\"color:#ffffff;padding:0px 24px;font-size:18px;line-height:36px;border-color:#f46c73;border-radius:50px;-moz-border-radius:50px;-webkit-border-radius:50px;text-shadow:none;-moz-text-shadow:none;-webkit-text-shadow:none\"> <b>Zobacz wi\u0119cej<\/b><\/span><\/a><\/div><\/td>\n<td style=\"width: 33.3333%; height: 18px;\">\n<p style=\"text-align: center;\"><div class=\"su-button-center\"><a href=\"https:\/\/www.ledstyl.pl\/kinkiet-zewnetrzny-szary-cat-341\" class=\"su-button su-button-style-3d\" style=\"color:#ffffff;background-color:#ef2d36;border-color:#c0242c;border-radius:50px;-moz-border-radius:50px;-webkit-border-radius:50px\" target=\"_self\" rel=\"nofollow\"><span style=\"color:#ffffff;padding:0px 24px;font-size:18px;line-height:36px;border-color:#f46c73;border-radius:50px;-moz-border-radius:50px;-webkit-border-radius:50px;text-shadow:none;-moz-text-shadow:none;-webkit-text-shadow:none\"> <b>Zobacz wi\u0119cej<\/b><\/span><\/a><\/div>\n<\/td>\n<\/tr>\n<\/tbody>\n<\/table>\n<p>W\u015br\u00f3d lamp mocowanych na \u015bcianie mo\u017cemy zdecydowa\u0107 si\u0119 r\u00f3wnie\u017c na <a href=\"https:\/\/www.ledstyl.pl\/kinkiet-zewnetrzny-gora-dol-cat-327\">kinkiety zewn\u0119trzne g\u00f3ra d\u00f3\u0142<\/a>. O\u015bwietlenie \u015bwiec\u0105ce w g\u00f3r\u0119 i w d\u00f3\u0142 jest niezwykle efektowne i pozwoli podkre\u015bli\u0107 stylowy wygl\u0105d \u015bcian naszego tarasu, nadaj\u0105c im jednocze\u015bnie klasy i elegancji.<\/p>\n<table style=\"width: 33%; height: 151px; border: none;\">\n<tbody>\n<tr style=\"height: 42px;\">\n<td style=\"width: 33.3333%; height: 79px;\"><a href=\"https:\/\/www.ledstyl.pl\/lampa-elewacyjna-gora-dol-cat-333\"><img loading=\"lazy\" decoding=\"async\" class=\"size-medium wp-image-292 aligncenter\" src=\"https:\/\/www.ledstyl.pl\/dane\/source\/d\/d710e61e1cf94c01a2ef2e93b7519441.jpg\" alt=\"Lampa elewacyjna g\u00f3ra d\u00f3\u0142\" width=\"298\" height=\"300\" \/><\/a><\/td>\n<\/tr>\n<tr style=\"height: 62px;\">\n<td style=\"width: 33.3333%; height: 62px; text-align: center;\"><span style=\"font-size: 12pt;\"><a href=\"https:\/\/www.ledstyl.pl\/lampa-elewacyjna-gora-dol-cat-333\"><div class=\"su-animate\" style=\"opacity:0;-webkit-animation-duration:1s;-webkit-animation-delay:0s;animation-duration:1s;animation-delay:0s;\" data-animation=\"bounceIn\" data-duration=\"1\" data-delay=\"0\"><strong>Lampa elewacyjna g\u00f3ra d\u00f3\u0142<\/strong><\/div><\/a><\/span><\/td>\n<\/tr>\n<tr style=\"height: 54px;\">\n<td style=\"width: 33.3333%; height: 10px;\"><div class=\"su-button-center\"><a href=\"https:\/\/www.ledstyl.pl\/lampa-elewacyjna-gora-dol-cat-333\" class=\"su-button su-button-style-3d\" style=\"color:#ffffff;background-color:#ef2d36;border-color:#c0242c;border-radius:50px;-moz-border-radius:50px;-webkit-border-radius:50px\" target=\"_self\" rel=\"nofollow\"><span style=\"color:#ffffff;padding:0px 24px;font-size:18px;line-height:36px;border-color:#f46c73;border-radius:50px;-moz-border-radius:50px;-webkit-border-radius:50px;text-shadow:none;-moz-text-shadow:none;-webkit-text-shadow:none\"> <b>Zobacz wi\u0119cej<\/b><\/span><\/a><\/div><\/td>\n<\/tr>\n<\/tbody>\n<\/table>\n<h3><span id=\"Lampy_na_taras_wiszace\">Lampy na taras wisz\u0105ce<\/span><\/h3>\n<p><strong>Lampy na taras wisz\u0105ce<\/strong> montujemy, podobnie jak lampy sufitowe na pergoli lub w zadaszeniu tarasu. B\u0119d\u0105 genialnym rozwi\u0105zaniem dla tarasu utrzymanego w klasycznym stylu, nadadz\u0105 mu szyku oraz podkre\u015bl\u0105 i dope\u0142ni\u0105 aran\u017cacj\u0119. Je\u015bli zdecydujemy si\u0119 na proste, modne, minimalistyczne lampy wisz\u0105ce, b\u0119d\u0105 one \u015bwietnym zwie\u0144czeniem tarasu w stylu skandynawskim, industrialnym lub loftowym. Proste, geometryczne kszta\u0142ty idealnie wpasuj\u0105 si\u0119 w tego typu aran\u017cacje. <a href=\"https:\/\/www.ledstyl.pl\/lampa-ogrodowa-wiszaca-cat-292\">Lampa ogrodowa wisz\u0105ca<\/a> i jej stylistyka sprawia, \u017ce staje si\u0119 ona ozdob\u0105 sam\u0105 w sobie, nie tylko dzi\u0119ki sposobowi o\u015bwietlenia. S\u0105 bardzo funkcjonalne i idealnie o\u015bwietl\u0105 ca\u0142\u0105 powierzchni\u0119 tarasu, wi\u0119c \u015bwietnie sprawdz\u0105 si\u0119 jako g\u0142\u00f3wne \u017ar\u00f3d\u0142o \u015bwiat\u0142a.<\/p>\n<table style=\"width: 33%; height: 151px; border: none;\">\n<tbody>\n<tr style=\"height: 42px;\">\n<td style=\"width: 33.3333%; height: 79px;\"><a href=\"https:\/\/www.ledstyl.pl\/lampa-ogrodowa-wiszaca-cat-292\"><img loading=\"lazy\" decoding=\"async\" class=\"size-medium wp-image-292 aligncenter\" src=\"https:\/\/www.ledstyl.pl\/dane\/source\/s\/s3j.lampa-ogrodowa-led-wiszca-e27-czarna-1.jpg\" alt=\"Lampy ogrodowe wisz\u0105ce\" width=\"298\" height=\"300\" \/><\/a><\/td>\n<\/tr>\n<tr style=\"height: 62px;\">\n<td style=\"width: 33.3333%; height: 62px; text-align: center;\"><span style=\"font-size: 12pt;\"><a href=\"https:\/\/www.ledstyl.pl\/lampa-ogrodowa-wiszaca-cat-292\"><div class=\"su-animate\" style=\"opacity:0;-webkit-animation-duration:1s;-webkit-animation-delay:0s;animation-duration:1s;animation-delay:0s;\" data-animation=\"bounceIn\" data-duration=\"1\" data-delay=\"0\"><strong>Lampy ogrodowe wisz\u0105ce<\/strong><\/div><\/a><\/span><\/td>\n<\/tr>\n<tr style=\"height: 54px;\">\n<td style=\"width: 33.3333%; height: 10px;\"><div class=\"su-button-center\"><a href=\"https:\/\/www.ledstyl.pl\/lampa-ogrodowa-wiszaca-cat-292\" class=\"su-button su-button-style-3d\" style=\"color:#ffffff;background-color:#ef2d36;border-color:#c0242c;border-radius:50px;-moz-border-radius:50px;-webkit-border-radius:50px\" target=\"_self\" rel=\"nofollow\"><span style=\"color:#ffffff;padding:0px 24px;font-size:18px;line-height:36px;border-color:#f46c73;border-radius:50px;-moz-border-radius:50px;-webkit-border-radius:50px;text-shadow:none;-moz-text-shadow:none;-webkit-text-shadow:none\"> <b>Zobacz wi\u0119cej<\/b><\/span><\/a><\/div><\/td>\n<\/tr>\n<\/tbody>\n<\/table>\n<h3><span id=\"Girlanda_na_taras\">Girlanda na taras<\/span><\/h3>\n<p>Bardzo wa\u017cnym aspektem, na r\u00f3wni z o\u015bwietleniem g\u0142\u00f3wnym, jest r\u00f3wnie\u017c o\u015bwietlenie dekoracyjne. W tym wypadku \u015bwietnie sprawdz\u0105 si\u0119 np. r\u00f3\u017cnorodne figurki \u015bwietlne, ozdobne latarenki, a tak\u017ce girlandy ogrodowe. Te ostatnie wygl\u0105daj\u0105 zjawiskowo i staj\u0105 si\u0119 przys\u0142owiow\u0105 kropk\u0105 nad i w doborze ozd\u00f3b oraz dodatk\u00f3w na taras. <a href=\"https:\/\/www.ledstyl.pl\/girlanda-ogrodowa-cat-279\">Girlanda ogrodowa<\/a> w spos\u00f3b niepowtarzalny podkre\u015bli charakter naszego tarasu oraz ogrodu i z pewno\u015bci\u0105 wywo\u0142a okrzyki zachwytu w\u015br\u00f3d naszych go\u015bci. Dzi\u0119ki prostemu monta\u017cowi daje wiele mo\u017cliwo\u015bci aran\u017cacji i tworzy kameralny, intymny nastr\u00f3j. Mo\u017cemy zamontowa\u0107 je tradycyjnie, pod\u0142\u0105czaj\u0105c pod pr\u0105d, jednak\u017ce wyst\u0119puj\u0105 r\u00f3wnie\u017c wersje zasilane bateriami lub dzi\u0119ki wbudowanym akumulatorom, \u0142adowane przez kabel USB.<\/p>\n<table style=\"width: 33%; height: 151px; border: none;\">\n<tbody>\n<tr style=\"height: 42px;\">\n<td style=\"width: 33.3333%; height: 79px;\"><a href=\"https:\/\/www.ledstyl.pl\/girlanda-ogrodowa-cat-279\"><img loading=\"lazy\" decoding=\"async\" class=\"size-medium wp-image-292 aligncenter\" src=\"https:\/\/www.ledstyl.pl\/dane\/source\/b\/ba8e254a761a4b79a011f46fe4390aad.jpg\" alt=\"Girlandy ogrodowe\" width=\"298\" height=\"300\" \/><\/a><\/td>\n<\/tr>\n<tr style=\"height: 62px;\">\n<td style=\"width: 33.3333%; height: 62px; text-align: center;\"><span style=\"font-size: 12pt;\"><a href=\"https:\/\/www.ledstyl.pl\/girlanda-ogrodowa-cat-279\"><div class=\"su-animate\" style=\"opacity:0;-webkit-animation-duration:1s;-webkit-animation-delay:0s;animation-duration:1s;animation-delay:0s;\" data-animation=\"bounceIn\" data-duration=\"1\" data-delay=\"0\"><strong>Girlandy ogrodowe<\/strong><\/div><\/a><\/span><\/td>\n<\/tr>\n<tr style=\"height: 54px;\">\n<td style=\"width: 33.3333%; height: 10px;\"><div class=\"su-button-center\"><a href=\"https:\/\/www.ledstyl.pl\/girlanda-ogrodowa-cat-279\" class=\"su-button su-button-style-3d\" style=\"color:#ffffff;background-color:#ef2d36;border-color:#c0242c;border-radius:50px;-moz-border-radius:50px;-webkit-border-radius:50px\" target=\"_self\" rel=\"nofollow\"><span style=\"color:#ffffff;padding:0px 24px;font-size:18px;line-height:36px;border-color:#f46c73;border-radius:50px;-moz-border-radius:50px;-webkit-border-radius:50px;text-shadow:none;-moz-text-shadow:none;-webkit-text-shadow:none\"> <b>Zobacz wi\u0119cej<\/b><\/span><\/a><\/div><\/td>\n<\/tr>\n<\/tbody>\n<\/table>\n<h3><span id=\"Lampy_zewnetrzne_na_taras_z_czujnikiem_ruchu_lub_zmierzchu\">Lampy zewn\u0119trzne na taras z czujnikiem ruchu lub zmierzchu<\/span><\/h3>\n<p>Lampy zewn\u0119trzne, kt\u00f3re zamontujesz na tarasie pr\u00f3cz podstawowej funkcji o\u015bwietlenia, zapewni\u0105 r\u00f3wnie\u017c bezpiecze\u0144stwo. Odpowiednio dobrane <strong>lampy na tarasie<\/strong>, mog\u0105 o\u015bwietli\u0107 r\u00f3wnie\u017c pobliskie schody, znacznie u\u0142atwiaj\u0105c wieczorne korzystanie z nich. <strong>O\u015bwietlenie tarasu<\/strong> mo\u017cemy wyposa\u017cy\u0107 tak\u017ce w czujniki ruchu b\u0105d\u017a zmierzchu. Taka instalacja pozwoli ca\u0142kowicie zautomatyzowa\u0107 prac\u0119 naszego o\u015bwietlenia, kt\u00f3re b\u0119dzie uruchamia\u0107 si\u0119 wy\u0142\u0105czenie po zmierzchu w momencie wykrycia jakiegokolwiek ruchu. Takie rozwi\u0105zania s\u0105 bardzo wygodne oraz przede wszystkim zapewniaj\u0105 jeszcze wi\u0119ksz\u0105 energooszcz\u0119dno\u015b\u0107. Decyduj\u0105c si\u0119 na o\u015bwietlenie tarasu i lampy wyposa\u017cone w czujnik ruchu ca\u0142kowicie zapomnimy o u\u017cywaniu standardowego w\u0142\u0105cznika \u015bwiat\u0142a. W pe\u0142ni zautomatyzowane o\u015bwietlenie sprawi, \u017ce nie b\u0119dziemy musieli si\u0119 wi\u0119cej martwi\u0107, czy przypadkiem zn\u00f3w nie zapomnieli\u015bmy o wy\u0142\u0105czeniu \u015bwiat\u0142a.<\/p>\n<table style=\"width: 100%; height: 124px; border: none;\">\n<tbody>\n<tr style=\"height: 42px;\">\n<td style=\"width: 33.3333%; height: 42px;\"><a href=\"https:\/\/www.ledstyl.pl\/lampa-elewacyjna-z-czujnikiem-cat-332\"><img loading=\"lazy\" decoding=\"async\" class=\"size-medium wp-image-291 aligncenter\" src=\"https:\/\/www.ledstyl.pl\/dane\/source\/2\/2cc2fd039c3c481f89cd5d862efe9541.jpg\" alt=\"Lampa elewacyjna z czujnikiem\" width=\"298\" height=\"300\" \/><\/a><\/td>\n<td style=\"width: 33.3333%; height: 42px;\"><a href=\"https:\/\/www.ledstyl.pl\/kinkiety-ogrodowe-z-czujnikiem-cat-337\"><img loading=\"lazy\" decoding=\"async\" class=\"size-medium wp-image-292 aligncenter\" src=\"https:\/\/www.ledstyl.pl\/dane\/source\/d\/d170458e1fee4fc6adcc10d5d2adc69f.jpg\" alt=\"Kinkiet ogrodowy z czujnikiem\" width=\"298\" height=\"300\" \/><\/a><\/td>\n<td style=\"width: 33.3333%; height: 42px;\"><a href=\"https:\/\/www.ledstyl.pl\/halogen-led-z-czujnikiem-ruchu-cat-43\"><img loading=\"lazy\" decoding=\"async\" class=\"size-medium wp-image-293 aligncenter\" src=\"https:\/\/www.ledstyl.pl\/dane\/source\/x\/xul.naswietlacz-led-lumino-30w-z-czujnikiem.jpg\" alt=\"Halogen LED z czujnikiem\" width=\"298\" height=\"300\" \/><\/a><\/td>\n<\/tr>\n<tr style=\"height: 62px;\">\n<td style=\"width: 33.3333%; height: 62px; text-align: center;\"><span style=\"font-size: 12pt;\"><a href=\"https:\/\/www.ledstyl.pl\/lampa-elewacyjna-z-czujnikiem-cat-332\"><div class=\"su-animate\" style=\"opacity:0;-webkit-animation-duration:1s;-webkit-animation-delay:0s;animation-duration:1s;animation-delay:0s;\" data-animation=\"bounceIn\" data-duration=\"1\" data-delay=\"0\"><strong>Lampa elewacyjna z czujnikiem<\/strong><\/div><\/a><\/span><\/td>\n<td style=\"width: 33.3333%; height: 62px; text-align: center;\"><span style=\"font-size: 12pt;\"><a href=\"https:\/\/www.ledstyl.pl\/kinkiety-ogrodowe-z-czujnikiem-cat-337\"><div class=\"su-animate\" style=\"opacity:0;-webkit-animation-duration:1s;-webkit-animation-delay:0s;animation-duration:1s;animation-delay:0s;\" data-animation=\"bounceIn\" data-duration=\"1\" data-delay=\"0\"><strong>Kinkiety ogrodowe z czujnikiem<\/strong><\/div><\/a><\/span><\/td>\n<td style=\"width: 33.3333%; height: 62px; text-align: center;\"><span style=\"font-size: 12pt;\"><a href=\"https:\/\/www.ledstyl.pl\/halogen-led-z-czujnikiem-ruchu-cat-43\"><div class=\"su-animate\" style=\"opacity:0;-webkit-animation-duration:1s;-webkit-animation-delay:0s;animation-duration:1s;animation-delay:0s;\" data-animation=\"bounceIn\" data-duration=\"1\" data-delay=\"0\"><b>Halogen LED z czujnikiem ruchu<\/b><\/div><\/a><\/span><\/td>\n<\/tr>\n<tr style=\"height: 54px;\">\n<td style=\"width: 33.3333%; height: 18px;\"><div class=\"su-button-center\"><a href=\"https:\/\/www.ledstyl.pl\/lampa-elewacyjna-z-czujnikiem-cat-332\" class=\"su-button su-button-style-3d\" style=\"color:#ffffff;background-color:#ef2d36;border-color:#c0242c;border-radius:50px;-moz-border-radius:50px;-webkit-border-radius:50px\" target=\"_self\" rel=\"nofollow\"><span style=\"color:#ffffff;padding:0px 24px;font-size:18px;line-height:36px;border-color:#f46c73;border-radius:50px;-moz-border-radius:50px;-webkit-border-radius:50px;text-shadow:none;-moz-text-shadow:none;-webkit-text-shadow:none\"> <b>Zobacz wi\u0119cej<\/b><\/span><\/a><\/div><\/td>\n<td style=\"width: 33.3333%; height: 18px;\"><div class=\"su-button-center\"><a href=\"https:\/\/www.ledstyl.pl\/kinkiety-ogrodowe-z-czujnikiem-cat-337\" class=\"su-button su-button-style-3d\" style=\"color:#ffffff;background-color:#ef2d36;border-color:#c0242c;border-radius:50px;-moz-border-radius:50px;-webkit-border-radius:50px\" target=\"_self\" rel=\"nofollow\"><span style=\"color:#ffffff;padding:0px 24px;font-size:18px;line-height:36px;border-color:#f46c73;border-radius:50px;-moz-border-radius:50px;-webkit-border-radius:50px;text-shadow:none;-moz-text-shadow:none;-webkit-text-shadow:none\"> <b>Zobacz wi\u0119cej<\/b><\/span><\/a><\/div><\/td>\n<td style=\"width: 33.3333%; height: 18px;\">\n<p style=\"text-align: center;\"><div class=\"su-button-center\"><a href=\"https:\/\/www.ledstyl.pl\/halogen-led-z-czujnikiem-ruchu-cat-43\" class=\"su-button su-button-style-3d\" style=\"color:#ffffff;background-color:#ef2d36;border-color:#c0242c;border-radius:50px;-moz-border-radius:50px;-webkit-border-radius:50px\" target=\"_self\" rel=\"nofollow\"><span style=\"color:#ffffff;padding:0px 24px;font-size:18px;line-height:36px;border-color:#f46c73;border-radius:50px;-moz-border-radius:50px;-webkit-border-radius:50px;text-shadow:none;-moz-text-shadow:none;-webkit-text-shadow:none\"> <b>Zobacz wi\u0119cej<\/b><\/span><\/a><\/div>\n<\/td>\n<\/tr>\n<\/tbody>\n<\/table>\n<h2><span id=\"Oswietlenie_tarasu_LED\">O\u015bwietlenie tarasu LED<\/span><\/h2>\n<p>Najlepszym wyborem <strong>o\u015bwietlenia tarasu<\/strong> b\u0119dzie postawienie na produkty wyposa\u017cone w energooszcz\u0119dne \u017ar\u00f3d\u0142o \u015bwiat\u0142a LED. Charakteryzuje si\u0119 ona przede wszystkim wysok\u0105 energooszcz\u0119dno\u015bci\u0105, co zapewne mocno odczuj\u0105 nasze portfele, zw\u0142aszcza w czasach stale rosn\u0105cych cen energii. \u017bywotno\u015b\u0107 lamp LED jest znacznie wyd\u0142u\u017cona i mog\u0105 \u015bwieci\u0107 nawet o 70% d\u0142u\u017cej w por\u00f3wnaniu do o\u015bwietlenia tradycyjnego. Warto wspomnie\u0107 r\u00f3wnie\u017c \u017ce s\u0105 produktami ekologicznymi i nie zawieraj\u0105 w sobie \u017cadnych substancji szkodliwych, a przede wszystkim rt\u0119ci. Technologia LED to r\u00f3wnie\u017c o wiele wi\u0119cej mo\u017cliwo\u015bci sterowania \u015bwiat\u0142em. Lampy na tarasie mo\u017cemy dzi\u015b wyposa\u017cy\u0107 w \u015bciemniane lub kolorowe \u017ar\u00f3d\u0142a \u015bwiat\u0142a sterowane pilotem, lub smartfonem.<\/p>\n<p><img loading=\"lazy\" decoding=\"async\" class=\"wp-image-903 size-full aligncenter\" src=\"https:\/\/www.ledstyl.pl\/strefa-swiatla\/wp-content\/uploads\/2022\/07\/oswietlenie-tarasu-1.jpg\" alt=\"O\u015bwietlenie tarasu LED\" width=\"760\" height=\"471\" srcset=\"https:\/\/www.ledstyl.pl\/strefa-swiatla\/wp-content\/uploads\/2022\/07\/oswietlenie-tarasu-1.jpg 760w, https:\/\/www.ledstyl.pl\/strefa-swiatla\/wp-content\/uploads\/2022\/07\/oswietlenie-tarasu-1-300x186.jpg 300w\" sizes=\"auto, (max-width: 760px) 100vw, 760px\" \/><\/p>\n<h2><span id=\"Nowoczesne_oswietlenie_tarasu\">Nowoczesne o\u015bwietlenie tarasu<\/span><\/h2>\n<p>Taras urz\u0105dzony w stylu nowoczesnym potrzebuje odpowiednio dobranego o\u015bwietlenia. Dzi\u0119ki szerokiej ofercie, jak\u0105 daj\u0105 nam producenci, bez problemu dobierzemy idealne lampy na nasz taras. <strong>Nowoczesne lampy tarasowe<\/strong> charakteryzuj\u0105 si\u0119 prostot\u0105 budowy. Najmodniejsze kszta\u0142ty to proste geometryczne wzory. Je\u015bli chodzi o kolorystyk\u0119, to zdecydowanie kr\u00f3luj\u0105 biele, czernie, czy srebra. Wykonane s\u0105 g\u0142\u00f3wnie z tworzywa sztucznego, aluminium, a tak\u017ce mo\u017cna spotka\u0107 bardziej ekskluzywne i designerskie lampy stworzone ze szk\u0142a. Estetyka powinna i\u015b\u0107 w parze z jako\u015bci\u0105, a ko\u0144cowy efekt zwraca\u0107 uwag\u0119 ka\u017cdego naszego go\u015bcia.<\/p>\n<p><img loading=\"lazy\" decoding=\"async\" class=\"wp-image-904 size-full aligncenter\" src=\"https:\/\/www.ledstyl.pl\/strefa-swiatla\/wp-content\/uploads\/2022\/07\/nowoczesne-lampy-tarasowe.jpg\" alt=\"Nowoczesne lampy tarasowe\" width=\"760\" height=\"506\" srcset=\"https:\/\/www.ledstyl.pl\/strefa-swiatla\/wp-content\/uploads\/2022\/07\/nowoczesne-lampy-tarasowe.jpg 760w, https:\/\/www.ledstyl.pl\/strefa-swiatla\/wp-content\/uploads\/2022\/07\/nowoczesne-lampy-tarasowe-300x200.jpg 300w\" sizes=\"auto, (max-width: 760px) 100vw, 760px\" \/><\/p>\n<h3><span id=\"Nowoczesne_lampy_na_taras\">Nowoczesne lampy na taras<\/span><\/h3>\n<p>W\u015br\u00f3d ogromnego wyboru nowoczesnych lamp na taras ogromnym powodzeniem ciesz\u0105 si\u0119 <a href=\"https:\/\/www.ledstyl.pl\/kinkiet-zewnetrzny-nowoczesny-cat-325\">kinkiety zewn\u0119trzne nowoczesne<\/a>. Mo\u017cemy zamontowa\u0107 je na \u015bcianie, a tak\u017ce na s\u0142upkach naszego tarasu. Najmodniejszymi i najbardziej designerskimi kinkietami s\u0105 te o okr\u0105g\u0142ych, kwadratowych i wyd\u0142u\u017conych kszta\u0142tach. Niekt\u00f3re maj\u0105 mo\u017cliwo\u015b\u0107 \u015bwiecenia w g\u00f3r\u0119 i w d\u00f3\u0142, a spos\u00f3b ten niesamowicie podkre\u015bli styl naszego tarasu. Innym modnym sposobem <strong>o\u015bwietlenia tarasu<\/strong> s\u0105 kule \u015bwietlne lub s\u0142upki ogrodowe. Ciekawym i minimalistycznym wyborem b\u0119d\u0105 r\u00f3wnie\u017c halogeny wyst\u0119puj\u0105ce w postaci oczek montowanych w zadaszeniu.<\/p>\n<table style=\"width: 66%; height: 159px; border: none;\">\n<tbody>\n<tr style=\"height: 42px;\">\n<td style=\"width: 33.3333%; height: 79px;\"><a href=\"https:\/\/www.ledstyl.pl\/kinkiety-ogrodowe-nowoczesne-cat-335\"><img loading=\"lazy\" decoding=\"async\" class=\"size-medium wp-image-291 aligncenter\" src=\"https:\/\/www.ledstyl.pl\/dane\/source\/7\/78bad036-881e-4229-99a0-d7b43e89c57c.jpg\" alt=\"Kinkiety ogrodowe nowoczesne\" width=\"298\" height=\"300\" \/><\/a><\/td>\n<td style=\"width: 33.3333%; height: 79px;\"><a href=\"https:\/\/www.ledstyl.pl\/lampa-elewacyjna-nowoczesna-cat-330\"><img loading=\"lazy\" decoding=\"async\" class=\"size-medium wp-image-292 aligncenter\" src=\"https:\/\/www.ledstyl.pl\/dane\/source\/5\/5249114b-95ae-4cfc-a392-c9f32b689944.jpg\" alt=\"Lampa elewacyjna nowoczesna\" width=\"298\" height=\"300\" \/><\/a><\/td>\n<\/tr>\n<tr style=\"height: 62px;\">\n<td style=\"width: 33.3333%; height: 62px; text-align: center;\"><span style=\"font-size: 12pt;\"><a href=\"https:\/\/www.ledstyl.pl\/kinkiety-ogrodowe-nowoczesne-cat-335\"><div class=\"su-animate\" style=\"opacity:0;-webkit-animation-duration:1s;-webkit-animation-delay:0s;animation-duration:1s;animation-delay:0s;\" data-animation=\"bounceIn\" data-duration=\"1\" data-delay=\"0\"><strong>Kinkiety ogrodowe nowoczesne<\/strong><\/div><\/a><\/span><\/td>\n<td style=\"width: 33.3333%; height: 62px; text-align: center;\"><span style=\"font-size: 12pt;\"><a href=\"https:\/\/www.ledstyl.pl\/lampa-elewacyjna-nowoczesna-cat-330\"><div class=\"su-animate\" style=\"opacity:0;-webkit-animation-duration:1s;-webkit-animation-delay:0s;animation-duration:1s;animation-delay:0s;\" data-animation=\"bounceIn\" data-duration=\"1\" data-delay=\"0\"><strong>Lampa elewacyjna nowoczesna<\/strong><\/div><\/a><\/span><\/td>\n<\/tr>\n<tr style=\"height: 54px;\">\n<td style=\"width: 33.3333%; height: 18px;\"><div class=\"su-button-center\"><a href=\"https:\/\/www.ledstyl.pl\/kinkiety-ogrodowe-nowoczesne-cat-335\" class=\"su-button su-button-style-3d\" style=\"color:#ffffff;background-color:#ef2d36;border-color:#c0242c;border-radius:50px;-moz-border-radius:50px;-webkit-border-radius:50px\" target=\"_self\" rel=\"nofollow\"><span style=\"color:#ffffff;padding:0px 24px;font-size:18px;line-height:36px;border-color:#f46c73;border-radius:50px;-moz-border-radius:50px;-webkit-border-radius:50px;text-shadow:none;-moz-text-shadow:none;-webkit-text-shadow:none\"> <b>Zobacz wi\u0119cej<\/b><\/span><\/a><\/div><\/td>\n<td style=\"width: 33.3333%; height: 18px;\"><div class=\"su-button-center\"><a href=\"https:\/\/www.ledstyl.pl\/lampa-elewacyjna-nowoczesna-cat-330\" class=\"su-button su-button-style-3d\" style=\"color:#ffffff;background-color:#ef2d36;border-color:#c0242c;border-radius:50px;-moz-border-radius:50px;-webkit-border-radius:50px\" target=\"_self\" rel=\"nofollow\"><span style=\"color:#ffffff;padding:0px 24px;font-size:18px;line-height:36px;border-color:#f46c73;border-radius:50px;-moz-border-radius:50px;-webkit-border-radius:50px;text-shadow:none;-moz-text-shadow:none;-webkit-text-shadow:none\"> <b>Zobacz wi\u0119cej<\/b><\/span><\/a><\/div><\/td>\n<\/tr>\n<\/tbody>\n<\/table>\n<h2><span id=\"Oswietlenie_solarne_na_taras\">O\u015bwietlenie solarne na taras<\/span><\/h2>\n<p>Je\u015bli naszym g\u0142\u00f3wnym priorytetem jest wysoce poj\u0119ta energooszcz\u0119dno\u015b\u0107 oraz pod\u0105\u017camy za ekologicznymi rozwi\u0105zaniami, idealnym wyborem do <strong>o\u015bwietlenia tarasu<\/strong> b\u0119d\u0105 lampy solarne. Wyposa\u017cone w modu\u0142 s\u0142oneczny absorbuj\u0105 \u015bwiat\u0142o s\u0142oneczne, a nast\u0119pnie przetwarzaj\u0105 je w energi\u0119 elektryczn\u0105, kt\u00f3ra nast\u0119pnie jest magazynowana w akumulatorze. <strong>O\u015bwietlenie solarne na taras<\/strong> jest \u0142atwe w monta\u017cu i co wa\u017cne mo\u017cna instalowa\u0107 je w miejscach, w kt\u00f3rych pod\u0142\u0105czenie do pr\u0105du jest utrudnione lub w og\u00f3le niemo\u017cliwe. Idealnym po\u0142\u0105czeniem eleganckiego wygl\u0105du i wysokiej energooszcz\u0119dno\u015bci jest <a href=\"https:\/\/www.ledstyl.pl\/kinkiet-zewnetrzny-solarny-cat-328\">kinkiet zewn\u0119trzny solarny<\/a>. Jego najwi\u0119kszym atutem jest przede wszystkim wygl\u0105d, ale r\u00f3wnie\u017c ca\u0142kowicie darmowa eksploatacja.<\/p>\n<table style=\"width: 100%; height: 124px; border: none;\">\n<tbody>\n<tr style=\"height: 42px;\">\n<td style=\"width: 33.3333%; height: 42px;\"><a href=\"https:\/\/www.ledstyl.pl\/kinkiety-solarne-ogrodowe-cat-338\"><img loading=\"lazy\" decoding=\"async\" class=\"size-medium wp-image-291 aligncenter\" src=\"https:\/\/www.ledstyl.pl\/dane\/source\/k\/khk.lampa-elewacyjna-solarna-mino.jpg\" alt=\"Kinkiety solarne ogrodowe\" width=\"298\" height=\"300\" \/><\/a><\/td>\n<td style=\"width: 33.3333%; height: 42px;\"><a href=\"https:\/\/www.ledstyl.pl\/lampa-elewacyjna-solarna-cat-334\"><img loading=\"lazy\" decoding=\"async\" class=\"size-medium wp-image-292 aligncenter\" src=\"https:\/\/www.ledstyl.pl\/dane\/source\/e\/egt.solarna-oprawa-elewacyjna-led.jpg\" alt=\"Lampa elewacyjna solarna\" width=\"298\" height=\"300\" \/><\/a><\/td>\n<td style=\"width: 33.3333%; height: 42px;\"><a href=\"https:\/\/www.ledstyl.pl\/halogen-solarny-cat-217\"><img loading=\"lazy\" decoding=\"async\" class=\"size-medium wp-image-293 aligncenter\" src=\"https:\/\/www.ledstyl.pl\/dane\/source\/q\/qiv.naswietlacz-led-solarny-z-pilotem.jpg\" alt=\"Halogen solarny\" width=\"298\" height=\"300\" \/><\/a><\/td>\n<\/tr>\n<tr style=\"height: 62px;\">\n<td style=\"width: 33.3333%; height: 62px; text-align: center;\"><span style=\"font-size: 12pt;\"><a href=\"https:\/\/www.ledstyl.pl\/kinkiety-solarne-ogrodowe-cat-338\"><div class=\"su-animate\" style=\"opacity:0;-webkit-animation-duration:1s;-webkit-animation-delay:0s;animation-duration:1s;animation-delay:0s;\" data-animation=\"bounceIn\" data-duration=\"1\" data-delay=\"0\"><strong>Kinkiety solarne ogrodowe<\/strong><\/div><\/a><\/span><\/td>\n<td style=\"width: 33.3333%; height: 62px; text-align: center;\"><span style=\"font-size: 12pt;\"><a href=\"https:\/\/www.ledstyl.pl\/lampa-elewacyjna-solarna-cat-334\"><div class=\"su-animate\" style=\"opacity:0;-webkit-animation-duration:1s;-webkit-animation-delay:0s;animation-duration:1s;animation-delay:0s;\" data-animation=\"bounceIn\" data-duration=\"1\" data-delay=\"0\"><strong>Lampa elewacyjna solarna<\/strong><\/div><\/a><\/span><\/td>\n<td style=\"width: 33.3333%; height: 62px; text-align: center;\"><span style=\"font-size: 12pt;\"><a href=\"https:\/\/www.ledstyl.pl\/halogen-solarny-cat-217\"><div class=\"su-animate\" style=\"opacity:0;-webkit-animation-duration:1s;-webkit-animation-delay:0s;animation-duration:1s;animation-delay:0s;\" data-animation=\"bounceIn\" data-duration=\"1\" data-delay=\"0\"><b>Halogen solarny<\/b><\/div><\/a><\/span><\/td>\n<\/tr>\n<tr style=\"height: 54px;\">\n<td style=\"width: 33.3333%; height: 18px;\"><div class=\"su-button-center\"><a href=\"https:\/\/www.ledstyl.pl\/kinkiety-solarne-ogrodowe-cat-338\" class=\"su-button su-button-style-3d\" style=\"color:#ffffff;background-color:#ef2d36;border-color:#c0242c;border-radius:50px;-moz-border-radius:50px;-webkit-border-radius:50px\" target=\"_self\" rel=\"nofollow\"><span style=\"color:#ffffff;padding:0px 24px;font-size:18px;line-height:36px;border-color:#f46c73;border-radius:50px;-moz-border-radius:50px;-webkit-border-radius:50px;text-shadow:none;-moz-text-shadow:none;-webkit-text-shadow:none\"> <b>Zobacz wi\u0119cej<\/b><\/span><\/a><\/div><\/td>\n<td style=\"width: 33.3333%; height: 18px;\"><div class=\"su-button-center\"><a href=\"https:\/\/www.ledstyl.pl\/lampa-elewacyjna-solarna-cat-334\" class=\"su-button su-button-style-3d\" style=\"color:#ffffff;background-color:#ef2d36;border-color:#c0242c;border-radius:50px;-moz-border-radius:50px;-webkit-border-radius:50px\" target=\"_self\" rel=\"nofollow\"><span style=\"color:#ffffff;padding:0px 24px;font-size:18px;line-height:36px;border-color:#f46c73;border-radius:50px;-moz-border-radius:50px;-webkit-border-radius:50px;text-shadow:none;-moz-text-shadow:none;-webkit-text-shadow:none\"> <b>Zobacz wi\u0119cej<\/b><\/span><\/a><\/div><\/td>\n<td style=\"width: 33.3333%; height: 18px;\">\n<p style=\"text-align: center;\"><div class=\"su-button-center\"><a href=\"https:\/\/www.ledstyl.pl\/halogen-solarny-cat-217\" class=\"su-button su-button-style-3d\" style=\"color:#ffffff;background-color:#ef2d36;border-color:#c0242c;border-radius:50px;-moz-border-radius:50px;-webkit-border-radius:50px\" target=\"_self\" rel=\"nofollow\"><span style=\"color:#ffffff;padding:0px 24px;font-size:18px;line-height:36px;border-color:#f46c73;border-radius:50px;-moz-border-radius:50px;-webkit-border-radius:50px;text-shadow:none;-moz-text-shadow:none;-webkit-text-shadow:none\"> <b>Zobacz wi\u0119cej<\/b><\/span><\/a><\/div>\n<\/td>\n<\/tr>\n<\/tbody>\n<\/table>\n<h2><span id=\"Oswietlenie_zewnetrzne_tarasu\">O\u015bwietlenie zewn\u0119trzne tarasu<\/span><\/h2>\n<p><strong>O\u015bwietlenie zewn\u0119trzne tarasu<\/strong> jest bardzo wa\u017cnym aspektem jego wyko\u0144czenia. Warto pami\u0119ta\u0107 o nim ju\u017c w momencie projektowania domu i przestrzeni wok\u00f3\u0142 niego. Dobrze dobrane <strong>lampy na taras<\/strong> zapewni\u0105 nam komfort i wygod\u0119, a tak\u017ce bezpiecze\u0144stwo. O\u015bwietlenie b\u0119dzie idealnym dope\u0142nieniem aran\u017cacji oraz stylu jego wyko\u0144czenia. Niezale\u017cnie czy wybierzemy lampy stoj\u0105ce, wisz\u0105ce, kinkiety zewn\u0119trzne czy o\u015bwietlenie pod\u0142ogowe musimy pami\u0119ta\u0107 o tym, by pe\u0142ni\u0142y one funkcje zar\u00f3wno dekoracyjne i praktyczne. O\u015bwietlenie tarasu powinno zapewni\u0107 nam w r\u00f3wnym stopniu atmosfer\u0119 i intymno\u015b\u0107, a tak\u017ce r\u00f3wnomiernie o\u015bwietli\u0107 ca\u0142\u0105 nasz\u0105 przestrze\u0144.<\/p>\n","protected":false},"excerpt":{"rendered":"<p>Taras to budowla b\u0119d\u0105ca przej\u015bciem pomi\u0119dzy domem a ogrodem. Pe\u0142ni on funkcj\u0119 typowo wypoczynkow\u0105. Odpowiednio urz\u0105dzony taras staje si\u0119 stref\u0105 relaksu, wyciszenia czy miejscem idealnym do sp\u0119dzania czasu z przyjaci\u00f3\u0142mi oraz rodzin\u0105. Taras, jak ka\u017cda inna budowla, stworzony jest wed\u0142ug konkretnego projektu, wykreowanego wedle pomys\u0142u i gustu jego przysz\u0142ego u\u017cytkownika. Aran\u017cacja tarasu jest uzale\u017cniona od [&hellip;]<\/p>\n","protected":false},"author":1,"featured_media":906,"comment_status":"open","ping_status":"open","sticky":false,"template":"","format":"standard","meta":{"footnotes":""},"categories":[17,32],"tags":[],"class_list":["post-897","post","type-post","status-publish","format-standard","has-post-thumbnail","hentry","category-dom-zewnatrz","category-taras","entry","has-media"],"yoast_head":"<!-- This site is optimized with the Yoast SEO plugin v17.8 - https:\/\/yoast.com\/wordpress\/plugins\/seo\/ -->\r\n<title>O\u015bwietlenie tarasu - porady, pomys\u0142y i inspiracje - Strefa \u015awiat\u0142a LEDstyl<\/title>\r\n<meta name=\"description\" content=\"O\u015bwietlenie tarasu w stylu nowoczesnym lub retro mo\u017ce by\u0107 jednocze\u015bnie energooszcz\u0119dne. Wybierz stylowe i niepowtarzalne lampy na taras.\" \/>\r\n<meta name=\"robots\" content=\"index, follow, max-snippet:-1, max-image-preview:large, max-video-preview:-1\" \/>\r\n<link rel=\"canonical\" href=\"https:\/\/www.ledstyl.pl\/strefa-swiatla\/oswietlenie-tarasu\/\" \/>\r\n<meta property=\"og:locale\" content=\"pl_PL\" \/>\r\n<meta property=\"og:type\" content=\"article\" \/>\r\n<meta property=\"og:title\" content=\"O\u015bwietlenie tarasu - porady, pomys\u0142y i inspiracje - Strefa \u015awiat\u0142a LEDstyl\" \/>\r\n<meta property=\"og:description\" content=\"O\u015bwietlenie tarasu w stylu nowoczesnym lub retro mo\u017ce by\u0107 jednocze\u015bnie energooszcz\u0119dne. Wybierz stylowe i niepowtarzalne lampy na taras.\" \/>\r\n<meta property=\"og:url\" content=\"https:\/\/www.ledstyl.pl\/strefa-swiatla\/oswietlenie-tarasu\/\" \/>\r\n<meta property=\"og:site_name\" content=\"Strefa \u015awiat\u0142a LEDstyl\" \/>\r\n<meta property=\"article:published_time\" content=\"2022-07-02T12:38:15+00:00\" \/>\r\n<meta property=\"article:modified_time\" content=\"2024-06-28T18:20:37+00:00\" \/>\r\n<meta property=\"og:image\" content=\"https:\/\/www.ledstyl.pl\/strefa-swiatla\/wp-content\/uploads\/2022\/07\/oswietlenie-zewnetrzne-tarasu.jpg\" \/>\r\n\t<meta property=\"og:image:width\" content=\"725\" \/>\r\n\t<meta property=\"og:image:height\" content=\"483\" \/>\r\n<meta name=\"twitter:card\" content=\"summary_large_image\" \/>\r\n<meta name=\"twitter:label1\" content=\"Napisane przez\" \/>\n\t<meta name=\"twitter:data1\" content=\"Adam Doma\u0144ski\" \/>\n\t<meta name=\"twitter:label2\" content=\"Szacowany czas czytania\" \/>\n\t<meta name=\"twitter:data2\" content=\"20 minut\" \/>\r\n<script type=\"application\/ld+json\" class=\"yoast-schema-graph\">{\"@context\":\"https:\/\/schema.org\",\"@graph\":[{\"@type\":\"Organization\",\"@id\":\"https:\/\/www.ledstyl.pl\/strefa-swiatla\/#organization\",\"name\":\"Strefa \\u015awiat\\u0142a LEDstyl.pl\",\"url\":\"https:\/\/www.ledstyl.pl\/strefa-swiatla\/\",\"sameAs\":[],\"logo\":{\"@type\":\"ImageObject\",\"@id\":\"https:\/\/www.ledstyl.pl\/strefa-swiatla\/#logo\",\"inLanguage\":\"pl-PL\",\"url\":\"https:\/\/www.ledstyl.pl\/strefa-swiatla\/wp-content\/uploads\/2021\/12\/strefa-swiatla-ledstyl.png\",\"contentUrl\":\"https:\/\/www.ledstyl.pl\/strefa-swiatla\/wp-content\/uploads\/2021\/12\/strefa-swiatla-ledstyl.png\",\"width\":1999,\"height\":1041,\"caption\":\"Strefa \\u015awiat\\u0142a LEDstyl.pl\"},\"image\":{\"@id\":\"https:\/\/www.ledstyl.pl\/strefa-swiatla\/#logo\"}},{\"@type\":\"WebSite\",\"@id\":\"https:\/\/www.ledstyl.pl\/strefa-swiatla\/#website\",\"url\":\"https:\/\/www.ledstyl.pl\/strefa-swiatla\/\",\"name\":\"Strefa \\u015awiat\\u0142a LEDstyl\",\"description\":\"\",\"publisher\":{\"@id\":\"https:\/\/www.ledstyl.pl\/strefa-swiatla\/#organization\"},\"potentialAction\":[{\"@type\":\"SearchAction\",\"target\":{\"@type\":\"EntryPoint\",\"urlTemplate\":\"https:\/\/www.ledstyl.pl\/strefa-swiatla\/?s={search_term_string}\"},\"query-input\":\"required name=search_term_string\"}],\"inLanguage\":\"pl-PL\"},{\"@type\":\"ImageObject\",\"@id\":\"https:\/\/www.ledstyl.pl\/strefa-swiatla\/oswietlenie-tarasu\/#primaryimage\",\"inLanguage\":\"pl-PL\",\"url\":\"https:\/\/www.ledstyl.pl\/strefa-swiatla\/wp-content\/uploads\/2022\/07\/oswietlenie-zewnetrzne-tarasu.jpg\",\"contentUrl\":\"https:\/\/www.ledstyl.pl\/strefa-swiatla\/wp-content\/uploads\/2022\/07\/oswietlenie-zewnetrzne-tarasu.jpg\",\"width\":725,\"height\":483,\"caption\":\"O\\u015bwietlenie zewn\\u0119trzne tarasu\"},{\"@type\":\"WebPage\",\"@id\":\"https:\/\/www.ledstyl.pl\/strefa-swiatla\/oswietlenie-tarasu\/#webpage\",\"url\":\"https:\/\/www.ledstyl.pl\/strefa-swiatla\/oswietlenie-tarasu\/\",\"name\":\"O\\u015bwietlenie tarasu - porady, pomys\\u0142y i inspiracje - Strefa \\u015awiat\\u0142a LEDstyl\",\"isPartOf\":{\"@id\":\"https:\/\/www.ledstyl.pl\/strefa-swiatla\/#website\"},\"primaryImageOfPage\":{\"@id\":\"https:\/\/www.ledstyl.pl\/strefa-swiatla\/oswietlenie-tarasu\/#primaryimage\"},\"datePublished\":\"2022-07-02T12:38:15+00:00\",\"dateModified\":\"2024-06-28T18:20:37+00:00\",\"description\":\"O\\u015bwietlenie tarasu w stylu nowoczesnym lub retro mo\\u017ce by\\u0107 jednocze\\u015bnie energooszcz\\u0119dne. Wybierz stylowe i niepowtarzalne lampy na taras.\",\"breadcrumb\":{\"@id\":\"https:\/\/www.ledstyl.pl\/strefa-swiatla\/oswietlenie-tarasu\/#breadcrumb\"},\"inLanguage\":\"pl-PL\",\"potentialAction\":[{\"@type\":\"ReadAction\",\"target\":[\"https:\/\/www.ledstyl.pl\/strefa-swiatla\/oswietlenie-tarasu\/\"]}]},{\"@type\":\"BreadcrumbList\",\"@id\":\"https:\/\/www.ledstyl.pl\/strefa-swiatla\/oswietlenie-tarasu\/#breadcrumb\",\"itemListElement\":[{\"@type\":\"ListItem\",\"position\":1,\"name\":\"Strona g\\u0142\\u00f3wna\",\"item\":\"https:\/\/www.ledstyl.pl\/strefa-swiatla\/\"},{\"@type\":\"ListItem\",\"position\":2,\"name\":\"O\\u015bwietlenie tarasu\"}]},{\"@type\":\"Article\",\"@id\":\"https:\/\/www.ledstyl.pl\/strefa-swiatla\/oswietlenie-tarasu\/#article\",\"isPartOf\":{\"@id\":\"https:\/\/www.ledstyl.pl\/strefa-swiatla\/oswietlenie-tarasu\/#webpage\"},\"author\":{\"@id\":\"https:\/\/www.ledstyl.pl\/strefa-swiatla\/#\/schema\/person\/24db998bba2f9b47fe0d08101257c2ce\"},\"headline\":\"O\\u015bwietlenie tarasu\",\"datePublished\":\"2022-07-02T12:38:15+00:00\",\"dateModified\":\"2024-06-28T18:20:37+00:00\",\"mainEntityOfPage\":{\"@id\":\"https:\/\/www.ledstyl.pl\/strefa-swiatla\/oswietlenie-tarasu\/#webpage\"},\"wordCount\":2529,\"commentCount\":0,\"publisher\":{\"@id\":\"https:\/\/www.ledstyl.pl\/strefa-swiatla\/#organization\"},\"image\":{\"@id\":\"https:\/\/www.ledstyl.pl\/strefa-swiatla\/oswietlenie-tarasu\/#primaryimage\"},\"thumbnailUrl\":\"https:\/\/www.ledstyl.pl\/strefa-swiatla\/wp-content\/uploads\/2022\/07\/oswietlenie-zewnetrzne-tarasu.jpg\",\"articleSection\":[\"Dom zewn\\u0105trz\",\"Taras\"],\"inLanguage\":\"pl-PL\",\"potentialAction\":[{\"@type\":\"CommentAction\",\"name\":\"Comment\",\"target\":[\"https:\/\/www.ledstyl.pl\/strefa-swiatla\/oswietlenie-tarasu\/#respond\"]}]},{\"@type\":\"Person\",\"@id\":\"https:\/\/www.ledstyl.pl\/strefa-swiatla\/#\/schema\/person\/24db998bba2f9b47fe0d08101257c2ce\",\"name\":\"Adam Doma\\u0144ski\",\"image\":{\"@type\":\"ImageObject\",\"@id\":\"https:\/\/www.ledstyl.pl\/strefa-swiatla\/#personlogo\",\"inLanguage\":\"pl-PL\",\"url\":\"https:\/\/secure.gravatar.com\/avatar\/391a241373e59dc1426e927c19384e8fcbeb32e3ba2277184170aa780b80359e?s=96&d=mm&r=g\",\"contentUrl\":\"https:\/\/secure.gravatar.com\/avatar\/391a241373e59dc1426e927c19384e8fcbeb32e3ba2277184170aa780b80359e?s=96&d=mm&r=g\",\"caption\":\"Adam Doma\\u0144ski\"},\"sameAs\":[\"https:\/\/www.ledstyl.pl\/strefa-swiatla\"],\"url\":\"https:\/\/www.ledstyl.pl\/strefa-swiatla\/author\/projektleds\/\"}]}<\/script>\r\n<!-- \/ Yoast SEO plugin. -->","yoast_head_json":{"title":"O\u015bwietlenie tarasu - porady, pomys\u0142y i inspiracje - Strefa \u015awiat\u0142a LEDstyl","description":"O\u015bwietlenie tarasu w stylu nowoczesnym lub retro mo\u017ce by\u0107 jednocze\u015bnie energooszcz\u0119dne. Wybierz stylowe i niepowtarzalne lampy na taras.","robots":{"index":"index","follow":"follow","max-snippet":"max-snippet:-1","max-image-preview":"max-image-preview:large","max-video-preview":"max-video-preview:-1"},"canonical":"https:\/\/www.ledstyl.pl\/strefa-swiatla\/oswietlenie-tarasu\/","og_locale":"pl_PL","og_type":"article","og_title":"O\u015bwietlenie tarasu - porady, pomys\u0142y i inspiracje - Strefa \u015awiat\u0142a LEDstyl","og_description":"O\u015bwietlenie tarasu w stylu nowoczesnym lub retro mo\u017ce by\u0107 jednocze\u015bnie energooszcz\u0119dne. Wybierz stylowe i niepowtarzalne lampy na taras.","og_url":"https:\/\/www.ledstyl.pl\/strefa-swiatla\/oswietlenie-tarasu\/","og_site_name":"Strefa \u015awiat\u0142a LEDstyl","article_published_time":"2022-07-02T12:38:15+00:00","article_modified_time":"2024-06-28T18:20:37+00:00","og_image":[{"width":725,"height":483,"url":"https:\/\/www.ledstyl.pl\/strefa-swiatla\/wp-content\/uploads\/2022\/07\/oswietlenie-zewnetrzne-tarasu.jpg","type":"image\/jpeg"}],"twitter_card":"summary_large_image","twitter_misc":{"Napisane przez":"Adam Doma\u0144ski","Szacowany czas czytania":"20 minut"},"schema":{"@context":"https:\/\/schema.org","@graph":[{"@type":"Organization","@id":"https:\/\/www.ledstyl.pl\/strefa-swiatla\/#organization","name":"Strefa \u015awiat\u0142a LEDstyl.pl","url":"https:\/\/www.ledstyl.pl\/strefa-swiatla\/","sameAs":[],"logo":{"@type":"ImageObject","@id":"https:\/\/www.ledstyl.pl\/strefa-swiatla\/#logo","inLanguage":"pl-PL","url":"https:\/\/www.ledstyl.pl\/strefa-swiatla\/wp-content\/uploads\/2021\/12\/strefa-swiatla-ledstyl.png","contentUrl":"https:\/\/www.ledstyl.pl\/strefa-swiatla\/wp-content\/uploads\/2021\/12\/strefa-swiatla-ledstyl.png","width":1999,"height":1041,"caption":"Strefa \u015awiat\u0142a LEDstyl.pl"},"image":{"@id":"https:\/\/www.ledstyl.pl\/strefa-swiatla\/#logo"}},{"@type":"WebSite","@id":"https:\/\/www.ledstyl.pl\/strefa-swiatla\/#website","url":"https:\/\/www.ledstyl.pl\/strefa-swiatla\/","name":"Strefa \u015awiat\u0142a LEDstyl","description":"","publisher":{"@id":"https:\/\/www.ledstyl.pl\/strefa-swiatla\/#organization"},"potentialAction":[{"@type":"SearchAction","target":{"@type":"EntryPoint","urlTemplate":"https:\/\/www.ledstyl.pl\/strefa-swiatla\/?s={search_term_string}"},"query-input":"required name=search_term_string"}],"inLanguage":"pl-PL"},{"@type":"ImageObject","@id":"https:\/\/www.ledstyl.pl\/strefa-swiatla\/oswietlenie-tarasu\/#primaryimage","inLanguage":"pl-PL","url":"https:\/\/www.ledstyl.pl\/strefa-swiatla\/wp-content\/uploads\/2022\/07\/oswietlenie-zewnetrzne-tarasu.jpg","contentUrl":"https:\/\/www.ledstyl.pl\/strefa-swiatla\/wp-content\/uploads\/2022\/07\/oswietlenie-zewnetrzne-tarasu.jpg","width":725,"height":483,"caption":"O\u015bwietlenie zewn\u0119trzne tarasu"},{"@type":"WebPage","@id":"https:\/\/www.ledstyl.pl\/strefa-swiatla\/oswietlenie-tarasu\/#webpage","url":"https:\/\/www.ledstyl.pl\/strefa-swiatla\/oswietlenie-tarasu\/","name":"O\u015bwietlenie tarasu - porady, pomys\u0142y i inspiracje - Strefa \u015awiat\u0142a LEDstyl","isPartOf":{"@id":"https:\/\/www.ledstyl.pl\/strefa-swiatla\/#website"},"primaryImageOfPage":{"@id":"https:\/\/www.ledstyl.pl\/strefa-swiatla\/oswietlenie-tarasu\/#primaryimage"},"datePublished":"2022-07-02T12:38:15+00:00","dateModified":"2024-06-28T18:20:37+00:00","description":"O\u015bwietlenie tarasu w stylu nowoczesnym lub retro mo\u017ce by\u0107 jednocze\u015bnie energooszcz\u0119dne. Wybierz stylowe i niepowtarzalne lampy na taras.","breadcrumb":{"@id":"https:\/\/www.ledstyl.pl\/strefa-swiatla\/oswietlenie-tarasu\/#breadcrumb"},"inLanguage":"pl-PL","potentialAction":[{"@type":"ReadAction","target":["https:\/\/www.ledstyl.pl\/strefa-swiatla\/oswietlenie-tarasu\/"]}]},{"@type":"BreadcrumbList","@id":"https:\/\/www.ledstyl.pl\/strefa-swiatla\/oswietlenie-tarasu\/#breadcrumb","itemListElement":[{"@type":"ListItem","position":1,"name":"Strona g\u0142\u00f3wna","item":"https:\/\/www.ledstyl.pl\/strefa-swiatla\/"},{"@type":"ListItem","position":2,"name":"O\u015bwietlenie tarasu"}]},{"@type":"Article","@id":"https:\/\/www.ledstyl.pl\/strefa-swiatla\/oswietlenie-tarasu\/#article","isPartOf":{"@id":"https:\/\/www.ledstyl.pl\/strefa-swiatla\/oswietlenie-tarasu\/#webpage"},"author":{"@id":"https:\/\/www.ledstyl.pl\/strefa-swiatla\/#\/schema\/person\/24db998bba2f9b47fe0d08101257c2ce"},"headline":"O\u015bwietlenie tarasu","datePublished":"2022-07-02T12:38:15+00:00","dateModified":"2024-06-28T18:20:37+00:00","mainEntityOfPage":{"@id":"https:\/\/www.ledstyl.pl\/strefa-swiatla\/oswietlenie-tarasu\/#webpage"},"wordCount":2529,"commentCount":0,"publisher":{"@id":"https:\/\/www.ledstyl.pl\/strefa-swiatla\/#organization"},"image":{"@id":"https:\/\/www.ledstyl.pl\/strefa-swiatla\/oswietlenie-tarasu\/#primaryimage"},"thumbnailUrl":"https:\/\/www.ledstyl.pl\/strefa-swiatla\/wp-content\/uploads\/2022\/07\/oswietlenie-zewnetrzne-tarasu.jpg","articleSection":["Dom zewn\u0105trz","Taras"],"inLanguage":"pl-PL","potentialAction":[{"@type":"CommentAction","name":"Comment","target":["https:\/\/www.ledstyl.pl\/strefa-swiatla\/oswietlenie-tarasu\/#respond"]}]},{"@type":"Person","@id":"https:\/\/www.ledstyl.pl\/strefa-swiatla\/#\/schema\/person\/24db998bba2f9b47fe0d08101257c2ce","name":"Adam Doma\u0144ski","image":{"@type":"ImageObject","@id":"https:\/\/www.ledstyl.pl\/strefa-swiatla\/#personlogo","inLanguage":"pl-PL","url":"https:\/\/secure.gravatar.com\/avatar\/391a241373e59dc1426e927c19384e8fcbeb32e3ba2277184170aa780b80359e?s=96&d=mm&r=g","contentUrl":"https:\/\/secure.gravatar.com\/avatar\/391a241373e59dc1426e927c19384e8fcbeb32e3ba2277184170aa780b80359e?s=96&d=mm&r=g","caption":"Adam Doma\u0144ski"},"sameAs":["https:\/\/www.ledstyl.pl\/strefa-swiatla"],"url":"https:\/\/www.ledstyl.pl\/strefa-swiatla\/author\/projektleds\/"}]}},"_links":{"self":[{"href":"https:\/\/www.ledstyl.pl\/strefa-swiatla\/wp-json\/wp\/v2\/posts\/897","targetHints":{"allow":["GET"]}}],"collection":[{"href":"https:\/\/www.ledstyl.pl\/strefa-swiatla\/wp-json\/wp\/v2\/posts"}],"about":[{"href":"https:\/\/www.ledstyl.pl\/strefa-swiatla\/wp-json\/wp\/v2\/types\/post"}],"author":[{"embeddable":true,"href":"https:\/\/www.ledstyl.pl\/strefa-swiatla\/wp-json\/wp\/v2\/users\/1"}],"replies":[{"embeddable":true,"href":"https:\/\/www.ledstyl.pl\/strefa-swiatla\/wp-json\/wp\/v2\/comments?post=897"}],"version-history":[{"count":21,"href":"https:\/\/www.ledstyl.pl\/strefa-swiatla\/wp-json\/wp\/v2\/posts\/897\/revisions"}],"predecessor-version":[{"id":1299,"href":"https:\/\/www.ledstyl.pl\/strefa-swiatla\/wp-json\/wp\/v2\/posts\/897\/revisions\/1299"}],"wp:featuredmedia":[{"embeddable":true,"href":"https:\/\/www.ledstyl.pl\/strefa-swiatla\/wp-json\/wp\/v2\/media\/906"}],"wp:attachment":[{"href":"https:\/\/www.ledstyl.pl\/strefa-swiatla\/wp-json\/wp\/v2\/media?parent=897"}],"wp:term":[{"taxonomy":"category","embeddable":true,"href":"https:\/\/www.ledstyl.pl\/strefa-swiatla\/wp-json\/wp\/v2\/categories?post=897"},{"taxonomy":"post_tag","embeddable":true,"href":"https:\/\/www.ledstyl.pl\/strefa-swiatla\/wp-json\/wp\/v2\/tags?post=897"}],"curies":[{"name":"wp","href":"https:\/\/api.w.org\/{rel}","templated":true}]}}