{"id":936,"date":"2022-08-21T17:10:01","date_gmt":"2022-08-21T15:10:01","guid":{"rendered":"https:\/\/www.ledstyl.pl\/strefa-swiatla\/?p=936"},"modified":"2024-06-27T18:57:49","modified_gmt":"2024-06-27T16:57:49","slug":"lampy-do-garderoby","status":"publish","type":"post","link":"https:\/\/www.ledstyl.pl\/strefa-swiatla\/lampy-do-garderoby\/","title":{"rendered":"Lampy do garderoby"},"content":{"rendered":"<p>Garderoba to pomieszczenie, o kt\u00f3rym niew\u0105tpliwie marzy niejedna kobieta, a kt\u00f3rego walory doceni r\u00f3wnie\u017c ka\u017cdy m\u0119\u017cczyzna. Posiada ona najcz\u0119\u015bciej niewielkie rozmiary, cho\u0107 zdarzaj\u0105 si\u0119 r\u00f3wnie\u017c garderoby dor\u00f3wnuj\u0105ce wielko\u015bci\u0105 gwiazdorskich pomieszcze\u0144. Najcz\u0119\u015bciej pozbawione s\u0105 one okien, jednak\u017ce je\u015bli takie posiadaj\u0105, to \u015bwiat\u0142o dzienne zdecydowanie jest niewystarczaj\u0105cym \u017ar\u00f3d\u0142em o\u015bwietlenia. Mianowicie pok\u00f3j, w kt\u00f3rym dobieramy nasz codzienny lub wyj\u015bciowy str\u00f3j, musi posiada\u0107 mocne, jasne \u015bwiat\u0142o. W naszym artykule postaramy si\u0119 pom\u00f3c Ci wybra\u0107 <strong>o\u015bwietlenie garderoby<\/strong>, kt\u00f3re spe\u0142ni Twoje indywidualne wymagania. Wybieraj\u0105c <strong>lampy do garderoby<\/strong>, powinni\u015bmy zwr\u00f3ci\u0107 uwag\u0119 na ich moc, ale tak\u017ce rozmieszczenie, tak aby ka\u017cdy zakamarek naszego wn\u0119trza by\u0142 odpowiednio o\u015bwietlony.<\/p>\n<p><img loading=\"lazy\" decoding=\"async\" class=\"wp-image-939 size-full aligncenter\" src=\"https:\/\/www.ledstyl.pl\/strefa-swiatla\/wp-content\/uploads\/2022\/08\/lampy-do-garderoby.jpeg\" alt=\"Lampy do garderoby\" width=\"760\" height=\"471\" srcset=\"https:\/\/www.ledstyl.pl\/strefa-swiatla\/wp-content\/uploads\/2022\/08\/lampy-do-garderoby.jpeg 760w, https:\/\/www.ledstyl.pl\/strefa-swiatla\/wp-content\/uploads\/2022\/08\/lampy-do-garderoby-300x186.jpeg 300w\" sizes=\"auto, (max-width: 760px) 100vw, 760px\" \/><\/p>\n<div id=\"toc_container\" class=\"toc_white no_bullets\"><p class=\"toc_title\">Spis tre\u015bci<\/p><ul class=\"toc_list\"><li><a href=\"#Oswietlenie_garderoby\"><span class=\"toc_number toc_depth_1\">1<\/span> O\u015bwietlenie garderoby<\/a><\/li><li><a href=\"#Lampa_do_garderoby_8211_jaka_wybrac\"><span class=\"toc_number toc_depth_1\">2<\/span> Lampa do garderoby &#8211; jak\u0105 wybra\u0107?<\/a><ul><li><a href=\"#Zyrandol_do_garderoby\"><span class=\"toc_number toc_depth_2\">2.1<\/span> \u017byrandol do garderoby<\/a><\/li><li><a href=\"#Kinkiet_do_garderoby\"><span class=\"toc_number toc_depth_2\">2.2<\/span> Kinkiet do garderoby<\/a><\/li><li><a href=\"#Lampa_sufitowa_do_garderoby\"><span class=\"toc_number toc_depth_2\">2.3<\/span> Lampa sufitowa do garderoby<\/a><\/li><li><a href=\"#Oswietlenie_sufitowe_do_garderoby\"><span class=\"toc_number toc_depth_2\">2.4<\/span> O\u015bwietlenie sufitowe do garderoby<\/a><\/li><\/ul><\/li><li><a href=\"#Oswietlenie_do_garderoby_a_barwa_swiatla\"><span class=\"toc_number toc_depth_1\">3<\/span> O\u015bwietlenie do garderoby a barwa \u015bwiat\u0142a<\/a><\/li><li><a href=\"#Oswietlenie_gorne_w_garderobie_8211_jak_rozmiescic\"><span class=\"toc_number toc_depth_1\">4<\/span> O\u015bwietlenie g\u00f3rne w garderobie &#8211; jak rozmie\u015bci\u0107?<\/a><\/li><li><a href=\"#Jakie_oswietlenie_do_garderoby_8211_podsumowanie\"><span class=\"toc_number toc_depth_1\">5<\/span> Jakie o\u015bwietlenie do garderoby &#8211; podsumowanie<\/a><\/li><\/ul><\/div>\n<h2><span id=\"Oswietlenie_garderoby\">O\u015bwietlenie garderoby<\/span><\/h2>\n<p>W\u015br\u00f3d wielu sposob\u00f3w o\u015bwietlenia pomieszczenia, jakim jest garderoba mamy spore mo\u017cliwo\u015bci aran\u017cacyjne. Ogromny wp\u0142yw na wyb\u00f3r <strong>o\u015bwietlenia do garderoby<\/strong> ma oczywi\u015bcie sama wielko\u015b\u0107 naszego wn\u0119trza. Inne lampy do garderoby wybierzemy do pomieszczenia, kt\u00f3re wygl\u0105dem przypomina po prostu du\u017c\u0105 szaf\u0119, a na co\u015b innego zdecydujemy si\u0119 w przypadku du\u017cej przestrzeni. Podstaw\u0105 jest na pewno <strong>lampa do garderoby<\/strong>, kt\u00f3ra pe\u0142ni funkcj\u0119 o\u015bwietlenia g\u0142\u00f3wnego. Nale\u017cy jednak pami\u0119ta\u0107 r\u00f3wnie\u017c o innych \u017ar\u00f3d\u0142ach \u015bwiat\u0142a, a ich w garderobie nigdy nie jest zbyt wiele. Istotne jest pod\u015bwietlenie lustra &#8211; rzeczy niezb\u0119dnej w tego typu pomieszczeniu. Je\u015bli mamy toaletk\u0119 tutaj r\u00f3wnie\u017c warto pami\u0119ta\u0107 o dodatkowych lampach. Pod\u015bwietlenia szafek, p\u00f3\u0142ek, koszy u\u0142atwi nam znalezienie i wyb\u00f3r but\u00f3w czy ubra\u0144. Warto pami\u0119ta\u0107 tak\u017ce o tworz\u0105cym atmosfer\u0119 o\u015bwietleniu dekoracyjnym.<\/p>\n<p><img loading=\"lazy\" decoding=\"async\" class=\"aligncenter wp-image-941\" src=\"https:\/\/www.ledstyl.pl\/strefa-swiatla\/wp-content\/uploads\/2022\/08\/oswietlenie-garderoby-300x200.jpeg\" alt=\"O\u015bwietlenie garderoby\" width=\"760\" height=\"507\" srcset=\"https:\/\/www.ledstyl.pl\/strefa-swiatla\/wp-content\/uploads\/2022\/08\/oswietlenie-garderoby-300x200.jpeg 300w, https:\/\/www.ledstyl.pl\/strefa-swiatla\/wp-content\/uploads\/2022\/08\/oswietlenie-garderoby-768x512.jpeg 768w, https:\/\/www.ledstyl.pl\/strefa-swiatla\/wp-content\/uploads\/2022\/08\/oswietlenie-garderoby.jpeg 940w\" sizes=\"auto, (max-width: 760px) 100vw, 760px\" \/><\/p>\n<h2><span id=\"Lampa_do_garderoby_8211_jaka_wybrac\">Lampa do garderoby &#8211; jak\u0105 wybra\u0107?<\/span><\/h2>\n<p>Przed dylematem wyboru odpowiedniej <strong>lampy do garderoby<\/strong>, stoi ka\u017cdy urz\u0105dzaj\u0105cy swoje wymarzone wn\u0119trze. W takim pomieszczeniu musimy pami\u0119ta\u0107 o lampie, kt\u00f3ra b\u0119dzie g\u0142\u00f3wnym i najmocniejszym \u017ar\u00f3d\u0142em \u015bwiat\u0142a. \u015awietnie do tego nada si\u0119 \u017cyrandol lub plafon. Innym ciekawym pomys\u0142em, kt\u00f3ry doda r\u00f3wnie\u017c pomieszczeniu nutki dekoracji, b\u0119d\u0105 kinkiety \u015bcienne. Ciekawym rozwi\u0105zaniem dzi\u015b okazuj\u0105 si\u0119 r\u00f3wnie\u017c reflektory lub spoty \u015bwietlne umieszczone w szynoprzewodach. Wykorzystuj\u0105c <a href=\"https:\/\/www.ledstyl.pl\/oswietlenie-szynowe-cat-297\">o\u015bwietlenie szynowe<\/a> bez problemu b\u0119dziemy mogli ukierunkowa\u0107 strumie\u0144 \u015bwiat\u0142a w wybrane przestrzenie. Mocne jasne o\u015bwietlenie zapewni\u0105 nam r\u00f3wnie\u017c halogeny sufitowe. W szafach, przy p\u00f3\u0142kach lub przy toaletce, je\u015bli takowej jeste\u015bmy szcz\u0119\u015bliwymi posiadaczami, \u015bwietnie sprawdz\u0105 si\u0119 ta\u015bmy ledowe. Charakteru i przytulno\u015bci pomieszczeniu nadadz\u0105 r\u00f3wnie\u017c dekoracyjne lampy stoj\u0105ce lub \u0142a\u0144cuchy \u015bwietlne.<\/p>\n<p><img loading=\"lazy\" decoding=\"async\" class=\"wp-image-942 aligncenter\" src=\"https:\/\/www.ledstyl.pl\/strefa-swiatla\/wp-content\/uploads\/2022\/08\/lampa-do-garderoby-300x200.jpeg\" alt=\"Lampa do garderoby\" width=\"760\" height=\"507\" srcset=\"https:\/\/www.ledstyl.pl\/strefa-swiatla\/wp-content\/uploads\/2022\/08\/lampa-do-garderoby-300x200.jpeg 300w, https:\/\/www.ledstyl.pl\/strefa-swiatla\/wp-content\/uploads\/2022\/08\/lampa-do-garderoby-768x512.jpeg 768w, https:\/\/www.ledstyl.pl\/strefa-swiatla\/wp-content\/uploads\/2022\/08\/lampa-do-garderoby.jpeg 940w\" sizes=\"auto, (max-width: 760px) 100vw, 760px\" \/><\/p>\n<h3><span id=\"Zyrandol_do_garderoby\">\u017byrandol do garderoby<\/span><\/h3>\n<p>Wielu z nas zastanawia si\u0119, czy <strong>wyb\u00f3r \u017cyrandola do garderoby<\/strong> jest na pewno dobrym pomys\u0142em. Du\u017co zale\u017cy tutaj od miejsca i przestrzeni, jak\u0105 dysponujemy. Je\u015bli jeste\u015bmy posiadaczami sporej garderoby, to jak najbardziej mo\u017cemy pozwoli\u0107 sobie na zamontowanie \u017cyrandola, a nawet dw\u00f3ch. Niew\u0105tpliwie nadadz\u0105 one pomieszczeniu szyku, elegancji oraz charakteru. Musimy pami\u0119ta\u0107 jednak o za\u0142o\u017ceniu mocnych \u017car\u00f3wek, kt\u00f3re pozwol\u0105 nam o\u015bwietli\u0107 ka\u017cdy zakamarek garderoby. Wielko\u015b\u0107 \u017cyrandola musi by\u0107 proporcjonalna do wielko\u015bci pomieszczenia oraz nie powinna powodowa\u0107 przyt\u0142oczenia przestrzeni. <a href=\"https:\/\/www.ledstyl.pl\/lampa-wiszaca-cat-296\">Lampa wisz\u0105ca<\/a> nie b\u0119dzie dobrze wygl\u0105da\u0142, umieszczony w zbyt bliskiej odleg\u0142o\u015bci od p\u00f3\u0142ek czy szaf. Warto rozwa\u017cy\u0107 opcj\u0119 tego typu o\u015bwietlenia z praktyczn\u0105 regulacj\u0105.<\/p>\n<table style=\"width: 100%; height: 124px; border: none;\">\n<tbody>\n<tr style=\"height: 42px;\">\n<td style=\"width: 33.3333%; height: 42px;\"><a href=\"https:\/\/www.ledstyl.pl\/lampa-wiszaca-nowoczesna-cat-366\"><img loading=\"lazy\" decoding=\"async\" class=\"size-medium wp-image-291 aligncenter\" src=\"https:\/\/www.ledstyl.pl\/dane\/source\/t\/tqx.4ead3646-3f90-4f0d-9526-56f808d711d8.jpg\" alt=\"Lampa wisz\u0105ca nowoczesna\" width=\"298\" height=\"300\" \/><\/a><\/td>\n<td style=\"width: 33.3333%; height: 42px;\"><a href=\"https:\/\/www.ledstyl.pl\/designerskie-lampy-wiszace-cat-367\"><img loading=\"lazy\" decoding=\"async\" class=\"size-medium wp-image-292 aligncenter\" src=\"https:\/\/www.ledstyl.pl\/dane\/source\/1\/13bcab2b-34e1-4333-9f23-7bec1ff2932c.jpg\" alt=\"Designerskie lampy wisz\u0105ce\" width=\"298\" height=\"300\" \/><\/a><\/td>\n<td style=\"width: 33.3333%; height: 42px;\"><a href=\"https:\/\/www.ledstyl.pl\/lampa-wiszaca-tuba-cat-281\"><img loading=\"lazy\" decoding=\"async\" class=\"size-medium wp-image-293 aligncenter\" src=\"https:\/\/www.ledstyl.pl\/dane\/source\/1\/1x1.tuba-wiszaca-led-gu10-poczworna-czarna-1.jpg\" alt=\"Lampa wisz\u0105ca tuba\" width=\"298\" height=\"300\" \/><\/a><\/td>\n<\/tr>\n<tr style=\"height: 62px;\">\n<td style=\"width: 33.3333%; height: 62px; text-align: center;\"><span style=\"font-size: 12pt;\"><a href=\"https:\/\/www.ledstyl.pl\/lampa-wiszaca-nowoczesna-cat-366\"><div class=\"su-animate\" style=\"opacity:0;-webkit-animation-duration:1s;-webkit-animation-delay:0s;animation-duration:1s;animation-delay:0s;\" data-animation=\"bounceIn\" data-duration=\"1\" data-delay=\"0\"><strong>Lampa wisz\u0105ca nowoczesna<\/strong><\/div><\/a><\/span><\/td>\n<td style=\"width: 33.3333%; height: 62px; text-align: center;\"><span style=\"font-size: 12pt;\"><a href=\"https:\/\/www.ledstyl.pl\/designerskie-lampy-wiszace-cat-367\"><div class=\"su-animate\" style=\"opacity:0;-webkit-animation-duration:1s;-webkit-animation-delay:0s;animation-duration:1s;animation-delay:0s;\" data-animation=\"bounceIn\" data-duration=\"1\" data-delay=\"0\"><strong>Designerskie lampy wisz\u0105ce<\/strong><\/div><\/a><\/span><\/td>\n<td style=\"width: 33.3333%; height: 62px; text-align: center;\"><span style=\"font-size: 12pt;\"><a href=\"https:\/\/www.ledstyl.pl\/lampa-wiszaca-tuba-cat-281\"><div class=\"su-animate\" style=\"opacity:0;-webkit-animation-duration:1s;-webkit-animation-delay:0s;animation-duration:1s;animation-delay:0s;\" data-animation=\"bounceIn\" data-duration=\"1\" data-delay=\"0\"><strong>Lampa wisz\u0105ca Tuba<\/strong><\/div><\/a><\/span><\/td>\n<\/tr>\n<tr style=\"height: 54px;\">\n<td style=\"width: 33.3333%; height: 18px;\"><div class=\"su-button-center\"><a href=\"https:\/\/www.ledstyl.pl\/lampa-wiszaca-nowoczesna-cat-366\" class=\"su-button su-button-style-3d\" style=\"color:#ffffff;background-color:#ef2d36;border-color:#c0242c;border-radius:50px;-moz-border-radius:50px;-webkit-border-radius:50px\" target=\"_self\" rel=\"nofollow\"><span style=\"color:#ffffff;padding:0px 24px;font-size:18px;line-height:36px;border-color:#f46c73;border-radius:50px;-moz-border-radius:50px;-webkit-border-radius:50px;text-shadow:none;-moz-text-shadow:none;-webkit-text-shadow:none\"> <b>Zobacz wi\u0119cej<\/b><\/span><\/a><\/div><\/td>\n<td style=\"width: 33.3333%; height: 18px;\"><div class=\"su-button-center\"><a href=\"https:\/\/www.ledstyl.pl\/designerskie-lampy-wiszace-cat-367\" class=\"su-button su-button-style-3d\" style=\"color:#ffffff;background-color:#ef2d36;border-color:#c0242c;border-radius:50px;-moz-border-radius:50px;-webkit-border-radius:50px\" target=\"_self\" rel=\"nofollow\"><span style=\"color:#ffffff;padding:0px 24px;font-size:18px;line-height:36px;border-color:#f46c73;border-radius:50px;-moz-border-radius:50px;-webkit-border-radius:50px;text-shadow:none;-moz-text-shadow:none;-webkit-text-shadow:none\"> <b>Zobacz wi\u0119cej<\/b><\/span><\/a><\/div><\/td>\n<td style=\"width: 33.3333%; height: 18px;\">\n<p style=\"text-align: center;\"><div class=\"su-button-center\"><a href=\"https:\/\/www.ledstyl.pl\/lampa-wiszaca-tuba-cat-281\" class=\"su-button su-button-style-3d\" style=\"color:#ffffff;background-color:#ef2d36;border-color:#c0242c;border-radius:50px;-moz-border-radius:50px;-webkit-border-radius:50px\" target=\"_self\" rel=\"nofollow\"><span style=\"color:#ffffff;padding:0px 24px;font-size:18px;line-height:36px;border-color:#f46c73;border-radius:50px;-moz-border-radius:50px;-webkit-border-radius:50px;text-shadow:none;-moz-text-shadow:none;-webkit-text-shadow:none\"> <b>Zobacz wi\u0119cej<\/b><\/span><\/a><\/div>\n<\/td>\n<\/tr>\n<\/tbody>\n<\/table>\n<h3><span id=\"Kinkiet_do_garderoby\">Kinkiet do garderoby<\/span><\/h3>\n<p>\u015awietnym rozwi\u0105zaniem o\u015bwietleniowym do garderoby b\u0119d\u0105 <a href=\"https:\/\/www.ledstyl.pl\/kinkiet-wewnetrzny-cat-282\">kinkiety wewn\u0119trzne<\/a>. Dzi\u0119ki ciekawym wzorom oraz kszta\u0142tom pe\u0142ni\u0105 one r\u00f3wnie\u017c funkcj\u0119 dekoracyjn\u0105 w naszym pomieszczeniu. Wiele kinkiet\u00f3w ma mo\u017cliwo\u015b\u0107 ukierunkowania \u015bwiat\u0142a. Umo\u017cliwi nam to skierowanie \u017ar\u00f3d\u0142a \u015bwiat\u0142a w miejsca trudno dost\u0119pne, a tak\u017ce mocniejsze do\u015bwietlenia miejsc, w kt\u00f3rych jest to najbardziej potrzebne.<\/p>\n<table style=\"width: 100%; height: 124px; border: none;\">\n<tbody>\n<tr style=\"height: 42px;\">\n<td style=\"width: 33.3333%; height: 42px;\"><a href=\"https:\/\/www.ledstyl.pl\/kinkiet-nowoczesny-cat-375\"><img loading=\"lazy\" decoding=\"async\" class=\"size-medium wp-image-291 aligncenter\" src=\"https:\/\/www.ledstyl.pl\/dane\/source\/0\/07c1b180-788e-44a3-a2c8-b80cdf0dad04.jpg\" alt=\"Kinkiet nowoczesny\" width=\"298\" height=\"300\" \/><\/a><\/td>\n<td style=\"width: 33.3333%; height: 42px;\"><a href=\"https:\/\/www.ledstyl.pl\/reflektor-scienny-cat-376\"><img loading=\"lazy\" decoding=\"async\" class=\"size-medium wp-image-292 aligncenter\" src=\"https:\/\/www.ledstyl.pl\/dane\/source\/3\/3a558dcbe3d44139a94a71c83b5d1421.jpg\" alt=\"Reflektor \u015bcienny\" width=\"298\" height=\"300\" \/><\/a><\/td>\n<td style=\"width: 33.3333%; height: 42px;\"><a href=\"https:\/\/www.ledstyl.pl\/kinkiet-designerski-cat-377\"><img loading=\"lazy\" decoding=\"async\" class=\"size-medium wp-image-293 aligncenter\" src=\"https:\/\/www.ledstyl.pl\/dane\/source\/d\/dwt.kinkiet-led-e27-czarny-ze-zlotym-1.jpg\" alt=\"Kinkiet designerski\" width=\"298\" height=\"300\" \/><\/a><\/td>\n<\/tr>\n<tr style=\"height: 62px;\">\n<td style=\"width: 33.3333%; height: 62px; text-align: center;\"><span style=\"font-size: 12pt;\"><a href=\"https:\/\/www.ledstyl.pl\/kinkiet-nowoczesny-cat-375\"><div class=\"su-animate\" style=\"opacity:0;-webkit-animation-duration:1s;-webkit-animation-delay:0s;animation-duration:1s;animation-delay:0s;\" data-animation=\"bounceIn\" data-duration=\"1\" data-delay=\"0\"><strong>Kinkiet nowoczesny<\/strong><\/div><\/a><\/span><\/td>\n<td style=\"width: 33.3333%; height: 62px; text-align: center;\"><span style=\"font-size: 12pt;\"><a href=\"https:\/\/www.ledstyl.pl\/reflektor-scienny-cat-376\"><div class=\"su-animate\" style=\"opacity:0;-webkit-animation-duration:1s;-webkit-animation-delay:0s;animation-duration:1s;animation-delay:0s;\" data-animation=\"bounceIn\" data-duration=\"1\" data-delay=\"0\"><strong>Reflektor \u015bcienny<\/strong><\/div><\/a><\/span><\/td>\n<td style=\"width: 33.3333%; height: 62px; text-align: center;\"><span style=\"font-size: 12pt;\"><a href=\"https:\/\/www.ledstyl.pl\/kinkiet-designerski-cat-377\"><div class=\"su-animate\" style=\"opacity:0;-webkit-animation-duration:1s;-webkit-animation-delay:0s;animation-duration:1s;animation-delay:0s;\" data-animation=\"bounceIn\" data-duration=\"1\" data-delay=\"0\"><strong>Kinkiet designerski<\/strong><\/div><\/a><\/span><\/td>\n<\/tr>\n<tr style=\"height: 54px;\">\n<td style=\"width: 33.3333%; height: 18px;\"><div class=\"su-button-center\"><a href=\"https:\/\/www.ledstyl.pl\/kinkiet-nowoczesny-cat-375\" class=\"su-button su-button-style-3d\" style=\"color:#ffffff;background-color:#ef2d36;border-color:#c0242c;border-radius:50px;-moz-border-radius:50px;-webkit-border-radius:50px\" target=\"_self\" rel=\"nofollow\"><span style=\"color:#ffffff;padding:0px 24px;font-size:18px;line-height:36px;border-color:#f46c73;border-radius:50px;-moz-border-radius:50px;-webkit-border-radius:50px;text-shadow:none;-moz-text-shadow:none;-webkit-text-shadow:none\"> <b>Zobacz wi\u0119cej<\/b><\/span><\/a><\/div><\/td>\n<td style=\"width: 33.3333%; height: 18px;\"><div class=\"su-button-center\"><a href=\"https:\/\/www.ledstyl.pl\/reflektor-scienny-cat-376\" class=\"su-button su-button-style-3d\" style=\"color:#ffffff;background-color:#ef2d36;border-color:#c0242c;border-radius:50px;-moz-border-radius:50px;-webkit-border-radius:50px\" target=\"_self\" rel=\"nofollow\"><span style=\"color:#ffffff;padding:0px 24px;font-size:18px;line-height:36px;border-color:#f46c73;border-radius:50px;-moz-border-radius:50px;-webkit-border-radius:50px;text-shadow:none;-moz-text-shadow:none;-webkit-text-shadow:none\"> <b>Zobacz wi\u0119cej<\/b><\/span><\/a><\/div><\/td>\n<td style=\"width: 33.3333%; height: 18px;\">\n<p style=\"text-align: center;\"><div class=\"su-button-center\"><a href=\"https:\/\/www.ledstyl.pl\/kinkiet-designerski-cat-377\" class=\"su-button su-button-style-3d\" style=\"color:#ffffff;background-color:#ef2d36;border-color:#c0242c;border-radius:50px;-moz-border-radius:50px;-webkit-border-radius:50px\" target=\"_self\" rel=\"nofollow\"><span style=\"color:#ffffff;padding:0px 24px;font-size:18px;line-height:36px;border-color:#f46c73;border-radius:50px;-moz-border-radius:50px;-webkit-border-radius:50px;text-shadow:none;-moz-text-shadow:none;-webkit-text-shadow:none\"> <b>Zobacz wi\u0119cej<\/b><\/span><\/a><\/div>\n<\/td>\n<\/tr>\n<\/tbody>\n<\/table>\n<p>Doskona\u0142ym przyk\u0142adem b\u0119dzie tutaj o\u015bwietlenie lustra. <a href=\"https:\/\/www.ledstyl.pl\/lampa-led-nad-lustro-cat-305\">Lampa LED nad lustro<\/a> w postaci kinkietu jest wprost genialnym rozwi\u0105zaniem. <strong>Kinkiety do garderoby<\/strong> wykonane s\u0105 w wielu stylach, tak\u017ce bez najmniejszego problemu ka\u017cdy z naszych klient\u00f3w dopasuje je w wygl\u0105d swojego indywidualnego wn\u0119trza. Udekoruj\u0105 garderoby zachowane w stylu retro, nadadz\u0105 charakteru klasycznym rozwi\u0105zaniom i stan\u0105 si\u0119 ozdob\u0105 najbardziej nowoczesnych aran\u017cacji.<\/p>\n<table style=\"width: 100%; height: 124px; border: none;\">\n<tbody>\n<tr style=\"height: 42px;\">\n<td style=\"width: 33.3333%; height: 42px;\"><a href=\"https:\/\/www.ledstyl.pl\/tasma-led-12v-60xsmd3528-48wm-ciepla-1-metr-id-2791\"><img loading=\"lazy\" decoding=\"async\" class=\"size-medium wp-image-291 aligncenter\" src=\"https:\/\/www.ledstyl.pl\/dane\/source\/7\/76a27127-1744-4a94-b20b-4babb8aabcb9.jpg\" alt=\"Lampa LED nad lustro BESTA 15W 60cm czarna\" width=\"298\" height=\"300\" \/><\/a><\/td>\n<td style=\"width: 33.3333%; height: 42px;\"><a href=\"https:\/\/www.ledstyl.pl\/tasma-led-12v-60xsmd3528-48wm-neutralna-1-metr-id-2792\"><img loading=\"lazy\" decoding=\"async\" class=\"size-medium wp-image-292 aligncenter\" src=\"https:\/\/www.ledstyl.pl\/dane\/source\/5\/5u1.e29567b6-a68d-4282-af6f-66690f553d40.jpg\" alt=\"Kinkiet nad lustro 56cm 12W Drako czarno-z\u0142oty\" width=\"298\" height=\"300\" \/><\/a><\/td>\n<td style=\"width: 33.3333%; height: 42px;\"><a href=\"https:\/\/www.ledstyl.pl\/tasma-led-12v-60xsmd3528-48wm-zimna-1-metr-id-5390\"><img loading=\"lazy\" decoding=\"async\" class=\"size-medium wp-image-293 aligncenter\" src=\"https:\/\/www.ledstyl.pl\/dane\/source\/4\/4if.kinkiet-led-nad-lustro-czarny-1.jpg\" alt=\"Lampa LED nad lustro LAPPA 14W 60cm czarna\" width=\"298\" height=\"300\" \/><\/a><\/td>\n<\/tr>\n<tr style=\"height: 62px;\">\n<td style=\"width: 33.3333%; height: 62px; text-align: center;\"><span style=\"font-size: 12pt;\"><a href=\"https:\/\/www.ledstyl.pl\/lampa-led-nad-lustro-besta-15w-60cm-czarna-id-6894\"><div class=\"su-animate\" style=\"opacity:0;-webkit-animation-duration:1s;-webkit-animation-delay:0s;animation-duration:1s;animation-delay:0s;\" data-animation=\"bounceIn\" data-duration=\"1\" data-delay=\"0\"><strong>Lampa LED nad lustro BESTA 15W 60cm czarna<\/strong><\/div><\/a><\/span><\/td>\n<td style=\"width: 33.3333%; height: 62px; text-align: center;\"><span style=\"font-size: 12pt;\"><a href=\"https:\/\/www.ledstyl.pl\/kinkiet-nad-lustro-56cm-12w-drako-czarno-zloty-id-8864\"><div class=\"su-animate\" style=\"opacity:0;-webkit-animation-duration:1s;-webkit-animation-delay:0s;animation-duration:1s;animation-delay:0s;\" data-animation=\"bounceIn\" data-duration=\"1\" data-delay=\"0\"><strong>Kinkiet nad lustro 56cm 12W Drako czarno-z\u0142oty<\/strong><\/div><\/a><\/span><\/td>\n<td style=\"width: 33.3333%; height: 62px; text-align: center;\"><span style=\"font-size: 12pt;\"><a href=\"https:\/\/www.ledstyl.pl\/lampa-led-nad-lustro-lappa-14w-60cm-czarna-id-8235\"><div class=\"su-animate\" style=\"opacity:0;-webkit-animation-duration:1s;-webkit-animation-delay:0s;animation-duration:1s;animation-delay:0s;\" data-animation=\"bounceIn\" data-duration=\"1\" data-delay=\"0\"><strong>Lampa LED nad lustro LAPPA 14W 60cm czarna<\/strong><\/div><\/a><\/span><\/td>\n<\/tr>\n<tr style=\"height: 54px;\">\n<td style=\"width: 33.3333%; height: 18px;\"><div class=\"su-button-center\"><a href=\"https:\/\/www.ledstyl.pl\/lampa-led-nad-lustro-besta-15w-60cm-czarna-id-6894\" class=\"su-button su-button-style-3d su-button-wide\" style=\"color:#ffffff;background-color:#ef2d36;border-color:#c0242c;border-radius:40px;-moz-border-radius:40px;-webkit-border-radius:40px\" target=\"_self\" rel=\"nofollow\"><span style=\"color:#ffffff;padding:7px 20px;font-size:16px;line-height:24px;border-color:#f46c73;border-radius:40px;-moz-border-radius:40px;-webkit-border-radius:40px;text-shadow:none;-moz-text-shadow:none;-webkit-text-shadow:none\"><i class=\"sui sui-shopping-bag\" style=\"font-size:16px;color:#ffffff\"><\/i> <\/span><\/a><\/div><\/td>\n<td style=\"width: 33.3333%; height: 18px;\"><div class=\"su-button-center\"><a href=\"https:\/\/www.ledstyl.pl\/kinkiet-nad-lustro-56cm-12w-drako-czarno-zloty-id-8864\" class=\"su-button su-button-style-3d su-button-wide\" style=\"color:#ffffff;background-color:#ef2d36;border-color:#c0242c;border-radius:40px;-moz-border-radius:40px;-webkit-border-radius:40px\" target=\"_self\" rel=\"nofollow\"><span style=\"color:#ffffff;padding:7px 20px;font-size:16px;line-height:24px;border-color:#f46c73;border-radius:40px;-moz-border-radius:40px;-webkit-border-radius:40px;text-shadow:none;-moz-text-shadow:none;-webkit-text-shadow:none\"><i class=\"sui sui-shopping-bag\" style=\"font-size:16px;color:#ffffff\"><\/i> <\/span><\/a><\/div><\/td>\n<td style=\"width: 33.3333%; height: 18px;\"><div class=\"su-button-center\"><a href=\"https:\/\/www.ledstyl.pl\/lampa-led-nad-lustro-lappa-14w-60cm-czarna-id-8235\" class=\"su-button su-button-style-3d su-button-wide\" style=\"color:#ffffff;background-color:#ef2d36;border-color:#c0242c;border-radius:40px;-moz-border-radius:40px;-webkit-border-radius:40px\" target=\"_self\" rel=\"nofollow\"><span style=\"color:#ffffff;padding:7px 20px;font-size:16px;line-height:24px;border-color:#f46c73;border-radius:40px;-moz-border-radius:40px;-webkit-border-radius:40px;text-shadow:none;-moz-text-shadow:none;-webkit-text-shadow:none\"><i class=\"sui sui-shopping-bag\" style=\"font-size:16px;color:#ffffff\"><\/i> <\/span><\/a><\/div><\/td>\n<\/tr>\n<\/tbody>\n<\/table>\n<h3><span id=\"Lampa_sufitowa_do_garderoby\">Lampa sufitowa do garderoby<\/span><\/h3>\n<p>Ciekawym rozwi\u0105zaniem o\u015bwietlenia g\u0142\u00f3wnego w garderobie s\u0105 r\u00f3wnie\u017c <a href=\"https:\/\/www.ledstyl.pl\/plafony-sufitowe-i-scienne-cat-371\">plafony sufitowe<\/a>. Sprawdz\u0105 si\u0119 one zar\u00f3wno w mniejszych, jak i wi\u0119kszych pomieszczeniach. Wyst\u0119puj\u0105 w r\u00f3\u017cnej wielko\u015bci i daj\u0105 du\u017co rozproszonego \u015bwiat\u0142a. Dodatkowo prezentuj\u0105 si\u0119 naprawd\u0119 ciekawie i s\u0105 \u015bwietn\u0105 ozdob\u0105.<\/p>\n<table style=\"width: 100%; height: 124px; border: none;\">\n<tbody>\n<tr style=\"height: 42px;\">\n<td style=\"width: 33.3333%; height: 42px;\"><a href=\"https:\/\/www.ledstyl.pl\/nowoczesny-plafon-led-cat-12\"><img loading=\"lazy\" decoding=\"async\" class=\"size-medium wp-image-291 aligncenter\" src=\"https:\/\/www.ledstyl.pl\/dane\/source\/c\/ca98221c073d4063aaf17959ada2fd66.jpg\" alt=\"Nowoczesny plafon LED\" width=\"298\" height=\"300\" \/><\/a><\/td>\n<td style=\"width: 33.3333%; height: 42px;\"><a href=\"https:\/\/www.ledstyl.pl\/plafon-klasyczny-cat-172\"><img loading=\"lazy\" decoding=\"async\" class=\"size-medium wp-image-292 aligncenter\" src=\"https:\/\/www.ledstyl.pl\/dane\/source\/6\/65fe806a87e7497db55097a6401bbf32.jpg\" alt=\"Plafon klasyczny\" width=\"298\" height=\"300\" \/><\/a><\/td>\n<td style=\"width: 33.3333%; height: 42px;\"><a href=\"https:\/\/www.ledstyl.pl\/plafon-z-czujnikiem-ruchu-i-zmierzchu-cat-54\"><img loading=\"lazy\" decoding=\"async\" class=\"size-medium wp-image-293 aligncenter\" src=\"https:\/\/www.ledstyl.pl\/dane\/source\/m\/muz.1689202a-37e6-4caf-8546-1880158070d2.jpg\" alt=\"Plafon z czujnikiem ruchu i zmierzchu\" width=\"298\" height=\"300\" \/><\/a><\/td>\n<\/tr>\n<tr style=\"height: 62px;\">\n<td style=\"width: 33.3333%; height: 62px; text-align: center;\"><span style=\"font-size: 12pt;\"><a href=\"https:\/\/www.ledstyl.pl\/nowoczesny-plafon-led-cat-12\"><div class=\"su-animate\" style=\"opacity:0;-webkit-animation-duration:1s;-webkit-animation-delay:0s;animation-duration:1s;animation-delay:0s;\" data-animation=\"bounceIn\" data-duration=\"1\" data-delay=\"0\"><strong>Nowoczesny plafon LED<\/strong><\/div><\/a><\/span><\/td>\n<td style=\"width: 33.3333%; height: 62px; text-align: center;\"><span style=\"font-size: 12pt;\"><a href=\"https:\/\/www.ledstyl.pl\/plafon-klasyczny-cat-172\"><div class=\"su-animate\" style=\"opacity:0;-webkit-animation-duration:1s;-webkit-animation-delay:0s;animation-duration:1s;animation-delay:0s;\" data-animation=\"bounceIn\" data-duration=\"1\" data-delay=\"0\"><strong>Plafon klasyczny<\/strong><\/div><\/a><\/span><\/td>\n<td style=\"width: 33.3333%; height: 62px; text-align: center;\"><span style=\"font-size: 12pt;\"><a href=\"https:\/\/www.ledstyl.pl\/plafon-z-czujnikiem-ruchu-i-zmierzchu-cat-54\"><div class=\"su-animate\" style=\"opacity:0;-webkit-animation-duration:1s;-webkit-animation-delay:0s;animation-duration:1s;animation-delay:0s;\" data-animation=\"bounceIn\" data-duration=\"1\" data-delay=\"0\"><strong>Plafon z czujnikiem ruchu i zmierzchu<\/strong><\/div><\/a><\/span><\/td>\n<\/tr>\n<tr style=\"height: 54px;\">\n<td style=\"width: 33.3333%; height: 18px;\"><div class=\"su-button-center\"><a href=\"https:\/\/www.ledstyl.pl\/nowoczesny-plafon-led-cat-12\" class=\"su-button su-button-style-3d\" style=\"color:#ffffff;background-color:#ef2d36;border-color:#c0242c;border-radius:50px;-moz-border-radius:50px;-webkit-border-radius:50px\" target=\"_self\" rel=\"nofollow\"><span style=\"color:#ffffff;padding:0px 24px;font-size:18px;line-height:36px;border-color:#f46c73;border-radius:50px;-moz-border-radius:50px;-webkit-border-radius:50px;text-shadow:none;-moz-text-shadow:none;-webkit-text-shadow:none\"> <b>Zobacz wi\u0119cej<\/b><\/span><\/a><\/div><\/td>\n<td style=\"width: 33.3333%; height: 18px;\"><div class=\"su-button-center\"><a href=\"https:\/\/www.ledstyl.pl\/plafon-klasyczny-cat-172\" class=\"su-button su-button-style-3d\" style=\"color:#ffffff;background-color:#ef2d36;border-color:#c0242c;border-radius:50px;-moz-border-radius:50px;-webkit-border-radius:50px\" target=\"_self\" rel=\"nofollow\"><span style=\"color:#ffffff;padding:0px 24px;font-size:18px;line-height:36px;border-color:#f46c73;border-radius:50px;-moz-border-radius:50px;-webkit-border-radius:50px;text-shadow:none;-moz-text-shadow:none;-webkit-text-shadow:none\"> <b>Zobacz wi\u0119cej<\/b><\/span><\/a><\/div><\/td>\n<td style=\"width: 33.3333%; height: 18px;\">\n<p style=\"text-align: center;\"><div class=\"su-button-center\"><a href=\"https:\/\/www.ledstyl.pl\/plafon-z-czujnikiem-ruchu-i-zmierzchu-cat-54\" class=\"su-button su-button-style-3d\" style=\"color:#ffffff;background-color:#ef2d36;border-color:#c0242c;border-radius:50px;-moz-border-radius:50px;-webkit-border-radius:50px\" target=\"_self\" rel=\"nofollow\"><span style=\"color:#ffffff;padding:0px 24px;font-size:18px;line-height:36px;border-color:#f46c73;border-radius:50px;-moz-border-radius:50px;-webkit-border-radius:50px;text-shadow:none;-moz-text-shadow:none;-webkit-text-shadow:none\"> <b>Zobacz wi\u0119cej<\/b><\/span><\/a><\/div>\n<\/td>\n<\/tr>\n<\/tbody>\n<\/table>\n<p>Na du\u017c\u0105 uwag\u0119 w kwestii o\u015bwietlenia garderoby zas\u0142uguj\u0105 r\u00f3wnie\u017c <a href=\"https:\/\/www.ledstyl.pl\/lampy-do-szynoprzewodow-cat-298\">lampy do szynoprzewodu<\/a>. Jest to niezwykle designerskie i modne rozwi\u0105zanie. Doskonale sprawdzi si\u0119 w nowoczesnych i modernistycznych wn\u0119trzach. Na zamontowanej na suficie szynie (dost\u0119pne s\u0105 <a href=\"https:\/\/www.ledstyl.pl\/szynoprzewod-1-fazowy-cat-313\">szynoprzewody jednofazowe<\/a> i <a href=\"https:\/\/www.ledstyl.pl\/szynoprzewod-3-fazowy-cat-315\">szynoprzewody tr\u00f3jfazowe<\/a>) mo\u017cemy zamocowa\u0107 dowoln\u0105 ilo\u015b\u0107 reflektor\u00f3w, odpowiadaj\u0105c\u0105 naszym zapotrzebowaniom. Dzi\u0119ki pe\u0142nej regulacji dadz\u0105 nam niezwyk\u0142e poczucie komfortu, a pomieszczenie dzi\u0119ki nim staje si\u0119 jeszcze bardziej wygodne i funkcjonalne.<\/p>\n<table style=\"width: 100%; height: 124px; border: none;\">\n<tbody>\n<tr style=\"height: 42px;\">\n<td style=\"width: 33.3333%; height: 42px;\"><a href=\"https:\/\/www.ledstyl.pl\/system-magnetyczny-bialy-cat-382\"><img loading=\"lazy\" decoding=\"async\" class=\"size-medium wp-image-291 aligncenter\" src=\"https:\/\/www.ledstyl.pl\/dane\/full\/2\/29551bad9ace4cf2ab8c8e5e6bacd36c.jpg\" alt=\"System Magnetyczny Bia\u0142y\" width=\"298\" height=\"300\" \/><\/a><\/td>\n<td style=\"width: 33.3333%; height: 42px;\"><a href=\"https:\/\/www.ledstyl.pl\/system-szynowy-domeno-lighting-cat-321?priceFrom=23&amp;priceTo=327&amp;trait=396\"><img loading=\"lazy\" decoding=\"async\" class=\"size-medium wp-image-292 aligncenter\" src=\"https:\/\/www.ledstyl.pl\/dane\/full\/3\/3cda3f43-59d8-4c8b-a378-daa28149debb.jpg\" alt=\"System Magnetyczny Czarny\" width=\"298\" height=\"300\" \/><\/a><\/td>\n<td style=\"width: 33.3333%; height: 42px;\"><a href=\"https:\/\/www.ledstyl.pl\/system-szynowy-estiledo-cat-380\"><img loading=\"lazy\" decoding=\"async\" class=\"size-medium wp-image-293 aligncenter\" src=\"https:\/\/www.ledstyl.pl\/dane\/full\/z\/z04.reflektor-magnetyczny-double-16w-4000k-czarny.jpg\" alt=\"System Magnetyczny Estiledo\" width=\"298\" height=\"300\" \/><\/a><\/td>\n<\/tr>\n<tr style=\"height: 62px;\">\n<td style=\"width: 33.3333%; height: 62px; text-align: center;\"><span style=\"font-size: 12pt;\"><a href=\"https:\/\/www.ledstyl.pl\/system-magnetyczny-bialy-cat-382\"><div class=\"su-animate\" style=\"opacity:0;-webkit-animation-duration:1s;-webkit-animation-delay:0s;animation-duration:1s;animation-delay:0s;\" data-animation=\"bounceIn\" data-duration=\"1\" data-delay=\"0\"><strong>System Magnetyczny Bia\u0142y<\/strong><\/div><\/a><\/span><\/td>\n<td style=\"width: 33.3333%; height: 62px; text-align: center;\"><span style=\"font-size: 12pt;\"><a href=\"https:\/\/www.ledstyl.pl\/system-szynowy-domeno-lighting-cat-321?priceFrom=23&amp;priceTo=327&amp;trait=396\"><div class=\"su-animate\" style=\"opacity:0;-webkit-animation-duration:1s;-webkit-animation-delay:0s;animation-duration:1s;animation-delay:0s;\" data-animation=\"bounceIn\" data-duration=\"1\" data-delay=\"0\"><strong>System Magnetyczny Czarny<\/strong><\/div><\/a><\/span><\/td>\n<td style=\"width: 33.3333%; height: 62px; text-align: center;\"><span style=\"font-size: 12pt;\"><a href=\"https:\/\/www.ledstyl.pl\/system-szynowy-estiledo-cat-380\"><div class=\"su-animate\" style=\"opacity:0;-webkit-animation-duration:1s;-webkit-animation-delay:0s;animation-duration:1s;animation-delay:0s;\" data-animation=\"bounceIn\" data-duration=\"1\" data-delay=\"0\"><strong>System Magnetyczny Estiledo<\/strong><\/div><\/a><\/span><\/td>\n<\/tr>\n<tr style=\"height: 54px;\">\n<td style=\"width: 33.3333%; height: 18px;\"><div class=\"su-button-center\"><a href=\"https:\/\/www.ledstyl.pl\/system-magnetyczny-bialy-cat-382\" class=\"su-button su-button-style-3d\" style=\"color:#ffffff;background-color:#ef2d36;border-color:#c0242c;border-radius:50px;-moz-border-radius:50px;-webkit-border-radius:50px\" target=\"_self\" rel=\"nofollow\"><span style=\"color:#ffffff;padding:0px 24px;font-size:18px;line-height:36px;border-color:#f46c73;border-radius:50px;-moz-border-radius:50px;-webkit-border-radius:50px;text-shadow:none;-moz-text-shadow:none;-webkit-text-shadow:none\"> <b>Zobacz wi\u0119cej<\/b><\/span><\/a><\/div><\/td>\n<td style=\"width: 33.3333%; height: 18px;\"><div class=\"su-button-center\"><a href=\"https:\/\/www.ledstyl.pl\/system-szynowy-domeno-lighting-cat-321?priceFrom=23&amp;priceTo=327&amp;trait=396\" class=\"su-button su-button-style-3d\" style=\"color:#ffffff;background-color:#ef2d36;border-color:#c0242c;border-radius:50px;-moz-border-radius:50px;-webkit-border-radius:50px\" target=\"_self\" rel=\"nofollow\"><span style=\"color:#ffffff;padding:0px 24px;font-size:18px;line-height:36px;border-color:#f46c73;border-radius:50px;-moz-border-radius:50px;-webkit-border-radius:50px;text-shadow:none;-moz-text-shadow:none;-webkit-text-shadow:none\"> <b>Zobacz wi\u0119cej<\/b><\/span><\/a><\/div><\/td>\n<td style=\"width: 33.3333%; height: 18px;\">\n<p style=\"text-align: center;\"><div class=\"su-button-center\"><a href=\"https:\/\/www.ledstyl.pl\/system-szynowy-estiledo-cat-380\" class=\"su-button su-button-style-3d\" style=\"color:#ffffff;background-color:#ef2d36;border-color:#c0242c;border-radius:50px;-moz-border-radius:50px;-webkit-border-radius:50px\" target=\"_self\" rel=\"nofollow\"><span style=\"color:#ffffff;padding:0px 24px;font-size:18px;line-height:36px;border-color:#f46c73;border-radius:50px;-moz-border-radius:50px;-webkit-border-radius:50px;text-shadow:none;-moz-text-shadow:none;-webkit-text-shadow:none\"> <b>Zobacz wi\u0119cej<\/b><\/span><\/a><\/div>\n<\/td>\n<\/tr>\n<\/tbody>\n<\/table>\n<p>Ciekaw\u0105 alternatyw\u0105 dla standardowego systemu szynowego jest <a href=\"https:\/\/www.ledstyl.pl\/szynoprzewody-magnetyczne-cat-303\">o\u015bwietlenie szynowe magnetyczne<\/a>. Jest to nowoczesne rozwi\u0105zanie o\u015bwietleniowe, zasilane pr\u0105dem o bezpiecznym i niskim napi\u0119ciu 48V. System Magnetic Track pozwala nam w dowolny spos\u00f3b regulowa\u0107 kierunek \u015bwiecenia lamp, ale r\u00f3wnie\u017c swobodnie zmienia\u0107 miejsce monta\u017cu reflektor\u00f3w na ca\u0142ej d\u0142ugo\u015bci szyny magnetycznej.<\/p>\n<h3><span id=\"Oswietlenie_sufitowe_do_garderoby\">O\u015bwietlenie sufitowe do garderoby<\/span><\/h3>\n<p>Decyduj\u0105c si\u0119 na <strong>o\u015bwietlenie sufitowe w garderobie<\/strong>, warto wzi\u0105\u0107 pod uwag\u0119 <a href=\"https:\/\/www.ledstyl.pl\/halogeny-natynkowe-cat-84\">halogeny natynkowe<\/a>. Ich monta\u017c jest prosty i bezproblemowy. R\u00f3wnomiernie rozmieszczone pozwol\u0105 nam na odpowiednie o\u015bwietlenie ka\u017cdej strefy naszego wn\u0119trza. Ich ilo\u015b\u0107 powinna dobrana by\u0107 do wielko\u015bci naszej garderoby. <strong>O\u015bwietlenie sufitowe do garderoby<\/strong> wyst\u0119puje w wielu kolorach, a halogeny sufitowe najcz\u0119\u015bciej w bia\u0142ym, szarym, czarnym i srebrnym. Du\u017c\u0105 popularno\u015bci\u0105 ciesz\u0105 si\u0119 r\u00f3wnie\u017c te, kt\u00f3re mo\u017cemy samodzielnie pomalowa\u0107 wybranym przez nas kolorem farby. Dzi\u0119ki temu idealnie wpasowuj\u0105 si\u0119 do ka\u017cdego wn\u0119trza. Halogeny natynkowe wyst\u0119puj\u0105 w ciekawych kszta\u0142tach tub, kwadrat\u00f3w lub prostok\u0105t\u00f3w. Ich minimalizm oraz prostota wykonania pozwol\u0105 nam na dopasowanie do mnogo\u015bci styl\u00f3w. \u017bar\u00f3wki halogenowe idealnie ukazuj\u0105 kolory tkanin, nie przek\u0142amuj\u0105c ich.<\/p>\n<table style=\"width: 100%; height: 124px; border: none;\">\n<tbody>\n<tr style=\"height: 42px;\">\n<td style=\"width: 33.3333%; height: 42px;\"><a href=\"https:\/\/www.ledstyl.pl\/oprawa-halogenowa-okragla-cat-57\"><img loading=\"lazy\" decoding=\"async\" class=\"size-medium wp-image-291 aligncenter\" src=\"https:\/\/www.ledstyl.pl\/dane\/source\/c\/c6d02e0accf6410daeb13e96dcbcd2be.jpg\" alt=\"Oprawa halogenowa okr\u0105g\u0142a\" width=\"298\" height=\"300\" \/><\/a><\/td>\n<td style=\"width: 33.3333%; height: 42px;\"><a href=\"https:\/\/www.ledstyl.pl\/oprawa-halogenowa-kwadratowa-cat-58\"><img loading=\"lazy\" decoding=\"async\" class=\"size-medium wp-image-292 aligncenter\" src=\"https:\/\/www.ledstyl.pl\/dane\/source\/f\/f05b5ca235584d1bb47f63ad7119468d.jpg\" alt=\"Oprawa halogenowa kwadratowa\" width=\"298\" height=\"300\" \/><\/a><\/td>\n<td style=\"width: 33.3333%; height: 42px;\"><a href=\"https:\/\/www.ledstyl.pl\/oprawa-halogenowa-szklana-cat-59\"><img loading=\"lazy\" decoding=\"async\" class=\"size-medium wp-image-293 aligncenter\" src=\"https:\/\/www.ledstyl.pl\/dane\/source\/4\/48f8c169e05b472ba2932dd253355005.jpg\" alt=\"Oprawa halogenowa szklana\" width=\"298\" height=\"300\" \/><\/a><\/td>\n<\/tr>\n<tr style=\"height: 62px;\">\n<td style=\"width: 33.3333%; height: 62px; text-align: center;\"><span style=\"font-size: 12pt;\"><a href=\"https:\/\/www.ledstyl.pl\/oprawa-halogenowa-okragla-cat-57\"><div class=\"su-animate\" style=\"opacity:0;-webkit-animation-duration:1s;-webkit-animation-delay:0s;animation-duration:1s;animation-delay:0s;\" data-animation=\"bounceIn\" data-duration=\"1\" data-delay=\"0\"><strong>Oprawa halogenowa okr\u0105g\u0142a<\/strong><\/div><\/a><\/span><\/td>\n<td style=\"width: 33.3333%; height: 62px; text-align: center;\"><span style=\"font-size: 12pt;\"><a href=\"https:\/\/www.ledstyl.pl\/oprawa-halogenowa-kwadratowa-cat-58\"><div class=\"su-animate\" style=\"opacity:0;-webkit-animation-duration:1s;-webkit-animation-delay:0s;animation-duration:1s;animation-delay:0s;\" data-animation=\"bounceIn\" data-duration=\"1\" data-delay=\"0\"><strong>Oprawa halogenowa kwadratowa<\/strong><\/div><\/a><\/span><\/td>\n<td style=\"width: 33.3333%; height: 62px; text-align: center;\"><span style=\"font-size: 12pt;\"><a href=\"https:\/\/www.ledstyl.pl\/oprawa-halogenowa-szklana-cat-59\"><div class=\"su-animate\" style=\"opacity:0;-webkit-animation-duration:1s;-webkit-animation-delay:0s;animation-duration:1s;animation-delay:0s;\" data-animation=\"bounceIn\" data-duration=\"1\" data-delay=\"0\"><strong>Oprawa halogenowa szklana<\/strong><\/div><\/a><\/span><\/td>\n<\/tr>\n<tr style=\"height: 54px;\">\n<td style=\"width: 33.3333%; height: 18px;\"><div class=\"su-button-center\"><a href=\"https:\/\/www.ledstyl.pl\/oprawa-halogenowa-okragla-cat-57\" class=\"su-button su-button-style-3d\" style=\"color:#ffffff;background-color:#ef2d36;border-color:#c0242c;border-radius:50px;-moz-border-radius:50px;-webkit-border-radius:50px\" target=\"_self\" rel=\"nofollow\"><span style=\"color:#ffffff;padding:0px 24px;font-size:18px;line-height:36px;border-color:#f46c73;border-radius:50px;-moz-border-radius:50px;-webkit-border-radius:50px;text-shadow:none;-moz-text-shadow:none;-webkit-text-shadow:none\"> <b>Zobacz wi\u0119cej<\/b><\/span><\/a><\/div><\/td>\n<td style=\"width: 33.3333%; height: 18px;\"><div class=\"su-button-center\"><a href=\"https:\/\/www.ledstyl.pl\/oprawa-halogenowa-kwadratowa-cat-58\" class=\"su-button su-button-style-3d\" style=\"color:#ffffff;background-color:#ef2d36;border-color:#c0242c;border-radius:50px;-moz-border-radius:50px;-webkit-border-radius:50px\" target=\"_self\" rel=\"nofollow\"><span style=\"color:#ffffff;padding:0px 24px;font-size:18px;line-height:36px;border-color:#f46c73;border-radius:50px;-moz-border-radius:50px;-webkit-border-radius:50px;text-shadow:none;-moz-text-shadow:none;-webkit-text-shadow:none\"> <b>Zobacz wi\u0119cej<\/b><\/span><\/a><\/div><\/td>\n<td style=\"width: 33.3333%; height: 18px;\">\n<p style=\"text-align: center;\"><div class=\"su-button-center\"><a href=\"https:\/\/www.ledstyl.pl\/oprawa-halogenowa-szklana-cat-59\" class=\"su-button su-button-style-3d\" style=\"color:#ffffff;background-color:#ef2d36;border-color:#c0242c;border-radius:50px;-moz-border-radius:50px;-webkit-border-radius:50px\" target=\"_self\" rel=\"nofollow\"><span style=\"color:#ffffff;padding:0px 24px;font-size:18px;line-height:36px;border-color:#f46c73;border-radius:50px;-moz-border-radius:50px;-webkit-border-radius:50px;text-shadow:none;-moz-text-shadow:none;-webkit-text-shadow:none\"> <b>Zobacz wi\u0119cej<\/b><\/span><\/a><\/div>\n<\/td>\n<\/tr>\n<\/tbody>\n<\/table>\n<p>Podobnym, bardzo wygodnym i ponadczasowym rozwi\u0105zaniem jest zamontowanie opraw halogenowych, czyli tak zwanych oczek lub spotlight\u00f3w. Instaluje si\u0119 je w przypadku wyko\u0144czenia pomieszczenia p\u0142ytami karton- gips. Ich monta\u017c jest prosty i nie potrzebujemy do niego wielu narz\u0119dzi. Tutaj r\u00f3wnie\u017c mamy mo\u017cliwo\u015b\u0107 ukierunkowania \u015bwiat\u0142a. Tym sposobem opr\u00f3cz funkcji g\u0142\u00f3wnego o\u015bwietlenia mamy r\u00f3wnie\u017c mo\u017cliwo\u015b\u0107 mocniejszego do\u015bwietlenia toaletki lub lustra. W oprawach halogenowych z powodzeniem mo\u017cemy zamontowa\u0107 r\u00f3wnie\u017c \u017car\u00f3wki LED, co pozwoli nam na jeszcze wi\u0119ksz\u0105 energooszcz\u0119dno\u015b\u0107. <a href=\"https:\/\/www.ledstyl.pl\/oprawy-halogenowe-cat-15\">Oprawy halogenowe<\/a> wyst\u0119puj\u0105 z regu\u0142y w wersji okr\u0105g\u0142ej lub kwadratowej. Kolorystyka dost\u0119pna na rynku jest do\u015b\u0107 podstawowa: czernie, biele oraz szaro\u015bci i srebra.<\/p>\n<h2><span id=\"Oswietlenie_do_garderoby_a_barwa_swiatla\">O\u015bwietlenie do garderoby a barwa \u015bwiat\u0142a<\/span><\/h2>\n<p>Bardzo wa\u017cnym aspektem <strong>o\u015bwietlenia garderoby<\/strong> i jej wn\u0119trza, jest odpowiedni dob\u00f3r mocy oraz barwy \u015bwiat\u0142a. <strong>Lampy do garderoby<\/strong> najcz\u0119\u015bciej wybierane s\u0105 w barwie neutralnej, oko\u0142o 4000K. Jest to po\u015bredni kolor \u015bwiat\u0142a mi\u0119dzy ciep\u0142ym a zimnym i jest najbardziej zbli\u017cony do naturalnego \u015bwiat\u0142a s\u0142onecznego. Decyduj\u0105c si\u0119 na o\u015bwietlenie do garderoby, warto zwr\u00f3ci\u0107 uwag\u0119 r\u00f3wnie\u017c na wsp\u00f3\u0142czynnik oddawania naturalnych kolor\u00f3w CRI RA. W tym przypadku nale\u017cy wybiera\u0107 wy\u0142\u0105cznie \u017ar\u00f3d\u0142a \u015bwiat\u0142a o CRI&gt;80Ra, tak aby osi\u0105gn\u0105\u0107 barw\u0119 najbardziej zbli\u017con\u0105 do tej naturalnej. Jest to niezwykle wa\u017cne w kwestii doboru ubra\u0144 oraz dodatk\u00f3w.<\/p>\n<p><img loading=\"lazy\" decoding=\"async\" class=\"wp-image-943 aligncenter\" src=\"https:\/\/www.ledstyl.pl\/strefa-swiatla\/wp-content\/uploads\/2022\/08\/oswietlenie-do-garderoby-300x200.jpg\" alt=\"O\u015bwietlenie do garderoby\" width=\"760\" height=\"506\" srcset=\"https:\/\/www.ledstyl.pl\/strefa-swiatla\/wp-content\/uploads\/2022\/08\/oswietlenie-do-garderoby-300x200.jpg 300w, https:\/\/www.ledstyl.pl\/strefa-swiatla\/wp-content\/uploads\/2022\/08\/oswietlenie-do-garderoby-1024x682.jpg 1024w, https:\/\/www.ledstyl.pl\/strefa-swiatla\/wp-content\/uploads\/2022\/08\/oswietlenie-do-garderoby-768x511.jpg 768w, https:\/\/www.ledstyl.pl\/strefa-swiatla\/wp-content\/uploads\/2022\/08\/oswietlenie-do-garderoby.jpg 1280w\" sizes=\"auto, (max-width: 760px) 100vw, 760px\" \/><\/p>\n<h2><span id=\"Oswietlenie_gorne_w_garderobie_8211_jak_rozmiescic\">O\u015bwietlenie g\u00f3rne w garderobie &#8211; jak rozmie\u015bci\u0107?<\/span><\/h2>\n<p>Montuj\u0105c <strong>o\u015bwietlenie g\u00f3rne w garderobie<\/strong>, pami\u0119tajmy, aby by\u0142o rozmieszczone tak, by ka\u017cdy jej zakamarek by\u0142 odpowiednio o\u015bwietlony. Jest to pomieszczenie, kt\u00f3re wr\u0119cz samo prosi si\u0119 o du\u017c\u0105 ilo\u015b\u0107 lamp. Oczywi\u015bcie wiele zale\u017cy od jego wielko\u015bci i od tego, czy ma dost\u0119p do \u015bwiat\u0142a naturalnego, czyli okna. Pami\u0119tajmy jednak o tym, \u017ce wieczorow\u0105 czy popo\u0142udniow\u0105 por\u0105 opcja ta nie ma wielkiego znaczenia. Wybieraj\u0105c <strong>o\u015bwietlenie g\u00f3rne w garderobie<\/strong> w przypadku \u017cyrandoli czy plafon\u00f3w musimy wzi\u0105\u0107 pod uwag\u0119 przestrze\u0144, jak\u0105 nale\u017cy do\u015bwietli\u0107 oraz to ile posiadamy dodatkowych \u017ar\u00f3de\u0142 \u015bwiat\u0142a. Decyduj\u0105c si\u0119 na halogeny lub <a href=\"https:\/\/www.ledstyl.pl\/spoty-i-tuby-sufitowe-cat-364\">spoty sufitowe<\/a>, spokojnie mo\u017cemy zastosowa\u0107 a\u017c 7 lub 8 punkt\u00f3w \u015bwietlny na 3m\u00b2. Pami\u0119tajmy r\u00f3wnie\u017c o tym, aby odpowiednio ukierunkowa\u0107 \u015bwiat\u0142o, tak aby najwa\u017cniejsze miejsca naszej garderoby by\u0142y odpowiednio o\u015bwietlone.<\/p>\n<p><img loading=\"lazy\" decoding=\"async\" class=\"wp-image-944 aligncenter\" src=\"https:\/\/www.ledstyl.pl\/strefa-swiatla\/wp-content\/uploads\/2022\/08\/oswietlenie-gorne-w-garderobie-300x200.jpeg\" alt=\"O\u015bwietlenie g\u00f3rne w garderobie\" width=\"760\" height=\"507\" srcset=\"https:\/\/www.ledstyl.pl\/strefa-swiatla\/wp-content\/uploads\/2022\/08\/oswietlenie-gorne-w-garderobie-300x200.jpeg 300w, https:\/\/www.ledstyl.pl\/strefa-swiatla\/wp-content\/uploads\/2022\/08\/oswietlenie-gorne-w-garderobie-768x512.jpeg 768w, https:\/\/www.ledstyl.pl\/strefa-swiatla\/wp-content\/uploads\/2022\/08\/oswietlenie-gorne-w-garderobie.jpeg 940w\" sizes=\"auto, (max-width: 760px) 100vw, 760px\" \/><\/p>\n<h2><span id=\"Jakie_oswietlenie_do_garderoby_8211_podsumowanie\">Jakie o\u015bwietlenie do garderoby &#8211; podsumowanie<\/span><\/h2>\n<p><strong>O\u015bwietlenie garderoby<\/strong> jest zdecydowanie podstaw\u0105 jej funkcjonalno\u015bci i praktyczno\u015bci. Odpowiednio dobrane daje nam swobod\u0119 oraz wygod\u0119 korzystania z niej. Dzi\u0119ki zastosowaniu ta\u015bm LED lub opraw meblowych w szafach \u0142atwiej jest nam utrzyma\u0107 w nich porz\u0105dek, a szukanie konkretnej pary but\u00f3w lub zagubionego paska nie b\u0119dzie ju\u017c problemem. Niezale\u017cnie czy zdecydujemy si\u0119 na lampy sufitowe, czy \u015bcienne musimy pami\u0119ta\u0107 o tym, by ich rozmieszczenie pozwoli\u0142o nam na o\u015bwietlenie ka\u017cdego k\u0105ta garderoby. Jako \u015bwiat\u0142o dodatkowe, a tak\u017ce jako ozdoba pos\u0142u\u017c\u0105 nam r\u00f3wnie\u017c lampy stoj\u0105ce. Charakteru nadadz\u0105 ozdobne <a href=\"https:\/\/www.ledstyl.pl\/tasmy-led-cat-3\">ta\u015bmy LED<\/a> oraz \u0142a\u0144cuchy \u015bwietlne. Pami\u0119tajmy r\u00f3wnie\u017c o dobraniu jak najbardziej naturalnej barwy \u015bwiat\u0142a, a dob\u00f3r codziennego stroju nie b\u0119dzie ju\u017c stanowi\u0142 wi\u0119kszego k\u0142opotu.<\/p>\n","protected":false},"excerpt":{"rendered":"<p>Garderoba to pomieszczenie, o kt\u00f3rym niew\u0105tpliwie marzy niejedna kobieta, a kt\u00f3rego walory doceni r\u00f3wnie\u017c ka\u017cdy m\u0119\u017cczyzna. Posiada ona najcz\u0119\u015bciej niewielkie rozmiary, cho\u0107 zdarzaj\u0105 si\u0119 r\u00f3wnie\u017c garderoby dor\u00f3wnuj\u0105ce wielko\u015bci\u0105 gwiazdorskich pomieszcze\u0144. Najcz\u0119\u015bciej pozbawione s\u0105 one okien, jednak\u017ce je\u015bli takie posiadaj\u0105, to \u015bwiat\u0142o dzienne zdecydowanie jest niewystarczaj\u0105cym \u017ar\u00f3d\u0142em o\u015bwietlenia. Mianowicie pok\u00f3j, w kt\u00f3rym dobieramy nasz codzienny lub [&hellip;]<\/p>\n","protected":false},"author":1,"featured_media":953,"comment_status":"open","ping_status":"open","sticky":false,"template":"","format":"standard","meta":{"footnotes":""},"categories":[27,16],"tags":[],"class_list":["post-936","post","type-post","status-publish","format-standard","has-post-thumbnail","hentry","category-garderoba","category-wnetrza","entry","has-media"],"yoast_head":"<!-- This site is optimized with the Yoast SEO plugin v17.8 - https:\/\/yoast.com\/wordpress\/plugins\/seo\/ -->\r\n<title>Lampy i o\u015bwietlenie do garderoby - Strefa \u015awiat\u0142a LEDstyl<\/title>\r\n<meta name=\"description\" content=\"O\u015bwietlenie garderoby powinno by\u0107 funkcjonalne ale r\u00f3wnie\u017c budowa\u0107 wyj\u0105tkowy klimat. Wybierz nowoczesne i praktyczne lampy do garderoby.\" \/>\r\n<meta name=\"robots\" content=\"index, follow, max-snippet:-1, max-image-preview:large, max-video-preview:-1\" \/>\r\n<link rel=\"canonical\" href=\"https:\/\/www.ledstyl.pl\/strefa-swiatla\/lampy-do-garderoby\/\" \/>\r\n<meta property=\"og:locale\" content=\"pl_PL\" \/>\r\n<meta property=\"og:type\" content=\"article\" \/>\r\n<meta property=\"og:title\" content=\"Lampy i o\u015bwietlenie do garderoby - Strefa \u015awiat\u0142a LEDstyl\" \/>\r\n<meta property=\"og:description\" content=\"O\u015bwietlenie garderoby powinno by\u0107 funkcjonalne ale r\u00f3wnie\u017c budowa\u0107 wyj\u0105tkowy klimat. Wybierz nowoczesne i praktyczne lampy do garderoby.\" \/>\r\n<meta property=\"og:url\" content=\"https:\/\/www.ledstyl.pl\/strefa-swiatla\/lampy-do-garderoby\/\" \/>\r\n<meta property=\"og:site_name\" content=\"Strefa \u015awiat\u0142a LEDstyl\" \/>\r\n<meta property=\"article:published_time\" content=\"2022-08-21T15:10:01+00:00\" \/>\r\n<meta property=\"article:modified_time\" content=\"2024-06-27T16:57:49+00:00\" \/>\r\n<meta property=\"og:image\" content=\"https:\/\/www.ledstyl.pl\/strefa-swiatla\/wp-content\/uploads\/2022\/08\/lampy-do-garderoby-glowne.jpeg\" \/>\r\n\t<meta property=\"og:image:width\" content=\"725\" \/>\r\n\t<meta property=\"og:image:height\" content=\"483\" \/>\r\n<meta name=\"twitter:card\" content=\"summary_large_image\" \/>\r\n<meta name=\"twitter:label1\" content=\"Napisane przez\" \/>\n\t<meta name=\"twitter:data1\" content=\"Adam Doma\u0144ski\" \/>\n\t<meta name=\"twitter:label2\" content=\"Szacowany czas czytania\" \/>\n\t<meta name=\"twitter:data2\" content=\"19 minut\" \/>\r\n<script type=\"application\/ld+json\" class=\"yoast-schema-graph\">{\"@context\":\"https:\/\/schema.org\",\"@graph\":[{\"@type\":\"Organization\",\"@id\":\"https:\/\/www.ledstyl.pl\/strefa-swiatla\/#organization\",\"name\":\"Strefa \\u015awiat\\u0142a LEDstyl.pl\",\"url\":\"https:\/\/www.ledstyl.pl\/strefa-swiatla\/\",\"sameAs\":[],\"logo\":{\"@type\":\"ImageObject\",\"@id\":\"https:\/\/www.ledstyl.pl\/strefa-swiatla\/#logo\",\"inLanguage\":\"pl-PL\",\"url\":\"https:\/\/www.ledstyl.pl\/strefa-swiatla\/wp-content\/uploads\/2021\/12\/strefa-swiatla-ledstyl.png\",\"contentUrl\":\"https:\/\/www.ledstyl.pl\/strefa-swiatla\/wp-content\/uploads\/2021\/12\/strefa-swiatla-ledstyl.png\",\"width\":1999,\"height\":1041,\"caption\":\"Strefa \\u015awiat\\u0142a LEDstyl.pl\"},\"image\":{\"@id\":\"https:\/\/www.ledstyl.pl\/strefa-swiatla\/#logo\"}},{\"@type\":\"WebSite\",\"@id\":\"https:\/\/www.ledstyl.pl\/strefa-swiatla\/#website\",\"url\":\"https:\/\/www.ledstyl.pl\/strefa-swiatla\/\",\"name\":\"Strefa \\u015awiat\\u0142a LEDstyl\",\"description\":\"\",\"publisher\":{\"@id\":\"https:\/\/www.ledstyl.pl\/strefa-swiatla\/#organization\"},\"potentialAction\":[{\"@type\":\"SearchAction\",\"target\":{\"@type\":\"EntryPoint\",\"urlTemplate\":\"https:\/\/www.ledstyl.pl\/strefa-swiatla\/?s={search_term_string}\"},\"query-input\":\"required name=search_term_string\"}],\"inLanguage\":\"pl-PL\"},{\"@type\":\"ImageObject\",\"@id\":\"https:\/\/www.ledstyl.pl\/strefa-swiatla\/lampy-do-garderoby\/#primaryimage\",\"inLanguage\":\"pl-PL\",\"url\":\"https:\/\/www.ledstyl.pl\/strefa-swiatla\/wp-content\/uploads\/2022\/08\/lampy-do-garderoby-glowne.jpeg\",\"contentUrl\":\"https:\/\/www.ledstyl.pl\/strefa-swiatla\/wp-content\/uploads\/2022\/08\/lampy-do-garderoby-glowne.jpeg\",\"width\":725,\"height\":483,\"caption\":\"Lampy do garderoby\"},{\"@type\":\"WebPage\",\"@id\":\"https:\/\/www.ledstyl.pl\/strefa-swiatla\/lampy-do-garderoby\/#webpage\",\"url\":\"https:\/\/www.ledstyl.pl\/strefa-swiatla\/lampy-do-garderoby\/\",\"name\":\"Lampy i o\\u015bwietlenie do garderoby - Strefa \\u015awiat\\u0142a LEDstyl\",\"isPartOf\":{\"@id\":\"https:\/\/www.ledstyl.pl\/strefa-swiatla\/#website\"},\"primaryImageOfPage\":{\"@id\":\"https:\/\/www.ledstyl.pl\/strefa-swiatla\/lampy-do-garderoby\/#primaryimage\"},\"datePublished\":\"2022-08-21T15:10:01+00:00\",\"dateModified\":\"2024-06-27T16:57:49+00:00\",\"description\":\"O\\u015bwietlenie garderoby powinno by\\u0107 funkcjonalne ale r\\u00f3wnie\\u017c budowa\\u0107 wyj\\u0105tkowy klimat. Wybierz nowoczesne i praktyczne lampy do garderoby.\",\"breadcrumb\":{\"@id\":\"https:\/\/www.ledstyl.pl\/strefa-swiatla\/lampy-do-garderoby\/#breadcrumb\"},\"inLanguage\":\"pl-PL\",\"potentialAction\":[{\"@type\":\"ReadAction\",\"target\":[\"https:\/\/www.ledstyl.pl\/strefa-swiatla\/lampy-do-garderoby\/\"]}]},{\"@type\":\"BreadcrumbList\",\"@id\":\"https:\/\/www.ledstyl.pl\/strefa-swiatla\/lampy-do-garderoby\/#breadcrumb\",\"itemListElement\":[{\"@type\":\"ListItem\",\"position\":1,\"name\":\"Strona g\\u0142\\u00f3wna\",\"item\":\"https:\/\/www.ledstyl.pl\/strefa-swiatla\/\"},{\"@type\":\"ListItem\",\"position\":2,\"name\":\"Lampy do garderoby\"}]},{\"@type\":\"Article\",\"@id\":\"https:\/\/www.ledstyl.pl\/strefa-swiatla\/lampy-do-garderoby\/#article\",\"isPartOf\":{\"@id\":\"https:\/\/www.ledstyl.pl\/strefa-swiatla\/lampy-do-garderoby\/#webpage\"},\"author\":{\"@id\":\"https:\/\/www.ledstyl.pl\/strefa-swiatla\/#\/schema\/person\/24db998bba2f9b47fe0d08101257c2ce\"},\"headline\":\"Lampy do garderoby\",\"datePublished\":\"2022-08-21T15:10:01+00:00\",\"dateModified\":\"2024-06-27T16:57:49+00:00\",\"mainEntityOfPage\":{\"@id\":\"https:\/\/www.ledstyl.pl\/strefa-swiatla\/lampy-do-garderoby\/#webpage\"},\"wordCount\":2310,\"commentCount\":0,\"publisher\":{\"@id\":\"https:\/\/www.ledstyl.pl\/strefa-swiatla\/#organization\"},\"image\":{\"@id\":\"https:\/\/www.ledstyl.pl\/strefa-swiatla\/lampy-do-garderoby\/#primaryimage\"},\"thumbnailUrl\":\"https:\/\/www.ledstyl.pl\/strefa-swiatla\/wp-content\/uploads\/2022\/08\/lampy-do-garderoby-glowne.jpeg\",\"articleSection\":[\"Garderoba\",\"Wn\\u0119trza\"],\"inLanguage\":\"pl-PL\",\"potentialAction\":[{\"@type\":\"CommentAction\",\"name\":\"Comment\",\"target\":[\"https:\/\/www.ledstyl.pl\/strefa-swiatla\/lampy-do-garderoby\/#respond\"]}]},{\"@type\":\"Person\",\"@id\":\"https:\/\/www.ledstyl.pl\/strefa-swiatla\/#\/schema\/person\/24db998bba2f9b47fe0d08101257c2ce\",\"name\":\"Adam Doma\\u0144ski\",\"image\":{\"@type\":\"ImageObject\",\"@id\":\"https:\/\/www.ledstyl.pl\/strefa-swiatla\/#personlogo\",\"inLanguage\":\"pl-PL\",\"url\":\"https:\/\/secure.gravatar.com\/avatar\/391a241373e59dc1426e927c19384e8fcbeb32e3ba2277184170aa780b80359e?s=96&d=mm&r=g\",\"contentUrl\":\"https:\/\/secure.gravatar.com\/avatar\/391a241373e59dc1426e927c19384e8fcbeb32e3ba2277184170aa780b80359e?s=96&d=mm&r=g\",\"caption\":\"Adam Doma\\u0144ski\"},\"sameAs\":[\"https:\/\/www.ledstyl.pl\/strefa-swiatla\"],\"url\":\"https:\/\/www.ledstyl.pl\/strefa-swiatla\/author\/projektleds\/\"}]}<\/script>\r\n<!-- \/ Yoast SEO plugin. -->","yoast_head_json":{"title":"Lampy i o\u015bwietlenie do garderoby - Strefa \u015awiat\u0142a LEDstyl","description":"O\u015bwietlenie garderoby powinno by\u0107 funkcjonalne ale r\u00f3wnie\u017c budowa\u0107 wyj\u0105tkowy klimat. Wybierz nowoczesne i praktyczne lampy do garderoby.","robots":{"index":"index","follow":"follow","max-snippet":"max-snippet:-1","max-image-preview":"max-image-preview:large","max-video-preview":"max-video-preview:-1"},"canonical":"https:\/\/www.ledstyl.pl\/strefa-swiatla\/lampy-do-garderoby\/","og_locale":"pl_PL","og_type":"article","og_title":"Lampy i o\u015bwietlenie do garderoby - Strefa \u015awiat\u0142a LEDstyl","og_description":"O\u015bwietlenie garderoby powinno by\u0107 funkcjonalne ale r\u00f3wnie\u017c budowa\u0107 wyj\u0105tkowy klimat. Wybierz nowoczesne i praktyczne lampy do garderoby.","og_url":"https:\/\/www.ledstyl.pl\/strefa-swiatla\/lampy-do-garderoby\/","og_site_name":"Strefa \u015awiat\u0142a LEDstyl","article_published_time":"2022-08-21T15:10:01+00:00","article_modified_time":"2024-06-27T16:57:49+00:00","og_image":[{"width":725,"height":483,"url":"https:\/\/www.ledstyl.pl\/strefa-swiatla\/wp-content\/uploads\/2022\/08\/lampy-do-garderoby-glowne.jpeg","type":"image\/jpeg"}],"twitter_card":"summary_large_image","twitter_misc":{"Napisane przez":"Adam Doma\u0144ski","Szacowany czas czytania":"19 minut"},"schema":{"@context":"https:\/\/schema.org","@graph":[{"@type":"Organization","@id":"https:\/\/www.ledstyl.pl\/strefa-swiatla\/#organization","name":"Strefa \u015awiat\u0142a LEDstyl.pl","url":"https:\/\/www.ledstyl.pl\/strefa-swiatla\/","sameAs":[],"logo":{"@type":"ImageObject","@id":"https:\/\/www.ledstyl.pl\/strefa-swiatla\/#logo","inLanguage":"pl-PL","url":"https:\/\/www.ledstyl.pl\/strefa-swiatla\/wp-content\/uploads\/2021\/12\/strefa-swiatla-ledstyl.png","contentUrl":"https:\/\/www.ledstyl.pl\/strefa-swiatla\/wp-content\/uploads\/2021\/12\/strefa-swiatla-ledstyl.png","width":1999,"height":1041,"caption":"Strefa \u015awiat\u0142a LEDstyl.pl"},"image":{"@id":"https:\/\/www.ledstyl.pl\/strefa-swiatla\/#logo"}},{"@type":"WebSite","@id":"https:\/\/www.ledstyl.pl\/strefa-swiatla\/#website","url":"https:\/\/www.ledstyl.pl\/strefa-swiatla\/","name":"Strefa \u015awiat\u0142a LEDstyl","description":"","publisher":{"@id":"https:\/\/www.ledstyl.pl\/strefa-swiatla\/#organization"},"potentialAction":[{"@type":"SearchAction","target":{"@type":"EntryPoint","urlTemplate":"https:\/\/www.ledstyl.pl\/strefa-swiatla\/?s={search_term_string}"},"query-input":"required name=search_term_string"}],"inLanguage":"pl-PL"},{"@type":"ImageObject","@id":"https:\/\/www.ledstyl.pl\/strefa-swiatla\/lampy-do-garderoby\/#primaryimage","inLanguage":"pl-PL","url":"https:\/\/www.ledstyl.pl\/strefa-swiatla\/wp-content\/uploads\/2022\/08\/lampy-do-garderoby-glowne.jpeg","contentUrl":"https:\/\/www.ledstyl.pl\/strefa-swiatla\/wp-content\/uploads\/2022\/08\/lampy-do-garderoby-glowne.jpeg","width":725,"height":483,"caption":"Lampy do garderoby"},{"@type":"WebPage","@id":"https:\/\/www.ledstyl.pl\/strefa-swiatla\/lampy-do-garderoby\/#webpage","url":"https:\/\/www.ledstyl.pl\/strefa-swiatla\/lampy-do-garderoby\/","name":"Lampy i o\u015bwietlenie do garderoby - Strefa \u015awiat\u0142a LEDstyl","isPartOf":{"@id":"https:\/\/www.ledstyl.pl\/strefa-swiatla\/#website"},"primaryImageOfPage":{"@id":"https:\/\/www.ledstyl.pl\/strefa-swiatla\/lampy-do-garderoby\/#primaryimage"},"datePublished":"2022-08-21T15:10:01+00:00","dateModified":"2024-06-27T16:57:49+00:00","description":"O\u015bwietlenie garderoby powinno by\u0107 funkcjonalne ale r\u00f3wnie\u017c budowa\u0107 wyj\u0105tkowy klimat. Wybierz nowoczesne i praktyczne lampy do garderoby.","breadcrumb":{"@id":"https:\/\/www.ledstyl.pl\/strefa-swiatla\/lampy-do-garderoby\/#breadcrumb"},"inLanguage":"pl-PL","potentialAction":[{"@type":"ReadAction","target":["https:\/\/www.ledstyl.pl\/strefa-swiatla\/lampy-do-garderoby\/"]}]},{"@type":"BreadcrumbList","@id":"https:\/\/www.ledstyl.pl\/strefa-swiatla\/lampy-do-garderoby\/#breadcrumb","itemListElement":[{"@type":"ListItem","position":1,"name":"Strona g\u0142\u00f3wna","item":"https:\/\/www.ledstyl.pl\/strefa-swiatla\/"},{"@type":"ListItem","position":2,"name":"Lampy do garderoby"}]},{"@type":"Article","@id":"https:\/\/www.ledstyl.pl\/strefa-swiatla\/lampy-do-garderoby\/#article","isPartOf":{"@id":"https:\/\/www.ledstyl.pl\/strefa-swiatla\/lampy-do-garderoby\/#webpage"},"author":{"@id":"https:\/\/www.ledstyl.pl\/strefa-swiatla\/#\/schema\/person\/24db998bba2f9b47fe0d08101257c2ce"},"headline":"Lampy do garderoby","datePublished":"2022-08-21T15:10:01+00:00","dateModified":"2024-06-27T16:57:49+00:00","mainEntityOfPage":{"@id":"https:\/\/www.ledstyl.pl\/strefa-swiatla\/lampy-do-garderoby\/#webpage"},"wordCount":2310,"commentCount":0,"publisher":{"@id":"https:\/\/www.ledstyl.pl\/strefa-swiatla\/#organization"},"image":{"@id":"https:\/\/www.ledstyl.pl\/strefa-swiatla\/lampy-do-garderoby\/#primaryimage"},"thumbnailUrl":"https:\/\/www.ledstyl.pl\/strefa-swiatla\/wp-content\/uploads\/2022\/08\/lampy-do-garderoby-glowne.jpeg","articleSection":["Garderoba","Wn\u0119trza"],"inLanguage":"pl-PL","potentialAction":[{"@type":"CommentAction","name":"Comment","target":["https:\/\/www.ledstyl.pl\/strefa-swiatla\/lampy-do-garderoby\/#respond"]}]},{"@type":"Person","@id":"https:\/\/www.ledstyl.pl\/strefa-swiatla\/#\/schema\/person\/24db998bba2f9b47fe0d08101257c2ce","name":"Adam Doma\u0144ski","image":{"@type":"ImageObject","@id":"https:\/\/www.ledstyl.pl\/strefa-swiatla\/#personlogo","inLanguage":"pl-PL","url":"https:\/\/secure.gravatar.com\/avatar\/391a241373e59dc1426e927c19384e8fcbeb32e3ba2277184170aa780b80359e?s=96&d=mm&r=g","contentUrl":"https:\/\/secure.gravatar.com\/avatar\/391a241373e59dc1426e927c19384e8fcbeb32e3ba2277184170aa780b80359e?s=96&d=mm&r=g","caption":"Adam Doma\u0144ski"},"sameAs":["https:\/\/www.ledstyl.pl\/strefa-swiatla"],"url":"https:\/\/www.ledstyl.pl\/strefa-swiatla\/author\/projektleds\/"}]}},"_links":{"self":[{"href":"https:\/\/www.ledstyl.pl\/strefa-swiatla\/wp-json\/wp\/v2\/posts\/936","targetHints":{"allow":["GET"]}}],"collection":[{"href":"https:\/\/www.ledstyl.pl\/strefa-swiatla\/wp-json\/wp\/v2\/posts"}],"about":[{"href":"https:\/\/www.ledstyl.pl\/strefa-swiatla\/wp-json\/wp\/v2\/types\/post"}],"author":[{"embeddable":true,"href":"https:\/\/www.ledstyl.pl\/strefa-swiatla\/wp-json\/wp\/v2\/users\/1"}],"replies":[{"embeddable":true,"href":"https:\/\/www.ledstyl.pl\/strefa-swiatla\/wp-json\/wp\/v2\/comments?post=936"}],"version-history":[{"count":21,"href":"https:\/\/www.ledstyl.pl\/strefa-swiatla\/wp-json\/wp\/v2\/posts\/936\/revisions"}],"predecessor-version":[{"id":1266,"href":"https:\/\/www.ledstyl.pl\/strefa-swiatla\/wp-json\/wp\/v2\/posts\/936\/revisions\/1266"}],"wp:featuredmedia":[{"embeddable":true,"href":"https:\/\/www.ledstyl.pl\/strefa-swiatla\/wp-json\/wp\/v2\/media\/953"}],"wp:attachment":[{"href":"https:\/\/www.ledstyl.pl\/strefa-swiatla\/wp-json\/wp\/v2\/media?parent=936"}],"wp:term":[{"taxonomy":"category","embeddable":true,"href":"https:\/\/www.ledstyl.pl\/strefa-swiatla\/wp-json\/wp\/v2\/categories?post=936"},{"taxonomy":"post_tag","embeddable":true,"href":"https:\/\/www.ledstyl.pl\/strefa-swiatla\/wp-json\/wp\/v2\/tags?post=936"}],"curies":[{"name":"wp","href":"https:\/\/api.w.org\/{rel}","templated":true}]}}