{"id":984,"date":"2022-10-04T23:56:07","date_gmt":"2022-10-04T21:56:07","guid":{"rendered":"https:\/\/www.ledstyl.pl\/strefa-swiatla\/?p=984"},"modified":"2024-06-27T17:13:27","modified_gmt":"2024-06-27T15:13:27","slug":"oswietlenie-poddasza","status":"publish","type":"post","link":"https:\/\/www.ledstyl.pl\/strefa-swiatla\/oswietlenie-poddasza\/","title":{"rendered":"O\u015bwietlenie poddasza"},"content":{"rendered":"<p>Poddasze to miejsce w naszych domach, kt\u00f3re coraz cz\u0119\u015bciej decydujemy si\u0119 zaaran\u017cowa\u0107 na pomieszczenie u\u017cytkowe. Idealnie nadaje si\u0119 na salon, sypialni\u0119 lub pok\u00f3j dzieci\u0119cy. W zale\u017cno\u015bci od jego wielko\u015bci i mo\u017cliwo\u015bci mo\u017ce sta\u0107 si\u0119 nawet niewielkim, samodzielnym mieszkaniem. Poddasze jednak jest jednym z trudniejszych pomieszcze\u0144 w kwestii doboru o\u015bwietlenia i odpowiedniej aran\u017cacji. <strong>O\u015bwietlenie poddasza<\/strong> wymaga solidnego przemy\u015blenia rodzaju i umiejscowienia lamp, dlatego te\u017c warto zrobi\u0107 to ju\u017c na etapie planowania jego budowy. Odpowiednio dobrane <strong>o\u015bwietlenie na poddaszu<\/strong> sprawi, \u017ce miejsce to b\u0119dzie przytulne i przyjazne w jego codziennym funkcjonowaniu.<\/p>\n<p><img loading=\"lazy\" decoding=\"async\" class=\"wp-image-985 size-full aligncenter\" src=\"https:\/\/www.ledstyl.pl\/strefa-swiatla\/wp-content\/uploads\/2022\/10\/oswietlenie-poddasza.jpg\" alt=\"O\u015bwietlenie poddasza\" width=\"725\" height=\"483\" srcset=\"https:\/\/www.ledstyl.pl\/strefa-swiatla\/wp-content\/uploads\/2022\/10\/oswietlenie-poddasza.jpg 725w, https:\/\/www.ledstyl.pl\/strefa-swiatla\/wp-content\/uploads\/2022\/10\/oswietlenie-poddasza-300x200.jpg 300w\" sizes=\"auto, (max-width: 725px) 100vw, 725px\" \/><\/p>\n<div id=\"toc_container\" class=\"toc_white no_bullets\"><p class=\"toc_title\">Spis tre\u015bci<\/p><ul class=\"toc_list\"><li><a href=\"#Oswietlenie_na_poddaszu\"><span class=\"toc_number toc_depth_1\">1<\/span> O\u015bwietlenie na poddaszu<\/a><\/li><li><a href=\"#Oswietlenie_pokoju_na_poddaszu\"><span class=\"toc_number toc_depth_1\">2<\/span> O\u015bwietlenie pokoju na poddaszu<\/a><\/li><li><a href=\"#Oswietlenie_korytarza_na_poddaszu\"><span class=\"toc_number toc_depth_1\">3<\/span> O\u015bwietlenie korytarza na poddaszu<\/a><\/li><li><a href=\"#Oswietlenie_niskiego_poddasza\"><span class=\"toc_number toc_depth_1\">4<\/span> O\u015bwietlenie niskiego poddasza<\/a><\/li><li><a href=\"#Jakie_lampy_na_poddasze\"><span class=\"toc_number toc_depth_1\">5<\/span> Jakie lampy na poddasze?<\/a><ul><li><a href=\"#Oswietlenie_halogenowe_na_poddaszu\"><span class=\"toc_number toc_depth_2\">5.1<\/span> O\u015bwietlenie halogenowe na poddaszu<\/a><\/li><\/ul><\/li><li><a href=\"#Oswietlenie_poddasza_8211_skosy\"><span class=\"toc_number toc_depth_1\">6<\/span> O\u015bwietlenie poddasza &#8211; skosy<\/a><ul><li><a href=\"#Jaka_lampa_na_skosie\"><span class=\"toc_number toc_depth_2\">6.1<\/span> Jaka lampa na skosie?<\/a><\/li><li><a href=\"#Kinkiety_na_skosy\"><span class=\"toc_number toc_depth_2\">6.2<\/span> Kinkiety na skosy<\/a><\/li><\/ul><\/li><li><a href=\"#Swiatlo_na_poddaszu_8211_jaka_barwe_wybrac\"><span class=\"toc_number toc_depth_1\">7<\/span> \u015awiat\u0142o na poddaszu &#8211; jak\u0105 barw\u0119 wybra\u0107?<\/a><\/li><li><a href=\"#Jak_oswietlic_pokoje_na_poddaszu\"><span class=\"toc_number toc_depth_1\">8<\/span> Jak o\u015bwietli\u0107 pokoje na poddaszu?<\/a><\/li><\/ul><\/div>\n<h2><span id=\"Oswietlenie_na_poddaszu\">O\u015bwietlenie na poddaszu<\/span><\/h2>\n<p>Kluczem do odpowiedniego o\u015bwietlenia poddasza jest przede wszystkim prawid\u0142owe rozplanowanie jego przestrzeni. Innego rodzaju <strong>lampy na poddasze<\/strong> wybierzemy w przypadku sypialni, a na inny rodzaj o\u015bwietlenia zdecydujemy si\u0119 w pokoju dzieci\u0119cym. Czynnikami, kt\u00f3re utrudniaj\u0105 nam odpowiedni dob\u00f3r lamp, s\u0105 mi\u0119dzy innymi skosy, albo zbyt wysoko lub zbyt nisko zawieszony sufit. Dzi\u0119ki coraz szybciej rozwijaj\u0105cej si\u0119 technologii LED dzi\u015b nie ma rzeczy niemo\u017cliwych, a o\u015bwietlenie na poddaszu mo\u017ce by\u0107 funkcjonalne, energooszcz\u0119dne i praktyczne.<\/p>\n<p><img loading=\"lazy\" decoding=\"async\" class=\"wp-image-992 aligncenter\" src=\"https:\/\/www.ledstyl.pl\/strefa-swiatla\/wp-content\/uploads\/2022\/10\/lampy-na-poddasze-300x200.jpeg\" alt=\"Lampy na poddasze\" width=\"750\" height=\"500\" srcset=\"https:\/\/www.ledstyl.pl\/strefa-swiatla\/wp-content\/uploads\/2022\/10\/lampy-na-poddasze-300x200.jpeg 300w, https:\/\/www.ledstyl.pl\/strefa-swiatla\/wp-content\/uploads\/2022\/10\/lampy-na-poddasze.jpeg 768w\" sizes=\"auto, (max-width: 750px) 100vw, 750px\" \/><\/p>\n<p>Obecnie do dyspozycji naszych klient\u00f3w oferujemy wiele nowoczesnych rozwi\u0105za\u0144, kt\u00f3re \u015bwietnie sprawdz\u0105 si\u0119 na ka\u017cdym poddaszu, czy w innym trudnym do o\u015bwietlenia pomieszczeniu. Jako <strong>lampy na poddasze<\/strong> bardzo cz\u0119sto wybierane si\u0119 <a href=\"https:\/\/www.ledstyl.pl\/kinkiet-wewnetrzny-cat-282\">kinkiety wewn\u0119trzne<\/a>, czy <a href=\"https:\/\/www.ledstyl.pl\/lampa-wiszaca-cat-296\">lampy wisz\u0105ce<\/a>, kt\u00f3rych wysoko\u015b\u0107 zwisu b\u0119dziemy mogli swobodnie regulowa\u0107. Ogromn\u0105 popularno\u015bci\u0105 cieszy si\u0119 r\u00f3wnie\u017c <a href=\"https:\/\/www.ledstyl.pl\/oswietlenie-szynowe-cat-297\">o\u015bwietlenie szynowe<\/a>, dzi\u0119ki kt\u00f3remu mo\u017cemy dowolnie rozmie\u015bci\u0107 lampy nawet w przypadku tylko jednego z\u0142\u0105cza zasilania.<\/p>\n<h2><span id=\"Oswietlenie_pokoju_na_poddaszu\">O\u015bwietlenie pokoju na poddaszu<\/span><\/h2>\n<p>Najwa\u017cniejszym rodzajem o\u015bwietlenia na poddaszu b\u0119d\u0105 lampy s\u0142u\u017c\u0105ce jako g\u0142\u00f3wne \u017ar\u00f3d\u0142o \u015bwiat\u0142a. W tej roli w przypadku mniejszego pokoju doskonale sprawdzi si\u0119 r\u00f3wnomiernie rozmieszczone o\u015bwietlenie punktowe z dodatkowymi kinkietami lub bardzo pomys\u0142owe i modne o\u015bwietlenie szynowe. \u015awietnym wyborem b\u0119d\u0105 r\u00f3wnie\u017c ta\u015bmy LED, kt\u00f3re mog\u0105 pe\u0142ni\u0107 niezwykle wa\u017cn\u0105 funkcj\u0119 dekoracyjn\u0105. Wykorzystuj\u0105c do ich monta\u017cu <a href=\"https:\/\/www.ledstyl.pl\/profil-do-tasmy-led-cat-20\">profile do ta\u015bmy LED<\/a>, mo\u017cemy stworzy\u0107 niezwykle efektowne, ale r\u00f3wnie\u017c praktyczne o\u015bwietlenie zainstalowane w dowolnym miejscu.<\/p>\n<p><img loading=\"lazy\" decoding=\"async\" class=\"wp-image-987 aligncenter\" src=\"https:\/\/www.ledstyl.pl\/strefa-swiatla\/wp-content\/uploads\/2022\/10\/oswietlenie-pokoju-na-poddaszu-300x200.jpg\" alt=\"O\u015bwietlenie pokoju na poddaszu\" width=\"750\" height=\"500\" srcset=\"https:\/\/www.ledstyl.pl\/strefa-swiatla\/wp-content\/uploads\/2022\/10\/oswietlenie-pokoju-na-poddaszu-300x200.jpg 300w, https:\/\/www.ledstyl.pl\/strefa-swiatla\/wp-content\/uploads\/2022\/10\/oswietlenie-pokoju-na-poddaszu-1024x682.jpg 1024w, https:\/\/www.ledstyl.pl\/strefa-swiatla\/wp-content\/uploads\/2022\/10\/oswietlenie-pokoju-na-poddaszu-768x512.jpg 768w, https:\/\/www.ledstyl.pl\/strefa-swiatla\/wp-content\/uploads\/2022\/10\/oswietlenie-pokoju-na-poddaszu.jpg 1280w\" sizes=\"auto, (max-width: 750px) 100vw, 750px\" \/><\/p>\n<p>Dekoracyjne <strong>o\u015bwietlenie poddasza<\/strong> w formie ta\u015bm LED b\u0119dziemy mogli zamontowa\u0107 zar\u00f3wno na suficie, jak i przy pod\u0142odze. Wybieraj\u0105c <strong>o\u015bwietlenie salonu na poddaszu<\/strong> warto rozwa\u017cy\u0107 r\u00f3wnie\u017c wyb\u00f3r lamp stoj\u0105cych, kt\u00f3re zaoferuj\u0105 nam delikatne, dodatkowe, ale niezwykle przyjemne \u015bwiat\u0142o. W przypadku du\u017cego, otwartego pokoju na poddaszu z wysokim sufitem, mo\u017cna te\u017c pokusi\u0107 si\u0119 o lamp\u0119 wisz\u0105ca, jednak\u017ce tylko tak\u0105, kt\u00f3ra ma mo\u017cliwo\u015b\u0107 regulacji d\u0142ugo\u015bci zawieszenia. Taka forma pozwoli nam z \u0142atwo\u015bci\u0105 dopasowa\u0107 jej wysoko\u015b\u0107 indywidualnie do ka\u017cdego pomieszczenia.<\/p>\n<h2><span id=\"Oswietlenie_korytarza_na_poddaszu\">O\u015bwietlenie korytarza na poddaszu<\/span><\/h2>\n<p>Korytarze na poddaszu to najcz\u0119\u015bciej ciemne, do\u015b\u0107 ciasne i w\u0105skie pomieszczenia. Taka ich konstrukcja sprawia, \u017ce niezwykle wa\u017cny w ich przypadku jest dob\u00f3r odpowiednich lamp i ich prawid\u0142owe rozmieszczenie. <strong>O\u015bwietlenie korytarza na poddaszu<\/strong> to najcz\u0119\u015bciej dzi\u015b oprawy halogenowe montowane na suficie albo eleganckie lampy w formie plafon\u00f3w. Bardzo cz\u0119sto jako dodatek wyst\u0119puje tutaj kilka kinkiet\u00f3w, kt\u00f3re stanowi\u0105 dodatkowe, dekoracyjne lub nocne pod\u015bwietlenie. Obecnie bardzo popularne <strong>kinkiety na poddasze<\/strong> to lampy \u015bwiec\u0105ce w g\u00f3r\u0119 i d\u00f3\u0142, kt\u00f3re s\u0105 r\u00f3wnie\u017c idealnym wyborem w przypadku o\u015bwietlenia schod\u00f3w. Korytarz na poddaszu to bardzo cz\u0119sto miejsce, do kt\u00f3rego nie dochodzi naturalne \u015bwiat\u0142o s\u0142oneczne. W takich miejscach warto pokusi\u0107 si\u0119 r\u00f3wnie\u017c o delikatne, dodatkowe o\u015bwietlenie w formie opraw przypod\u0142ogowych, czy kr\u00f3tkich odcink\u00f3w <a href=\"https:\/\/www.ledstyl.pl\/tasmy-led-cat-3\">ta\u015bmy LED<\/a>. B\u0119d\u0105 to niezwykle funkcjonalne \u017ar\u00f3d\u0142a \u015bwiat\u0142a, kiedy b\u0119dziemy chcieli szybko przemie\u015bci\u0107 si\u0119 po korytarzu bez potrzeby w\u0142\u0105czania g\u0142\u00f3wnego o\u015bwietlenia.<\/p>\n<p><img loading=\"lazy\" decoding=\"async\" class=\"wp-image-988 aligncenter\" src=\"https:\/\/www.ledstyl.pl\/strefa-swiatla\/wp-content\/uploads\/2022\/10\/oswietlenie-korytarza-na-poddaszu-300x251.jpeg\" alt=\"O\u015bwietlenie korytarza na poddaszu\" width=\"750\" height=\"627\" srcset=\"https:\/\/www.ledstyl.pl\/strefa-swiatla\/wp-content\/uploads\/2022\/10\/oswietlenie-korytarza-na-poddaszu-300x251.jpeg 300w, https:\/\/www.ledstyl.pl\/strefa-swiatla\/wp-content\/uploads\/2022\/10\/oswietlenie-korytarza-na-poddaszu-768x642.jpeg 768w, https:\/\/www.ledstyl.pl\/strefa-swiatla\/wp-content\/uploads\/2022\/10\/oswietlenie-korytarza-na-poddaszu.jpeg 778w\" sizes=\"auto, (max-width: 750px) 100vw, 750px\" \/><\/p>\n<h2><span id=\"Oswietlenie_niskiego_poddasza\">O\u015bwietlenie niskiego poddasza<\/span><\/h2>\n<p>W przypadku o\u015bwietlenia niskiego poddasza na pewno musimy wyeliminowa\u0107 lampy wisz\u0105ce. Nie sprawdz\u0105 si\u0119 one, przyt\u0142ocz\u0105 nasze wn\u0119trze i dodatkowo bardzo ogranicz\u0105 nasz\u0105 woln\u0105 przestrze\u0144. <strong>O\u015bwietlenie niskiego poddasza<\/strong> to najcz\u0119\u015bciej niezbyt wysokie i <a href=\"https:\/\/www.ledstyl.pl\/lampy-sufitowe-nowoczesne-cat-359\">nowoczesne lampy sufitowe<\/a>, kt\u00f3re ograniczaj\u0105 przestrze\u0144 wykorzystywan\u0105 przez o\u015bwietlenie. Dzi\u015b mo\u017cemy zdecydowa\u0107 si\u0119 zar\u00f3wno na nowoczesne, kwadratowe lampy sufitowe, jak i stylowe oprawy w formie okr\u0119g\u00f3w.<\/p>\n<table style=\"width: 100%; height: 122px; border: none;\">\n<tbody>\n<tr style=\"height: 42px;\">\n<td style=\"width: 33.3333%; height: 42px;\"><a href=\"https:\/\/www.ledstyl.pl\/lampa-sufitowa-kwadraty-20x20-cm-quadrato-22w-biala-id-3434\"><img loading=\"lazy\" decoding=\"async\" class=\"size-medium wp-image-291 aligncenter\" src=\"https:\/\/www.ledstyl.pl\/dane\/full\/d\/d154976e-a80e-4f04-acfb-e6ef3f17f837.jpg\" alt=\"LAMPA SUFITOWA KWADRATY 20X20 CM QUADRATO 22W BIA\u0141A\" width=\"298\" height=\"300\" \/><\/a><\/td>\n<td style=\"width: 33.3333%; height: 42px;\"><a href=\"https:\/\/www.ledstyl.pl\/czarna-lampa-sufitowa-led-moderno-dl-02-48w-z-pilotem-id-3377\"><img loading=\"lazy\" decoding=\"async\" class=\"size-medium wp-image-292 aligncenter\" src=\"https:\/\/www.ledstyl.pl\/dane\/full\/f\/f97f5f69-32f6-4a89-ad72-c4a04a3d6545.jpg\" alt=\"CCZARNA LAMPA SUFITOWA LED MODERNO DL-02 48W Z PILOTEM\" width=\"298\" height=\"300\" \/><\/a><\/td>\n<td style=\"width: 33.3333%; height: 42px;\"><a href=\"https:\/\/www.ledstyl.pl\/lampa-sufitowa-led-moderno-ring-123w-czarna-pilot-id-5447\"><img loading=\"lazy\" decoding=\"async\" class=\"size-medium wp-image-293 aligncenter\" src=\"https:\/\/www.ledstyl.pl\/dane\/full\/e\/e42c609b8ee34559b0c0f1fadd23b977.jpg\" alt=\"LAMPA SUFITOWA LED MODERNO RING 123W CZARNA + PILOT\" width=\"298\" height=\"300\" \/><\/a><\/td>\n<\/tr>\n<tr style=\"height: 62px;\">\n<td style=\"width: 33.3333%; height: 62px; text-align: center;\"><span style=\"font-size: 12pt;\"><a href=\"https:\/\/www.ledstyl.pl\/lampa-sufitowa-kwadraty-20x20-cm-quadrato-22w-biala-id-3434\"><div class=\"su-animate\" style=\"opacity:0;-webkit-animation-duration:1s;-webkit-animation-delay:0s;animation-duration:1s;animation-delay:0s;\" data-animation=\"bounceIn\" data-duration=\"1\" data-delay=\"0\"><strong>Lampa sufitowa kwadraty 20&#215;20 cm Quadrato 22W Bia\u0142a<\/strong><\/div><\/a><\/span><\/td>\n<td style=\"width: 33.3333%; height: 62px; text-align: center;\"><span style=\"font-size: 12pt;\"><a href=\"https:\/\/www.ledstyl.pl\/czarna-lampa-sufitowa-led-moderno-dl-02-48w-z-pilotem-id-3377\"><div class=\"su-animate\" style=\"opacity:0;-webkit-animation-duration:1s;-webkit-animation-delay:0s;animation-duration:1s;animation-delay:0s;\" data-animation=\"bounceIn\" data-duration=\"1\" data-delay=\"0\"><strong>Czarna lampa sufitowa LED Moderno DL-02 48W z pilotem<\/strong><\/div><\/a><\/span><\/td>\n<td style=\"width: 33.3333%; height: 62px; text-align: center;\"><span style=\"font-size: 12pt;\"><a href=\"https:\/\/www.ledstyl.pl\/lampa-sufitowa-led-moderno-ring-123w-czarna-pilot-id-5447\"><div class=\"su-animate\" style=\"opacity:0;-webkit-animation-duration:1s;-webkit-animation-delay:0s;animation-duration:1s;animation-delay:0s;\" data-animation=\"bounceIn\" data-duration=\"1\" data-delay=\"0\"><strong>Lampa sufitowa LED Moderno Ring 123W Czarna + Pilot<\/strong><\/div><\/a><\/span><\/td>\n<\/tr>\n<tr style=\"height: 54px;\">\n<td style=\"width: 33.3333%; height: 18px;\"><div class=\"su-button-center\"><a href=\"https:\/\/www.ledstyl.pl\/lampa-sufitowa-kwadraty-20x20-cm-quadrato-22w-biala-id-3434\" class=\"su-button su-button-style-3d su-button-wide\" style=\"color:#ffffff;background-color:#ef2d36;border-color:#c0242c;border-radius:40px;-moz-border-radius:40px;-webkit-border-radius:40px\" target=\"_self\" rel=\"nofollow\"><span style=\"color:#ffffff;padding:7px 20px;font-size:16px;line-height:24px;border-color:#f46c73;border-radius:40px;-moz-border-radius:40px;-webkit-border-radius:40px;text-shadow:none;-moz-text-shadow:none;-webkit-text-shadow:none\"><i class=\"sui sui-shopping-bag\" style=\"font-size:16px;color:#ffffff\"><\/i> <\/span><\/a><\/div><\/td>\n<td style=\"width: 33.3333%; height: 18px;\"><div class=\"su-button-center\"><a href=\"https:\/\/www.ledstyl.pl\/czarna-lampa-sufitowa-led-moderno-dl-02-48w-z-pilotem-id-3377\" class=\"su-button su-button-style-3d su-button-wide\" style=\"color:#ffffff;background-color:#ef2d36;border-color:#c0242c;border-radius:40px;-moz-border-radius:40px;-webkit-border-radius:40px\" target=\"_self\" rel=\"nofollow\"><span style=\"color:#ffffff;padding:7px 20px;font-size:16px;line-height:24px;border-color:#f46c73;border-radius:40px;-moz-border-radius:40px;-webkit-border-radius:40px;text-shadow:none;-moz-text-shadow:none;-webkit-text-shadow:none\"><i class=\"sui sui-shopping-bag\" style=\"font-size:16px;color:#ffffff\"><\/i> <\/span><\/a><\/div><\/td>\n<td style=\"width: 33.3333%; height: 18px;\"><div class=\"su-button-center\"><a href=\"https:\/\/www.ledstyl.pl\/lampa-sufitowa-led-moderno-ring-123w-czarna-pilot-id-5447\" class=\"su-button su-button-style-3d su-button-wide\" style=\"color:#ffffff;background-color:#ef2d36;border-color:#c0242c;border-radius:40px;-moz-border-radius:40px;-webkit-border-radius:40px\" target=\"_self\" rel=\"nofollow\"><span style=\"color:#ffffff;padding:7px 20px;font-size:16px;line-height:24px;border-color:#f46c73;border-radius:40px;-moz-border-radius:40px;-webkit-border-radius:40px;text-shadow:none;-moz-text-shadow:none;-webkit-text-shadow:none\"><i class=\"sui sui-shopping-bag\" style=\"font-size:16px;color:#ffffff\"><\/i> <\/span><\/a><\/div><\/td>\n<\/tr>\n<\/tbody>\n<\/table>\n<p>Na niskie poddasza mo\u017cemy wybra\u0107 tak\u017ce kinkiety, ale dobrym rozwi\u0105zaniem b\u0119d\u0105 tutaj r\u00f3wnie\u017c niezbyt du\u017ce i delikatne modele. Ta sama uwaga dotyczy halogen\u00f3w sufitowych. Ze wzgl\u0119du na swobod\u0119 w rozmieszczeniu ich na suficie, a tak\u017ce swoje ma\u0142e wymiary <a href=\"https:\/\/www.ledstyl.pl\/oprawy-halogenowe-cat-15\">oprawy halogenowe sufitowe<\/a> s\u0105 bardzo ch\u0119tnie wykorzystywane do o\u015bwietlenia niskiego poddasza. Wyst\u0119puj\u0105 modele sta\u0142e b\u0105d\u017a ruchome, kt\u00f3re pozwol\u0105 nam ukierunkowa\u0107 \u015bwiat\u0142o nawet w przypadku aran\u017cacji trudnej i nieregularnej przestrzeni.<\/p>\n<h2><span id=\"Jakie_lampy_na_poddasze\">Jakie lampy na poddasze?<\/span><\/h2>\n<p><strong>Lampy na poddasze<\/strong> powinny by\u0107 do\u015b\u0107 minimalistyczne, ze wzgl\u0119du na z regu\u0142y ograniczon\u0105 przestrze\u0144, niski sufit, b\u0105d\u017a du\u017c\u0105 ilo\u015b\u0107 skos\u00f3w. Opr\u00f3cz o\u015bwietlenia centralnego warto wybra\u0107 r\u00f3wnie\u017c lampy stoj\u0105ce czy sto\u0142owe. Zapewni\u0105 nam one rol\u0119 dekoracyjn\u0105, a tak\u017ce dzi\u0119ki swej mobilno\u015bci b\u0119dziemy mogli je dowolnie przestawia\u0107 w zale\u017cno\u015bci od naszych potrzeb. Jednym z idealnych rozwi\u0105za\u0144 do <strong>o\u015bwietlenia poddasza<\/strong> b\u0119d\u0105 r\u00f3wnie\u017c halogeny sufitowe. Rozwi\u0105zanie to pozwoli nam na rozja\u015bnienie ka\u017cdego k\u0105ta, jest proste w monta\u017cu, a w dodatku ich zakup w por\u00f3wnaniu z innymi rozwi\u0105zaniami nie wi\u0105\u017ce si\u0119 ze zbyt du\u017c\u0105 inwestycj\u0105.<\/p>\n<p><img loading=\"lazy\" decoding=\"async\" class=\"wp-image-986 aligncenter\" src=\"https:\/\/www.ledstyl.pl\/strefa-swiatla\/wp-content\/uploads\/2022\/10\/oswietlenie-na-poddaszu-300x200.jpg\" alt=\"O\u015bwietlenie na poddaszu\" width=\"750\" height=\"500\" srcset=\"https:\/\/www.ledstyl.pl\/strefa-swiatla\/wp-content\/uploads\/2022\/10\/oswietlenie-na-poddaszu-300x200.jpg 300w, https:\/\/www.ledstyl.pl\/strefa-swiatla\/wp-content\/uploads\/2022\/10\/oswietlenie-na-poddaszu-1024x682.jpg 1024w, https:\/\/www.ledstyl.pl\/strefa-swiatla\/wp-content\/uploads\/2022\/10\/oswietlenie-na-poddaszu-768x512.jpg 768w, https:\/\/www.ledstyl.pl\/strefa-swiatla\/wp-content\/uploads\/2022\/10\/oswietlenie-na-poddaszu.jpg 1280w\" sizes=\"auto, (max-width: 750px) 100vw, 750px\" \/><\/p>\n<h3><span id=\"Oswietlenie_halogenowe_na_poddaszu\">O\u015bwietlenie halogenowe na poddaszu<\/span><\/h3>\n<p>W tak wymagaj\u0105cej aran\u017cacji o\u015bwietleniowej, jak\u0105 jest ta na poddaszu, idealnie sprawdz\u0105 si\u0119 halogeny sufitowe. Ze wzgl\u0119du na sw\u00f3j minimalizm \u015bwietnie b\u0119d\u0105 wygl\u0105da\u0107 na ka\u017cdym suficie, nie powoduj\u0105c przy tym uczucia przyt\u0142oczenia w i tak ju\u017c skromnej wielko\u015bci pomieszczeniu. Ich zdecydowanym atutem jest mo\u017cliwo\u015b\u0107 ukierunkowania padania strumienia \u015bwiat\u0142a, kt\u00f3ra pozwoli nam r\u00f3wnomiernie o\u015bwietli\u0107 ca\u0142e wn\u0119trze, jak i podkre\u015bli\u0107 jego najwa\u017cniejsze punkty aran\u017cacyjne. <strong>O\u015bwietlenie halogenowe na poddaszu<\/strong> mo\u017ce by\u0107 natynkowe (mocowane bezpo\u015brednio na suficie) lub podtynkowe (przeznaczone do monta\u017cu w sufitach podwieszanych). Dzi\u0119ki szerokiej gamie produkt\u00f3w dost\u0119pnych w naszym sklepie internetowym bez problemu znajdziesz takie, kt\u00f3re idealnie wpasuj\u0105 si\u0119 w klimat Twojego poddasza.<\/p>\n<table style=\"width: 100%; height: 124px; border: none;\">\n<tbody>\n<tr style=\"height: 42px;\">\n<td style=\"width: 33.3333%; height: 42px;\"><a href=\"https:\/\/www.ledstyl.pl\/oprawa-halogenowa-okragla-cat-57\"><img loading=\"lazy\" decoding=\"async\" class=\"size-medium wp-image-291 aligncenter\" src=\"https:\/\/www.ledstyl.pl\/dane\/source\/c\/c6d02e0accf6410daeb13e96dcbcd2be.jpg\" alt=\"Oprawa halogenowa okr\u0105g\u0142a\" width=\"298\" height=\"300\" \/><\/a><\/td>\n<td style=\"width: 33.3333%; height: 42px;\"><a href=\"https:\/\/www.ledstyl.pl\/oprawa-halogenowa-kwadratowa-cat-58\"><img loading=\"lazy\" decoding=\"async\" class=\"size-medium wp-image-292 aligncenter\" src=\"https:\/\/www.ledstyl.pl\/dane\/source\/f\/f05b5ca235584d1bb47f63ad7119468d.jpg\" alt=\"Oprawa halogenowa kwadratowa\" width=\"298\" height=\"300\" \/><\/a><\/td>\n<td style=\"width: 33.3333%; height: 42px;\"><a href=\"https:\/\/www.ledstyl.pl\/oprawa-halogenowa-szklana-cat-59\"><img loading=\"lazy\" decoding=\"async\" class=\"size-medium wp-image-293 aligncenter\" src=\"https:\/\/www.ledstyl.pl\/dane\/source\/4\/48f8c169e05b472ba2932dd253355005.jpg\" alt=\"Oprawa halogenowa szklana\" width=\"298\" height=\"300\" \/><\/a><\/td>\n<\/tr>\n<tr style=\"height: 62px;\">\n<td style=\"width: 33.3333%; height: 62px; text-align: center;\"><span style=\"font-size: 12pt;\"><a href=\"https:\/\/www.ledstyl.pl\/oprawa-halogenowa-okragla-cat-57\"><div class=\"su-animate\" style=\"opacity:0;-webkit-animation-duration:1s;-webkit-animation-delay:0s;animation-duration:1s;animation-delay:0s;\" data-animation=\"bounceIn\" data-duration=\"1\" data-delay=\"0\"><strong>Oprawa halogenowa okr\u0105g\u0142a<\/strong><\/div><\/a><\/span><\/td>\n<td style=\"width: 33.3333%; height: 62px; text-align: center;\"><span style=\"font-size: 12pt;\"><a href=\"https:\/\/www.ledstyl.pl\/oprawa-halogenowa-kwadratowa-cat-58\"><div class=\"su-animate\" style=\"opacity:0;-webkit-animation-duration:1s;-webkit-animation-delay:0s;animation-duration:1s;animation-delay:0s;\" data-animation=\"bounceIn\" data-duration=\"1\" data-delay=\"0\"><strong>Oprawa halogenowa kwadratowa<\/strong><\/div><\/a><\/span><\/td>\n<td style=\"width: 33.3333%; height: 62px; text-align: center;\"><span style=\"font-size: 12pt;\"><a href=\"https:\/\/www.ledstyl.pl\/oprawa-halogenowa-szklana-cat-59\"><div class=\"su-animate\" style=\"opacity:0;-webkit-animation-duration:1s;-webkit-animation-delay:0s;animation-duration:1s;animation-delay:0s;\" data-animation=\"bounceIn\" data-duration=\"1\" data-delay=\"0\"><strong>Oprawa halogenowa szklana<\/strong><\/div><\/a><\/span><\/td>\n<\/tr>\n<tr style=\"height: 54px;\">\n<td style=\"width: 33.3333%; height: 18px;\"><div class=\"su-button-center\"><a href=\"https:\/\/www.ledstyl.pl\/oprawa-halogenowa-okragla-cat-57\" class=\"su-button su-button-style-3d\" style=\"color:#ffffff;background-color:#ef2d36;border-color:#c0242c;border-radius:50px;-moz-border-radius:50px;-webkit-border-radius:50px\" target=\"_self\" rel=\"nofollow\"><span style=\"color:#ffffff;padding:0px 24px;font-size:18px;line-height:36px;border-color:#f46c73;border-radius:50px;-moz-border-radius:50px;-webkit-border-radius:50px;text-shadow:none;-moz-text-shadow:none;-webkit-text-shadow:none\"> <b>Zobacz wi\u0119cej<\/b><\/span><\/a><\/div><\/td>\n<td style=\"width: 33.3333%; height: 18px;\"><div class=\"su-button-center\"><a href=\"https:\/\/www.ledstyl.pl\/oprawa-halogenowa-kwadratowa-cat-58\" class=\"su-button su-button-style-3d\" style=\"color:#ffffff;background-color:#ef2d36;border-color:#c0242c;border-radius:50px;-moz-border-radius:50px;-webkit-border-radius:50px\" target=\"_self\" rel=\"nofollow\"><span style=\"color:#ffffff;padding:0px 24px;font-size:18px;line-height:36px;border-color:#f46c73;border-radius:50px;-moz-border-radius:50px;-webkit-border-radius:50px;text-shadow:none;-moz-text-shadow:none;-webkit-text-shadow:none\"> <b>Zobacz wi\u0119cej<\/b><\/span><\/a><\/div><\/td>\n<td style=\"width: 33.3333%; height: 18px;\">\n<p style=\"text-align: center;\"><div class=\"su-button-center\"><a href=\"https:\/\/www.ledstyl.pl\/oprawa-halogenowa-szklana-cat-59\" class=\"su-button su-button-style-3d\" style=\"color:#ffffff;background-color:#ef2d36;border-color:#c0242c;border-radius:50px;-moz-border-radius:50px;-webkit-border-radius:50px\" target=\"_self\" rel=\"nofollow\"><span style=\"color:#ffffff;padding:0px 24px;font-size:18px;line-height:36px;border-color:#f46c73;border-radius:50px;-moz-border-radius:50px;-webkit-border-radius:50px;text-shadow:none;-moz-text-shadow:none;-webkit-text-shadow:none\"> <b>Zobacz wi\u0119cej<\/b><\/span><\/a><\/div>\n<\/td>\n<\/tr>\n<\/tbody>\n<\/table>\n<h2><span id=\"Oswietlenie_poddasza_8211_skosy\">O\u015bwietlenie poddasza &#8211; skosy<\/span><\/h2>\n<p>Skosy na poddaszu to niestety raczej rzecz nieunikniona. Wielu osobom, wyka\u0144czaj\u0105cym aran\u017cacje poddasza sp\u0119dzaj\u0105 one sen z powiek. Jednak\u017ce zastosowanie si\u0119 do kilku wskaz\u00f3wek i odpowiedni dob\u00f3r <strong>lampy na poddasze<\/strong> pozwoli nam na funkcjonalne i efektywne o\u015bwietlenia tej przestrzeni. Skosy maj\u0105 niestety to do siebie, \u017ce przestrze\u0144 jest mocno zacieniona i konieczne jest jej solidne oraz r\u00f3wnomierne jej do\u015bwietlenie. Jego rodzaj uzale\u017cniony jest r\u00f3wnie\u017c od typu pomieszczenia, poniewa\u017c inne lampy na skosy zamontujemy w sypialni, a inne w pomieszczeniu kuchennym lub salonie.<\/p>\n<table style=\"width: 100%; height: 124px; border: none;\">\n<tbody>\n<tr style=\"height: 42px;\">\n<td style=\"width: 33.3333%; height: 42px;\"><a href=\"https:\/\/www.ledstyl.pl\/kinkiet-led-dez-1xgu10-czarny-id-5337\"><img loading=\"lazy\" decoding=\"async\" class=\"size-medium wp-image-291 aligncenter\" src=\"https:\/\/www.ledstyl.pl\/dane\/full\/b\/be78cdd560e74d6f919b81cd718389d2.jpg\" alt=\"KINKIET LED DEZ 1XGU10 CZARNY\" width=\"298\" height=\"300\" \/><\/a><\/td>\n<td style=\"width: 33.3333%; height: 42px;\"><a href=\"https:\/\/www.ledstyl.pl\/kinkiet-led-colm-1xgu10-czarny-id-5335\"><img loading=\"lazy\" decoding=\"async\" class=\"size-medium wp-image-292 aligncenter\" src=\"https:\/\/www.ledstyl.pl\/dane\/full\/5\/5d8912c1f0364d40b3deab9af6b077c6.jpg\" alt=\"KINKIET LED COLM 1XGU10 CZARNY\" width=\"298\" height=\"300\" \/><\/a><\/td>\n<td style=\"width: 33.3333%; height: 42px;\"><a href=\"https:\/\/www.ledstyl.pl\/reflektor-scienny-drewno-1xgu10-zeke-dab-id-6072\"><img loading=\"lazy\" decoding=\"async\" class=\"size-medium wp-image-293 aligncenter\" src=\"https:\/\/www.ledstyl.pl\/dane\/full\/a\/afd6ce921a4949b9a655779e6c2263de.jpg\" alt=\"REFLEKTOR \u015aCIENNY DREWNO 1XGU10 ZEKE D\u0104B\" width=\"298\" height=\"300\" \/><\/a><\/td>\n<\/tr>\n<tr style=\"height: 62px;\">\n<td style=\"width: 33.3333%; height: 62px; text-align: center;\"><span style=\"font-size: 12pt;\"><a href=\"https:\/\/www.ledstyl.pl\/kinkiet-led-dez-1xgu10-czarny-id-5337\"><div class=\"su-animate\" style=\"opacity:0;-webkit-animation-duration:1s;-webkit-animation-delay:0s;animation-duration:1s;animation-delay:0s;\" data-animation=\"bounceIn\" data-duration=\"1\" data-delay=\"0\"><strong>Kinkiet LED DEZ 1xGU10 czarny<\/strong><\/div><\/a><\/span><\/td>\n<td style=\"width: 33.3333%; height: 62px; text-align: center;\"><span style=\"font-size: 12pt;\"><a href=\"https:\/\/www.ledstyl.pl\/kinkiet-led-colm-1xgu10-czarny-id-5335\"><div class=\"su-animate\" style=\"opacity:0;-webkit-animation-duration:1s;-webkit-animation-delay:0s;animation-duration:1s;animation-delay:0s;\" data-animation=\"bounceIn\" data-duration=\"1\" data-delay=\"0\"><strong>Kinkiet LED COLM 1xGU10 czarny<\/strong><\/div><\/a><\/span><\/td>\n<td style=\"width: 33.3333%; height: 62px; text-align: center;\"><span style=\"font-size: 12pt;\"><a href=\"https:\/\/www.ledstyl.pl\/reflektor-scienny-drewno-1xgu10-zeke-dab-id-6072\"><div class=\"su-animate\" style=\"opacity:0;-webkit-animation-duration:1s;-webkit-animation-delay:0s;animation-duration:1s;animation-delay:0s;\" data-animation=\"bounceIn\" data-duration=\"1\" data-delay=\"0\"><strong>Reflektor \u015bcienny drewno 1xGU10 ZEKE d\u0105b<\/strong><\/div><\/a><\/span><\/td>\n<\/tr>\n<tr style=\"height: 54px;\">\n<td style=\"width: 33.3333%; height: 18px;\"><div class=\"su-button-center\"><a href=\"https:\/\/www.ledstyl.pl\/kinkiet-led-dez-1xgu10-czarny-id-5337\" class=\"su-button su-button-style-3d su-button-wide\" style=\"color:#ffffff;background-color:#ef2d36;border-color:#c0242c;border-radius:40px;-moz-border-radius:40px;-webkit-border-radius:40px\" target=\"_self\" rel=\"nofollow\"><span style=\"color:#ffffff;padding:7px 20px;font-size:16px;line-height:24px;border-color:#f46c73;border-radius:40px;-moz-border-radius:40px;-webkit-border-radius:40px;text-shadow:none;-moz-text-shadow:none;-webkit-text-shadow:none\"><i class=\"sui sui-shopping-bag\" style=\"font-size:16px;color:#ffffff\"><\/i> <\/span><\/a><\/div><\/td>\n<td style=\"width: 33.3333%; height: 18px;\"><div class=\"su-button-center\"><a href=\"https:\/\/www.ledstyl.pl\/kinkiet-led-colm-1xgu10-czarny-id-5335\" class=\"su-button su-button-style-3d su-button-wide\" style=\"color:#ffffff;background-color:#ef2d36;border-color:#c0242c;border-radius:40px;-moz-border-radius:40px;-webkit-border-radius:40px\" target=\"_self\" rel=\"nofollow\"><span style=\"color:#ffffff;padding:7px 20px;font-size:16px;line-height:24px;border-color:#f46c73;border-radius:40px;-moz-border-radius:40px;-webkit-border-radius:40px;text-shadow:none;-moz-text-shadow:none;-webkit-text-shadow:none\"><i class=\"sui sui-shopping-bag\" style=\"font-size:16px;color:#ffffff\"><\/i> <\/span><\/a><\/div><\/td>\n<td style=\"width: 33.3333%; height: 18px;\"><div class=\"su-button-center\"><a href=\"https:\/\/www.ledstyl.pl\/reflektor-scienny-drewno-1xgu10-zeke-dab-id-6072\" class=\"su-button su-button-style-3d su-button-wide\" style=\"color:#ffffff;background-color:#ef2d36;border-color:#c0242c;border-radius:40px;-moz-border-radius:40px;-webkit-border-radius:40px\" target=\"_self\" rel=\"nofollow\"><span style=\"color:#ffffff;padding:7px 20px;font-size:16px;line-height:24px;border-color:#f46c73;border-radius:40px;-moz-border-radius:40px;-webkit-border-radius:40px;text-shadow:none;-moz-text-shadow:none;-webkit-text-shadow:none\"><i class=\"sui sui-shopping-bag\" style=\"font-size:16px;color:#ffffff\"><\/i> <\/span><\/a><\/div><\/td>\n<\/tr>\n<\/tbody>\n<\/table>\n<h3><span id=\"Jaka_lampa_na_skosie\">Jaka lampa na skosie?<\/span><\/h3>\n<p>Niezaprzeczalnym hitem obecnego sezonu jest <a href=\"https:\/\/www.ledstyl.pl\/szynoprzewody-oswietleniowe-cat-299\">szynoprzew\u00f3d o\u015bwietleniowy<\/a>. Na skosie doskonale sprawdzi si\u0119 <a href=\"https:\/\/www.ledstyl.pl\/zestaw-oswietlenia-szynowego-cat-304\">szyna z reflektorami<\/a>, czyli niezwykle mobilnymi \u017ar\u00f3d\u0142ami, kt\u00f3re mo\u017cemy ukierunkowa\u0107 w dowoln\u0105 stron\u0119 naszego wn\u0119trza. Konstrukcja tego rodzaju o\u015bwietlenia nie wymaga od nas r\u00f3wnie\u017c wielu przy\u0142\u0105czy zasilaj\u0105cych. Szynoprzewody mo\u017cemy pod\u0142\u0105czy\u0107 do jednego z\u0142\u0105cza zasilaj\u0105cego, buduj\u0105c o\u015bwietlenie jednofazowe, dwufazowe lub tr\u00f3jfazowe. <a href=\"https:\/\/www.ledstyl.pl\/lampy-do-szynoprzewodow-cat-298\">Lampy do szynoprzewodu<\/a> mo\u017cemy dowolnie montowa\u0107 na ca\u0142ej d\u0142ugo\u015bci toru szyny, a tak\u017ce ukierunkowywa\u0107 ich \u015bwiat\u0142o na wybrane elementy aran\u017cacji.<\/p>\n<table style=\"width: 100%; height: 124px; border: none;\">\n<tbody>\n<tr style=\"height: 42px;\">\n<td style=\"width: 33.3333%; height: 42px;\"><a href=\"https:\/\/www.ledstyl.pl\/szynoprzewod-1-fazowy-cat-313\"><img loading=\"lazy\" decoding=\"async\" class=\"size-medium wp-image-291 aligncenter\" src=\"https:\/\/www.ledstyl.pl\/dane\/full\/7\/7b0acd4619174e97bf6f03a9c2502013.jpg\" alt=\"Szynoprzewody jednofazowe\" width=\"298\" height=\"300\" \/><\/a><\/td>\n<td style=\"width: 33.3333%; height: 42px;\"><a href=\"https:\/\/www.ledstyl.pl\/szynoprzewod-3-fazowy-cat-315\"><img loading=\"lazy\" decoding=\"async\" class=\"size-medium wp-image-292 aligncenter\" src=\"https:\/\/www.ledstyl.pl\/dane\/full\/2\/2767cb79f4284a839b6fc1d98296b748.jpg\" alt=\"Szynoprzewody tr\u00f3jfazowe\" width=\"298\" height=\"300\" \/><\/a><\/td>\n<td style=\"width: 33.3333%; height: 42px;\"><a href=\"https:\/\/www.ledstyl.pl\/zestaw-oswietlenia-szynowego-cat-304\"><img loading=\"lazy\" decoding=\"async\" class=\"size-medium wp-image-293 aligncenter\" src=\"https:\/\/www.ledstyl.pl\/dane\/full\/f\/fdc301de0f8f45f7bf74fd59f37c1a8c.jpg\" alt=\"Zestawy szynoprzewod\u00f3w\" width=\"298\" height=\"300\" \/><\/a><\/td>\n<\/tr>\n<tr style=\"height: 62px;\">\n<td style=\"width: 33.3333%; height: 62px; text-align: center;\"><span style=\"font-size: 12pt;\"><a href=\"https:\/\/www.ledstyl.pl\/szynoprzewod-1-fazowy-cat-313\"><div class=\"su-animate\" style=\"opacity:0;-webkit-animation-duration:1s;-webkit-animation-delay:0s;animation-duration:1s;animation-delay:0s;\" data-animation=\"bounceIn\" data-duration=\"1\" data-delay=\"0\"><strong>Szynoprzewody jednofazowe<\/strong><\/div><\/a><\/span><\/td>\n<td style=\"width: 33.3333%; height: 62px; text-align: center;\"><span style=\"font-size: 12pt;\"><a href=\"https:\/\/www.ledstyl.pl\/szynoprzewod-3-fazowy-cat-315\"><div class=\"su-animate\" style=\"opacity:0;-webkit-animation-duration:1s;-webkit-animation-delay:0s;animation-duration:1s;animation-delay:0s;\" data-animation=\"bounceIn\" data-duration=\"1\" data-delay=\"0\"><strong>Szynoprzewody tr\u00f3jfazowe<\/strong><\/div><\/a><\/span><\/td>\n<td style=\"width: 33.3333%; height: 62px; text-align: center;\"><span style=\"font-size: 12pt;\"><a href=\"https:\/\/www.ledstyl.pl\/zestaw-oswietlenia-szynowego-cat-304\"><div class=\"su-animate\" style=\"opacity:0;-webkit-animation-duration:1s;-webkit-animation-delay:0s;animation-duration:1s;animation-delay:0s;\" data-animation=\"bounceIn\" data-duration=\"1\" data-delay=\"0\"><strong>Zestawy szynoprzewod\u00f3w<\/strong><\/div><\/a><\/span><\/td>\n<\/tr>\n<tr style=\"height: 54px;\">\n<td style=\"width: 33.3333%; height: 18px;\"><div class=\"su-button-center\"><a href=\"https:\/\/www.ledstyl.pl\/szynoprzewod-1-fazowy-cat-313\" class=\"su-button su-button-style-3d\" style=\"color:#ffffff;background-color:#ef2d36;border-color:#c0242c;border-radius:50px;-moz-border-radius:50px;-webkit-border-radius:50px\" target=\"_self\" rel=\"nofollow\"><span style=\"color:#ffffff;padding:0px 24px;font-size:18px;line-height:36px;border-color:#f46c73;border-radius:50px;-moz-border-radius:50px;-webkit-border-radius:50px;text-shadow:none;-moz-text-shadow:none;-webkit-text-shadow:none\"> <b>Zobacz wi\u0119cej<\/b><\/span><\/a><\/div><\/td>\n<td style=\"width: 33.3333%; height: 18px;\"><div class=\"su-button-center\"><a href=\"https:\/\/www.ledstyl.pl\/szynoprzewod-3-fazowy-cat-315\" class=\"su-button su-button-style-3d\" style=\"color:#ffffff;background-color:#ef2d36;border-color:#c0242c;border-radius:50px;-moz-border-radius:50px;-webkit-border-radius:50px\" target=\"_self\" rel=\"nofollow\"><span style=\"color:#ffffff;padding:0px 24px;font-size:18px;line-height:36px;border-color:#f46c73;border-radius:50px;-moz-border-radius:50px;-webkit-border-radius:50px;text-shadow:none;-moz-text-shadow:none;-webkit-text-shadow:none\"> <b>Zobacz wi\u0119cej<\/b><\/span><\/a><\/div><\/td>\n<td style=\"width: 33.3333%; height: 18px;\">\n<p style=\"text-align: center;\"><div class=\"su-button-center\"><a href=\"https:\/\/www.ledstyl.pl\/zestaw-oswietlenia-szynowego-cat-304\" class=\"su-button su-button-style-3d\" style=\"color:#ffffff;background-color:#ef2d36;border-color:#c0242c;border-radius:50px;-moz-border-radius:50px;-webkit-border-radius:50px\" target=\"_self\" rel=\"nofollow\"><span style=\"color:#ffffff;padding:0px 24px;font-size:18px;line-height:36px;border-color:#f46c73;border-radius:50px;-moz-border-radius:50px;-webkit-border-radius:50px;text-shadow:none;-moz-text-shadow:none;-webkit-text-shadow:none\"> <b>Zobacz wi\u0119cej<\/b><\/span><\/a><\/div>\n<\/td>\n<\/tr>\n<\/tbody>\n<\/table>\n<p>Doskona\u0142ym dodatkiem do reflektor\u00f3w jest o\u015bwietlenie punktowe, czy r\u00f3\u017cnego rodzaju <a href=\"https:\/\/www.ledstyl.pl\/spoty-i-tuby-sufitowe-cat-364\">spoty sufitowe<\/a> oraz kinkiety. Niezwykle efektownie na ka\u017cdym suficie b\u0119dzie prezentowa\u0107 si\u0119 tak\u017ce kwadratowa lampa sufitowa znajduj\u0105ca si\u0119 wewn\u0105trz konstrukcji szynoprzewod\u00f3w. Ma\u0142\u0105 podpowiedzi\u0105 podczas monta\u017cu lamp na skosach, mo\u017ce by\u0107 ukierunkowanie ich tak, by \u015bwiat\u0142o pada\u0142o na sufit &#8211; pozwoli to optycznie powi\u0119kszy\u0107 Twoje pomieszczenie. Do delikatnego pod\u015bwietlenia, nadaj\u0105cego przytulnej atmosfery mo\u017cemy wykorzysta\u0107 r\u00f3wnie\u017c ta\u015bmy LED, a w ma\u0142ych niewykorzystanych przestrzeniach pod skosami ma\u0142e lampy pod\u0142ogowe.<\/p>\n<table style=\"width: 100%; height: 124px; border: none;\">\n<tbody>\n<tr style=\"height: 42px;\">\n<td style=\"width: 33.3333%; height: 42px;\"><a href=\"https:\/\/www.ledstyl.pl\/system-magnetyczny-bialy-cat-382\"><img loading=\"lazy\" decoding=\"async\" class=\"size-medium wp-image-291 aligncenter\" src=\"https:\/\/www.ledstyl.pl\/dane\/full\/2\/29551bad9ace4cf2ab8c8e5e6bacd36c.jpg\" alt=\"System Magnetyczny Bia\u0142y\" width=\"298\" height=\"300\" \/><\/a><\/td>\n<td style=\"width: 33.3333%; height: 42px;\"><a href=\"https:\/\/www.ledstyl.pl\/system-szynowy-domeno-lighting-cat-321?priceFrom=23&amp;priceTo=327&amp;trait=396\"><img loading=\"lazy\" decoding=\"async\" class=\"size-medium wp-image-292 aligncenter\" src=\"https:\/\/www.ledstyl.pl\/dane\/full\/3\/3cda3f43-59d8-4c8b-a378-daa28149debb.jpg\" alt=\"System Magnetyczny Czarny\" width=\"298\" height=\"300\" \/><\/a><\/td>\n<td style=\"width: 33.3333%; height: 42px;\"><a href=\"https:\/\/www.ledstyl.pl\/system-szynowy-estiledo-cat-380\"><img loading=\"lazy\" decoding=\"async\" class=\"size-medium wp-image-293 aligncenter\" src=\"https:\/\/www.ledstyl.pl\/dane\/full\/z\/z04.reflektor-magnetyczny-double-16w-4000k-czarny.jpg\" alt=\"System Magnetyczny Estiledo\" width=\"298\" height=\"300\" \/><\/a><\/td>\n<\/tr>\n<tr style=\"height: 62px;\">\n<td style=\"width: 33.3333%; height: 62px; text-align: center;\"><span style=\"font-size: 12pt;\"><a href=\"https:\/\/www.ledstyl.pl\/system-magnetyczny-bialy-cat-382\"><div class=\"su-animate\" style=\"opacity:0;-webkit-animation-duration:1s;-webkit-animation-delay:0s;animation-duration:1s;animation-delay:0s;\" data-animation=\"bounceIn\" data-duration=\"1\" data-delay=\"0\"><strong>System Magnetyczny Bia\u0142y<\/strong><\/div><\/a><\/span><\/td>\n<td style=\"width: 33.3333%; height: 62px; text-align: center;\"><span style=\"font-size: 12pt;\"><a href=\"https:\/\/www.ledstyl.pl\/system-szynowy-domeno-lighting-cat-321?priceFrom=23&amp;priceTo=327&amp;trait=396\"><div class=\"su-animate\" style=\"opacity:0;-webkit-animation-duration:1s;-webkit-animation-delay:0s;animation-duration:1s;animation-delay:0s;\" data-animation=\"bounceIn\" data-duration=\"1\" data-delay=\"0\"><strong>System Magnetyczny Czarny<\/strong><\/div><\/a><\/span><\/td>\n<td style=\"width: 33.3333%; height: 62px; text-align: center;\"><span style=\"font-size: 12pt;\"><a href=\"https:\/\/www.ledstyl.pl\/system-szynowy-estiledo-cat-380\"><div class=\"su-animate\" style=\"opacity:0;-webkit-animation-duration:1s;-webkit-animation-delay:0s;animation-duration:1s;animation-delay:0s;\" data-animation=\"bounceIn\" data-duration=\"1\" data-delay=\"0\"><strong>System Magnetyczny Estiledo<\/strong><\/div><\/a><\/span><\/td>\n<\/tr>\n<tr style=\"height: 54px;\">\n<td style=\"width: 33.3333%; height: 18px;\"><div class=\"su-button-center\"><a href=\"https:\/\/www.ledstyl.pl\/system-magnetyczny-bialy-cat-382\" class=\"su-button su-button-style-3d\" style=\"color:#ffffff;background-color:#ef2d36;border-color:#c0242c;border-radius:50px;-moz-border-radius:50px;-webkit-border-radius:50px\" target=\"_self\" rel=\"nofollow\"><span style=\"color:#ffffff;padding:0px 24px;font-size:18px;line-height:36px;border-color:#f46c73;border-radius:50px;-moz-border-radius:50px;-webkit-border-radius:50px;text-shadow:none;-moz-text-shadow:none;-webkit-text-shadow:none\"> <b>Zobacz wi\u0119cej<\/b><\/span><\/a><\/div><\/td>\n<td style=\"width: 33.3333%; height: 18px;\"><div class=\"su-button-center\"><a href=\"https:\/\/www.ledstyl.pl\/system-szynowy-domeno-lighting-cat-321?priceFrom=23&amp;priceTo=327&amp;trait=396\" class=\"su-button su-button-style-3d\" style=\"color:#ffffff;background-color:#ef2d36;border-color:#c0242c;border-radius:50px;-moz-border-radius:50px;-webkit-border-radius:50px\" target=\"_self\" rel=\"nofollow\"><span style=\"color:#ffffff;padding:0px 24px;font-size:18px;line-height:36px;border-color:#f46c73;border-radius:50px;-moz-border-radius:50px;-webkit-border-radius:50px;text-shadow:none;-moz-text-shadow:none;-webkit-text-shadow:none\"> <b>Zobacz wi\u0119cej<\/b><\/span><\/a><\/div><\/td>\n<td style=\"width: 33.3333%; height: 18px;\">\n<p style=\"text-align: center;\"><div class=\"su-button-center\"><a href=\"https:\/\/www.ledstyl.pl\/system-szynowy-estiledo-cat-380\" class=\"su-button su-button-style-3d\" style=\"color:#ffffff;background-color:#ef2d36;border-color:#c0242c;border-radius:50px;-moz-border-radius:50px;-webkit-border-radius:50px\" target=\"_self\" rel=\"nofollow\"><span style=\"color:#ffffff;padding:0px 24px;font-size:18px;line-height:36px;border-color:#f46c73;border-radius:50px;-moz-border-radius:50px;-webkit-border-radius:50px;text-shadow:none;-moz-text-shadow:none;-webkit-text-shadow:none\"> <b>Zobacz wi\u0119cej<\/b><\/span><\/a><\/div>\n<\/td>\n<\/tr>\n<\/tbody>\n<\/table>\n<h3><span id=\"Kinkiety_na_skosy\">Kinkiety na skosy<\/span><\/h3>\n<p>Kinkiety w aran\u017cacji o\u015bwietlenia na poddaszu daj\u0105 nam ogromne mo\u017cliwo\u015bci zar\u00f3wno o\u015bwietleniowe, jak i dekoracyjne. Bez problemu dopasujemy je do ka\u017cdego stylu, dzi\u0119ki ich bogatemu wzornictwu i szerokiej gamie kolorystycznej. \u015awietnie odnajd\u0105 si\u0119 w klasycznych, ciep\u0142ych, jak i nowoczesnych wn\u0119trzach. Kinkietu nie zamontujemy bezpo\u015brednio na skosie, ale na prostej \u015bcianie pod nim ju\u017c tak. <strong>Kinkiety na skosy<\/strong> dost\u0119pne s\u0105 w wersji \u015bwiec\u0105cej w g\u00f3r\u0119 w i d\u00f3\u0142, ale mo\u017cemy wybra\u0107 r\u00f3wnie\u017c lampy w formie reflektor\u00f3w. Taka forma o\u015bwietlenia pozwoli nam ukierunkowa\u0107 strumie\u0144 \u015bwietlny w wybrane przestrzenie, a tak\u017ce pozwoli skierowa\u0107 \u015bwiat\u0142o na skos, optycznie powi\u0119kszaj\u0105c ca\u0142e pomieszczenie. <strong>Kinkiety na poddaszu<\/strong> b\u0119d\u0105 idealnym wyborem do wn\u0119trz bogatych w skosy i sprawdz\u0105 si\u0119 zar\u00f3wno jako o\u015bwietlenie centralne, jak i dekoracyjne.<\/p>\n<table style=\"width: 100%; height: 124px; border: none;\">\n<tbody>\n<tr style=\"height: 42px;\">\n<td style=\"width: 33.3333%; height: 42px;\"><a href=\"https:\/\/www.ledstyl.pl\/kinkiet-nowoczesny-cat-375\"><img loading=\"lazy\" decoding=\"async\" class=\"size-medium wp-image-291 aligncenter\" src=\"https:\/\/www.ledstyl.pl\/dane\/source\/b\/b799102063554bc886acab4a50694b9d.jpg\" alt=\"Kinkiet nowoczesny\" width=\"298\" height=\"300\" \/><\/a><\/td>\n<td style=\"width: 33.3333%; height: 42px;\"><a href=\"https:\/\/www.ledstyl.pl\/reflektor-scienny-cat-376\"><img loading=\"lazy\" decoding=\"async\" class=\"size-medium wp-image-292 aligncenter\" src=\"https:\/\/www.ledstyl.pl\/dane\/source\/f\/fxa.c98b0198172a4c35b2991513be032108.jpg\" alt=\"Reflektor \u015bcienny\" width=\"298\" height=\"300\" \/><\/a><\/td>\n<td style=\"width: 33.3333%; height: 42px;\"><a href=\"https:\/\/www.ledstyl.pl\/kinkiet-designerski-cat-377\"><img loading=\"lazy\" decoding=\"async\" class=\"size-medium wp-image-293 aligncenter\" src=\"https:\/\/www.ledstyl.pl\/dane\/source\/z\/zwk.pol_pl_kinkiet-scienny-loft-navis-e27-czarny-mosiadz-edo777183-edo-87563_3.jpg\" alt=\"Kinkiet designerski\" width=\"298\" height=\"300\" \/><\/a><\/td>\n<\/tr>\n<tr style=\"height: 62px;\">\n<td style=\"width: 33.3333%; height: 62px; text-align: center;\"><span style=\"font-size: 12pt;\"><a href=\"https:\/\/www.ledstyl.pl\/kinkiet-nowoczesny-cat-375\"><div class=\"su-animate\" style=\"opacity:0;-webkit-animation-duration:1s;-webkit-animation-delay:0s;animation-duration:1s;animation-delay:0s;\" data-animation=\"bounceIn\" data-duration=\"1\" data-delay=\"0\"><strong>Kinkiet nowoczesny<\/strong><\/div><\/a><\/span><\/td>\n<td style=\"width: 33.3333%; height: 62px; text-align: center;\"><span style=\"font-size: 12pt;\"><a href=\"https:\/\/www.ledstyl.pl\/reflektor-scienny-cat-376\"><div class=\"su-animate\" style=\"opacity:0;-webkit-animation-duration:1s;-webkit-animation-delay:0s;animation-duration:1s;animation-delay:0s;\" data-animation=\"bounceIn\" data-duration=\"1\" data-delay=\"0\"><strong>Reflektor \u015bcienny<\/strong><\/div><\/a><\/span><\/td>\n<td style=\"width: 33.3333%; height: 62px; text-align: center;\"><span style=\"font-size: 12pt;\"><a href=\"https:\/\/www.ledstyl.pl\/kinkiet-designerski-cat-377\"><div class=\"su-animate\" style=\"opacity:0;-webkit-animation-duration:1s;-webkit-animation-delay:0s;animation-duration:1s;animation-delay:0s;\" data-animation=\"bounceIn\" data-duration=\"1\" data-delay=\"0\"><strong>Kinkiet designerski<\/strong><\/div><\/a><\/span><\/td>\n<\/tr>\n<tr style=\"height: 54px;\">\n<td style=\"width: 33.3333%; height: 18px;\"><div class=\"su-button-center\"><a href=\"https:\/\/www.ledstyl.pl\/kinkiet-nowoczesny-cat-375\" class=\"su-button su-button-style-3d\" style=\"color:#ffffff;background-color:#ef2d36;border-color:#c0242c;border-radius:50px;-moz-border-radius:50px;-webkit-border-radius:50px\" target=\"_self\" rel=\"nofollow\"><span style=\"color:#ffffff;padding:0px 24px;font-size:18px;line-height:36px;border-color:#f46c73;border-radius:50px;-moz-border-radius:50px;-webkit-border-radius:50px;text-shadow:none;-moz-text-shadow:none;-webkit-text-shadow:none\"> <b>Zobacz wi\u0119cej<\/b><\/span><\/a><\/div><\/td>\n<td style=\"width: 33.3333%; height: 18px;\"><div class=\"su-button-center\"><a href=\"https:\/\/www.ledstyl.pl\/reflektor-scienny-cat-376\" class=\"su-button su-button-style-3d\" style=\"color:#ffffff;background-color:#ef2d36;border-color:#c0242c;border-radius:50px;-moz-border-radius:50px;-webkit-border-radius:50px\" target=\"_self\" rel=\"nofollow\"><span style=\"color:#ffffff;padding:0px 24px;font-size:18px;line-height:36px;border-color:#f46c73;border-radius:50px;-moz-border-radius:50px;-webkit-border-radius:50px;text-shadow:none;-moz-text-shadow:none;-webkit-text-shadow:none\"> <b>Zobacz wi\u0119cej<\/b><\/span><\/a><\/div><\/td>\n<td style=\"width: 33.3333%; height: 18px;\">\n<p style=\"text-align: center;\"><div class=\"su-button-center\"><a href=\"https:\/\/www.ledstyl.pl\/kinkiet-designerski-cat-377\" class=\"su-button su-button-style-3d\" style=\"color:#ffffff;background-color:#ef2d36;border-color:#c0242c;border-radius:50px;-moz-border-radius:50px;-webkit-border-radius:50px\" target=\"_self\" rel=\"nofollow\"><span style=\"color:#ffffff;padding:0px 24px;font-size:18px;line-height:36px;border-color:#f46c73;border-radius:50px;-moz-border-radius:50px;-webkit-border-radius:50px;text-shadow:none;-moz-text-shadow:none;-webkit-text-shadow:none\"> <b>Zobacz wi\u0119cej<\/b><\/span><\/a><\/div>\n<\/td>\n<\/tr>\n<\/tbody>\n<\/table>\n<h2><span id=\"Swiatlo_na_poddaszu_8211_jaka_barwe_wybrac\">\u015awiat\u0142o na poddaszu &#8211; jak\u0105 barw\u0119 wybra\u0107?<\/span><\/h2>\n<p>Wyb\u00f3r barwy \u015bwiat\u0142a zale\u017cy g\u0142\u00f3wnie od typu pomieszczenia, na jakie zdecydowali\u015bmy si\u0119 przeznaczy\u0107 nasze poddasze. Je\u015bli jest to sypialnia, to \u015bwiat\u0142o powinno by\u0107 ciep\u0142e, a jego temperatura oscylowa\u0107 w okolicach 3000K. Bia\u0142e ciep\u0142e <strong>\u015bwiat\u0142o na poddaszu<\/strong> sprzyja wypoczynkowi i pozwala wyciszy\u0107 si\u0119 przed snem. Ciep\u0142a barwa \u015bwiat\u0142a \u015bwietnie sprawdzi si\u0119 tak\u017ce w salonie, a tak\u017ce w pokoju dzieci\u0119cym, gdzie warto po\u0142\u0105czy\u0107 g\u0142\u00f3wne cieplejsze barwy, z bielszym podkre\u015bleniem biurka czy miejsca nauki. W przypadku kiedy mamy kuchni\u0119 na poddaszu najlepiej wybra\u0107 neutralne barwy (oko\u0142o 4000K). Bia\u0142e dzienne \u015bwiat\u0142o pozwoli nam jasno do\u015bwietli\u0107 przestrze\u0144 kuchenn\u0105, a tak\u017ce nada\u0107 jej bielszego i energetycznego charakteru. Podobn\u0105 barw\u0119 \u015bwiat\u0142a powinni\u015bmy wybra\u0107 w przypadku pomieszcze\u0144 biurowych, czy innych miejsc, wymagaj\u0105cych skupienia i dodatkowej energii. Bia\u0142e neutralne \u015bwiat\u0142o to tak\u017ce najlepsze rozwi\u0105zanie w \u0142azienkach, a tak\u017ce coraz cz\u0119\u015bciej stosowana barwa w przypadku ka\u017cdego nowoczesnego wn\u0119trza.<\/p>\n<p><img loading=\"lazy\" decoding=\"async\" class=\"wp-image-989 aligncenter\" src=\"https:\/\/www.ledstyl.pl\/strefa-swiatla\/wp-content\/uploads\/2022\/10\/swiatlo-na-poddaszu-300x101.jpg\" alt=\"\u015awiat\u0142o na poddaszu\" width=\"750\" height=\"253\" srcset=\"https:\/\/www.ledstyl.pl\/strefa-swiatla\/wp-content\/uploads\/2022\/10\/swiatlo-na-poddaszu-300x101.jpg 300w, https:\/\/www.ledstyl.pl\/strefa-swiatla\/wp-content\/uploads\/2022\/10\/swiatlo-na-poddaszu-768x259.jpg 768w, https:\/\/www.ledstyl.pl\/strefa-swiatla\/wp-content\/uploads\/2022\/10\/swiatlo-na-poddaszu.jpg 1024w\" sizes=\"auto, (max-width: 750px) 100vw, 750px\" \/><\/p>\n<h2><span id=\"Jak_oswietlic_pokoje_na_poddaszu\">Jak o\u015bwietli\u0107 pokoje na poddaszu?<\/span><\/h2>\n<p>Pokoje na poddaszu mo\u017cemy rozja\u015bni\u0107 na wiele sposob\u00f3w. Ju\u017c przy samym projekcie i budowie tych pomieszcze\u0144 warto wybra\u0107 wiele okien dachowych, kt\u00f3re zapewni\u0105 Ci jak najwi\u0119kszy dop\u0142yw naturalnego \u015bwiat\u0142a. Drugi spos\u00f3b to zastosowanie jasnej kolorystyki w pomieszczeniu, kt\u00f3ra najlepiej sprawdza si\u0119 w przypadku wn\u0119trz bez okien. Trzecim sposobem jest oczywi\u015bcie wyb\u00f3r odpowiedniego o\u015bwietlenia na poddasze, czyli temat, na kt\u00f3rym skupili\u015bmy si\u0119 w naszym artykule.<\/p>\n<p><img loading=\"lazy\" decoding=\"async\" class=\"wp-image-991 aligncenter\" src=\"https:\/\/www.ledstyl.pl\/strefa-swiatla\/wp-content\/uploads\/2022\/10\/pokoj-na-poddaszu-300x225.jpg\" alt=\"Pok\u00f3j na poddaszu\" width=\"750\" height=\"562\" srcset=\"https:\/\/www.ledstyl.pl\/strefa-swiatla\/wp-content\/uploads\/2022\/10\/pokoj-na-poddaszu-300x225.jpg 300w, https:\/\/www.ledstyl.pl\/strefa-swiatla\/wp-content\/uploads\/2022\/10\/pokoj-na-poddaszu-768x576.jpg 768w, https:\/\/www.ledstyl.pl\/strefa-swiatla\/wp-content\/uploads\/2022\/10\/pokoj-na-poddaszu.jpg 867w\" sizes=\"auto, (max-width: 750px) 100vw, 750px\" \/><\/p>\n<p>W\u0142a\u015bciwie zaprojektowane <strong>o\u015bwietlenie poddasza<\/strong> i lampy zamontowane w odpowiednich miejscach pozwol\u0105 bezpieczne i funkcjonalne rozja\u015bni\u0107 ca\u0142e Twoje wn\u0119trze. Wybieraj\u0105c <strong>lampy na poddasze<\/strong>, mo\u017cemy zdecydowa\u0107 si\u0119 dzi\u015b na wiele r\u00f3\u017cnych rozwi\u0105za\u0144 o\u015bwietleniowych, oferuj\u0105cych nam wiele \u015bwiat\u0142a, a tak\u017ce do\u015bwietlaj\u0105cych skosy oraz przestrze\u0144 pod nimi. <a href=\"https:\/\/www.ledstyl.pl\/blog\/montaz-halogenow-sufitowych\/\">Monta\u017c halogen\u00f3w sufitowych<\/a>, reflektor\u00f3w czy kinkiet\u00f3w pozwoli nam o\u015bwietli\u0107 ka\u017cdy zak\u0105tek naszego poddasza, tworz\u0105c otwarte i jasne pomieszczenie.<\/p>\n","protected":false},"excerpt":{"rendered":"<p>Poddasze to miejsce w naszych domach, kt\u00f3re coraz cz\u0119\u015bciej decydujemy si\u0119 zaaran\u017cowa\u0107 na pomieszczenie u\u017cytkowe. Idealnie nadaje si\u0119 na salon, sypialni\u0119 lub pok\u00f3j dzieci\u0119cy. W zale\u017cno\u015bci od jego wielko\u015bci i mo\u017cliwo\u015bci mo\u017ce sta\u0107 si\u0119 nawet niewielkim, samodzielnym mieszkaniem. Poddasze jednak jest jednym z trudniejszych pomieszcze\u0144 w kwestii doboru o\u015bwietlenia i odpowiedniej aran\u017cacji. O\u015bwietlenie poddasza wymaga [&hellip;]<\/p>\n","protected":false},"author":1,"featured_media":985,"comment_status":"open","ping_status":"open","sticky":false,"template":"","format":"standard","meta":{"footnotes":""},"categories":[42,16],"tags":[],"class_list":["post-984","post","type-post","status-publish","format-standard","has-post-thumbnail","hentry","category-poddasze","category-wnetrza","entry","has-media"],"yoast_head":"<!-- This site is optimized with the Yoast SEO plugin v17.8 - https:\/\/yoast.com\/wordpress\/plugins\/seo\/ -->\r\n<title>O\u015bwietlenie poddasza i lampy na sko\u015bny sufit - Strefa \u015awiat\u0142a<\/title>\r\n<meta name=\"description\" content=\"O\u015bwietlenie na poddaszu mo\u017ce by\u0107 efektowne, funkcjonalne i praktycznie. Wybierz nowoczesne lampy do pokoju lub kuchni na poddaszu.\" \/>\r\n<meta name=\"robots\" content=\"index, follow, max-snippet:-1, max-image-preview:large, max-video-preview:-1\" \/>\r\n<link rel=\"canonical\" href=\"https:\/\/www.ledstyl.pl\/strefa-swiatla\/oswietlenie-poddasza\/\" \/>\r\n<meta property=\"og:locale\" content=\"pl_PL\" \/>\r\n<meta property=\"og:type\" content=\"article\" \/>\r\n<meta property=\"og:title\" content=\"O\u015bwietlenie poddasza i lampy na sko\u015bny sufit - Strefa \u015awiat\u0142a\" \/>\r\n<meta property=\"og:description\" content=\"O\u015bwietlenie na poddaszu mo\u017ce by\u0107 efektowne, funkcjonalne i praktycznie. Wybierz nowoczesne lampy do pokoju lub kuchni na poddaszu.\" \/>\r\n<meta property=\"og:url\" content=\"https:\/\/www.ledstyl.pl\/strefa-swiatla\/oswietlenie-poddasza\/\" \/>\r\n<meta property=\"og:site_name\" content=\"Strefa \u015awiat\u0142a LEDstyl\" \/>\r\n<meta property=\"article:published_time\" content=\"2022-10-04T21:56:07+00:00\" \/>\r\n<meta property=\"article:modified_time\" content=\"2024-06-27T15:13:27+00:00\" \/>\r\n<meta property=\"og:image\" content=\"https:\/\/www.ledstyl.pl\/strefa-swiatla\/wp-content\/uploads\/2022\/10\/oswietlenie-poddasza.jpg\" \/>\r\n\t<meta property=\"og:image:width\" content=\"725\" \/>\r\n\t<meta property=\"og:image:height\" content=\"483\" \/>\r\n<meta name=\"twitter:card\" content=\"summary_large_image\" \/>\r\n<meta name=\"twitter:label1\" content=\"Napisane przez\" \/>\n\t<meta name=\"twitter:data1\" content=\"Adam Doma\u0144ski\" \/>\n\t<meta name=\"twitter:label2\" content=\"Szacowany czas czytania\" \/>\n\t<meta name=\"twitter:data2\" content=\"17 minut\" \/>\r\n<script type=\"application\/ld+json\" class=\"yoast-schema-graph\">{\"@context\":\"https:\/\/schema.org\",\"@graph\":[{\"@type\":\"Organization\",\"@id\":\"https:\/\/www.ledstyl.pl\/strefa-swiatla\/#organization\",\"name\":\"Strefa \\u015awiat\\u0142a LEDstyl.pl\",\"url\":\"https:\/\/www.ledstyl.pl\/strefa-swiatla\/\",\"sameAs\":[],\"logo\":{\"@type\":\"ImageObject\",\"@id\":\"https:\/\/www.ledstyl.pl\/strefa-swiatla\/#logo\",\"inLanguage\":\"pl-PL\",\"url\":\"https:\/\/www.ledstyl.pl\/strefa-swiatla\/wp-content\/uploads\/2021\/12\/strefa-swiatla-ledstyl.png\",\"contentUrl\":\"https:\/\/www.ledstyl.pl\/strefa-swiatla\/wp-content\/uploads\/2021\/12\/strefa-swiatla-ledstyl.png\",\"width\":1999,\"height\":1041,\"caption\":\"Strefa \\u015awiat\\u0142a LEDstyl.pl\"},\"image\":{\"@id\":\"https:\/\/www.ledstyl.pl\/strefa-swiatla\/#logo\"}},{\"@type\":\"WebSite\",\"@id\":\"https:\/\/www.ledstyl.pl\/strefa-swiatla\/#website\",\"url\":\"https:\/\/www.ledstyl.pl\/strefa-swiatla\/\",\"name\":\"Strefa \\u015awiat\\u0142a LEDstyl\",\"description\":\"\",\"publisher\":{\"@id\":\"https:\/\/www.ledstyl.pl\/strefa-swiatla\/#organization\"},\"potentialAction\":[{\"@type\":\"SearchAction\",\"target\":{\"@type\":\"EntryPoint\",\"urlTemplate\":\"https:\/\/www.ledstyl.pl\/strefa-swiatla\/?s={search_term_string}\"},\"query-input\":\"required name=search_term_string\"}],\"inLanguage\":\"pl-PL\"},{\"@type\":\"ImageObject\",\"@id\":\"https:\/\/www.ledstyl.pl\/strefa-swiatla\/oswietlenie-poddasza\/#primaryimage\",\"inLanguage\":\"pl-PL\",\"url\":\"https:\/\/www.ledstyl.pl\/strefa-swiatla\/wp-content\/uploads\/2022\/10\/oswietlenie-poddasza.jpg\",\"contentUrl\":\"https:\/\/www.ledstyl.pl\/strefa-swiatla\/wp-content\/uploads\/2022\/10\/oswietlenie-poddasza.jpg\",\"width\":725,\"height\":483,\"caption\":\"O\\u015bwietlenie poddasza\"},{\"@type\":\"WebPage\",\"@id\":\"https:\/\/www.ledstyl.pl\/strefa-swiatla\/oswietlenie-poddasza\/#webpage\",\"url\":\"https:\/\/www.ledstyl.pl\/strefa-swiatla\/oswietlenie-poddasza\/\",\"name\":\"O\\u015bwietlenie poddasza i lampy na sko\\u015bny sufit - Strefa \\u015awiat\\u0142a\",\"isPartOf\":{\"@id\":\"https:\/\/www.ledstyl.pl\/strefa-swiatla\/#website\"},\"primaryImageOfPage\":{\"@id\":\"https:\/\/www.ledstyl.pl\/strefa-swiatla\/oswietlenie-poddasza\/#primaryimage\"},\"datePublished\":\"2022-10-04T21:56:07+00:00\",\"dateModified\":\"2024-06-27T15:13:27+00:00\",\"description\":\"O\\u015bwietlenie na poddaszu mo\\u017ce by\\u0107 efektowne, funkcjonalne i praktycznie. Wybierz nowoczesne lampy do pokoju lub kuchni na poddaszu.\",\"breadcrumb\":{\"@id\":\"https:\/\/www.ledstyl.pl\/strefa-swiatla\/oswietlenie-poddasza\/#breadcrumb\"},\"inLanguage\":\"pl-PL\",\"potentialAction\":[{\"@type\":\"ReadAction\",\"target\":[\"https:\/\/www.ledstyl.pl\/strefa-swiatla\/oswietlenie-poddasza\/\"]}]},{\"@type\":\"BreadcrumbList\",\"@id\":\"https:\/\/www.ledstyl.pl\/strefa-swiatla\/oswietlenie-poddasza\/#breadcrumb\",\"itemListElement\":[{\"@type\":\"ListItem\",\"position\":1,\"name\":\"Strona g\\u0142\\u00f3wna\",\"item\":\"https:\/\/www.ledstyl.pl\/strefa-swiatla\/\"},{\"@type\":\"ListItem\",\"position\":2,\"name\":\"O\\u015bwietlenie poddasza\"}]},{\"@type\":\"Article\",\"@id\":\"https:\/\/www.ledstyl.pl\/strefa-swiatla\/oswietlenie-poddasza\/#article\",\"isPartOf\":{\"@id\":\"https:\/\/www.ledstyl.pl\/strefa-swiatla\/oswietlenie-poddasza\/#webpage\"},\"author\":{\"@id\":\"https:\/\/www.ledstyl.pl\/strefa-swiatla\/#\/schema\/person\/24db998bba2f9b47fe0d08101257c2ce\"},\"headline\":\"O\\u015bwietlenie poddasza\",\"datePublished\":\"2022-10-04T21:56:07+00:00\",\"dateModified\":\"2024-06-27T15:13:27+00:00\",\"mainEntityOfPage\":{\"@id\":\"https:\/\/www.ledstyl.pl\/strefa-swiatla\/oswietlenie-poddasza\/#webpage\"},\"wordCount\":2593,\"commentCount\":0,\"publisher\":{\"@id\":\"https:\/\/www.ledstyl.pl\/strefa-swiatla\/#organization\"},\"image\":{\"@id\":\"https:\/\/www.ledstyl.pl\/strefa-swiatla\/oswietlenie-poddasza\/#primaryimage\"},\"thumbnailUrl\":\"https:\/\/www.ledstyl.pl\/strefa-swiatla\/wp-content\/uploads\/2022\/10\/oswietlenie-poddasza.jpg\",\"articleSection\":[\"Poddasze\",\"Wn\\u0119trza\"],\"inLanguage\":\"pl-PL\",\"potentialAction\":[{\"@type\":\"CommentAction\",\"name\":\"Comment\",\"target\":[\"https:\/\/www.ledstyl.pl\/strefa-swiatla\/oswietlenie-poddasza\/#respond\"]}]},{\"@type\":\"Person\",\"@id\":\"https:\/\/www.ledstyl.pl\/strefa-swiatla\/#\/schema\/person\/24db998bba2f9b47fe0d08101257c2ce\",\"name\":\"Adam Doma\\u0144ski\",\"image\":{\"@type\":\"ImageObject\",\"@id\":\"https:\/\/www.ledstyl.pl\/strefa-swiatla\/#personlogo\",\"inLanguage\":\"pl-PL\",\"url\":\"https:\/\/secure.gravatar.com\/avatar\/391a241373e59dc1426e927c19384e8fcbeb32e3ba2277184170aa780b80359e?s=96&d=mm&r=g\",\"contentUrl\":\"https:\/\/secure.gravatar.com\/avatar\/391a241373e59dc1426e927c19384e8fcbeb32e3ba2277184170aa780b80359e?s=96&d=mm&r=g\",\"caption\":\"Adam Doma\\u0144ski\"},\"sameAs\":[\"https:\/\/www.ledstyl.pl\/strefa-swiatla\"],\"url\":\"https:\/\/www.ledstyl.pl\/strefa-swiatla\/author\/projektleds\/\"}]}<\/script>\r\n<!-- \/ Yoast SEO plugin. -->","yoast_head_json":{"title":"O\u015bwietlenie poddasza i lampy na sko\u015bny sufit - Strefa \u015awiat\u0142a","description":"O\u015bwietlenie na poddaszu mo\u017ce by\u0107 efektowne, funkcjonalne i praktycznie. Wybierz nowoczesne lampy do pokoju lub kuchni na poddaszu.","robots":{"index":"index","follow":"follow","max-snippet":"max-snippet:-1","max-image-preview":"max-image-preview:large","max-video-preview":"max-video-preview:-1"},"canonical":"https:\/\/www.ledstyl.pl\/strefa-swiatla\/oswietlenie-poddasza\/","og_locale":"pl_PL","og_type":"article","og_title":"O\u015bwietlenie poddasza i lampy na sko\u015bny sufit - Strefa \u015awiat\u0142a","og_description":"O\u015bwietlenie na poddaszu mo\u017ce by\u0107 efektowne, funkcjonalne i praktycznie. Wybierz nowoczesne lampy do pokoju lub kuchni na poddaszu.","og_url":"https:\/\/www.ledstyl.pl\/strefa-swiatla\/oswietlenie-poddasza\/","og_site_name":"Strefa \u015awiat\u0142a LEDstyl","article_published_time":"2022-10-04T21:56:07+00:00","article_modified_time":"2024-06-27T15:13:27+00:00","og_image":[{"width":725,"height":483,"url":"https:\/\/www.ledstyl.pl\/strefa-swiatla\/wp-content\/uploads\/2022\/10\/oswietlenie-poddasza.jpg","type":"image\/jpeg"}],"twitter_card":"summary_large_image","twitter_misc":{"Napisane przez":"Adam Doma\u0144ski","Szacowany czas czytania":"17 minut"},"schema":{"@context":"https:\/\/schema.org","@graph":[{"@type":"Organization","@id":"https:\/\/www.ledstyl.pl\/strefa-swiatla\/#organization","name":"Strefa \u015awiat\u0142a LEDstyl.pl","url":"https:\/\/www.ledstyl.pl\/strefa-swiatla\/","sameAs":[],"logo":{"@type":"ImageObject","@id":"https:\/\/www.ledstyl.pl\/strefa-swiatla\/#logo","inLanguage":"pl-PL","url":"https:\/\/www.ledstyl.pl\/strefa-swiatla\/wp-content\/uploads\/2021\/12\/strefa-swiatla-ledstyl.png","contentUrl":"https:\/\/www.ledstyl.pl\/strefa-swiatla\/wp-content\/uploads\/2021\/12\/strefa-swiatla-ledstyl.png","width":1999,"height":1041,"caption":"Strefa \u015awiat\u0142a LEDstyl.pl"},"image":{"@id":"https:\/\/www.ledstyl.pl\/strefa-swiatla\/#logo"}},{"@type":"WebSite","@id":"https:\/\/www.ledstyl.pl\/strefa-swiatla\/#website","url":"https:\/\/www.ledstyl.pl\/strefa-swiatla\/","name":"Strefa \u015awiat\u0142a LEDstyl","description":"","publisher":{"@id":"https:\/\/www.ledstyl.pl\/strefa-swiatla\/#organization"},"potentialAction":[{"@type":"SearchAction","target":{"@type":"EntryPoint","urlTemplate":"https:\/\/www.ledstyl.pl\/strefa-swiatla\/?s={search_term_string}"},"query-input":"required name=search_term_string"}],"inLanguage":"pl-PL"},{"@type":"ImageObject","@id":"https:\/\/www.ledstyl.pl\/strefa-swiatla\/oswietlenie-poddasza\/#primaryimage","inLanguage":"pl-PL","url":"https:\/\/www.ledstyl.pl\/strefa-swiatla\/wp-content\/uploads\/2022\/10\/oswietlenie-poddasza.jpg","contentUrl":"https:\/\/www.ledstyl.pl\/strefa-swiatla\/wp-content\/uploads\/2022\/10\/oswietlenie-poddasza.jpg","width":725,"height":483,"caption":"O\u015bwietlenie poddasza"},{"@type":"WebPage","@id":"https:\/\/www.ledstyl.pl\/strefa-swiatla\/oswietlenie-poddasza\/#webpage","url":"https:\/\/www.ledstyl.pl\/strefa-swiatla\/oswietlenie-poddasza\/","name":"O\u015bwietlenie poddasza i lampy na sko\u015bny sufit - Strefa \u015awiat\u0142a","isPartOf":{"@id":"https:\/\/www.ledstyl.pl\/strefa-swiatla\/#website"},"primaryImageOfPage":{"@id":"https:\/\/www.ledstyl.pl\/strefa-swiatla\/oswietlenie-poddasza\/#primaryimage"},"datePublished":"2022-10-04T21:56:07+00:00","dateModified":"2024-06-27T15:13:27+00:00","description":"O\u015bwietlenie na poddaszu mo\u017ce by\u0107 efektowne, funkcjonalne i praktycznie. Wybierz nowoczesne lampy do pokoju lub kuchni na poddaszu.","breadcrumb":{"@id":"https:\/\/www.ledstyl.pl\/strefa-swiatla\/oswietlenie-poddasza\/#breadcrumb"},"inLanguage":"pl-PL","potentialAction":[{"@type":"ReadAction","target":["https:\/\/www.ledstyl.pl\/strefa-swiatla\/oswietlenie-poddasza\/"]}]},{"@type":"BreadcrumbList","@id":"https:\/\/www.ledstyl.pl\/strefa-swiatla\/oswietlenie-poddasza\/#breadcrumb","itemListElement":[{"@type":"ListItem","position":1,"name":"Strona g\u0142\u00f3wna","item":"https:\/\/www.ledstyl.pl\/strefa-swiatla\/"},{"@type":"ListItem","position":2,"name":"O\u015bwietlenie poddasza"}]},{"@type":"Article","@id":"https:\/\/www.ledstyl.pl\/strefa-swiatla\/oswietlenie-poddasza\/#article","isPartOf":{"@id":"https:\/\/www.ledstyl.pl\/strefa-swiatla\/oswietlenie-poddasza\/#webpage"},"author":{"@id":"https:\/\/www.ledstyl.pl\/strefa-swiatla\/#\/schema\/person\/24db998bba2f9b47fe0d08101257c2ce"},"headline":"O\u015bwietlenie poddasza","datePublished":"2022-10-04T21:56:07+00:00","dateModified":"2024-06-27T15:13:27+00:00","mainEntityOfPage":{"@id":"https:\/\/www.ledstyl.pl\/strefa-swiatla\/oswietlenie-poddasza\/#webpage"},"wordCount":2593,"commentCount":0,"publisher":{"@id":"https:\/\/www.ledstyl.pl\/strefa-swiatla\/#organization"},"image":{"@id":"https:\/\/www.ledstyl.pl\/strefa-swiatla\/oswietlenie-poddasza\/#primaryimage"},"thumbnailUrl":"https:\/\/www.ledstyl.pl\/strefa-swiatla\/wp-content\/uploads\/2022\/10\/oswietlenie-poddasza.jpg","articleSection":["Poddasze","Wn\u0119trza"],"inLanguage":"pl-PL","potentialAction":[{"@type":"CommentAction","name":"Comment","target":["https:\/\/www.ledstyl.pl\/strefa-swiatla\/oswietlenie-poddasza\/#respond"]}]},{"@type":"Person","@id":"https:\/\/www.ledstyl.pl\/strefa-swiatla\/#\/schema\/person\/24db998bba2f9b47fe0d08101257c2ce","name":"Adam Doma\u0144ski","image":{"@type":"ImageObject","@id":"https:\/\/www.ledstyl.pl\/strefa-swiatla\/#personlogo","inLanguage":"pl-PL","url":"https:\/\/secure.gravatar.com\/avatar\/391a241373e59dc1426e927c19384e8fcbeb32e3ba2277184170aa780b80359e?s=96&d=mm&r=g","contentUrl":"https:\/\/secure.gravatar.com\/avatar\/391a241373e59dc1426e927c19384e8fcbeb32e3ba2277184170aa780b80359e?s=96&d=mm&r=g","caption":"Adam Doma\u0144ski"},"sameAs":["https:\/\/www.ledstyl.pl\/strefa-swiatla"],"url":"https:\/\/www.ledstyl.pl\/strefa-swiatla\/author\/projektleds\/"}]}},"_links":{"self":[{"href":"https:\/\/www.ledstyl.pl\/strefa-swiatla\/wp-json\/wp\/v2\/posts\/984","targetHints":{"allow":["GET"]}}],"collection":[{"href":"https:\/\/www.ledstyl.pl\/strefa-swiatla\/wp-json\/wp\/v2\/posts"}],"about":[{"href":"https:\/\/www.ledstyl.pl\/strefa-swiatla\/wp-json\/wp\/v2\/types\/post"}],"author":[{"embeddable":true,"href":"https:\/\/www.ledstyl.pl\/strefa-swiatla\/wp-json\/wp\/v2\/users\/1"}],"replies":[{"embeddable":true,"href":"https:\/\/www.ledstyl.pl\/strefa-swiatla\/wp-json\/wp\/v2\/comments?post=984"}],"version-history":[{"count":7,"href":"https:\/\/www.ledstyl.pl\/strefa-swiatla\/wp-json\/wp\/v2\/posts\/984\/revisions"}],"predecessor-version":[{"id":1258,"href":"https:\/\/www.ledstyl.pl\/strefa-swiatla\/wp-json\/wp\/v2\/posts\/984\/revisions\/1258"}],"wp:featuredmedia":[{"embeddable":true,"href":"https:\/\/www.ledstyl.pl\/strefa-swiatla\/wp-json\/wp\/v2\/media\/985"}],"wp:attachment":[{"href":"https:\/\/www.ledstyl.pl\/strefa-swiatla\/wp-json\/wp\/v2\/media?parent=984"}],"wp:term":[{"taxonomy":"category","embeddable":true,"href":"https:\/\/www.ledstyl.pl\/strefa-swiatla\/wp-json\/wp\/v2\/categories?post=984"},{"taxonomy":"post_tag","embeddable":true,"href":"https:\/\/www.ledstyl.pl\/strefa-swiatla\/wp-json\/wp\/v2\/tags?post=984"}],"curies":[{"name":"wp","href":"https:\/\/api.w.org\/{rel}","templated":true}]}}